{"id":416000,"date":"2026-03-19T11:15:00","date_gmt":"2026-03-19T14:15:00","guid":{"rendered":"https:\/\/portaltela.pt\/noticias\/2026\/03\/19\/apa-faz-descargas-em-barragens-para-prevenir-cheias-em-alcacer-do-sal\/"},"modified":"2026-03-19T11:15:00","modified_gmt":"2026-03-19T14:15:00","slug":"apa-faz-descargas-em-barragens-para-prevenir-cheias-em-alcacer-do-sal","status":"publish","type":"post","link":"https:\/\/portaltela.pt\/meio-ambiente\/2026\/03\/19\/apa-faz-descargas-em-barragens-para-prevenir-cheias-em-alcacer-do-sal\/","title":{"rendered":"APA faz descargas em barragens para prevenir cheias em Alc\u00e1cer do Sal"},"content":{"rendered":"<p>A Ag\u00eancia Portuguesa do Ambiente (APA) tem realizado descargas preventivas em barragens para evitar cheias em Alc\u00e1cer do Sal, no distrito de Set\u00fabal, devido \u00e0 depress\u00e3o Therese. A gest\u00e3o visa prevenir impactos na cidade e na regi\u00e3o envolvente.<\/p>\n<p>O presidente da APA, Jos\u00e9 Pimenta Machado, explicou que o agravamento meteorol\u00f3gico at\u00e9 ao pr\u00f3ximo s\u00e1bado obrigou a atuar de forma antecipada. O objetivo \u00e9 encaixar o volume de \u00e1gua adicional que a depress\u00e3o pode trazer.<\/p>\n<p>Desde ter\u00e7a-feira, as autoridades preparam as albufeiras para ganhar encaixe, com foco nas albufeiras do Mira, Santa Clara, Sado e nas barragens do Pego do Altar e Vale do Gaio, para reduzir o risco de cheias.<\/p>\n<p>A Barragem de Vale do Gaio, localizada no concelho de Alc\u00e1cer do Sal, tem volume de armazenamento a atingir 90%. \u00c9 considerada a mais importante para minimizar o risco, pela maior bacia drenante.<\/p>\n<p>A equipa da APA tamb\u00e9m acompanha o pico da mar\u00e9 no Sado, previsto para as 15h, que pode chegar a 3,5 metros e provocar cheias em Alc\u00e1cer do Sal. A prioridade \u00e9 evitar o encontro entre \u00e1gua do mar e o rio.<\/p>\n<p>O respons\u00e1vel assegurou que a gest\u00e3o est\u00e1 a decorrer bem e que o pior j\u00e1 passou, ainda que haja previs\u00e3o de mais chuva no final do dia. A articula\u00e7\u00e3o inclui a c\u00e2mara municipal e as associa\u00e7\u00f5es de regantes.<\/p>\n<p>Devido ao aumento do caudal do Sado, a marginal e a Avenida dos Aviadores estiveram alagadas desde o final de janeiro at\u00e9 meados de fevereiro, com a cheia associada \u00e0 subida do rio.<\/p>\n<p>A depress\u00e3o Therese come\u00e7ou a afetar Portugal continental na ter\u00e7a-feira, com previs\u00e3o de impacto maior no Centro e no Sul, incluindo aguaceiros fortes e vento local extremo, conforme o IPMA.<\/p>\n","protected":false},"excerpt":{"rendered":"<ul>\n<li>A APA est\u00e1 a realizar descargas preventivas em barragens para evitar cheias em Alc\u00e1cer do Sal, devido \u00e0 depress\u00e3o Therese.<\/li>\n<li>As a\u00e7\u00f5es visam ganhar encaixe de \u00e1gua no Rio Mira, na barragem de Santa Clara, e no Rio Sado, com destaque para as barragens do Pego do Altar e Vale do Gaio.<\/li>\n<li>A Barragem de Vale do Gaio, com volume de armazenamento em 90 por cento, \u00e9 considerada a mais importante para minimizar o risco de cheias na cidade.<\/li>\n<li>O pico da mar\u00e9 no Sado est\u00e1 previsto para as 15 horas, chegando aos 3,5 metros, o que pode provocar cheias se o rio n\u00e3o conseguir avan\u00e7ar para a margem.<\/li>\n<li>As autoridades asseguram gest\u00e3o da situa\u00e7\u00e3o, com previs\u00e3o de mais chuva hoje, mas indicam que o pior j\u00e1 passou.<\/li>\n<\/ul>\n","protected":false},"author":2,"featured_media":416009,"comment_status":"closed","ping_status":"closed","sticky":false,"template":"","format":"standard","meta":{"footnotes":""},"categories":[6725],"tags":[1998,4924,3701,1081,3857,994],"class_list":["post-416000","post","type-post","status-publish","format-standard","has-post-thumbnail","hentry","category-meio-ambiente","tag-alcacer-do-sal","tag-barragens","tag-cheias","tag-mira","tag-sado","tag-setubal"],"yoast_head":"<!-- This site is optimized with the Yoast SEO plugin v27.2 - https:\/\/yoast.com\/product\/yoast-seo-wordpress\/ -->\n<title>APA faz descargas em barragens para prevenir cheias em Alc\u00e1cer do Sal - Portal Tela Portugal<\/title>\n<meta name=\"robots\" content=\"index, follow, max-snippet:-1, max-image-preview:large, max-video-preview:-1\" \/>\n<meta property=\"og:locale\" content=\"pt_PT\" \/>\n<meta property=\"og:type\" content=\"article\" \/>\n<meta property=\"og:title\" content=\"APA faz descargas em barragens para prevenir cheias em Alc\u00e1cer do Sal - Portal Tela Portugal\" \/>\n<meta property=\"og:description\" content=\"A APA est\u00e1 a realizar descargas preventivas em barragens para evitar cheias em Alc\u00e1cer do Sal, devido \u00e0 depress\u00e3o Therese. As a\u00e7\u00f5es visam ganhar encaixe de \u00e1gua no Rio Mira, na barragem de Santa Clara, e no Rio Sado, com destaque para as barragens do Pego do Altar e Vale do Gaio. A Barragem de Vale do Gaio, com volume de armazenamento em 90 por cento, \u00e9 considerada a mais importante para minimizar o risco de cheias na cidade. O pico da mar\u00e9 no Sado est\u00e1 previsto para as 15 horas, chegando aos 3,5 metros, o que pode provocar cheias se o rio n\u00e3o conseguir avan\u00e7ar para a margem. As autoridades asseguram gest\u00e3o da situa\u00e7\u00e3o, com previs\u00e3o de mais chuva hoje, mas indicam que o pior j\u00e1 passou.\" \/>\n<meta property=\"og:url\" content=\"https:\/\/portaltela.pt\/noticias\/2026\/03\/19\/apa-faz-descargas-em-barragens-para-prevenir-cheias-em-alcacer-do-sal\/\" \/>\n<meta property=\"og:site_name\" content=\"Portal Tela Portugal\" \/>\n<meta property=\"article:published_time\" content=\"2026-03-19T14:15:00+00:00\" \/>\n<meta name=\"author\" content=\"Telinha\" \/>\n<meta name=\"twitter:card\" content=\"summary_large_image\" \/>\n<meta name=\"twitter:label1\" content=\"Escrito por\" \/>\n\t<meta name=\"twitter:data1\" content=\"Telinha\" \/>\n\t<meta name=\"twitter:label2\" content=\"Tempo estimado de leitura\" \/>\n\t<meta name=\"twitter:data2\" content=\"2 minutos\" \/>\n<script type=\"application\/ld+json\" class=\"yoast-schema-graph\">{\"@context\":\"https:\/\/schema.org\",\"@graph\":[{\"@type\":\"Article\",\"@id\":\"https:\/\/portaltela.pt\/noticias\/2026\/03\/19\/apa-faz-descargas-em-barragens-para-prevenir-cheias-em-alcacer-do-sal\/#article\",\"isPartOf\":{\"@id\":\"https:\/\/portaltela.pt\/noticias\/2026\/03\/19\/apa-faz-descargas-em-barragens-para-prevenir-cheias-em-alcacer-do-sal\/\"},\"author\":{\"name\":\"Telinha\",\"@id\":\"https:\/\/portaltela.pt\/#\/schema\/person\/c4278d4a6028830caff9ee44b42d32ed\"},\"headline\":\"APA faz descargas em barragens para prevenir cheias em Alc\u00e1cer do Sal\",\"datePublished\":\"2026-03-19T14:15:00+00:00\",\"mainEntityOfPage\":{\"@id\":\"https:\/\/portaltela.pt\/noticias\/2026\/03\/19\/apa-faz-descargas-em-barragens-para-prevenir-cheias-em-alcacer-do-sal\/\"},\"wordCount\":316,\"image\":{\"@id\":\"https:\/\/portaltela.pt\/noticias\/2026\/03\/19\/apa-faz-descargas-em-barragens-para-prevenir-cheias-em-alcacer-do-sal\/#primaryimage\"},\"thumbnailUrl\":\"https:\/\/portaltela.pt\/s.01k8rhncp4jt1\/2026\/03\/image-1260.jpg\",\"keywords\":[\"Alc\u00e1cer do Sal\",\"barragens\",\"cheias\",\"Mira\",\"Sado\",\"Set\u00fabal\"],\"articleSection\":[\"Meio Ambiente\"],\"inLanguage\":\"pt-PT\"},{\"@type\":\"WebPage\",\"@id\":\"https:\/\/portaltela.pt\/noticias\/2026\/03\/19\/apa-faz-descargas-em-barragens-para-prevenir-cheias-em-alcacer-do-sal\/\",\"url\":\"https:\/\/portaltela.pt\/noticias\/2026\/03\/19\/apa-faz-descargas-em-barragens-para-prevenir-cheias-em-alcacer-do-sal\/\",\"name\":\"APA faz descargas em barragens para prevenir cheias em Alc\u00e1cer do Sal - Portal Tela Portugal\",\"isPartOf\":{\"@id\":\"https:\/\/portaltela.pt\/#website\"},\"primaryImageOfPage\":{\"@id\":\"https:\/\/portaltela.pt\/noticias\/2026\/03\/19\/apa-faz-descargas-em-barragens-para-prevenir-cheias-em-alcacer-do-sal\/#primaryimage\"},\"image\":{\"@id\":\"https:\/\/portaltela.pt\/noticias\/2026\/03\/19\/apa-faz-descargas-em-barragens-para-prevenir-cheias-em-alcacer-do-sal\/#primaryimage\"},\"thumbnailUrl\":\"https:\/\/portaltela.pt\/s.01k8rhncp4jt1\/2026\/03\/image-1260.jpg\",\"datePublished\":\"2026-03-19T14:15:00+00:00\",\"author\":{\"@id\":\"https:\/\/portaltela.pt\/#\/schema\/person\/c4278d4a6028830caff9ee44b42d32ed\"},\"breadcrumb\":{\"@id\":\"https:\/\/portaltela.pt\/noticias\/2026\/03\/19\/apa-faz-descargas-em-barragens-para-prevenir-cheias-em-alcacer-do-sal\/#breadcrumb\"},\"inLanguage\":\"pt-PT\",\"potentialAction\":[{\"@type\":\"ReadAction\",\"target\":[\"https:\/\/portaltela.pt\/noticias\/2026\/03\/19\/apa-faz-descargas-em-barragens-para-prevenir-cheias-em-alcacer-do-sal\/\"]}]},{\"@type\":\"ImageObject\",\"inLanguage\":\"pt-PT\",\"@id\":\"https:\/\/portaltela.pt\/noticias\/2026\/03\/19\/apa-faz-descargas-em-barragens-para-prevenir-cheias-em-alcacer-do-sal\/#primaryimage\",\"url\":\"https:\/\/portaltela.pt\/s.01k8rhncp4jt1\/2026\/03\/image-1260.jpg\",\"contentUrl\":\"https:\/\/portaltela.pt\/s.01k8rhncp4jt1\/2026\/03\/image-1260.jpg\",\"width\":796,\"height\":448,\"caption\":\"Alc\u00e1cer do Sal sofreu graves inunda\u00e7\u00f5es no final de janeiro\"},{\"@type\":\"BreadcrumbList\",\"@id\":\"https:\/\/portaltela.pt\/noticias\/2026\/03\/19\/apa-faz-descargas-em-barragens-para-prevenir-cheias-em-alcacer-do-sal\/#breadcrumb\",\"itemListElement\":[{\"@type\":\"ListItem\",\"position\":1,\"name\":\"In\u00edcio\",\"item\":\"https:\/\/portaltela.pt\/\"},{\"@type\":\"ListItem\",\"position\":2,\"name\":\"APA faz descargas em barragens para prevenir cheias em Alc\u00e1cer do Sal\"}]},{\"@type\":\"WebSite\",\"@id\":\"https:\/\/portaltela.pt\/#website\",\"url\":\"https:\/\/portaltela.pt\/\",\"name\":\"Portal Tela Portugal\",\"description\":\"\",\"potentialAction\":[{\"@type\":\"SearchAction\",\"target\":{\"@type\":\"EntryPoint\",\"urlTemplate\":\"https:\/\/portaltela.pt\/?s={search_term_string}\"},\"query-input\":{\"@type\":\"PropertyValueSpecification\",\"valueRequired\":true,\"valueName\":\"search_term_string\"}}],\"inLanguage\":\"pt-PT\"},{\"@type\":\"Person\",\"@id\":\"https:\/\/portaltela.pt\/#\/schema\/person\/c4278d4a6028830caff9ee44b42d32ed\",\"name\":\"Telinha\",\"image\":{\"@type\":\"ImageObject\",\"inLanguage\":\"pt-PT\",\"@id\":\"https:\/\/portaltela.pt\/s.01k8rhncp4jt1\/2025\/11\/talking-bot-125x125.png\",\"url\":\"https:\/\/portaltela.pt\/s.01k8rhncp4jt1\/2025\/11\/talking-bot-125x125.png\",\"contentUrl\":\"https:\/\/portaltela.pt\/s.01k8rhncp4jt1\/2025\/11\/talking-bot-125x125.png\",\"caption\":\"Telinha\"},\"sameAs\":[\"https:\/\/portaltela.pt\/\"],\"url\":\"https:\/\/portaltela.pt\/por\/367410592786\/\"}]}<\/script>\n<!-- \/ Yoast SEO plugin. -->","yoast_head_json":{"title":"APA faz descargas em barragens para prevenir cheias em Alc\u00e1cer do Sal - Portal Tela Portugal","robots":{"index":"index","follow":"follow","max-snippet":"max-snippet:-1","max-image-preview":"max-image-preview:large","max-video-preview":"max-video-preview:-1"},"og_locale":"pt_PT","og_type":"article","og_title":"APA faz descargas em barragens para prevenir cheias em Alc\u00e1cer do Sal - Portal Tela Portugal","og_description":"A APA est\u00e1 a realizar descargas preventivas em barragens para evitar cheias em Alc\u00e1cer do Sal, devido \u00e0 depress\u00e3o Therese. As a\u00e7\u00f5es visam ganhar encaixe de \u00e1gua no Rio Mira, na barragem de Santa Clara, e no Rio Sado, com destaque para as barragens do Pego do Altar e Vale do Gaio. A Barragem de Vale do Gaio, com volume de armazenamento em 90 por cento, \u00e9 considerada a mais importante para minimizar o risco de cheias na cidade. O pico da mar\u00e9 no Sado est\u00e1 previsto para as 15 horas, chegando aos 3,5 metros, o que pode provocar cheias se o rio n\u00e3o conseguir avan\u00e7ar para a margem. As autoridades asseguram gest\u00e3o da situa\u00e7\u00e3o, com previs\u00e3o de mais chuva hoje, mas indicam que o pior j\u00e1 passou.","og_url":"https:\/\/portaltela.pt\/noticias\/2026\/03\/19\/apa-faz-descargas-em-barragens-para-prevenir-cheias-em-alcacer-do-sal\/","og_site_name":"Portal Tela Portugal","article_published_time":"2026-03-19T14:15:00+00:00","author":"Telinha","twitter_card":"summary_large_image","twitter_misc":{"Escrito por":"Telinha","Tempo estimado de leitura":"2 minutos"},"schema":{"@context":"https:\/\/schema.org","@graph":[{"@type":"Article","@id":"https:\/\/portaltela.pt\/noticias\/2026\/03\/19\/apa-faz-descargas-em-barragens-para-prevenir-cheias-em-alcacer-do-sal\/#article","isPartOf":{"@id":"https:\/\/portaltela.pt\/noticias\/2026\/03\/19\/apa-faz-descargas-em-barragens-para-prevenir-cheias-em-alcacer-do-sal\/"},"author":{"name":"Telinha","@id":"https:\/\/portaltela.pt\/#\/schema\/person\/c4278d4a6028830caff9ee44b42d32ed"},"headline":"APA faz descargas em barragens para prevenir cheias em Alc\u00e1cer do Sal","datePublished":"2026-03-19T14:15:00+00:00","mainEntityOfPage":{"@id":"https:\/\/portaltela.pt\/noticias\/2026\/03\/19\/apa-faz-descargas-em-barragens-para-prevenir-cheias-em-alcacer-do-sal\/"},"wordCount":316,"image":{"@id":"https:\/\/portaltela.pt\/noticias\/2026\/03\/19\/apa-faz-descargas-em-barragens-para-prevenir-cheias-em-alcacer-do-sal\/#primaryimage"},"thumbnailUrl":"https:\/\/portaltela.pt\/s.01k8rhncp4jt1\/2026\/03\/image-1260.jpg","keywords":["Alc\u00e1cer do Sal","barragens","cheias","Mira","Sado","Set\u00fabal"],"articleSection":["Meio Ambiente"],"inLanguage":"pt-PT"},{"@type":"WebPage","@id":"https:\/\/portaltela.pt\/noticias\/2026\/03\/19\/apa-faz-descargas-em-barragens-para-prevenir-cheias-em-alcacer-do-sal\/","url":"https:\/\/portaltela.pt\/noticias\/2026\/03\/19\/apa-faz-descargas-em-barragens-para-prevenir-cheias-em-alcacer-do-sal\/","name":"APA faz descargas em barragens para prevenir cheias em Alc\u00e1cer do Sal - Portal Tela Portugal","isPartOf":{"@id":"https:\/\/portaltela.pt\/#website"},"primaryImageOfPage":{"@id":"https:\/\/portaltela.pt\/noticias\/2026\/03\/19\/apa-faz-descargas-em-barragens-para-prevenir-cheias-em-alcacer-do-sal\/#primaryimage"},"image":{"@id":"https:\/\/portaltela.pt\/noticias\/2026\/03\/19\/apa-faz-descargas-em-barragens-para-prevenir-cheias-em-alcacer-do-sal\/#primaryimage"},"thumbnailUrl":"https:\/\/portaltela.pt\/s.01k8rhncp4jt1\/2026\/03\/image-1260.jpg","datePublished":"2026-03-19T14:15:00+00:00","author":{"@id":"https:\/\/portaltela.pt\/#\/schema\/person\/c4278d4a6028830caff9ee44b42d32ed"},"breadcrumb":{"@id":"https:\/\/portaltela.pt\/noticias\/2026\/03\/19\/apa-faz-descargas-em-barragens-para-prevenir-cheias-em-alcacer-do-sal\/#breadcrumb"},"inLanguage":"pt-PT","potentialAction":[{"@type":"ReadAction","target":["https:\/\/portaltela.pt\/noticias\/2026\/03\/19\/apa-faz-descargas-em-barragens-para-prevenir-cheias-em-alcacer-do-sal\/"]}]},{"@type":"ImageObject","inLanguage":"pt-PT","@id":"https:\/\/portaltela.pt\/noticias\/2026\/03\/19\/apa-faz-descargas-em-barragens-para-prevenir-cheias-em-alcacer-do-sal\/#primaryimage","url":"https:\/\/portaltela.pt\/s.01k8rhncp4jt1\/2026\/03\/image-1260.jpg","contentUrl":"https:\/\/portaltela.pt\/s.01k8rhncp4jt1\/2026\/03\/image-1260.jpg","width":796,"height":448,"caption":"Alc\u00e1cer do Sal sofreu graves inunda\u00e7\u00f5es no final de janeiro"},{"@type":"BreadcrumbList","@id":"https:\/\/portaltela.pt\/noticias\/2026\/03\/19\/apa-faz-descargas-em-barragens-para-prevenir-cheias-em-alcacer-do-sal\/#breadcrumb","itemListElement":[{"@type":"ListItem","position":1,"name":"In\u00edcio","item":"https:\/\/portaltela.pt\/"},{"@type":"ListItem","position":2,"name":"APA faz descargas em barragens para prevenir cheias em Alc\u00e1cer do Sal"}]},{"@type":"WebSite","@id":"https:\/\/portaltela.pt\/#website","url":"https:\/\/portaltela.pt\/","name":"Portal Tela Portugal","description":"","potentialAction":[{"@type":"SearchAction","target":{"@type":"EntryPoint","urlTemplate":"https:\/\/portaltela.pt\/?s={search_term_string}"},"query-input":{"@type":"PropertyValueSpecification","valueRequired":true,"valueName":"search_term_string"}}],"inLanguage":"pt-PT"},{"@type":"Person","@id":"https:\/\/portaltela.pt\/#\/schema\/person\/c4278d4a6028830caff9ee44b42d32ed","name":"Telinha","image":{"@type":"ImageObject","inLanguage":"pt-PT","@id":"https:\/\/portaltela.pt\/s.01k8rhncp4jt1\/2025\/11\/talking-bot-125x125.png","url":"https:\/\/portaltela.pt\/s.01k8rhncp4jt1\/2025\/11\/talking-bot-125x125.png","contentUrl":"https:\/\/portaltela.pt\/s.01k8rhncp4jt1\/2025\/11\/talking-bot-125x125.png","caption":"Telinha"},"sameAs":["https:\/\/portaltela.pt\/"],"url":"https:\/\/portaltela.pt\/por\/367410592786\/"}]}},"_links":{"self":[{"href":"https:\/\/portaltela.pt\/api\/wp\/v2\/posts\/416000","targetHints":{"allow":["GET"]}}],"collection":[{"href":"https:\/\/portaltela.pt\/api\/wp\/v2\/posts"}],"about":[{"href":"https:\/\/portaltela.pt\/api\/wp\/v2\/types\/post"}],"author":[{"embeddable":true,"href":"https:\/\/portaltela.pt\/api\/wp\/v2\/users\/2"}],"replies":[{"embeddable":true,"href":"https:\/\/portaltela.pt\/api\/wp\/v2\/comments?post=416000"}],"version-history":[{"count":0,"href":"https:\/\/portaltela.pt\/api\/wp\/v2\/posts\/416000\/revisions"}],"wp:featuredmedia":[{"embeddable":true,"href":"https:\/\/portaltela.pt\/api\/wp\/v2\/media\/416009"}],"wp:attachment":[{"href":"https:\/\/portaltela.pt\/api\/wp\/v2\/media?parent=416000"}],"wp:term":[{"taxonomy":"category","embeddable":true,"href":"https:\/\/portaltela.pt\/api\/wp\/v2\/categories?post=416000"},{"taxonomy":"post_tag","embeddable":true,"href":"https:\/\/portaltela.pt\/api\/wp\/v2\/tags?post=416000"}],"curies":[{"name":"wp","href":"https:\/\/api.w.org\/{rel}","templated":true}]}}