{"id":415968,"date":"2026-03-19T10:49:59","date_gmt":"2026-03-19T13:49:59","guid":{"rendered":"https:\/\/portaltela.pt\/noticias\/2026\/03\/19\/pan-pede-mais-dialogo-jpp-exige-resposta-conjunta-sobre-impactos-da-guerra\/"},"modified":"2026-03-19T10:49:59","modified_gmt":"2026-03-19T13:49:59","slug":"pan-pede-mais-dialogo-jpp-exige-resposta-conjunta-sobre-impactos-da-guerra","status":"publish","type":"post","link":"https:\/\/portaltela.pt\/noticias\/politica\/2026\/03\/19\/pan-pede-mais-dialogo-jpp-exige-resposta-conjunta-sobre-impactos-da-guerra\/","title":{"rendered":"PAN pede mais di\u00e1logo; JPP exige resposta conjunta sobre impactos da guerra"},"content":{"rendered":"<p>O PAN pediu ao Governo uma pol\u00edtica mais dialogante, sem excluir partidos, para enfrentar desafios atuais. O pedido surgiu numa altura em que o partido est\u00e1 atento aos impactos da guerra na vida quotidiana. O JPP tamb\u00e9m defendeu respostas conjuntas entre executivo, parlamento e Presid\u00eancia da Rep\u00fablica.<\/p>\n<p>O Deputado \u00fanico do JPP, Filipe Sousa, elogiou a abertura do novo chefe de Estado e expressou preocupa\u00e7\u00f5es em \u00e1reas como habita\u00e7\u00e3o, sa\u00fade e os efeitos de conflitos. A ideia \u00e9 encontrar solu\u00e7\u00f5es construtivas para mitigar o custo de vida.<\/p>\n<p>Filipe Sousa confirmou que apresentou um projeto de resolu\u00e7\u00e3o sobre regionaliza\u00e7\u00e3o e espera abrir espa\u00e7o de debate para dividir o pa\u00eds em regi\u00f5es administrativas. O objetivo \u00e9 criar um modelo de implementa\u00e7\u00e3o gradual e transparente.<\/p>\n<p>Antes, a Presid\u00eancia da Rep\u00fablica recebeu a porta-voz do PAN, In\u00eas de Sousa Real, que destacou a import\u00e2ncia de uma presid\u00eancia aberta em zonas afetadas pelo mau tempo. Ela refor\u00e7ou a necessidade de respostas r\u00e1pidas aos efeitos da guerra.<\/p>\n<p>A deputada do PAN sublinhou que os portugueses enfrentam consequ\u00eancias econ\u00f3micas, pedindo di\u00e1logo com todos os partidos, n\u00e3o apenas com alguns. A prioridade \u00e9 reduzir custos de vida e conter a infla\u00e7\u00e3o.<\/p>\n<p>No contexto das comemora\u00e7\u00f5es do 10 de junho, a Presid\u00eancia confirmou a participa\u00e7\u00e3o do Presidente da Rep\u00fablica na Madeira, em refer\u00eancia aos 50 anos das autonomias regionais. A data refor\u00e7a o papel regional na agenda p\u00fablica.<\/p>\n<p>Sobre o subs\u00eddio de mobilidade, o JPP mostrou reservas, apesar de acompanhar avan\u00e7os e recuos no tema. O objetivo \u00e9 assegurar que as medidas beneficiem quem viaja para o trabalho.<\/p>\n<p>Os temas em debate, hoje no Parlamento, incluem propostas de PSD, Chega e CDS-PP sobre identidade de g\u00e9nero. O PAN ressalta a import\u00e2ncia de garantias, direitos e liberdades sem retrocessos.<\/p>\n<p>A porta-voz do PAN tamb\u00e9m pediu a nomea\u00e7\u00e3o parit\u00e1ria para \u00f3rg\u00e3os como o Tribunal Constitucional e o Conselho da A\u00e7\u00e3o Clim\u00e1tica, aumentando o equil\u00edbrio institucional. A experi\u00eancia pol\u00edtica visa promover representatividade.<\/p>\n<p>In\u00eas de Sousa Real enfatizou que os deputados existem para representar cidad\u00e3os, n\u00e3o apenas para conveni\u00eancias partid\u00e1rias. O foco permanece em pol\u00edticas p\u00fablicas que respondam \u00e0s necessidades da popula\u00e7\u00e3o.<\/p>\n","protected":false},"excerpt":{"rendered":"<ul>\n<li>O PAN pediu ao Governo uma pol\u00edtica mais dialogante, sem excluir partidos, para enfrentar os impactos da guerra.<\/li>\n<li>O JPP defende que o executivo, o parlamento e a Presid\u00eancia da Rep\u00fablica encontrem, de forma construtiva, respostas para minimizar o custo de vida e outros efeitos da guerra.<\/li>\n<li>Filipe Sousa, \u00fanico deputado do JPP, encerrou as audi\u00eancias e apresentou um projeto de resolu\u00e7\u00e3o para a regionaliza\u00e7\u00e3o, aguardando espa\u00e7o de debate para dividir o pa\u00eds em regi\u00f5es administrativas.<\/li>\n<li>In\u00eas de Sousa Real, porta-voz do PAN, elogiou a escolha do Presidente de realizar a sua primeira Presid\u00eancia aberta em zonas afetadas pelo mau tempo e pediu di\u00e1logo com todos os partidos para mitigar custos de vida e infla\u00e7\u00e3o.<\/li>\n<li>Debate no parlamento incluiu subs\u00eddio de mobilidade com reservas, quest\u00f5es de identidade de g\u00e9nero e nomea\u00e7\u00f5es para o Tribunal Constitucional e o Conselho da A\u00e7\u00e3o Clim\u00e1tica, com apelo a nomea\u00e7\u00e3o parit\u00e1ria.<\/li>\n<\/ul>\n","protected":false},"author":2,"featured_media":415969,"comment_status":"closed","ping_status":"closed","sticky":false,"template":"","format":"standard","meta":{"footnotes":""},"categories":[1,5],"tags":[150,1676,2110,2832,30,1778],"class_list":["post-415968","post","type-post","status-publish","format-standard","has-post-thumbnail","hentry","category-noticias","category-politica","tag-habitacao","tag-inflacao","tag-mobilidade","tag-politica","tag-presidente","tag-regionalizacao-territorial"],"yoast_head":"<!-- This site is optimized with the Yoast SEO plugin v27.2 - https:\/\/yoast.com\/product\/yoast-seo-wordpress\/ -->\n<title>PAN pede mais di\u00e1logo; JPP exige resposta conjunta sobre impactos da guerra - Portal Tela Portugal<\/title>\n<meta name=\"robots\" content=\"index, follow, max-snippet:-1, max-image-preview:large, max-video-preview:-1\" \/>\n<meta property=\"og:locale\" content=\"pt_PT\" \/>\n<meta property=\"og:type\" content=\"article\" \/>\n<meta property=\"og:title\" content=\"PAN pede mais di\u00e1logo; JPP exige resposta conjunta sobre impactos da guerra - Portal Tela Portugal\" \/>\n<meta property=\"og:description\" content=\"O PAN pediu ao Governo uma pol\u00edtica mais dialogante, sem excluir partidos, para enfrentar os impactos da guerra. O JPP defende que o executivo, o parlamento e a Presid\u00eancia da Rep\u00fablica encontrem, de forma construtiva, respostas para minimizar o custo de vida e outros efeitos da guerra. Filipe Sousa, \u00fanico deputado do JPP, encerrou as audi\u00eancias e apresentou um projeto de resolu\u00e7\u00e3o para a regionaliza\u00e7\u00e3o, aguardando espa\u00e7o de debate para dividir o pa\u00eds em regi\u00f5es administrativas. In\u00eas de Sousa Real, porta-voz do PAN, elogiou a escolha do Presidente de realizar a sua primeira Presid\u00eancia aberta em zonas afetadas pelo mau tempo e pediu di\u00e1logo com todos os partidos para mitigar custos de vida e infla\u00e7\u00e3o. Debate no parlamento incluiu subs\u00eddio de mobilidade com reservas, quest\u00f5es de identidade de g\u00e9nero e nomea\u00e7\u00f5es para o Tribunal Constitucional e o Conselho da A\u00e7\u00e3o Clim\u00e1tica, com apelo a nomea\u00e7\u00e3o parit\u00e1ria.\" \/>\n<meta property=\"og:url\" content=\"https:\/\/portaltela.pt\/noticias\/2026\/03\/19\/pan-pede-mais-dialogo-jpp-exige-resposta-conjunta-sobre-impactos-da-guerra\/\" \/>\n<meta property=\"og:site_name\" content=\"Portal Tela Portugal\" \/>\n<meta property=\"article:published_time\" content=\"2026-03-19T13:49:59+00:00\" \/>\n<meta name=\"author\" content=\"Telinha\" \/>\n<meta name=\"twitter:card\" content=\"summary_large_image\" \/>\n<meta name=\"twitter:label1\" content=\"Escrito por\" \/>\n\t<meta name=\"twitter:data1\" content=\"Telinha\" \/>\n\t<meta name=\"twitter:label2\" content=\"Tempo estimado de leitura\" \/>\n\t<meta name=\"twitter:data2\" content=\"2 minutos\" \/>\n<script type=\"application\/ld+json\" class=\"yoast-schema-graph\">{\"@context\":\"https:\/\/schema.org\",\"@graph\":[{\"@type\":\"Article\",\"@id\":\"https:\/\/portaltela.pt\/noticias\/2026\/03\/19\/pan-pede-mais-dialogo-jpp-exige-resposta-conjunta-sobre-impactos-da-guerra\/#article\",\"isPartOf\":{\"@id\":\"https:\/\/portaltela.pt\/noticias\/2026\/03\/19\/pan-pede-mais-dialogo-jpp-exige-resposta-conjunta-sobre-impactos-da-guerra\/\"},\"author\":{\"name\":\"Telinha\",\"@id\":\"https:\/\/portaltela.pt\/#\/schema\/person\/c4278d4a6028830caff9ee44b42d32ed\"},\"headline\":\"PAN pede mais di\u00e1logo; JPP exige resposta conjunta sobre impactos da guerra\",\"datePublished\":\"2026-03-19T13:49:59+00:00\",\"mainEntityOfPage\":{\"@id\":\"https:\/\/portaltela.pt\/noticias\/2026\/03\/19\/pan-pede-mais-dialogo-jpp-exige-resposta-conjunta-sobre-impactos-da-guerra\/\"},\"wordCount\":410,\"image\":{\"@id\":\"https:\/\/portaltela.pt\/noticias\/2026\/03\/19\/pan-pede-mais-dialogo-jpp-exige-resposta-conjunta-sobre-impactos-da-guerra\/#primaryimage\"},\"thumbnailUrl\":\"https:\/\/portaltela.pt\/s.01k8rhncp4jt1\/2026\/03\/img_1500x1000uu2026-02-19-17-55-29-2267754.jpg\",\"keywords\":[\"habita\u00e7\u00e3o\",\"infla\u00e7\u00e3o\",\"mobilidade\",\"pol\u00edtica\",\"presidente\",\"regionaliza\u00e7\u00e3o territorial\"],\"articleSection\":[\"Not\u00edcias\",\"Pol\u00edtica\"],\"inLanguage\":\"pt-PT\"},{\"@type\":\"WebPage\",\"@id\":\"https:\/\/portaltela.pt\/noticias\/2026\/03\/19\/pan-pede-mais-dialogo-jpp-exige-resposta-conjunta-sobre-impactos-da-guerra\/\",\"url\":\"https:\/\/portaltela.pt\/noticias\/2026\/03\/19\/pan-pede-mais-dialogo-jpp-exige-resposta-conjunta-sobre-impactos-da-guerra\/\",\"name\":\"PAN pede mais di\u00e1logo; JPP exige resposta conjunta sobre impactos da guerra - Portal Tela Portugal\",\"isPartOf\":{\"@id\":\"https:\/\/portaltela.pt\/#website\"},\"primaryImageOfPage\":{\"@id\":\"https:\/\/portaltela.pt\/noticias\/2026\/03\/19\/pan-pede-mais-dialogo-jpp-exige-resposta-conjunta-sobre-impactos-da-guerra\/#primaryimage\"},\"image\":{\"@id\":\"https:\/\/portaltela.pt\/noticias\/2026\/03\/19\/pan-pede-mais-dialogo-jpp-exige-resposta-conjunta-sobre-impactos-da-guerra\/#primaryimage\"},\"thumbnailUrl\":\"https:\/\/portaltela.pt\/s.01k8rhncp4jt1\/2026\/03\/img_1500x1000uu2026-02-19-17-55-29-2267754.jpg\",\"datePublished\":\"2026-03-19T13:49:59+00:00\",\"author\":{\"@id\":\"https:\/\/portaltela.pt\/#\/schema\/person\/c4278d4a6028830caff9ee44b42d32ed\"},\"breadcrumb\":{\"@id\":\"https:\/\/portaltela.pt\/noticias\/2026\/03\/19\/pan-pede-mais-dialogo-jpp-exige-resposta-conjunta-sobre-impactos-da-guerra\/#breadcrumb\"},\"inLanguage\":\"pt-PT\",\"potentialAction\":[{\"@type\":\"ReadAction\",\"target\":[\"https:\/\/portaltela.pt\/noticias\/2026\/03\/19\/pan-pede-mais-dialogo-jpp-exige-resposta-conjunta-sobre-impactos-da-guerra\/\"]}]},{\"@type\":\"ImageObject\",\"inLanguage\":\"pt-PT\",\"@id\":\"https:\/\/portaltela.pt\/noticias\/2026\/03\/19\/pan-pede-mais-dialogo-jpp-exige-resposta-conjunta-sobre-impactos-da-guerra\/#primaryimage\",\"url\":\"https:\/\/portaltela.pt\/s.01k8rhncp4jt1\/2026\/03\/img_1500x1000uu2026-02-19-17-55-29-2267754.jpg\",\"contentUrl\":\"https:\/\/portaltela.pt\/s.01k8rhncp4jt1\/2026\/03\/img_1500x1000uu2026-02-19-17-55-29-2267754.jpg\",\"width\":796,\"height\":448,\"caption\":\"In\u00eas de Sousa Real\"},{\"@type\":\"BreadcrumbList\",\"@id\":\"https:\/\/portaltela.pt\/noticias\/2026\/03\/19\/pan-pede-mais-dialogo-jpp-exige-resposta-conjunta-sobre-impactos-da-guerra\/#breadcrumb\",\"itemListElement\":[{\"@type\":\"ListItem\",\"position\":1,\"name\":\"In\u00edcio\",\"item\":\"https:\/\/portaltela.pt\/\"},{\"@type\":\"ListItem\",\"position\":2,\"name\":\"PAN pede mais di\u00e1logo; JPP exige resposta conjunta sobre impactos da guerra\"}]},{\"@type\":\"WebSite\",\"@id\":\"https:\/\/portaltela.pt\/#website\",\"url\":\"https:\/\/portaltela.pt\/\",\"name\":\"Portal Tela Portugal\",\"description\":\"\",\"potentialAction\":[{\"@type\":\"SearchAction\",\"target\":{\"@type\":\"EntryPoint\",\"urlTemplate\":\"https:\/\/portaltela.pt\/?s={search_term_string}\"},\"query-input\":{\"@type\":\"PropertyValueSpecification\",\"valueRequired\":true,\"valueName\":\"search_term_string\"}}],\"inLanguage\":\"pt-PT\"},{\"@type\":\"Person\",\"@id\":\"https:\/\/portaltela.pt\/#\/schema\/person\/c4278d4a6028830caff9ee44b42d32ed\",\"name\":\"Telinha\",\"image\":{\"@type\":\"ImageObject\",\"inLanguage\":\"pt-PT\",\"@id\":\"https:\/\/portaltela.pt\/s.01k8rhncp4jt1\/2025\/11\/talking-bot-125x125.png\",\"url\":\"https:\/\/portaltela.pt\/s.01k8rhncp4jt1\/2025\/11\/talking-bot-125x125.png\",\"contentUrl\":\"https:\/\/portaltela.pt\/s.01k8rhncp4jt1\/2025\/11\/talking-bot-125x125.png\",\"caption\":\"Telinha\"},\"sameAs\":[\"https:\/\/portaltela.pt\/\"],\"url\":\"https:\/\/portaltela.pt\/por\/367410592786\/\"}]}<\/script>\n<!-- \/ Yoast SEO plugin. -->","yoast_head_json":{"title":"PAN pede mais di\u00e1logo; JPP exige resposta conjunta sobre impactos da guerra - Portal Tela Portugal","robots":{"index":"index","follow":"follow","max-snippet":"max-snippet:-1","max-image-preview":"max-image-preview:large","max-video-preview":"max-video-preview:-1"},"og_locale":"pt_PT","og_type":"article","og_title":"PAN pede mais di\u00e1logo; JPP exige resposta conjunta sobre impactos da guerra - Portal Tela Portugal","og_description":"O PAN pediu ao Governo uma pol\u00edtica mais dialogante, sem excluir partidos, para enfrentar os impactos da guerra. O JPP defende que o executivo, o parlamento e a Presid\u00eancia da Rep\u00fablica encontrem, de forma construtiva, respostas para minimizar o custo de vida e outros efeitos da guerra. Filipe Sousa, \u00fanico deputado do JPP, encerrou as audi\u00eancias e apresentou um projeto de resolu\u00e7\u00e3o para a regionaliza\u00e7\u00e3o, aguardando espa\u00e7o de debate para dividir o pa\u00eds em regi\u00f5es administrativas. In\u00eas de Sousa Real, porta-voz do PAN, elogiou a escolha do Presidente de realizar a sua primeira Presid\u00eancia aberta em zonas afetadas pelo mau tempo e pediu di\u00e1logo com todos os partidos para mitigar custos de vida e infla\u00e7\u00e3o. Debate no parlamento incluiu subs\u00eddio de mobilidade com reservas, quest\u00f5es de identidade de g\u00e9nero e nomea\u00e7\u00f5es para o Tribunal Constitucional e o Conselho da A\u00e7\u00e3o Clim\u00e1tica, com apelo a nomea\u00e7\u00e3o parit\u00e1ria.","og_url":"https:\/\/portaltela.pt\/noticias\/2026\/03\/19\/pan-pede-mais-dialogo-jpp-exige-resposta-conjunta-sobre-impactos-da-guerra\/","og_site_name":"Portal Tela Portugal","article_published_time":"2026-03-19T13:49:59+00:00","author":"Telinha","twitter_card":"summary_large_image","twitter_misc":{"Escrito por":"Telinha","Tempo estimado de leitura":"2 minutos"},"schema":{"@context":"https:\/\/schema.org","@graph":[{"@type":"Article","@id":"https:\/\/portaltela.pt\/noticias\/2026\/03\/19\/pan-pede-mais-dialogo-jpp-exige-resposta-conjunta-sobre-impactos-da-guerra\/#article","isPartOf":{"@id":"https:\/\/portaltela.pt\/noticias\/2026\/03\/19\/pan-pede-mais-dialogo-jpp-exige-resposta-conjunta-sobre-impactos-da-guerra\/"},"author":{"name":"Telinha","@id":"https:\/\/portaltela.pt\/#\/schema\/person\/c4278d4a6028830caff9ee44b42d32ed"},"headline":"PAN pede mais di\u00e1logo; JPP exige resposta conjunta sobre impactos da guerra","datePublished":"2026-03-19T13:49:59+00:00","mainEntityOfPage":{"@id":"https:\/\/portaltela.pt\/noticias\/2026\/03\/19\/pan-pede-mais-dialogo-jpp-exige-resposta-conjunta-sobre-impactos-da-guerra\/"},"wordCount":410,"image":{"@id":"https:\/\/portaltela.pt\/noticias\/2026\/03\/19\/pan-pede-mais-dialogo-jpp-exige-resposta-conjunta-sobre-impactos-da-guerra\/#primaryimage"},"thumbnailUrl":"https:\/\/portaltela.pt\/s.01k8rhncp4jt1\/2026\/03\/img_1500x1000uu2026-02-19-17-55-29-2267754.jpg","keywords":["habita\u00e7\u00e3o","infla\u00e7\u00e3o","mobilidade","pol\u00edtica","presidente","regionaliza\u00e7\u00e3o territorial"],"articleSection":["Not\u00edcias","Pol\u00edtica"],"inLanguage":"pt-PT"},{"@type":"WebPage","@id":"https:\/\/portaltela.pt\/noticias\/2026\/03\/19\/pan-pede-mais-dialogo-jpp-exige-resposta-conjunta-sobre-impactos-da-guerra\/","url":"https:\/\/portaltela.pt\/noticias\/2026\/03\/19\/pan-pede-mais-dialogo-jpp-exige-resposta-conjunta-sobre-impactos-da-guerra\/","name":"PAN pede mais di\u00e1logo; JPP exige resposta conjunta sobre impactos da guerra - Portal Tela Portugal","isPartOf":{"@id":"https:\/\/portaltela.pt\/#website"},"primaryImageOfPage":{"@id":"https:\/\/portaltela.pt\/noticias\/2026\/03\/19\/pan-pede-mais-dialogo-jpp-exige-resposta-conjunta-sobre-impactos-da-guerra\/#primaryimage"},"image":{"@id":"https:\/\/portaltela.pt\/noticias\/2026\/03\/19\/pan-pede-mais-dialogo-jpp-exige-resposta-conjunta-sobre-impactos-da-guerra\/#primaryimage"},"thumbnailUrl":"https:\/\/portaltela.pt\/s.01k8rhncp4jt1\/2026\/03\/img_1500x1000uu2026-02-19-17-55-29-2267754.jpg","datePublished":"2026-03-19T13:49:59+00:00","author":{"@id":"https:\/\/portaltela.pt\/#\/schema\/person\/c4278d4a6028830caff9ee44b42d32ed"},"breadcrumb":{"@id":"https:\/\/portaltela.pt\/noticias\/2026\/03\/19\/pan-pede-mais-dialogo-jpp-exige-resposta-conjunta-sobre-impactos-da-guerra\/#breadcrumb"},"inLanguage":"pt-PT","potentialAction":[{"@type":"ReadAction","target":["https:\/\/portaltela.pt\/noticias\/2026\/03\/19\/pan-pede-mais-dialogo-jpp-exige-resposta-conjunta-sobre-impactos-da-guerra\/"]}]},{"@type":"ImageObject","inLanguage":"pt-PT","@id":"https:\/\/portaltela.pt\/noticias\/2026\/03\/19\/pan-pede-mais-dialogo-jpp-exige-resposta-conjunta-sobre-impactos-da-guerra\/#primaryimage","url":"https:\/\/portaltela.pt\/s.01k8rhncp4jt1\/2026\/03\/img_1500x1000uu2026-02-19-17-55-29-2267754.jpg","contentUrl":"https:\/\/portaltela.pt\/s.01k8rhncp4jt1\/2026\/03\/img_1500x1000uu2026-02-19-17-55-29-2267754.jpg","width":796,"height":448,"caption":"In\u00eas de Sousa Real"},{"@type":"BreadcrumbList","@id":"https:\/\/portaltela.pt\/noticias\/2026\/03\/19\/pan-pede-mais-dialogo-jpp-exige-resposta-conjunta-sobre-impactos-da-guerra\/#breadcrumb","itemListElement":[{"@type":"ListItem","position":1,"name":"In\u00edcio","item":"https:\/\/portaltela.pt\/"},{"@type":"ListItem","position":2,"name":"PAN pede mais di\u00e1logo; JPP exige resposta conjunta sobre impactos da guerra"}]},{"@type":"WebSite","@id":"https:\/\/portaltela.pt\/#website","url":"https:\/\/portaltela.pt\/","name":"Portal Tela Portugal","description":"","potentialAction":[{"@type":"SearchAction","target":{"@type":"EntryPoint","urlTemplate":"https:\/\/portaltela.pt\/?s={search_term_string}"},"query-input":{"@type":"PropertyValueSpecification","valueRequired":true,"valueName":"search_term_string"}}],"inLanguage":"pt-PT"},{"@type":"Person","@id":"https:\/\/portaltela.pt\/#\/schema\/person\/c4278d4a6028830caff9ee44b42d32ed","name":"Telinha","image":{"@type":"ImageObject","inLanguage":"pt-PT","@id":"https:\/\/portaltela.pt\/s.01k8rhncp4jt1\/2025\/11\/talking-bot-125x125.png","url":"https:\/\/portaltela.pt\/s.01k8rhncp4jt1\/2025\/11\/talking-bot-125x125.png","contentUrl":"https:\/\/portaltela.pt\/s.01k8rhncp4jt1\/2025\/11\/talking-bot-125x125.png","caption":"Telinha"},"sameAs":["https:\/\/portaltela.pt\/"],"url":"https:\/\/portaltela.pt\/por\/367410592786\/"}]}},"_links":{"self":[{"href":"https:\/\/portaltela.pt\/api\/wp\/v2\/posts\/415968","targetHints":{"allow":["GET"]}}],"collection":[{"href":"https:\/\/portaltela.pt\/api\/wp\/v2\/posts"}],"about":[{"href":"https:\/\/portaltela.pt\/api\/wp\/v2\/types\/post"}],"author":[{"embeddable":true,"href":"https:\/\/portaltela.pt\/api\/wp\/v2\/users\/2"}],"replies":[{"embeddable":true,"href":"https:\/\/portaltela.pt\/api\/wp\/v2\/comments?post=415968"}],"version-history":[{"count":0,"href":"https:\/\/portaltela.pt\/api\/wp\/v2\/posts\/415968\/revisions"}],"wp:featuredmedia":[{"embeddable":true,"href":"https:\/\/portaltela.pt\/api\/wp\/v2\/media\/415969"}],"wp:attachment":[{"href":"https:\/\/portaltela.pt\/api\/wp\/v2\/media?parent=415968"}],"wp:term":[{"taxonomy":"category","embeddable":true,"href":"https:\/\/portaltela.pt\/api\/wp\/v2\/categories?post=415968"},{"taxonomy":"post_tag","embeddable":true,"href":"https:\/\/portaltela.pt\/api\/wp\/v2\/tags?post=415968"}],"curies":[{"name":"wp","href":"https:\/\/api.w.org\/{rel}","templated":true}]}}