{"id":415961,"date":"2026-03-19T10:57:34","date_gmt":"2026-03-19T13:57:34","guid":{"rendered":"https:\/\/portaltela.pt\/noticias\/2026\/03\/19\/psp-reforca-efetivos-no-aeroporto-de-lisboa-durante-a-pascoa\/"},"modified":"2026-03-19T10:57:34","modified_gmt":"2026-03-19T13:57:34","slug":"psp-reforca-efetivos-no-aeroporto-de-lisboa-durante-a-pascoa","status":"publish","type":"post","link":"https:\/\/portaltela.pt\/policia\/2026\/03\/19\/psp-reforca-efetivos-no-aeroporto-de-lisboa-durante-a-pascoa\/","title":{"rendered":"PSP refor\u00e7a efetivos no aeroporto de Lisboa durante a P\u00e1scoa"},"content":{"rendered":"<p>A PSP vai refor\u00e7ar o efetivo no Aeroporto de Lisboa durante o per\u00edodo da P\u00e1scoa para evitar problemas no controlo documental de passageiros. O refor\u00e7o envolve operacionais provenientes de outros Comandos do pa\u00eds, integrando um plano de conting\u00eancia j\u00e1 preparado pela UNEF.<\/p>\n<p>O plano arranca este s\u00e1bado, 21 de mar\u00e7o, e mant\u00e9m-se at\u00e9 12 de abril. Os agentes j\u00e1 passaram por forma\u00e7\u00e3o e v\u00e3o chegar progressivamente ao aeroporto para aumentar a capacidade de resposta no controlo de fronteiras.<\/p>\n<p>Vai regressar tamb\u00e9m o controlo biom\u00e9trico no aeroporto da capital, uma medida suspensa anteriormente por determina\u00e7\u00e3o da antiga ministra da Administra\u00e7\u00e3o Interna. A suspens\u00e3o, motivada pela imposi\u00e7\u00e3o da Uni\u00e3o Europeia, dever\u00e1 terminar de forma faseada.<\/p>\n<p>Al\u00e9m do refor\u00e7o de efetivos, a PSP vai abrir mais um espa\u00e7o de controlo documental no aeroporto, com a instala\u00e7\u00e3o de 10 boxes adicionais. O objetivo \u00e9 evitar as grandes filas e aglomera\u00e7\u00f5es que se registaram no \u00faltimo Natal e na Passagem de Ano.<\/p>\n","protected":false},"excerpt":{"rendered":"<ul>\n<li>A PSP vai refor\u00e7ar o efetivo no Aeroporto de Lisboa para a P\u00e1scoa, com agentes vindos de outros comandos do pa\u00eds, em in\u00edcio neste s\u00e1bado, 21 de mar\u00e7o, e at\u00e9 12 de abril.<\/li>\n<li>O plano de conting\u00eancia foi preparado pela Unidade Nacional de Estrangeiros e Fronteiras (UNEF) e j\u00e1 tem forma\u00e7\u00e3o conclu\u00edda para os operacionais que v\u00e3o chegar gradualmente ao aeroporto.<\/li>\n<li>O controlo biom\u00e9trico de passageiros vai regressar ao aeroporto da capital, retomando de forma faseada ap\u00f3s a suspens\u00e3o decidida pela antiga ministra da Administra\u00e7\u00e3o Interna.<\/li>\n<li>Ser\u00e1 criado um espa\u00e7o adicional com 10 boxes de controlo documental para evitar grandes aglomera\u00e7\u00f5es, especialmente ap\u00f3s os epis\u00f3dios de Natal e Passagem de Ano.<\/li>\n<\/ul>\n","protected":false},"author":2,"featured_media":415965,"comment_status":"closed","ping_status":"closed","sticky":false,"template":"","format":"standard","meta":{"footnotes":""},"categories":[6781],"tags":[3302,2605,4002,981,3418,250],"class_list":["post-415961","post","type-post","status-publish","format-standard","has-post-thumbnail","hentry","category-policia","tag-aeroportos","tag-documentos","tag-fronteiras","tag-lisboa","tag-policia-de-seguranca-publica","tag-seguranca-publica"],"yoast_head":"<!-- This site is optimized with the Yoast SEO plugin v27.2 - https:\/\/yoast.com\/product\/yoast-seo-wordpress\/ -->\n<title>PSP refor\u00e7a efetivos no aeroporto de Lisboa durante a P\u00e1scoa - Portal Tela Portugal<\/title>\n<meta name=\"robots\" content=\"index, follow, max-snippet:-1, max-image-preview:large, max-video-preview:-1\" \/>\n<meta property=\"og:locale\" content=\"pt_PT\" \/>\n<meta property=\"og:type\" content=\"article\" \/>\n<meta property=\"og:title\" content=\"PSP refor\u00e7a efetivos no aeroporto de Lisboa durante a P\u00e1scoa - Portal Tela Portugal\" \/>\n<meta property=\"og:description\" content=\"A PSP vai refor\u00e7ar o efetivo no Aeroporto de Lisboa para a P\u00e1scoa, com agentes vindos de outros comandos do pa\u00eds, em in\u00edcio neste s\u00e1bado, 21 de mar\u00e7o, e at\u00e9 12 de abril. O plano de conting\u00eancia foi preparado pela Unidade Nacional de Estrangeiros e Fronteiras (UNEF) e j\u00e1 tem forma\u00e7\u00e3o conclu\u00edda para os operacionais que v\u00e3o chegar gradualmente ao aeroporto. O controlo biom\u00e9trico de passageiros vai regressar ao aeroporto da capital, retomando de forma faseada ap\u00f3s a suspens\u00e3o decidida pela antiga ministra da Administra\u00e7\u00e3o Interna. Ser\u00e1 criado um espa\u00e7o adicional com 10 boxes de controlo documental para evitar grandes aglomera\u00e7\u00f5es, especialmente ap\u00f3s os epis\u00f3dios de Natal e Passagem de Ano.\" \/>\n<meta property=\"og:url\" content=\"https:\/\/portaltela.pt\/noticias\/2026\/03\/19\/psp-reforca-efetivos-no-aeroporto-de-lisboa-durante-a-pascoa\/\" \/>\n<meta property=\"og:site_name\" content=\"Portal Tela Portugal\" \/>\n<meta property=\"article:published_time\" content=\"2026-03-19T13:57:34+00:00\" \/>\n<meta name=\"author\" content=\"Telinha\" \/>\n<meta name=\"twitter:card\" content=\"summary_large_image\" \/>\n<meta name=\"twitter:label1\" content=\"Escrito por\" \/>\n\t<meta name=\"twitter:data1\" content=\"Telinha\" \/>\n\t<meta name=\"twitter:label2\" content=\"Tempo estimado de leitura\" \/>\n\t<meta name=\"twitter:data2\" content=\"1 minuto\" \/>\n<script type=\"application\/ld+json\" class=\"yoast-schema-graph\">{\"@context\":\"https:\/\/schema.org\",\"@graph\":[{\"@type\":\"Article\",\"@id\":\"https:\/\/portaltela.pt\/noticias\/2026\/03\/19\/psp-reforca-efetivos-no-aeroporto-de-lisboa-durante-a-pascoa\/#article\",\"isPartOf\":{\"@id\":\"https:\/\/portaltela.pt\/noticias\/2026\/03\/19\/psp-reforca-efetivos-no-aeroporto-de-lisboa-durante-a-pascoa\/\"},\"author\":{\"name\":\"Telinha\",\"@id\":\"https:\/\/portaltela.pt\/#\/schema\/person\/c4278d4a6028830caff9ee44b42d32ed\"},\"headline\":\"PSP refor\u00e7a efetivos no aeroporto de Lisboa durante a P\u00e1scoa\",\"datePublished\":\"2026-03-19T13:57:34+00:00\",\"mainEntityOfPage\":{\"@id\":\"https:\/\/portaltela.pt\/noticias\/2026\/03\/19\/psp-reforca-efetivos-no-aeroporto-de-lisboa-durante-a-pascoa\/\"},\"wordCount\":188,\"image\":{\"@id\":\"https:\/\/portaltela.pt\/noticias\/2026\/03\/19\/psp-reforca-efetivos-no-aeroporto-de-lisboa-durante-a-pascoa\/#primaryimage\"},\"thumbnailUrl\":\"https:\/\/portaltela.pt\/s.01k8rhncp4jt1\/2026\/03\/img_1280x721uu2026-03-19-12-07-51-2273395.jpg\",\"keywords\":[\"aeroportos\",\"documentos\",\"fronteiras\",\"Lisboa\",\"Pol\u00edcia de Seguran\u00e7a P\u00fablica\",\"seguran\u00e7a p\u00fablica\"],\"articleSection\":[\"Pol\u00edcia\"],\"inLanguage\":\"pt-PT\"},{\"@type\":\"WebPage\",\"@id\":\"https:\/\/portaltela.pt\/noticias\/2026\/03\/19\/psp-reforca-efetivos-no-aeroporto-de-lisboa-durante-a-pascoa\/\",\"url\":\"https:\/\/portaltela.pt\/noticias\/2026\/03\/19\/psp-reforca-efetivos-no-aeroporto-de-lisboa-durante-a-pascoa\/\",\"name\":\"PSP refor\u00e7a efetivos no aeroporto de Lisboa durante a P\u00e1scoa - Portal Tela Portugal\",\"isPartOf\":{\"@id\":\"https:\/\/portaltela.pt\/#website\"},\"primaryImageOfPage\":{\"@id\":\"https:\/\/portaltela.pt\/noticias\/2026\/03\/19\/psp-reforca-efetivos-no-aeroporto-de-lisboa-durante-a-pascoa\/#primaryimage\"},\"image\":{\"@id\":\"https:\/\/portaltela.pt\/noticias\/2026\/03\/19\/psp-reforca-efetivos-no-aeroporto-de-lisboa-durante-a-pascoa\/#primaryimage\"},\"thumbnailUrl\":\"https:\/\/portaltela.pt\/s.01k8rhncp4jt1\/2026\/03\/img_1280x721uu2026-03-19-12-07-51-2273395.jpg\",\"datePublished\":\"2026-03-19T13:57:34+00:00\",\"author\":{\"@id\":\"https:\/\/portaltela.pt\/#\/schema\/person\/c4278d4a6028830caff9ee44b42d32ed\"},\"breadcrumb\":{\"@id\":\"https:\/\/portaltela.pt\/noticias\/2026\/03\/19\/psp-reforca-efetivos-no-aeroporto-de-lisboa-durante-a-pascoa\/#breadcrumb\"},\"inLanguage\":\"pt-PT\",\"potentialAction\":[{\"@type\":\"ReadAction\",\"target\":[\"https:\/\/portaltela.pt\/noticias\/2026\/03\/19\/psp-reforca-efetivos-no-aeroporto-de-lisboa-durante-a-pascoa\/\"]}]},{\"@type\":\"ImageObject\",\"inLanguage\":\"pt-PT\",\"@id\":\"https:\/\/portaltela.pt\/noticias\/2026\/03\/19\/psp-reforca-efetivos-no-aeroporto-de-lisboa-durante-a-pascoa\/#primaryimage\",\"url\":\"https:\/\/portaltela.pt\/s.01k8rhncp4jt1\/2026\/03\/img_1280x721uu2026-03-19-12-07-51-2273395.jpg\",\"contentUrl\":\"https:\/\/portaltela.pt\/s.01k8rhncp4jt1\/2026\/03\/img_1280x721uu2026-03-19-12-07-51-2273395.jpg\",\"width\":796,\"height\":448,\"caption\":\"PSP vai contar com refor\u00e7o de efetivo no aeroporto de Lisboa no per\u00edodo da P\u00e1scoa\"},{\"@type\":\"BreadcrumbList\",\"@id\":\"https:\/\/portaltela.pt\/noticias\/2026\/03\/19\/psp-reforca-efetivos-no-aeroporto-de-lisboa-durante-a-pascoa\/#breadcrumb\",\"itemListElement\":[{\"@type\":\"ListItem\",\"position\":1,\"name\":\"In\u00edcio\",\"item\":\"https:\/\/portaltela.pt\/\"},{\"@type\":\"ListItem\",\"position\":2,\"name\":\"PSP refor\u00e7a efetivos no aeroporto de Lisboa durante a P\u00e1scoa\"}]},{\"@type\":\"WebSite\",\"@id\":\"https:\/\/portaltela.pt\/#website\",\"url\":\"https:\/\/portaltela.pt\/\",\"name\":\"Portal Tela Portugal\",\"description\":\"\",\"potentialAction\":[{\"@type\":\"SearchAction\",\"target\":{\"@type\":\"EntryPoint\",\"urlTemplate\":\"https:\/\/portaltela.pt\/?s={search_term_string}\"},\"query-input\":{\"@type\":\"PropertyValueSpecification\",\"valueRequired\":true,\"valueName\":\"search_term_string\"}}],\"inLanguage\":\"pt-PT\"},{\"@type\":\"Person\",\"@id\":\"https:\/\/portaltela.pt\/#\/schema\/person\/c4278d4a6028830caff9ee44b42d32ed\",\"name\":\"Telinha\",\"image\":{\"@type\":\"ImageObject\",\"inLanguage\":\"pt-PT\",\"@id\":\"https:\/\/portaltela.pt\/s.01k8rhncp4jt1\/2025\/11\/talking-bot-125x125.png\",\"url\":\"https:\/\/portaltela.pt\/s.01k8rhncp4jt1\/2025\/11\/talking-bot-125x125.png\",\"contentUrl\":\"https:\/\/portaltela.pt\/s.01k8rhncp4jt1\/2025\/11\/talking-bot-125x125.png\",\"caption\":\"Telinha\"},\"sameAs\":[\"https:\/\/portaltela.pt\/\"],\"url\":\"https:\/\/portaltela.pt\/por\/367410592786\/\"}]}<\/script>\n<!-- \/ Yoast SEO plugin. -->","yoast_head_json":{"title":"PSP refor\u00e7a efetivos no aeroporto de Lisboa durante a P\u00e1scoa - Portal Tela Portugal","robots":{"index":"index","follow":"follow","max-snippet":"max-snippet:-1","max-image-preview":"max-image-preview:large","max-video-preview":"max-video-preview:-1"},"og_locale":"pt_PT","og_type":"article","og_title":"PSP refor\u00e7a efetivos no aeroporto de Lisboa durante a P\u00e1scoa - Portal Tela Portugal","og_description":"A PSP vai refor\u00e7ar o efetivo no Aeroporto de Lisboa para a P\u00e1scoa, com agentes vindos de outros comandos do pa\u00eds, em in\u00edcio neste s\u00e1bado, 21 de mar\u00e7o, e at\u00e9 12 de abril. O plano de conting\u00eancia foi preparado pela Unidade Nacional de Estrangeiros e Fronteiras (UNEF) e j\u00e1 tem forma\u00e7\u00e3o conclu\u00edda para os operacionais que v\u00e3o chegar gradualmente ao aeroporto. O controlo biom\u00e9trico de passageiros vai regressar ao aeroporto da capital, retomando de forma faseada ap\u00f3s a suspens\u00e3o decidida pela antiga ministra da Administra\u00e7\u00e3o Interna. Ser\u00e1 criado um espa\u00e7o adicional com 10 boxes de controlo documental para evitar grandes aglomera\u00e7\u00f5es, especialmente ap\u00f3s os epis\u00f3dios de Natal e Passagem de Ano.","og_url":"https:\/\/portaltela.pt\/noticias\/2026\/03\/19\/psp-reforca-efetivos-no-aeroporto-de-lisboa-durante-a-pascoa\/","og_site_name":"Portal Tela Portugal","article_published_time":"2026-03-19T13:57:34+00:00","author":"Telinha","twitter_card":"summary_large_image","twitter_misc":{"Escrito por":"Telinha","Tempo estimado de leitura":"1 minuto"},"schema":{"@context":"https:\/\/schema.org","@graph":[{"@type":"Article","@id":"https:\/\/portaltela.pt\/noticias\/2026\/03\/19\/psp-reforca-efetivos-no-aeroporto-de-lisboa-durante-a-pascoa\/#article","isPartOf":{"@id":"https:\/\/portaltela.pt\/noticias\/2026\/03\/19\/psp-reforca-efetivos-no-aeroporto-de-lisboa-durante-a-pascoa\/"},"author":{"name":"Telinha","@id":"https:\/\/portaltela.pt\/#\/schema\/person\/c4278d4a6028830caff9ee44b42d32ed"},"headline":"PSP refor\u00e7a efetivos no aeroporto de Lisboa durante a P\u00e1scoa","datePublished":"2026-03-19T13:57:34+00:00","mainEntityOfPage":{"@id":"https:\/\/portaltela.pt\/noticias\/2026\/03\/19\/psp-reforca-efetivos-no-aeroporto-de-lisboa-durante-a-pascoa\/"},"wordCount":188,"image":{"@id":"https:\/\/portaltela.pt\/noticias\/2026\/03\/19\/psp-reforca-efetivos-no-aeroporto-de-lisboa-durante-a-pascoa\/#primaryimage"},"thumbnailUrl":"https:\/\/portaltela.pt\/s.01k8rhncp4jt1\/2026\/03\/img_1280x721uu2026-03-19-12-07-51-2273395.jpg","keywords":["aeroportos","documentos","fronteiras","Lisboa","Pol\u00edcia de Seguran\u00e7a P\u00fablica","seguran\u00e7a p\u00fablica"],"articleSection":["Pol\u00edcia"],"inLanguage":"pt-PT"},{"@type":"WebPage","@id":"https:\/\/portaltela.pt\/noticias\/2026\/03\/19\/psp-reforca-efetivos-no-aeroporto-de-lisboa-durante-a-pascoa\/","url":"https:\/\/portaltela.pt\/noticias\/2026\/03\/19\/psp-reforca-efetivos-no-aeroporto-de-lisboa-durante-a-pascoa\/","name":"PSP refor\u00e7a efetivos no aeroporto de Lisboa durante a P\u00e1scoa - Portal Tela Portugal","isPartOf":{"@id":"https:\/\/portaltela.pt\/#website"},"primaryImageOfPage":{"@id":"https:\/\/portaltela.pt\/noticias\/2026\/03\/19\/psp-reforca-efetivos-no-aeroporto-de-lisboa-durante-a-pascoa\/#primaryimage"},"image":{"@id":"https:\/\/portaltela.pt\/noticias\/2026\/03\/19\/psp-reforca-efetivos-no-aeroporto-de-lisboa-durante-a-pascoa\/#primaryimage"},"thumbnailUrl":"https:\/\/portaltela.pt\/s.01k8rhncp4jt1\/2026\/03\/img_1280x721uu2026-03-19-12-07-51-2273395.jpg","datePublished":"2026-03-19T13:57:34+00:00","author":{"@id":"https:\/\/portaltela.pt\/#\/schema\/person\/c4278d4a6028830caff9ee44b42d32ed"},"breadcrumb":{"@id":"https:\/\/portaltela.pt\/noticias\/2026\/03\/19\/psp-reforca-efetivos-no-aeroporto-de-lisboa-durante-a-pascoa\/#breadcrumb"},"inLanguage":"pt-PT","potentialAction":[{"@type":"ReadAction","target":["https:\/\/portaltela.pt\/noticias\/2026\/03\/19\/psp-reforca-efetivos-no-aeroporto-de-lisboa-durante-a-pascoa\/"]}]},{"@type":"ImageObject","inLanguage":"pt-PT","@id":"https:\/\/portaltela.pt\/noticias\/2026\/03\/19\/psp-reforca-efetivos-no-aeroporto-de-lisboa-durante-a-pascoa\/#primaryimage","url":"https:\/\/portaltela.pt\/s.01k8rhncp4jt1\/2026\/03\/img_1280x721uu2026-03-19-12-07-51-2273395.jpg","contentUrl":"https:\/\/portaltela.pt\/s.01k8rhncp4jt1\/2026\/03\/img_1280x721uu2026-03-19-12-07-51-2273395.jpg","width":796,"height":448,"caption":"PSP vai contar com refor\u00e7o de efetivo no aeroporto de Lisboa no per\u00edodo da P\u00e1scoa"},{"@type":"BreadcrumbList","@id":"https:\/\/portaltela.pt\/noticias\/2026\/03\/19\/psp-reforca-efetivos-no-aeroporto-de-lisboa-durante-a-pascoa\/#breadcrumb","itemListElement":[{"@type":"ListItem","position":1,"name":"In\u00edcio","item":"https:\/\/portaltela.pt\/"},{"@type":"ListItem","position":2,"name":"PSP refor\u00e7a efetivos no aeroporto de Lisboa durante a P\u00e1scoa"}]},{"@type":"WebSite","@id":"https:\/\/portaltela.pt\/#website","url":"https:\/\/portaltela.pt\/","name":"Portal Tela Portugal","description":"","potentialAction":[{"@type":"SearchAction","target":{"@type":"EntryPoint","urlTemplate":"https:\/\/portaltela.pt\/?s={search_term_string}"},"query-input":{"@type":"PropertyValueSpecification","valueRequired":true,"valueName":"search_term_string"}}],"inLanguage":"pt-PT"},{"@type":"Person","@id":"https:\/\/portaltela.pt\/#\/schema\/person\/c4278d4a6028830caff9ee44b42d32ed","name":"Telinha","image":{"@type":"ImageObject","inLanguage":"pt-PT","@id":"https:\/\/portaltela.pt\/s.01k8rhncp4jt1\/2025\/11\/talking-bot-125x125.png","url":"https:\/\/portaltela.pt\/s.01k8rhncp4jt1\/2025\/11\/talking-bot-125x125.png","contentUrl":"https:\/\/portaltela.pt\/s.01k8rhncp4jt1\/2025\/11\/talking-bot-125x125.png","caption":"Telinha"},"sameAs":["https:\/\/portaltela.pt\/"],"url":"https:\/\/portaltela.pt\/por\/367410592786\/"}]}},"_links":{"self":[{"href":"https:\/\/portaltela.pt\/api\/wp\/v2\/posts\/415961","targetHints":{"allow":["GET"]}}],"collection":[{"href":"https:\/\/portaltela.pt\/api\/wp\/v2\/posts"}],"about":[{"href":"https:\/\/portaltela.pt\/api\/wp\/v2\/types\/post"}],"author":[{"embeddable":true,"href":"https:\/\/portaltela.pt\/api\/wp\/v2\/users\/2"}],"replies":[{"embeddable":true,"href":"https:\/\/portaltela.pt\/api\/wp\/v2\/comments?post=415961"}],"version-history":[{"count":0,"href":"https:\/\/portaltela.pt\/api\/wp\/v2\/posts\/415961\/revisions"}],"wp:featuredmedia":[{"embeddable":true,"href":"https:\/\/portaltela.pt\/api\/wp\/v2\/media\/415965"}],"wp:attachment":[{"href":"https:\/\/portaltela.pt\/api\/wp\/v2\/media?parent=415961"}],"wp:term":[{"taxonomy":"category","embeddable":true,"href":"https:\/\/portaltela.pt\/api\/wp\/v2\/categories?post=415961"},{"taxonomy":"post_tag","embeddable":true,"href":"https:\/\/portaltela.pt\/api\/wp\/v2\/tags?post=415961"}],"curies":[{"name":"wp","href":"https:\/\/api.w.org\/{rel}","templated":true}]}}