{"id":415951,"date":"2026-03-19T10:44:22","date_gmt":"2026-03-19T13:44:22","guid":{"rendered":"https:\/\/portaltela.pt\/noticias\/2026\/03\/19\/dia-do-pai-celebridades-partilham-mensagens-de-carinho\/"},"modified":"2026-03-19T10:44:22","modified_gmt":"2026-03-19T13:44:22","slug":"dia-do-pai-celebridades-partilham-mensagens-de-carinho","status":"publish","type":"post","link":"https:\/\/portaltela.pt\/entretenimento\/2026\/03\/19\/dia-do-pai-celebridades-partilham-mensagens-de-carinho\/","title":{"rendered":"Dia do Pai: celebridades partilham mensagens de carinho"},"content":{"rendered":"<p>O Dia do Pai, celebrado nesta quinta-feira, 19 de mar\u00e7o, levou v\u00e1rias figuras p\u00fablicas a partilhar mensagens de homenagem nas redes sociais. As declara\u00e7\u00f5es destacaram o papel de pais, av\u00f3s e mentores em v\u00e1rias fases da vida familiar, com tom emotivo, mas objetivo.<\/p>\n<p>Luciana Abreu abriu a lista de publica\u00e7\u00f5es com uma mensagem de gratid\u00e3o ao pai adotivo, enfatizando a proximidade entre ambos e o papel central que ele desempenha na fam\u00edlia. Catarina Furtado tamb\u00e9m lembrou o pai, o jornalista Joaquim Furtado, associando a data \u00e0 rela\u00e7\u00e3o entre filha e progenitor.<\/p>\n<p>M\u00f3nica Sintra partilhou palavras de apre\u00e7o pela presen\u00e7a constante do pai, acompanhadas de imagens de fam\u00edlia que ilustram o v\u00ednculo. Maria Botelho Moniz fez uma dupla celebra\u00e7\u00e3o, ao dedicar mensagens ao companheiro, pai de seu filho, e ao seu pr\u00f3prio pai que j\u00e1 n\u00e3o est\u00e1 entre n\u00f3s.<\/p>\n<p>Bib\u00e1 Pitta escreveu uma homenagem extensa ao pai, descrevendo o papel de prote\u00e7\u00e3o e amor incondicional. Ana Garcia Martins revelou, em tom nost\u00e1lgico, uma passagem de uma autobiografia oferecida pelo pai h\u00e1 30 anos, partilhando a saudade e o desejo de releitura em futuro pr\u00f3ximo.<\/p>\n<p>Sara Norte celebrou o dia com uma fotografia do dia do casamento, na qual surge ao lado do pai, destacando a continuidade do v\u00ednculo entre gera\u00e7\u00f5es. L\u00eddia Mu\u00f1oz recordou a import\u00e2ncia do pai na sua vida, brincando com a ideia de que os filhos mais novos cuidar\u00e3o dele no futuro.<\/p>\n<p>Francisca Cerqueira Gomes partilhou mem\u00f3rias da inf\u00e2ncia ao lado do pai, com fotografias antigas e uma mensagem de afeto, agradecendo pela paci\u00eancia demonstrada ao longo dos anos. O conjunto de publica\u00e7\u00f5es mostra uma vis\u00e3o diversa sobre a paternidade e o afeto familiar.<\/p>\n","protected":false},"excerpt":{"rendered":"<ul>\n<li>O Dia do Pai, assinalado a 19 de mar\u00e7o, ficou marcado por mensagens de v\u00e1rias celebridades nas redes sociais.<\/li>\n<li>Luciana Abreu publicou uma mensagem emotiva ao pai, descrevendo-o como pai, av\u00f4, padrinho, amigo, conselheiro e her\u00f3i.<\/li>\n<li>Catarina Furtado homenageou Joaquim Furtado, expressando felicidade pela exist\u00eancia do pai.<\/li>\n<li>Maria Botelho Moniz celebrou o companheiro, Pedro Bianchi Prata, pai do filho Vicente, e recordou o pai falecido.<\/li>\n<li>Ana Garcia Martins partilhou um excerto de autobiografia oferecida pelo pai, confessando a dificuldade de reler as p\u00e1ginas e a saudade que sente.<\/li>\n<\/ul>\n","protected":false},"author":2,"featured_media":415952,"comment_status":"closed","ping_status":"closed","sticky":false,"template":"","format":"standard","meta":{"footnotes":""},"categories":[6675,12],"tags":[3259,64,148,78,210,5661],"class_list":["post-415951","post","type-post","status-publish","format-standard","has-post-thumbnail","hentry","category-celebridades","category-entretenimento","tag-celebidades","tag-familia","tag-familias","tag-famosos","tag-pais","tag-pessoas-publicas"],"yoast_head":"<!-- This site is optimized with the Yoast SEO plugin v27.2 - https:\/\/yoast.com\/product\/yoast-seo-wordpress\/ -->\n<title>Dia do Pai: celebridades partilham mensagens de carinho - Portal Tela Portugal<\/title>\n<meta name=\"robots\" content=\"index, follow, max-snippet:-1, max-image-preview:large, max-video-preview:-1\" \/>\n<meta property=\"og:locale\" content=\"pt_PT\" \/>\n<meta property=\"og:type\" content=\"article\" \/>\n<meta property=\"og:title\" content=\"Dia do Pai: celebridades partilham mensagens de carinho - Portal Tela Portugal\" \/>\n<meta property=\"og:description\" content=\"O Dia do Pai, assinalado a 19 de mar\u00e7o, ficou marcado por mensagens de v\u00e1rias celebridades nas redes sociais. Luciana Abreu publicou uma mensagem emotiva ao pai, descrevendo-o como pai, av\u00f4, padrinho, amigo, conselheiro e her\u00f3i. Catarina Furtado homenageou Joaquim Furtado, expressando felicidade pela exist\u00eancia do pai. Maria Botelho Moniz celebrou o companheiro, Pedro Bianchi Prata, pai do filho Vicente, e recordou o pai falecido. Ana Garcia Martins partilhou um excerto de autobiografia oferecida pelo pai, confessando a dificuldade de reler as p\u00e1ginas e a saudade que sente.\" \/>\n<meta property=\"og:url\" content=\"https:\/\/portaltela.pt\/noticias\/2026\/03\/19\/dia-do-pai-celebridades-partilham-mensagens-de-carinho\/\" \/>\n<meta property=\"og:site_name\" content=\"Portal Tela Portugal\" \/>\n<meta property=\"article:published_time\" content=\"2026-03-19T13:44:22+00:00\" \/>\n<meta name=\"author\" content=\"Telinha\" \/>\n<meta name=\"twitter:card\" content=\"summary_large_image\" \/>\n<meta name=\"twitter:label1\" content=\"Escrito por\" \/>\n\t<meta name=\"twitter:data1\" content=\"Telinha\" \/>\n\t<meta name=\"twitter:label2\" content=\"Tempo estimado de leitura\" \/>\n\t<meta name=\"twitter:data2\" content=\"2 minutos\" \/>\n<script type=\"application\/ld+json\" class=\"yoast-schema-graph\">{\"@context\":\"https:\/\/schema.org\",\"@graph\":[{\"@type\":\"Article\",\"@id\":\"https:\/\/portaltela.pt\/noticias\/2026\/03\/19\/dia-do-pai-celebridades-partilham-mensagens-de-carinho\/#article\",\"isPartOf\":{\"@id\":\"https:\/\/portaltela.pt\/noticias\/2026\/03\/19\/dia-do-pai-celebridades-partilham-mensagens-de-carinho\/\"},\"author\":{\"name\":\"Telinha\",\"@id\":\"https:\/\/portaltela.pt\/#\/schema\/person\/c4278d4a6028830caff9ee44b42d32ed\"},\"headline\":\"Dia do Pai: celebridades partilham mensagens de carinho\",\"datePublished\":\"2026-03-19T13:44:22+00:00\",\"mainEntityOfPage\":{\"@id\":\"https:\/\/portaltela.pt\/noticias\/2026\/03\/19\/dia-do-pai-celebridades-partilham-mensagens-de-carinho\/\"},\"wordCount\":314,\"image\":{\"@id\":\"https:\/\/portaltela.pt\/noticias\/2026\/03\/19\/dia-do-pai-celebridades-partilham-mensagens-de-carinho\/#primaryimage\"},\"thumbnailUrl\":\"https:\/\/portaltela.pt\/s.01k8rhncp4jt1\/2026\/03\/img_1280x718uu2025-12-22-18-27-27-2255917.jpg\",\"keywords\":[\"celebidades\",\"fam\u00edlia\",\"fam\u00edlias\",\"famosos\",\"pais\",\"pessoas p\u00fablicas\"],\"articleSection\":[\"Celebridades\",\"Entretenimento\"],\"inLanguage\":\"pt-PT\"},{\"@type\":\"WebPage\",\"@id\":\"https:\/\/portaltela.pt\/noticias\/2026\/03\/19\/dia-do-pai-celebridades-partilham-mensagens-de-carinho\/\",\"url\":\"https:\/\/portaltela.pt\/noticias\/2026\/03\/19\/dia-do-pai-celebridades-partilham-mensagens-de-carinho\/\",\"name\":\"Dia do Pai: celebridades partilham mensagens de carinho - Portal Tela Portugal\",\"isPartOf\":{\"@id\":\"https:\/\/portaltela.pt\/#website\"},\"primaryImageOfPage\":{\"@id\":\"https:\/\/portaltela.pt\/noticias\/2026\/03\/19\/dia-do-pai-celebridades-partilham-mensagens-de-carinho\/#primaryimage\"},\"image\":{\"@id\":\"https:\/\/portaltela.pt\/noticias\/2026\/03\/19\/dia-do-pai-celebridades-partilham-mensagens-de-carinho\/#primaryimage\"},\"thumbnailUrl\":\"https:\/\/portaltela.pt\/s.01k8rhncp4jt1\/2026\/03\/img_1280x718uu2025-12-22-18-27-27-2255917.jpg\",\"datePublished\":\"2026-03-19T13:44:22+00:00\",\"author\":{\"@id\":\"https:\/\/portaltela.pt\/#\/schema\/person\/c4278d4a6028830caff9ee44b42d32ed\"},\"breadcrumb\":{\"@id\":\"https:\/\/portaltela.pt\/noticias\/2026\/03\/19\/dia-do-pai-celebridades-partilham-mensagens-de-carinho\/#breadcrumb\"},\"inLanguage\":\"pt-PT\",\"potentialAction\":[{\"@type\":\"ReadAction\",\"target\":[\"https:\/\/portaltela.pt\/noticias\/2026\/03\/19\/dia-do-pai-celebridades-partilham-mensagens-de-carinho\/\"]}]},{\"@type\":\"ImageObject\",\"inLanguage\":\"pt-PT\",\"@id\":\"https:\/\/portaltela.pt\/noticias\/2026\/03\/19\/dia-do-pai-celebridades-partilham-mensagens-de-carinho\/#primaryimage\",\"url\":\"https:\/\/portaltela.pt\/s.01k8rhncp4jt1\/2026\/03\/img_1280x718uu2025-12-22-18-27-27-2255917.jpg\",\"contentUrl\":\"https:\/\/portaltela.pt\/s.01k8rhncp4jt1\/2026\/03\/img_1280x718uu2025-12-22-18-27-27-2255917.jpg\",\"width\":796,\"height\":448,\"caption\":\"Luciana Abreu numa entrevista sobre o seu percurso na CMTV\"},{\"@type\":\"BreadcrumbList\",\"@id\":\"https:\/\/portaltela.pt\/noticias\/2026\/03\/19\/dia-do-pai-celebridades-partilham-mensagens-de-carinho\/#breadcrumb\",\"itemListElement\":[{\"@type\":\"ListItem\",\"position\":1,\"name\":\"In\u00edcio\",\"item\":\"https:\/\/portaltela.pt\/\"},{\"@type\":\"ListItem\",\"position\":2,\"name\":\"Dia do Pai: celebridades partilham mensagens de carinho\"}]},{\"@type\":\"WebSite\",\"@id\":\"https:\/\/portaltela.pt\/#website\",\"url\":\"https:\/\/portaltela.pt\/\",\"name\":\"Portal Tela Portugal\",\"description\":\"\",\"potentialAction\":[{\"@type\":\"SearchAction\",\"target\":{\"@type\":\"EntryPoint\",\"urlTemplate\":\"https:\/\/portaltela.pt\/?s={search_term_string}\"},\"query-input\":{\"@type\":\"PropertyValueSpecification\",\"valueRequired\":true,\"valueName\":\"search_term_string\"}}],\"inLanguage\":\"pt-PT\"},{\"@type\":\"Person\",\"@id\":\"https:\/\/portaltela.pt\/#\/schema\/person\/c4278d4a6028830caff9ee44b42d32ed\",\"name\":\"Telinha\",\"image\":{\"@type\":\"ImageObject\",\"inLanguage\":\"pt-PT\",\"@id\":\"https:\/\/portaltela.pt\/s.01k8rhncp4jt1\/2025\/11\/talking-bot-125x125.png\",\"url\":\"https:\/\/portaltela.pt\/s.01k8rhncp4jt1\/2025\/11\/talking-bot-125x125.png\",\"contentUrl\":\"https:\/\/portaltela.pt\/s.01k8rhncp4jt1\/2025\/11\/talking-bot-125x125.png\",\"caption\":\"Telinha\"},\"sameAs\":[\"https:\/\/portaltela.pt\/\"],\"url\":\"https:\/\/portaltela.pt\/por\/367410592786\/\"}]}<\/script>\n<!-- \/ Yoast SEO plugin. -->","yoast_head_json":{"title":"Dia do Pai: celebridades partilham mensagens de carinho - Portal Tela Portugal","robots":{"index":"index","follow":"follow","max-snippet":"max-snippet:-1","max-image-preview":"max-image-preview:large","max-video-preview":"max-video-preview:-1"},"og_locale":"pt_PT","og_type":"article","og_title":"Dia do Pai: celebridades partilham mensagens de carinho - Portal Tela Portugal","og_description":"O Dia do Pai, assinalado a 19 de mar\u00e7o, ficou marcado por mensagens de v\u00e1rias celebridades nas redes sociais. Luciana Abreu publicou uma mensagem emotiva ao pai, descrevendo-o como pai, av\u00f4, padrinho, amigo, conselheiro e her\u00f3i. Catarina Furtado homenageou Joaquim Furtado, expressando felicidade pela exist\u00eancia do pai. Maria Botelho Moniz celebrou o companheiro, Pedro Bianchi Prata, pai do filho Vicente, e recordou o pai falecido. Ana Garcia Martins partilhou um excerto de autobiografia oferecida pelo pai, confessando a dificuldade de reler as p\u00e1ginas e a saudade que sente.","og_url":"https:\/\/portaltela.pt\/noticias\/2026\/03\/19\/dia-do-pai-celebridades-partilham-mensagens-de-carinho\/","og_site_name":"Portal Tela Portugal","article_published_time":"2026-03-19T13:44:22+00:00","author":"Telinha","twitter_card":"summary_large_image","twitter_misc":{"Escrito por":"Telinha","Tempo estimado de leitura":"2 minutos"},"schema":{"@context":"https:\/\/schema.org","@graph":[{"@type":"Article","@id":"https:\/\/portaltela.pt\/noticias\/2026\/03\/19\/dia-do-pai-celebridades-partilham-mensagens-de-carinho\/#article","isPartOf":{"@id":"https:\/\/portaltela.pt\/noticias\/2026\/03\/19\/dia-do-pai-celebridades-partilham-mensagens-de-carinho\/"},"author":{"name":"Telinha","@id":"https:\/\/portaltela.pt\/#\/schema\/person\/c4278d4a6028830caff9ee44b42d32ed"},"headline":"Dia do Pai: celebridades partilham mensagens de carinho","datePublished":"2026-03-19T13:44:22+00:00","mainEntityOfPage":{"@id":"https:\/\/portaltela.pt\/noticias\/2026\/03\/19\/dia-do-pai-celebridades-partilham-mensagens-de-carinho\/"},"wordCount":314,"image":{"@id":"https:\/\/portaltela.pt\/noticias\/2026\/03\/19\/dia-do-pai-celebridades-partilham-mensagens-de-carinho\/#primaryimage"},"thumbnailUrl":"https:\/\/portaltela.pt\/s.01k8rhncp4jt1\/2026\/03\/img_1280x718uu2025-12-22-18-27-27-2255917.jpg","keywords":["celebidades","fam\u00edlia","fam\u00edlias","famosos","pais","pessoas p\u00fablicas"],"articleSection":["Celebridades","Entretenimento"],"inLanguage":"pt-PT"},{"@type":"WebPage","@id":"https:\/\/portaltela.pt\/noticias\/2026\/03\/19\/dia-do-pai-celebridades-partilham-mensagens-de-carinho\/","url":"https:\/\/portaltela.pt\/noticias\/2026\/03\/19\/dia-do-pai-celebridades-partilham-mensagens-de-carinho\/","name":"Dia do Pai: celebridades partilham mensagens de carinho - Portal Tela Portugal","isPartOf":{"@id":"https:\/\/portaltela.pt\/#website"},"primaryImageOfPage":{"@id":"https:\/\/portaltela.pt\/noticias\/2026\/03\/19\/dia-do-pai-celebridades-partilham-mensagens-de-carinho\/#primaryimage"},"image":{"@id":"https:\/\/portaltela.pt\/noticias\/2026\/03\/19\/dia-do-pai-celebridades-partilham-mensagens-de-carinho\/#primaryimage"},"thumbnailUrl":"https:\/\/portaltela.pt\/s.01k8rhncp4jt1\/2026\/03\/img_1280x718uu2025-12-22-18-27-27-2255917.jpg","datePublished":"2026-03-19T13:44:22+00:00","author":{"@id":"https:\/\/portaltela.pt\/#\/schema\/person\/c4278d4a6028830caff9ee44b42d32ed"},"breadcrumb":{"@id":"https:\/\/portaltela.pt\/noticias\/2026\/03\/19\/dia-do-pai-celebridades-partilham-mensagens-de-carinho\/#breadcrumb"},"inLanguage":"pt-PT","potentialAction":[{"@type":"ReadAction","target":["https:\/\/portaltela.pt\/noticias\/2026\/03\/19\/dia-do-pai-celebridades-partilham-mensagens-de-carinho\/"]}]},{"@type":"ImageObject","inLanguage":"pt-PT","@id":"https:\/\/portaltela.pt\/noticias\/2026\/03\/19\/dia-do-pai-celebridades-partilham-mensagens-de-carinho\/#primaryimage","url":"https:\/\/portaltela.pt\/s.01k8rhncp4jt1\/2026\/03\/img_1280x718uu2025-12-22-18-27-27-2255917.jpg","contentUrl":"https:\/\/portaltela.pt\/s.01k8rhncp4jt1\/2026\/03\/img_1280x718uu2025-12-22-18-27-27-2255917.jpg","width":796,"height":448,"caption":"Luciana Abreu numa entrevista sobre o seu percurso na CMTV"},{"@type":"BreadcrumbList","@id":"https:\/\/portaltela.pt\/noticias\/2026\/03\/19\/dia-do-pai-celebridades-partilham-mensagens-de-carinho\/#breadcrumb","itemListElement":[{"@type":"ListItem","position":1,"name":"In\u00edcio","item":"https:\/\/portaltela.pt\/"},{"@type":"ListItem","position":2,"name":"Dia do Pai: celebridades partilham mensagens de carinho"}]},{"@type":"WebSite","@id":"https:\/\/portaltela.pt\/#website","url":"https:\/\/portaltela.pt\/","name":"Portal Tela Portugal","description":"","potentialAction":[{"@type":"SearchAction","target":{"@type":"EntryPoint","urlTemplate":"https:\/\/portaltela.pt\/?s={search_term_string}"},"query-input":{"@type":"PropertyValueSpecification","valueRequired":true,"valueName":"search_term_string"}}],"inLanguage":"pt-PT"},{"@type":"Person","@id":"https:\/\/portaltela.pt\/#\/schema\/person\/c4278d4a6028830caff9ee44b42d32ed","name":"Telinha","image":{"@type":"ImageObject","inLanguage":"pt-PT","@id":"https:\/\/portaltela.pt\/s.01k8rhncp4jt1\/2025\/11\/talking-bot-125x125.png","url":"https:\/\/portaltela.pt\/s.01k8rhncp4jt1\/2025\/11\/talking-bot-125x125.png","contentUrl":"https:\/\/portaltela.pt\/s.01k8rhncp4jt1\/2025\/11\/talking-bot-125x125.png","caption":"Telinha"},"sameAs":["https:\/\/portaltela.pt\/"],"url":"https:\/\/portaltela.pt\/por\/367410592786\/"}]}},"_links":{"self":[{"href":"https:\/\/portaltela.pt\/api\/wp\/v2\/posts\/415951","targetHints":{"allow":["GET"]}}],"collection":[{"href":"https:\/\/portaltela.pt\/api\/wp\/v2\/posts"}],"about":[{"href":"https:\/\/portaltela.pt\/api\/wp\/v2\/types\/post"}],"author":[{"embeddable":true,"href":"https:\/\/portaltela.pt\/api\/wp\/v2\/users\/2"}],"replies":[{"embeddable":true,"href":"https:\/\/portaltela.pt\/api\/wp\/v2\/comments?post=415951"}],"version-history":[{"count":0,"href":"https:\/\/portaltela.pt\/api\/wp\/v2\/posts\/415951\/revisions"}],"wp:featuredmedia":[{"embeddable":true,"href":"https:\/\/portaltela.pt\/api\/wp\/v2\/media\/415952"}],"wp:attachment":[{"href":"https:\/\/portaltela.pt\/api\/wp\/v2\/media?parent=415951"}],"wp:term":[{"taxonomy":"category","embeddable":true,"href":"https:\/\/portaltela.pt\/api\/wp\/v2\/categories?post=415951"},{"taxonomy":"post_tag","embeddable":true,"href":"https:\/\/portaltela.pt\/api\/wp\/v2\/tags?post=415951"}],"curies":[{"name":"wp","href":"https:\/\/api.w.org\/{rel}","templated":true}]}}