{"id":415943,"date":"2026-03-19T10:32:00","date_gmt":"2026-03-19T13:32:00","guid":{"rendered":"https:\/\/portaltela.pt\/noticias\/2026\/03\/19\/farmacos-para-diabetes-e-obesidade-podem-aliviar-ansiedade-e-depressao\/"},"modified":"2026-03-19T10:32:00","modified_gmt":"2026-03-19T13:32:00","slug":"farmacos-para-diabetes-e-obesidade-podem-aliviar-ansiedade-e-depressao","status":"publish","type":"post","link":"https:\/\/portaltela.pt\/saude\/2026\/03\/19\/farmacos-para-diabetes-e-obesidade-podem-aliviar-ansiedade-e-depressao\/","title":{"rendered":"F\u00e1rmacos para diabetes e obesidade podem aliviar ansiedade e depress\u00e3o"},"content":{"rendered":"<p>Quase 100 mil suecos participaram num estudo publicado na Lancet Psychiatry, que analisa se f\u00e1rmacos usados no tratamento da diabetes e da obesidade ajudam a reduzir ansiedade e depress\u00e3o. Os resultados indicam menor necessidade de hospitaliza\u00e7\u00e3o e de faltas ao trabalho por motivos psiqui\u00e1tricos durante o uso de GLP-1, em especial semaglutido.<\/p>\n<p>A investiga\u00e7\u00e3o envolveu registos nacionais suecos entre 2009 e 2022, com mais de 20 mil utilizadores de agonistas dos receptores GLP-1. Os participantes foram observados ao longo de per\u00edodos de tratamento, comparando com fases semmedica\u00e7\u00e3o.<\/p>\n<p>Os dados mostram que o semaglutido esteve associado a uma redu\u00e7\u00e3o de 42% nas faltas ao trabalho por doen\u00e7a psiqui\u00e1trica, e de 42% a 44% no agravamento de sintomas de depress\u00e3o e ansiedade, respetivamente. Respeitantes aos transtornos de ansiedade, a redu\u00e7\u00e3o foi de 38%.<\/p>\n<p>Al\u00e9m disso, a utiliza\u00e7\u00e3o do semaglutido correlacionou-se com menor risco de perturba\u00e7\u00f5es associadas ao consumo de subst\u00e2ncias e com uma redu\u00e7\u00e3o do risco de comportamentos suicidas, segundo o estudo. Os investigadores destacam que os efeitos podem decorrer de m\u00faltiplos mecanismos.<\/p>\n<p>Para al\u00e9m de poss\u00edvel melhoria no controlo glic\u00e9mico e na imagem corporal associada \u00e0 perda de peso, os autores consideram que altera\u00e7\u00f5es neurobiol\u00f3gicas no sistema de recompensa do c\u00e9rebro podem contribuir para os resultados observados. A associa\u00e7\u00e3o, no entanto, n\u00e3o permite estabelecer causalidade.<\/p>\n<p>Contexto t\u00e9cnico<\/p>\n<p>Os autores sublinham que pacientes com diabetes ou obesidade apresentam maior risco de depress\u00e3o e ansiedade, enquanto estes transtornos tamb\u00e9m elevam o risco de condi\u00e7\u00f5es metab\u00f3licas. O estudo refor\u00e7a a necessidade de ensaios cl\u00ednicos randomizados para confirmar as descobertas.<\/p>\n<p>Conclus\u00f5es e perspetivas<\/p>\n<p>No artigo, os investigadores sugerem que o semaglutido, e em menor grau o liraglutido, podem ser op\u00e7\u00f5es terap\u00eauticas \u00fateis para depress\u00e3o e ansiedade associadas \u00e0 diabetes e \u00e0 obesidade. A confirma\u00e7\u00e3o vir\u00e1 apenas de ensaios controlados futuros.<\/p>\n","protected":false},"excerpt":{"rendered":"<ul>\n<li>Um estudo com registos suecos, envolvendo quase 100 mil participantes entre 2009 e 2022, associa f\u00e1rmacos GLP-1 \u2014 usados no tratamento da diabetes e da obesidade \u2014 a menor necessidade de cuidados hospitalares e de faltas ao trabalho por motivos psiqui\u00e1tricos.<\/li>\n<li>O uso de semaglutido, em particular, esteve ligado a uma redu\u00e7\u00e3o de 42% nas faltas ao trabalho por doen\u00e7a durante o per\u00edodo de tratamento.<\/li>\n<li>Em termos de sa\u00fade mental, o risco de agravamento de depress\u00e3o foi 44% menor e o de ansiedade 38% menor entre quem utilizou estes f\u00e1rmacos.<\/li>\n<li>O semaglutido tamb\u00e9m esteve associado a menor risco de perturba\u00e7\u00f5es relacionadas com consumo de subst\u00e2ncias e de comportamento suicida.<\/li>\n<li>Os autores destacam que, embora a associa\u00e7\u00e3o seja forte, s\u00e3o necess\u00e1rios ensaios cl\u00ednicos aleat\u00f3rios controlados para confirmar os efeitos e perceber os mecanismos subjacentes.<\/li>\n<\/ul>\n","protected":false},"author":2,"featured_media":415944,"comment_status":"closed","ping_status":"closed","sticky":false,"template":"","format":"standard","meta":{"footnotes":""},"categories":[1,6745],"tags":[3350,2557,5814,7211,5649,55],"class_list":["post-415943","post","type-post","status-publish","format-standard","has-post-thumbnail","hentry","category-noticias","category-saude","tag-ansiedade","tag-depressao","tag-diabetes","tag-medicina","tag-obesidade","tag-saude-mental"],"yoast_head":"<!-- This site is optimized with the Yoast SEO plugin v27.2 - https:\/\/yoast.com\/product\/yoast-seo-wordpress\/ -->\n<title>F\u00e1rmacos para diabetes e obesidade podem aliviar ansiedade e depress\u00e3o - Portal Tela Portugal<\/title>\n<meta name=\"robots\" content=\"index, follow, max-snippet:-1, max-image-preview:large, max-video-preview:-1\" \/>\n<meta property=\"og:locale\" content=\"pt_PT\" \/>\n<meta property=\"og:type\" content=\"article\" \/>\n<meta property=\"og:title\" content=\"F\u00e1rmacos para diabetes e obesidade podem aliviar ansiedade e depress\u00e3o - Portal Tela Portugal\" \/>\n<meta property=\"og:description\" content=\"Um estudo com registos suecos, envolvendo quase 100 mil participantes entre 2009 e 2022, associa f\u00e1rmacos GLP-1 \u2014 usados no tratamento da diabetes e da obesidade \u2014 a menor necessidade de cuidados hospitalares e de faltas ao trabalho por motivos psiqui\u00e1tricos. O uso de semaglutido, em particular, esteve ligado a uma redu\u00e7\u00e3o de 42% nas faltas ao trabalho por doen\u00e7a durante o per\u00edodo de tratamento. Em termos de sa\u00fade mental, o risco de agravamento de depress\u00e3o foi 44% menor e o de ansiedade 38% menor entre quem utilizou estes f\u00e1rmacos. O semaglutido tamb\u00e9m esteve associado a menor risco de perturba\u00e7\u00f5es relacionadas com consumo de subst\u00e2ncias e de comportamento suicida. Os autores destacam que, embora a associa\u00e7\u00e3o seja forte, s\u00e3o necess\u00e1rios ensaios cl\u00ednicos aleat\u00f3rios controlados para confirmar os efeitos e perceber os mecanismos subjacentes.\" \/>\n<meta property=\"og:url\" content=\"https:\/\/portaltela.pt\/noticias\/2026\/03\/19\/farmacos-para-diabetes-e-obesidade-podem-aliviar-ansiedade-e-depressao\/\" \/>\n<meta property=\"og:site_name\" content=\"Portal Tela Portugal\" \/>\n<meta property=\"article:published_time\" content=\"2026-03-19T13:32:00+00:00\" \/>\n<meta name=\"author\" content=\"Telinha\" \/>\n<meta name=\"twitter:card\" content=\"summary_large_image\" \/>\n<meta name=\"twitter:label1\" content=\"Escrito por\" \/>\n\t<meta name=\"twitter:data1\" content=\"Telinha\" \/>\n\t<meta name=\"twitter:label2\" content=\"Tempo estimado de leitura\" \/>\n\t<meta name=\"twitter:data2\" content=\"2 minutos\" \/>\n<script type=\"application\/ld+json\" class=\"yoast-schema-graph\">{\"@context\":\"https:\/\/schema.org\",\"@graph\":[{\"@type\":\"Article\",\"@id\":\"https:\/\/portaltela.pt\/noticias\/2026\/03\/19\/farmacos-para-diabetes-e-obesidade-podem-aliviar-ansiedade-e-depressao\/#article\",\"isPartOf\":{\"@id\":\"https:\/\/portaltela.pt\/noticias\/2026\/03\/19\/farmacos-para-diabetes-e-obesidade-podem-aliviar-ansiedade-e-depressao\/\"},\"author\":{\"name\":\"Telinha\",\"@id\":\"https:\/\/portaltela.pt\/#\/schema\/person\/c4278d4a6028830caff9ee44b42d32ed\"},\"headline\":\"F\u00e1rmacos para diabetes e obesidade podem aliviar ansiedade e depress\u00e3o\",\"datePublished\":\"2026-03-19T13:32:00+00:00\",\"mainEntityOfPage\":{\"@id\":\"https:\/\/portaltela.pt\/noticias\/2026\/03\/19\/farmacos-para-diabetes-e-obesidade-podem-aliviar-ansiedade-e-depressao\/\"},\"wordCount\":334,\"image\":{\"@id\":\"https:\/\/portaltela.pt\/noticias\/2026\/03\/19\/farmacos-para-diabetes-e-obesidade-podem-aliviar-ansiedade-e-depressao\/#primaryimage\"},\"thumbnailUrl\":\"https:\/\/portaltela.pt\/s.01k8rhncp4jt1\/2026\/03\/2075525.jpg\",\"keywords\":[\"ansiedade\",\"depress\u00e3o\",\"diabetes\",\"medicina\",\"obesidade\",\"sa\u00fade mental\"],\"articleSection\":[\"Not\u00edcias\",\"Sa\u00fade\"],\"inLanguage\":\"pt-PT\"},{\"@type\":\"WebPage\",\"@id\":\"https:\/\/portaltela.pt\/noticias\/2026\/03\/19\/farmacos-para-diabetes-e-obesidade-podem-aliviar-ansiedade-e-depressao\/\",\"url\":\"https:\/\/portaltela.pt\/noticias\/2026\/03\/19\/farmacos-para-diabetes-e-obesidade-podem-aliviar-ansiedade-e-depressao\/\",\"name\":\"F\u00e1rmacos para diabetes e obesidade podem aliviar ansiedade e depress\u00e3o - Portal Tela Portugal\",\"isPartOf\":{\"@id\":\"https:\/\/portaltela.pt\/#website\"},\"primaryImageOfPage\":{\"@id\":\"https:\/\/portaltela.pt\/noticias\/2026\/03\/19\/farmacos-para-diabetes-e-obesidade-podem-aliviar-ansiedade-e-depressao\/#primaryimage\"},\"image\":{\"@id\":\"https:\/\/portaltela.pt\/noticias\/2026\/03\/19\/farmacos-para-diabetes-e-obesidade-podem-aliviar-ansiedade-e-depressao\/#primaryimage\"},\"thumbnailUrl\":\"https:\/\/portaltela.pt\/s.01k8rhncp4jt1\/2026\/03\/2075525.jpg\",\"datePublished\":\"2026-03-19T13:32:00+00:00\",\"author\":{\"@id\":\"https:\/\/portaltela.pt\/#\/schema\/person\/c4278d4a6028830caff9ee44b42d32ed\"},\"breadcrumb\":{\"@id\":\"https:\/\/portaltela.pt\/noticias\/2026\/03\/19\/farmacos-para-diabetes-e-obesidade-podem-aliviar-ansiedade-e-depressao\/#breadcrumb\"},\"inLanguage\":\"pt-PT\",\"potentialAction\":[{\"@type\":\"ReadAction\",\"target\":[\"https:\/\/portaltela.pt\/noticias\/2026\/03\/19\/farmacos-para-diabetes-e-obesidade-podem-aliviar-ansiedade-e-depressao\/\"]}]},{\"@type\":\"ImageObject\",\"inLanguage\":\"pt-PT\",\"@id\":\"https:\/\/portaltela.pt\/noticias\/2026\/03\/19\/farmacos-para-diabetes-e-obesidade-podem-aliviar-ansiedade-e-depressao\/#primaryimage\",\"url\":\"https:\/\/portaltela.pt\/s.01k8rhncp4jt1\/2026\/03\/2075525.jpg\",\"contentUrl\":\"https:\/\/portaltela.pt\/s.01k8rhncp4jt1\/2026\/03\/2075525.jpg\",\"width\":796,\"height\":448,\"caption\":\"O Ozempic e o Wegovy t\u00eam como subst\u00e2ncia activa o semaglutido\"},{\"@type\":\"BreadcrumbList\",\"@id\":\"https:\/\/portaltela.pt\/noticias\/2026\/03\/19\/farmacos-para-diabetes-e-obesidade-podem-aliviar-ansiedade-e-depressao\/#breadcrumb\",\"itemListElement\":[{\"@type\":\"ListItem\",\"position\":1,\"name\":\"In\u00edcio\",\"item\":\"https:\/\/portaltela.pt\/\"},{\"@type\":\"ListItem\",\"position\":2,\"name\":\"F\u00e1rmacos para diabetes e obesidade podem aliviar ansiedade e depress\u00e3o\"}]},{\"@type\":\"WebSite\",\"@id\":\"https:\/\/portaltela.pt\/#website\",\"url\":\"https:\/\/portaltela.pt\/\",\"name\":\"Portal Tela Portugal\",\"description\":\"\",\"potentialAction\":[{\"@type\":\"SearchAction\",\"target\":{\"@type\":\"EntryPoint\",\"urlTemplate\":\"https:\/\/portaltela.pt\/?s={search_term_string}\"},\"query-input\":{\"@type\":\"PropertyValueSpecification\",\"valueRequired\":true,\"valueName\":\"search_term_string\"}}],\"inLanguage\":\"pt-PT\"},{\"@type\":\"Person\",\"@id\":\"https:\/\/portaltela.pt\/#\/schema\/person\/c4278d4a6028830caff9ee44b42d32ed\",\"name\":\"Telinha\",\"image\":{\"@type\":\"ImageObject\",\"inLanguage\":\"pt-PT\",\"@id\":\"https:\/\/portaltela.pt\/s.01k8rhncp4jt1\/2025\/11\/talking-bot-125x125.png\",\"url\":\"https:\/\/portaltela.pt\/s.01k8rhncp4jt1\/2025\/11\/talking-bot-125x125.png\",\"contentUrl\":\"https:\/\/portaltela.pt\/s.01k8rhncp4jt1\/2025\/11\/talking-bot-125x125.png\",\"caption\":\"Telinha\"},\"sameAs\":[\"https:\/\/portaltela.pt\/\"],\"url\":\"https:\/\/portaltela.pt\/por\/367410592786\/\"}]}<\/script>\n<!-- \/ Yoast SEO plugin. -->","yoast_head_json":{"title":"F\u00e1rmacos para diabetes e obesidade podem aliviar ansiedade e depress\u00e3o - Portal Tela Portugal","robots":{"index":"index","follow":"follow","max-snippet":"max-snippet:-1","max-image-preview":"max-image-preview:large","max-video-preview":"max-video-preview:-1"},"og_locale":"pt_PT","og_type":"article","og_title":"F\u00e1rmacos para diabetes e obesidade podem aliviar ansiedade e depress\u00e3o - Portal Tela Portugal","og_description":"Um estudo com registos suecos, envolvendo quase 100 mil participantes entre 2009 e 2022, associa f\u00e1rmacos GLP-1 \u2014 usados no tratamento da diabetes e da obesidade \u2014 a menor necessidade de cuidados hospitalares e de faltas ao trabalho por motivos psiqui\u00e1tricos. O uso de semaglutido, em particular, esteve ligado a uma redu\u00e7\u00e3o de 42% nas faltas ao trabalho por doen\u00e7a durante o per\u00edodo de tratamento. Em termos de sa\u00fade mental, o risco de agravamento de depress\u00e3o foi 44% menor e o de ansiedade 38% menor entre quem utilizou estes f\u00e1rmacos. O semaglutido tamb\u00e9m esteve associado a menor risco de perturba\u00e7\u00f5es relacionadas com consumo de subst\u00e2ncias e de comportamento suicida. Os autores destacam que, embora a associa\u00e7\u00e3o seja forte, s\u00e3o necess\u00e1rios ensaios cl\u00ednicos aleat\u00f3rios controlados para confirmar os efeitos e perceber os mecanismos subjacentes.","og_url":"https:\/\/portaltela.pt\/noticias\/2026\/03\/19\/farmacos-para-diabetes-e-obesidade-podem-aliviar-ansiedade-e-depressao\/","og_site_name":"Portal Tela Portugal","article_published_time":"2026-03-19T13:32:00+00:00","author":"Telinha","twitter_card":"summary_large_image","twitter_misc":{"Escrito por":"Telinha","Tempo estimado de leitura":"2 minutos"},"schema":{"@context":"https:\/\/schema.org","@graph":[{"@type":"Article","@id":"https:\/\/portaltela.pt\/noticias\/2026\/03\/19\/farmacos-para-diabetes-e-obesidade-podem-aliviar-ansiedade-e-depressao\/#article","isPartOf":{"@id":"https:\/\/portaltela.pt\/noticias\/2026\/03\/19\/farmacos-para-diabetes-e-obesidade-podem-aliviar-ansiedade-e-depressao\/"},"author":{"name":"Telinha","@id":"https:\/\/portaltela.pt\/#\/schema\/person\/c4278d4a6028830caff9ee44b42d32ed"},"headline":"F\u00e1rmacos para diabetes e obesidade podem aliviar ansiedade e depress\u00e3o","datePublished":"2026-03-19T13:32:00+00:00","mainEntityOfPage":{"@id":"https:\/\/portaltela.pt\/noticias\/2026\/03\/19\/farmacos-para-diabetes-e-obesidade-podem-aliviar-ansiedade-e-depressao\/"},"wordCount":334,"image":{"@id":"https:\/\/portaltela.pt\/noticias\/2026\/03\/19\/farmacos-para-diabetes-e-obesidade-podem-aliviar-ansiedade-e-depressao\/#primaryimage"},"thumbnailUrl":"https:\/\/portaltela.pt\/s.01k8rhncp4jt1\/2026\/03\/2075525.jpg","keywords":["ansiedade","depress\u00e3o","diabetes","medicina","obesidade","sa\u00fade mental"],"articleSection":["Not\u00edcias","Sa\u00fade"],"inLanguage":"pt-PT"},{"@type":"WebPage","@id":"https:\/\/portaltela.pt\/noticias\/2026\/03\/19\/farmacos-para-diabetes-e-obesidade-podem-aliviar-ansiedade-e-depressao\/","url":"https:\/\/portaltela.pt\/noticias\/2026\/03\/19\/farmacos-para-diabetes-e-obesidade-podem-aliviar-ansiedade-e-depressao\/","name":"F\u00e1rmacos para diabetes e obesidade podem aliviar ansiedade e depress\u00e3o - Portal Tela Portugal","isPartOf":{"@id":"https:\/\/portaltela.pt\/#website"},"primaryImageOfPage":{"@id":"https:\/\/portaltela.pt\/noticias\/2026\/03\/19\/farmacos-para-diabetes-e-obesidade-podem-aliviar-ansiedade-e-depressao\/#primaryimage"},"image":{"@id":"https:\/\/portaltela.pt\/noticias\/2026\/03\/19\/farmacos-para-diabetes-e-obesidade-podem-aliviar-ansiedade-e-depressao\/#primaryimage"},"thumbnailUrl":"https:\/\/portaltela.pt\/s.01k8rhncp4jt1\/2026\/03\/2075525.jpg","datePublished":"2026-03-19T13:32:00+00:00","author":{"@id":"https:\/\/portaltela.pt\/#\/schema\/person\/c4278d4a6028830caff9ee44b42d32ed"},"breadcrumb":{"@id":"https:\/\/portaltela.pt\/noticias\/2026\/03\/19\/farmacos-para-diabetes-e-obesidade-podem-aliviar-ansiedade-e-depressao\/#breadcrumb"},"inLanguage":"pt-PT","potentialAction":[{"@type":"ReadAction","target":["https:\/\/portaltela.pt\/noticias\/2026\/03\/19\/farmacos-para-diabetes-e-obesidade-podem-aliviar-ansiedade-e-depressao\/"]}]},{"@type":"ImageObject","inLanguage":"pt-PT","@id":"https:\/\/portaltela.pt\/noticias\/2026\/03\/19\/farmacos-para-diabetes-e-obesidade-podem-aliviar-ansiedade-e-depressao\/#primaryimage","url":"https:\/\/portaltela.pt\/s.01k8rhncp4jt1\/2026\/03\/2075525.jpg","contentUrl":"https:\/\/portaltela.pt\/s.01k8rhncp4jt1\/2026\/03\/2075525.jpg","width":796,"height":448,"caption":"O Ozempic e o Wegovy t\u00eam como subst\u00e2ncia activa o semaglutido"},{"@type":"BreadcrumbList","@id":"https:\/\/portaltela.pt\/noticias\/2026\/03\/19\/farmacos-para-diabetes-e-obesidade-podem-aliviar-ansiedade-e-depressao\/#breadcrumb","itemListElement":[{"@type":"ListItem","position":1,"name":"In\u00edcio","item":"https:\/\/portaltela.pt\/"},{"@type":"ListItem","position":2,"name":"F\u00e1rmacos para diabetes e obesidade podem aliviar ansiedade e depress\u00e3o"}]},{"@type":"WebSite","@id":"https:\/\/portaltela.pt\/#website","url":"https:\/\/portaltela.pt\/","name":"Portal Tela Portugal","description":"","potentialAction":[{"@type":"SearchAction","target":{"@type":"EntryPoint","urlTemplate":"https:\/\/portaltela.pt\/?s={search_term_string}"},"query-input":{"@type":"PropertyValueSpecification","valueRequired":true,"valueName":"search_term_string"}}],"inLanguage":"pt-PT"},{"@type":"Person","@id":"https:\/\/portaltela.pt\/#\/schema\/person\/c4278d4a6028830caff9ee44b42d32ed","name":"Telinha","image":{"@type":"ImageObject","inLanguage":"pt-PT","@id":"https:\/\/portaltela.pt\/s.01k8rhncp4jt1\/2025\/11\/talking-bot-125x125.png","url":"https:\/\/portaltela.pt\/s.01k8rhncp4jt1\/2025\/11\/talking-bot-125x125.png","contentUrl":"https:\/\/portaltela.pt\/s.01k8rhncp4jt1\/2025\/11\/talking-bot-125x125.png","caption":"Telinha"},"sameAs":["https:\/\/portaltela.pt\/"],"url":"https:\/\/portaltela.pt\/por\/367410592786\/"}]}},"_links":{"self":[{"href":"https:\/\/portaltela.pt\/api\/wp\/v2\/posts\/415943","targetHints":{"allow":["GET"]}}],"collection":[{"href":"https:\/\/portaltela.pt\/api\/wp\/v2\/posts"}],"about":[{"href":"https:\/\/portaltela.pt\/api\/wp\/v2\/types\/post"}],"author":[{"embeddable":true,"href":"https:\/\/portaltela.pt\/api\/wp\/v2\/users\/2"}],"replies":[{"embeddable":true,"href":"https:\/\/portaltela.pt\/api\/wp\/v2\/comments?post=415943"}],"version-history":[{"count":0,"href":"https:\/\/portaltela.pt\/api\/wp\/v2\/posts\/415943\/revisions"}],"wp:featuredmedia":[{"embeddable":true,"href":"https:\/\/portaltela.pt\/api\/wp\/v2\/media\/415944"}],"wp:attachment":[{"href":"https:\/\/portaltela.pt\/api\/wp\/v2\/media?parent=415943"}],"wp:term":[{"taxonomy":"category","embeddable":true,"href":"https:\/\/portaltela.pt\/api\/wp\/v2\/categories?post=415943"},{"taxonomy":"post_tag","embeddable":true,"href":"https:\/\/portaltela.pt\/api\/wp\/v2\/tags?post=415943"}],"curies":[{"name":"wp","href":"https:\/\/api.w.org\/{rel}","templated":true}]}}