{"id":415936,"date":"2026-03-19T10:16:00","date_gmt":"2026-03-19T13:16:00","guid":{"rendered":"https:\/\/portaltela.pt\/noticias\/2026\/03\/19\/mau-tempo-em-ovar-pode-desencadear-desastre-ambiental-junto-a-praia-da-maceda\/"},"modified":"2026-03-19T10:16:00","modified_gmt":"2026-03-19T13:16:00","slug":"mau-tempo-em-ovar-pode-desencadear-desastre-ambiental-junto-a-praia-da-maceda","status":"publish","type":"post","link":"https:\/\/portaltela.pt\/meio-ambiente\/2026\/03\/19\/mau-tempo-em-ovar-pode-desencadear-desastre-ambiental-junto-a-praia-da-maceda\/","title":{"rendered":"Mau tempo em Ovar pode desencadear desastre ambiental junto \u00e0 Praia da Maceda"},"content":{"rendered":"<p>Ovar enfrenta risco ambiental pr\u00f3ximo da praia da Maceda, onde um aterro sanit\u00e1rio selado nos anos 1990 fica a 550 metros do mar. As tempestades recentes provocaram um recuo de cerca de 20 metros da faixa arenosa, o maior regresso da costa em Portugal.<\/p>\n<p>O presidente da C\u00e2mara de Ovar advertiu que n\u00e3o foram tomadas medidas para proteger o aterro, considerado uma potencial fonte de contamina\u00e7\u00e3o de aqu\u00edferos. O autarca afirma que o problema pode tornar-se uma heran\u00e7a ambiental para futuras gera\u00e7\u00f5es se n\u00e3o houver interven\u00e7\u00e3o.<\/p>\n<p>Especialistas t\u00eam cautela. Um professor da Universidade de Aveiro aponta que, mesmo com o avan\u00e7o do mar, pode levar v\u00e1rias d\u00e9cadas at\u00e9 que o aterro seja atingido; neste quadro, \u00e9 crucial avaliar infiltra\u00e7\u00f5es e lixiviados. N\u00e3o houve a\u00e7\u00e3o concreta at\u00e9 ao momento.<\/p>\n<h3>Risco e monitoriza\u00e7\u00e3o<\/h3>\n<p>O aterro est\u00e1 sob monitoriza\u00e7\u00e3o de v\u00e1rias entidades, mas as a\u00e7\u00f5es de prote\u00e7\u00e3o permanecem sem implementa\u00e7\u00e3o. O presidente da APA reiterou a necessidade de evitar que o mar chegue ao equipamento, destacando a dimens\u00e3o nacional do problema.<\/p>\n<p>Em Maceda, o recuo tamb\u00e9m levou a avalia\u00e7\u00f5es para mitigar impactos costeiros. O governo planeia interven\u00e7\u00f5es \u00e0 \u00e9poca balnear, incluindo apoio de praia, reposi\u00e7\u00e3o de areias e melhorias de acesso, com or\u00e7amentos j\u00e1 em estudo.<\/p>\n<h3>Interven\u00e7\u00f5es e custos<\/h3>\n<p>As a\u00e7\u00f5es urgentes incluem passadi\u00e7os, novos areais e reabilita\u00e7\u00f5es de acessos, com custo estimado em cerca de 350 mil euros. Al\u00e9m disso, partes da obra no Furadouro foram interrompidas pelas tempestades, necessitando de reconstru\u00e7\u00e3o.<\/p>\n<p>O conjunto de interven\u00e7\u00f5es previstas em Ovar ascende a 1,3 milh\u00f5es de euros at\u00e9 2027, distribu\u00eddos por v\u00e1rias zonas costeiras, com a Maceda a receber prioridade por estar em pior estado. A ideia \u00e9 integrar fases de prote\u00e7\u00e3o com estudos cient\u00edficos.<\/p>\n<p>A autarquia defende que o trabalho deve avan\u00e7ar rapidamente e envolver uma estrat\u00e9gia integrada da costa. O objetivo \u00e9 assegurar a \u00e9poca balnear e reduzir riscos de eros\u00e3o, acompanhando as a\u00e7\u00f5es nacionais para refor\u00e7ar a costa portuguesa.<\/p>\n","protected":false},"excerpt":{"rendered":"<ul>\n<li>O presidente da C\u00e2mara de Ovar alerta para risco ambiental na praia de S\u00e3o Pedro de Maceda, a 550 metros de um aterro sanit\u00e1rio selado nos anos noventa, com o areal a recuar cerca de 20 metros.<\/li>\n<li>O aterro, que j\u00e1 foi lixo a c\u00e9u aberto e est\u00e1 sob monitoriza\u00e7\u00e3o de v\u00e1rias entidades, \u00e9 visto como \u201cbomba-rel\u00f3gio\u201d que pode provocar contamina\u00e7\u00e3o de aqu\u00edferos se o mar continuar a avan\u00e7ar.<\/li>\n<li>Especialistas s\u00e3o cautelosos: se o oceano mantiver a marcha dos \u00faltimos anos, pode demorar cerca de cinquenta anos at\u00e9 alcan\u00e7ar o aterro, mas s\u00e3o necess\u00e1rios estudos sobre infiltra\u00e7\u00f5es e lixiviados.<\/li>\n<li>Interven\u00e7\u00f5es urgentes totalizam cerca de 350 mil euros, com investimentos em passadi\u00e7os, reposi\u00e7\u00e3o de areias, acessos e equipamentos, mais obras adicionais que elevam o custo a 1,3 milh\u00f5es de euros at\u00e9 2027.<\/li>\n<li>Ovar pretende uma abordagem integrada para a costa, iniciando pela Maceda e incluindo o Furadouro, com a\u00e7\u00f5es a avan\u00e7ar de forma faseada para proteger a praia e reduzir impactos futuros.<\/li>\n<\/ul>\n","protected":false},"author":2,"featured_media":415938,"comment_status":"closed","ping_status":"closed","sticky":false,"template":"","format":"standard","meta":{"footnotes":""},"categories":[6725],"tags":[4818,5215,4901,45,3210,320],"class_list":["post-415936","post","type-post","status-publish","format-standard","has-post-thumbnail","hentry","category-meio-ambiente","tag-apoio-as-catastrofes-naturais","tag-catastrofes-naturais","tag-costa-portuguesa","tag-meio-ambiente","tag-ovar","tag-protecao-civil"],"yoast_head":"<!-- This site is optimized with the Yoast SEO plugin v27.2 - https:\/\/yoast.com\/product\/yoast-seo-wordpress\/ -->\n<title>Mau tempo em Ovar pode desencadear desastre ambiental junto \u00e0 Praia da Maceda - Portal Tela Portugal<\/title>\n<meta name=\"robots\" content=\"index, follow, max-snippet:-1, max-image-preview:large, max-video-preview:-1\" \/>\n<meta property=\"og:locale\" content=\"pt_PT\" \/>\n<meta property=\"og:type\" content=\"article\" \/>\n<meta property=\"og:title\" content=\"Mau tempo em Ovar pode desencadear desastre ambiental junto \u00e0 Praia da Maceda - Portal Tela Portugal\" \/>\n<meta property=\"og:description\" content=\"O presidente da C\u00e2mara de Ovar alerta para risco ambiental na praia de S\u00e3o Pedro de Maceda, a 550 metros de um aterro sanit\u00e1rio selado nos anos noventa, com o areal a recuar cerca de 20 metros. O aterro, que j\u00e1 foi lixo a c\u00e9u aberto e est\u00e1 sob monitoriza\u00e7\u00e3o de v\u00e1rias entidades, \u00e9 visto como \u201cbomba-rel\u00f3gio\u201d que pode provocar contamina\u00e7\u00e3o de aqu\u00edferos se o mar continuar a avan\u00e7ar. Especialistas s\u00e3o cautelosos: se o oceano mantiver a marcha dos \u00faltimos anos, pode demorar cerca de cinquenta anos at\u00e9 alcan\u00e7ar o aterro, mas s\u00e3o necess\u00e1rios estudos sobre infiltra\u00e7\u00f5es e lixiviados. Interven\u00e7\u00f5es urgentes totalizam cerca de 350 mil euros, com investimentos em passadi\u00e7os, reposi\u00e7\u00e3o de areias, acessos e equipamentos, mais obras adicionais que elevam o custo a 1,3 milh\u00f5es de euros at\u00e9 2027. Ovar pretende uma abordagem integrada para a costa, iniciando pela Maceda e incluindo o Furadouro, com a\u00e7\u00f5es a avan\u00e7ar de forma faseada para proteger a praia e reduzir impactos futuros.\" \/>\n<meta property=\"og:url\" content=\"https:\/\/portaltela.pt\/noticias\/2026\/03\/19\/mau-tempo-em-ovar-pode-desencadear-desastre-ambiental-junto-a-praia-da-maceda\/\" \/>\n<meta property=\"og:site_name\" content=\"Portal Tela Portugal\" \/>\n<meta property=\"article:published_time\" content=\"2026-03-19T13:16:00+00:00\" \/>\n<meta name=\"author\" content=\"Telinha\" \/>\n<meta name=\"twitter:card\" content=\"summary_large_image\" \/>\n<meta name=\"twitter:label1\" content=\"Escrito por\" \/>\n\t<meta name=\"twitter:data1\" content=\"Telinha\" \/>\n\t<meta name=\"twitter:label2\" content=\"Tempo estimado de leitura\" \/>\n\t<meta name=\"twitter:data2\" content=\"2 minutos\" \/>\n<script type=\"application\/ld+json\" class=\"yoast-schema-graph\">{\"@context\":\"https:\/\/schema.org\",\"@graph\":[{\"@type\":\"Article\",\"@id\":\"https:\/\/portaltela.pt\/noticias\/2026\/03\/19\/mau-tempo-em-ovar-pode-desencadear-desastre-ambiental-junto-a-praia-da-maceda\/#article\",\"isPartOf\":{\"@id\":\"https:\/\/portaltela.pt\/noticias\/2026\/03\/19\/mau-tempo-em-ovar-pode-desencadear-desastre-ambiental-junto-a-praia-da-maceda\/\"},\"author\":{\"name\":\"Telinha\",\"@id\":\"https:\/\/portaltela.pt\/#\/schema\/person\/c4278d4a6028830caff9ee44b42d32ed\"},\"headline\":\"Mau tempo em Ovar pode desencadear desastre ambiental junto \u00e0 Praia da Maceda\",\"datePublished\":\"2026-03-19T13:16:00+00:00\",\"mainEntityOfPage\":{\"@id\":\"https:\/\/portaltela.pt\/noticias\/2026\/03\/19\/mau-tempo-em-ovar-pode-desencadear-desastre-ambiental-junto-a-praia-da-maceda\/\"},\"wordCount\":366,\"image\":{\"@id\":\"https:\/\/portaltela.pt\/noticias\/2026\/03\/19\/mau-tempo-em-ovar-pode-desencadear-desastre-ambiental-junto-a-praia-da-maceda\/#primaryimage\"},\"thumbnailUrl\":\"https:\/\/portaltela.pt\/s.01k8rhncp4jt1\/2026\/03\/2075486.jpg\",\"keywords\":[\"Apoio \u00e0s Cat\u00e1strofes Naturais\",\"cat\u00e1strofes naturais\",\"Costa Portuguesa\",\"meio-ambiente\",\"Ovar\",\"prote\u00e7\u00e3o civil\"],\"articleSection\":[\"Meio Ambiente\"],\"inLanguage\":\"pt-PT\"},{\"@type\":\"WebPage\",\"@id\":\"https:\/\/portaltela.pt\/noticias\/2026\/03\/19\/mau-tempo-em-ovar-pode-desencadear-desastre-ambiental-junto-a-praia-da-maceda\/\",\"url\":\"https:\/\/portaltela.pt\/noticias\/2026\/03\/19\/mau-tempo-em-ovar-pode-desencadear-desastre-ambiental-junto-a-praia-da-maceda\/\",\"name\":\"Mau tempo em Ovar pode desencadear desastre ambiental junto \u00e0 Praia da Maceda - Portal Tela Portugal\",\"isPartOf\":{\"@id\":\"https:\/\/portaltela.pt\/#website\"},\"primaryImageOfPage\":{\"@id\":\"https:\/\/portaltela.pt\/noticias\/2026\/03\/19\/mau-tempo-em-ovar-pode-desencadear-desastre-ambiental-junto-a-praia-da-maceda\/#primaryimage\"},\"image\":{\"@id\":\"https:\/\/portaltela.pt\/noticias\/2026\/03\/19\/mau-tempo-em-ovar-pode-desencadear-desastre-ambiental-junto-a-praia-da-maceda\/#primaryimage\"},\"thumbnailUrl\":\"https:\/\/portaltela.pt\/s.01k8rhncp4jt1\/2026\/03\/2075486.jpg\",\"datePublished\":\"2026-03-19T13:16:00+00:00\",\"author\":{\"@id\":\"https:\/\/portaltela.pt\/#\/schema\/person\/c4278d4a6028830caff9ee44b42d32ed\"},\"breadcrumb\":{\"@id\":\"https:\/\/portaltela.pt\/noticias\/2026\/03\/19\/mau-tempo-em-ovar-pode-desencadear-desastre-ambiental-junto-a-praia-da-maceda\/#breadcrumb\"},\"inLanguage\":\"pt-PT\",\"potentialAction\":[{\"@type\":\"ReadAction\",\"target\":[\"https:\/\/portaltela.pt\/noticias\/2026\/03\/19\/mau-tempo-em-ovar-pode-desencadear-desastre-ambiental-junto-a-praia-da-maceda\/\"]}]},{\"@type\":\"ImageObject\",\"inLanguage\":\"pt-PT\",\"@id\":\"https:\/\/portaltela.pt\/noticias\/2026\/03\/19\/mau-tempo-em-ovar-pode-desencadear-desastre-ambiental-junto-a-praia-da-maceda\/#primaryimage\",\"url\":\"https:\/\/portaltela.pt\/s.01k8rhncp4jt1\/2026\/03\/2075486.jpg\",\"contentUrl\":\"https:\/\/portaltela.pt\/s.01k8rhncp4jt1\/2026\/03\/2075486.jpg\",\"width\":796,\"height\":448,\"caption\":\"Praia de S\u00e3o Pedro de Maceda que, devido \u00e0s tempestades de 2026, enfrenta uma situa\u00e7\u00e3o cr\u00edtica de eros\u00e3o costeira, amea\u00e7ando inclusive o antigo aterro sanit\u00e1rio\"},{\"@type\":\"BreadcrumbList\",\"@id\":\"https:\/\/portaltela.pt\/noticias\/2026\/03\/19\/mau-tempo-em-ovar-pode-desencadear-desastre-ambiental-junto-a-praia-da-maceda\/#breadcrumb\",\"itemListElement\":[{\"@type\":\"ListItem\",\"position\":1,\"name\":\"In\u00edcio\",\"item\":\"https:\/\/portaltela.pt\/\"},{\"@type\":\"ListItem\",\"position\":2,\"name\":\"Mau tempo em Ovar pode desencadear desastre ambiental junto \u00e0 Praia da Maceda\"}]},{\"@type\":\"WebSite\",\"@id\":\"https:\/\/portaltela.pt\/#website\",\"url\":\"https:\/\/portaltela.pt\/\",\"name\":\"Portal Tela Portugal\",\"description\":\"\",\"potentialAction\":[{\"@type\":\"SearchAction\",\"target\":{\"@type\":\"EntryPoint\",\"urlTemplate\":\"https:\/\/portaltela.pt\/?s={search_term_string}\"},\"query-input\":{\"@type\":\"PropertyValueSpecification\",\"valueRequired\":true,\"valueName\":\"search_term_string\"}}],\"inLanguage\":\"pt-PT\"},{\"@type\":\"Person\",\"@id\":\"https:\/\/portaltela.pt\/#\/schema\/person\/c4278d4a6028830caff9ee44b42d32ed\",\"name\":\"Telinha\",\"image\":{\"@type\":\"ImageObject\",\"inLanguage\":\"pt-PT\",\"@id\":\"https:\/\/portaltela.pt\/s.01k8rhncp4jt1\/2025\/11\/talking-bot-125x125.png\",\"url\":\"https:\/\/portaltela.pt\/s.01k8rhncp4jt1\/2025\/11\/talking-bot-125x125.png\",\"contentUrl\":\"https:\/\/portaltela.pt\/s.01k8rhncp4jt1\/2025\/11\/talking-bot-125x125.png\",\"caption\":\"Telinha\"},\"sameAs\":[\"https:\/\/portaltela.pt\/\"],\"url\":\"https:\/\/portaltela.pt\/por\/367410592786\/\"}]}<\/script>\n<!-- \/ Yoast SEO plugin. -->","yoast_head_json":{"title":"Mau tempo em Ovar pode desencadear desastre ambiental junto \u00e0 Praia da Maceda - Portal Tela Portugal","robots":{"index":"index","follow":"follow","max-snippet":"max-snippet:-1","max-image-preview":"max-image-preview:large","max-video-preview":"max-video-preview:-1"},"og_locale":"pt_PT","og_type":"article","og_title":"Mau tempo em Ovar pode desencadear desastre ambiental junto \u00e0 Praia da Maceda - Portal Tela Portugal","og_description":"O presidente da C\u00e2mara de Ovar alerta para risco ambiental na praia de S\u00e3o Pedro de Maceda, a 550 metros de um aterro sanit\u00e1rio selado nos anos noventa, com o areal a recuar cerca de 20 metros. O aterro, que j\u00e1 foi lixo a c\u00e9u aberto e est\u00e1 sob monitoriza\u00e7\u00e3o de v\u00e1rias entidades, \u00e9 visto como \u201cbomba-rel\u00f3gio\u201d que pode provocar contamina\u00e7\u00e3o de aqu\u00edferos se o mar continuar a avan\u00e7ar. Especialistas s\u00e3o cautelosos: se o oceano mantiver a marcha dos \u00faltimos anos, pode demorar cerca de cinquenta anos at\u00e9 alcan\u00e7ar o aterro, mas s\u00e3o necess\u00e1rios estudos sobre infiltra\u00e7\u00f5es e lixiviados. Interven\u00e7\u00f5es urgentes totalizam cerca de 350 mil euros, com investimentos em passadi\u00e7os, reposi\u00e7\u00e3o de areias, acessos e equipamentos, mais obras adicionais que elevam o custo a 1,3 milh\u00f5es de euros at\u00e9 2027. Ovar pretende uma abordagem integrada para a costa, iniciando pela Maceda e incluindo o Furadouro, com a\u00e7\u00f5es a avan\u00e7ar de forma faseada para proteger a praia e reduzir impactos futuros.","og_url":"https:\/\/portaltela.pt\/noticias\/2026\/03\/19\/mau-tempo-em-ovar-pode-desencadear-desastre-ambiental-junto-a-praia-da-maceda\/","og_site_name":"Portal Tela Portugal","article_published_time":"2026-03-19T13:16:00+00:00","author":"Telinha","twitter_card":"summary_large_image","twitter_misc":{"Escrito por":"Telinha","Tempo estimado de leitura":"2 minutos"},"schema":{"@context":"https:\/\/schema.org","@graph":[{"@type":"Article","@id":"https:\/\/portaltela.pt\/noticias\/2026\/03\/19\/mau-tempo-em-ovar-pode-desencadear-desastre-ambiental-junto-a-praia-da-maceda\/#article","isPartOf":{"@id":"https:\/\/portaltela.pt\/noticias\/2026\/03\/19\/mau-tempo-em-ovar-pode-desencadear-desastre-ambiental-junto-a-praia-da-maceda\/"},"author":{"name":"Telinha","@id":"https:\/\/portaltela.pt\/#\/schema\/person\/c4278d4a6028830caff9ee44b42d32ed"},"headline":"Mau tempo em Ovar pode desencadear desastre ambiental junto \u00e0 Praia da Maceda","datePublished":"2026-03-19T13:16:00+00:00","mainEntityOfPage":{"@id":"https:\/\/portaltela.pt\/noticias\/2026\/03\/19\/mau-tempo-em-ovar-pode-desencadear-desastre-ambiental-junto-a-praia-da-maceda\/"},"wordCount":366,"image":{"@id":"https:\/\/portaltela.pt\/noticias\/2026\/03\/19\/mau-tempo-em-ovar-pode-desencadear-desastre-ambiental-junto-a-praia-da-maceda\/#primaryimage"},"thumbnailUrl":"https:\/\/portaltela.pt\/s.01k8rhncp4jt1\/2026\/03\/2075486.jpg","keywords":["Apoio \u00e0s Cat\u00e1strofes Naturais","cat\u00e1strofes naturais","Costa Portuguesa","meio-ambiente","Ovar","prote\u00e7\u00e3o civil"],"articleSection":["Meio Ambiente"],"inLanguage":"pt-PT"},{"@type":"WebPage","@id":"https:\/\/portaltela.pt\/noticias\/2026\/03\/19\/mau-tempo-em-ovar-pode-desencadear-desastre-ambiental-junto-a-praia-da-maceda\/","url":"https:\/\/portaltela.pt\/noticias\/2026\/03\/19\/mau-tempo-em-ovar-pode-desencadear-desastre-ambiental-junto-a-praia-da-maceda\/","name":"Mau tempo em Ovar pode desencadear desastre ambiental junto \u00e0 Praia da Maceda - Portal Tela Portugal","isPartOf":{"@id":"https:\/\/portaltela.pt\/#website"},"primaryImageOfPage":{"@id":"https:\/\/portaltela.pt\/noticias\/2026\/03\/19\/mau-tempo-em-ovar-pode-desencadear-desastre-ambiental-junto-a-praia-da-maceda\/#primaryimage"},"image":{"@id":"https:\/\/portaltela.pt\/noticias\/2026\/03\/19\/mau-tempo-em-ovar-pode-desencadear-desastre-ambiental-junto-a-praia-da-maceda\/#primaryimage"},"thumbnailUrl":"https:\/\/portaltela.pt\/s.01k8rhncp4jt1\/2026\/03\/2075486.jpg","datePublished":"2026-03-19T13:16:00+00:00","author":{"@id":"https:\/\/portaltela.pt\/#\/schema\/person\/c4278d4a6028830caff9ee44b42d32ed"},"breadcrumb":{"@id":"https:\/\/portaltela.pt\/noticias\/2026\/03\/19\/mau-tempo-em-ovar-pode-desencadear-desastre-ambiental-junto-a-praia-da-maceda\/#breadcrumb"},"inLanguage":"pt-PT","potentialAction":[{"@type":"ReadAction","target":["https:\/\/portaltela.pt\/noticias\/2026\/03\/19\/mau-tempo-em-ovar-pode-desencadear-desastre-ambiental-junto-a-praia-da-maceda\/"]}]},{"@type":"ImageObject","inLanguage":"pt-PT","@id":"https:\/\/portaltela.pt\/noticias\/2026\/03\/19\/mau-tempo-em-ovar-pode-desencadear-desastre-ambiental-junto-a-praia-da-maceda\/#primaryimage","url":"https:\/\/portaltela.pt\/s.01k8rhncp4jt1\/2026\/03\/2075486.jpg","contentUrl":"https:\/\/portaltela.pt\/s.01k8rhncp4jt1\/2026\/03\/2075486.jpg","width":796,"height":448,"caption":"Praia de S\u00e3o Pedro de Maceda que, devido \u00e0s tempestades de 2026, enfrenta uma situa\u00e7\u00e3o cr\u00edtica de eros\u00e3o costeira, amea\u00e7ando inclusive o antigo aterro sanit\u00e1rio"},{"@type":"BreadcrumbList","@id":"https:\/\/portaltela.pt\/noticias\/2026\/03\/19\/mau-tempo-em-ovar-pode-desencadear-desastre-ambiental-junto-a-praia-da-maceda\/#breadcrumb","itemListElement":[{"@type":"ListItem","position":1,"name":"In\u00edcio","item":"https:\/\/portaltela.pt\/"},{"@type":"ListItem","position":2,"name":"Mau tempo em Ovar pode desencadear desastre ambiental junto \u00e0 Praia da Maceda"}]},{"@type":"WebSite","@id":"https:\/\/portaltela.pt\/#website","url":"https:\/\/portaltela.pt\/","name":"Portal Tela Portugal","description":"","potentialAction":[{"@type":"SearchAction","target":{"@type":"EntryPoint","urlTemplate":"https:\/\/portaltela.pt\/?s={search_term_string}"},"query-input":{"@type":"PropertyValueSpecification","valueRequired":true,"valueName":"search_term_string"}}],"inLanguage":"pt-PT"},{"@type":"Person","@id":"https:\/\/portaltela.pt\/#\/schema\/person\/c4278d4a6028830caff9ee44b42d32ed","name":"Telinha","image":{"@type":"ImageObject","inLanguage":"pt-PT","@id":"https:\/\/portaltela.pt\/s.01k8rhncp4jt1\/2025\/11\/talking-bot-125x125.png","url":"https:\/\/portaltela.pt\/s.01k8rhncp4jt1\/2025\/11\/talking-bot-125x125.png","contentUrl":"https:\/\/portaltela.pt\/s.01k8rhncp4jt1\/2025\/11\/talking-bot-125x125.png","caption":"Telinha"},"sameAs":["https:\/\/portaltela.pt\/"],"url":"https:\/\/portaltela.pt\/por\/367410592786\/"}]}},"_links":{"self":[{"href":"https:\/\/portaltela.pt\/api\/wp\/v2\/posts\/415936","targetHints":{"allow":["GET"]}}],"collection":[{"href":"https:\/\/portaltela.pt\/api\/wp\/v2\/posts"}],"about":[{"href":"https:\/\/portaltela.pt\/api\/wp\/v2\/types\/post"}],"author":[{"embeddable":true,"href":"https:\/\/portaltela.pt\/api\/wp\/v2\/users\/2"}],"replies":[{"embeddable":true,"href":"https:\/\/portaltela.pt\/api\/wp\/v2\/comments?post=415936"}],"version-history":[{"count":0,"href":"https:\/\/portaltela.pt\/api\/wp\/v2\/posts\/415936\/revisions"}],"wp:featuredmedia":[{"embeddable":true,"href":"https:\/\/portaltela.pt\/api\/wp\/v2\/media\/415938"}],"wp:attachment":[{"href":"https:\/\/portaltela.pt\/api\/wp\/v2\/media?parent=415936"}],"wp:term":[{"taxonomy":"category","embeddable":true,"href":"https:\/\/portaltela.pt\/api\/wp\/v2\/categories?post=415936"},{"taxonomy":"post_tag","embeddable":true,"href":"https:\/\/portaltela.pt\/api\/wp\/v2\/tags?post=415936"}],"curies":[{"name":"wp","href":"https:\/\/api.w.org\/{rel}","templated":true}]}}