{"id":415918,"date":"2026-03-19T10:27:01","date_gmt":"2026-03-19T13:27:01","guid":{"rendered":"https:\/\/portaltela.pt\/noticias\/2026\/03\/19\/detido-em-odemira-com-35-doses-de-haxixe\/"},"modified":"2026-03-19T10:27:01","modified_gmt":"2026-03-19T13:27:01","slug":"detido-em-odemira-com-35-doses-de-haxixe","status":"publish","type":"post","link":"https:\/\/portaltela.pt\/policia\/2026\/03\/19\/detido-em-odemira-com-35-doses-de-haxixe\/","title":{"rendered":"Detido em Odemira com 35 doses de haxixe"},"content":{"rendered":"<p>A GNR deteve um jovem de 18 anos na localidade de S\u00e3o Teot\u00f3nio, em Odemira, por tr\u00e1fico de estupefacientes. A deten\u00e7\u00e3o ocorreu na ter\u00e7a-feira, ap\u00f3s a pol\u00edcia verificar nervosismo e comportamento suspeito. Na altura, o suspeito tinha 35 doses de haxixe na posse.<\/p>\n<p>Segundo a GNR, a revista ao suspeito consolidou a apreens\u00e3o de produto estupefaciente, levando \u00e0 deten\u00e7\u00e3o pelo crime de tr\u00e1fico de droga. O jovem foi imediatamente identificando como arguido.<\/p>\n<p>O caso foi comunicado ao tribunal de Odemira, para devida resposta legal. As autoridades n\u00e3o avan\u00e7am com mais detalhes sobre o envolvimento do suspeito.<\/p>\n<p>Fonte: GNR<\/p>\n","protected":false},"excerpt":{"rendered":"<ul>\n<li>A Guarda Nacional Republicana (GNR) deteve um homem de 18 anos em S\u00e3o Teot\u00f3nio, Odemira, na ter\u00e7a-feira.<\/li>\n<li>Na posse tinha 35 doses de haxixe.<\/li>\n<li>O jovem evidenciou nervosismo e comportamento suspeito, o que levou \u00e0 revista.<\/li>\n<li>Foi constitu\u00eddo arguido pela pr\u00e1tica de tr\u00e1fico de droga.<\/li>\n<li>Os factos foram encaminhados para o tribunal de Odemira.<\/li>\n<\/ul>\n","protected":false},"author":2,"featured_media":415920,"comment_status":"closed","ping_status":"closed","sticky":false,"template":"","format":"standard","meta":{"footnotes":""},"categories":[6907,6781],"tags":[7000,4139,4347,1380,1648,96],"class_list":["post-415918","post","type-post","status-publish","format-standard","has-post-thumbnail","hentry","category-crime","category-policia","tag-apreensoes","tag-detencao","tag-drogas","tag-gnr","tag-odemira","tag-trafico-de-droga"],"yoast_head":"<!-- This site is optimized with the Yoast SEO plugin v27.2 - https:\/\/yoast.com\/product\/yoast-seo-wordpress\/ -->\n<title>Detido em Odemira com 35 doses de haxixe - Portal Tela Portugal<\/title>\n<meta name=\"robots\" content=\"index, follow, max-snippet:-1, max-image-preview:large, max-video-preview:-1\" \/>\n<meta property=\"og:locale\" content=\"pt_PT\" \/>\n<meta property=\"og:type\" content=\"article\" \/>\n<meta property=\"og:title\" content=\"Detido em Odemira com 35 doses de haxixe - Portal Tela Portugal\" \/>\n<meta property=\"og:description\" content=\"A Guarda Nacional Republicana (GNR) deteve um homem de 18 anos em S\u00e3o Teot\u00f3nio, Odemira, na ter\u00e7a-feira. Na posse tinha 35 doses de haxixe. O jovem evidenciou nervosismo e comportamento suspeito, o que levou \u00e0 revista. Foi constitu\u00eddo arguido pela pr\u00e1tica de tr\u00e1fico de droga. Os factos foram encaminhados para o tribunal de Odemira.\" \/>\n<meta property=\"og:url\" content=\"https:\/\/portaltela.pt\/noticias\/2026\/03\/19\/detido-em-odemira-com-35-doses-de-haxixe\/\" \/>\n<meta property=\"og:site_name\" content=\"Portal Tela Portugal\" \/>\n<meta property=\"article:published_time\" content=\"2026-03-19T13:27:01+00:00\" \/>\n<meta name=\"author\" content=\"Telinha\" \/>\n<meta name=\"twitter:card\" content=\"summary_large_image\" \/>\n<meta name=\"twitter:label1\" content=\"Escrito por\" \/>\n\t<meta name=\"twitter:data1\" content=\"Telinha\" \/>\n\t<meta name=\"twitter:label2\" content=\"Tempo estimado de leitura\" \/>\n\t<meta name=\"twitter:data2\" content=\"1 minuto\" \/>\n<script type=\"application\/ld+json\" class=\"yoast-schema-graph\">{\"@context\":\"https:\/\/schema.org\",\"@graph\":[{\"@type\":\"Article\",\"@id\":\"https:\/\/portaltela.pt\/noticias\/2026\/03\/19\/detido-em-odemira-com-35-doses-de-haxixe\/#article\",\"isPartOf\":{\"@id\":\"https:\/\/portaltela.pt\/noticias\/2026\/03\/19\/detido-em-odemira-com-35-doses-de-haxixe\/\"},\"author\":{\"name\":\"Telinha\",\"@id\":\"https:\/\/portaltela.pt\/#\/schema\/person\/c4278d4a6028830caff9ee44b42d32ed\"},\"headline\":\"Detido em Odemira com 35 doses de haxixe\",\"datePublished\":\"2026-03-19T13:27:01+00:00\",\"mainEntityOfPage\":{\"@id\":\"https:\/\/portaltela.pt\/noticias\/2026\/03\/19\/detido-em-odemira-com-35-doses-de-haxixe\/\"},\"wordCount\":114,\"image\":{\"@id\":\"https:\/\/portaltela.pt\/noticias\/2026\/03\/19\/detido-em-odemira-com-35-doses-de-haxixe\/#primaryimage\"},\"thumbnailUrl\":\"https:\/\/portaltela.pt\/s.01k8rhncp4jt1\/2026\/03\/img_1280x721uu2026-03-19-13-00-59-2273411.jpg\",\"keywords\":[\"apreens\u00f5es\",\"deten\u00e7\u00e3o\",\"drogas\",\"GNR\",\"Odemira\",\"tr\u00e1fico de droga\"],\"articleSection\":[\"Crime\",\"Pol\u00edcia\"],\"inLanguage\":\"pt-PT\"},{\"@type\":\"WebPage\",\"@id\":\"https:\/\/portaltela.pt\/noticias\/2026\/03\/19\/detido-em-odemira-com-35-doses-de-haxixe\/\",\"url\":\"https:\/\/portaltela.pt\/noticias\/2026\/03\/19\/detido-em-odemira-com-35-doses-de-haxixe\/\",\"name\":\"Detido em Odemira com 35 doses de haxixe - Portal Tela Portugal\",\"isPartOf\":{\"@id\":\"https:\/\/portaltela.pt\/#website\"},\"primaryImageOfPage\":{\"@id\":\"https:\/\/portaltela.pt\/noticias\/2026\/03\/19\/detido-em-odemira-com-35-doses-de-haxixe\/#primaryimage\"},\"image\":{\"@id\":\"https:\/\/portaltela.pt\/noticias\/2026\/03\/19\/detido-em-odemira-com-35-doses-de-haxixe\/#primaryimage\"},\"thumbnailUrl\":\"https:\/\/portaltela.pt\/s.01k8rhncp4jt1\/2026\/03\/img_1280x721uu2026-03-19-13-00-59-2273411.jpg\",\"datePublished\":\"2026-03-19T13:27:01+00:00\",\"author\":{\"@id\":\"https:\/\/portaltela.pt\/#\/schema\/person\/c4278d4a6028830caff9ee44b42d32ed\"},\"breadcrumb\":{\"@id\":\"https:\/\/portaltela.pt\/noticias\/2026\/03\/19\/detido-em-odemira-com-35-doses-de-haxixe\/#breadcrumb\"},\"inLanguage\":\"pt-PT\",\"potentialAction\":[{\"@type\":\"ReadAction\",\"target\":[\"https:\/\/portaltela.pt\/noticias\/2026\/03\/19\/detido-em-odemira-com-35-doses-de-haxixe\/\"]}]},{\"@type\":\"ImageObject\",\"inLanguage\":\"pt-PT\",\"@id\":\"https:\/\/portaltela.pt\/noticias\/2026\/03\/19\/detido-em-odemira-com-35-doses-de-haxixe\/#primaryimage\",\"url\":\"https:\/\/portaltela.pt\/s.01k8rhncp4jt1\/2026\/03\/img_1280x721uu2026-03-19-13-00-59-2273411.jpg\",\"contentUrl\":\"https:\/\/portaltela.pt\/s.01k8rhncp4jt1\/2026\/03\/img_1280x721uu2026-03-19-13-00-59-2273411.jpg\",\"width\":796,\"height\":448,\"caption\":\"GNR apreende haxixe em Odemira\"},{\"@type\":\"BreadcrumbList\",\"@id\":\"https:\/\/portaltela.pt\/noticias\/2026\/03\/19\/detido-em-odemira-com-35-doses-de-haxixe\/#breadcrumb\",\"itemListElement\":[{\"@type\":\"ListItem\",\"position\":1,\"name\":\"In\u00edcio\",\"item\":\"https:\/\/portaltela.pt\/\"},{\"@type\":\"ListItem\",\"position\":2,\"name\":\"Detido em Odemira com 35 doses de haxixe\"}]},{\"@type\":\"WebSite\",\"@id\":\"https:\/\/portaltela.pt\/#website\",\"url\":\"https:\/\/portaltela.pt\/\",\"name\":\"Portal Tela Portugal\",\"description\":\"\",\"potentialAction\":[{\"@type\":\"SearchAction\",\"target\":{\"@type\":\"EntryPoint\",\"urlTemplate\":\"https:\/\/portaltela.pt\/?s={search_term_string}\"},\"query-input\":{\"@type\":\"PropertyValueSpecification\",\"valueRequired\":true,\"valueName\":\"search_term_string\"}}],\"inLanguage\":\"pt-PT\"},{\"@type\":\"Person\",\"@id\":\"https:\/\/portaltela.pt\/#\/schema\/person\/c4278d4a6028830caff9ee44b42d32ed\",\"name\":\"Telinha\",\"image\":{\"@type\":\"ImageObject\",\"inLanguage\":\"pt-PT\",\"@id\":\"https:\/\/portaltela.pt\/s.01k8rhncp4jt1\/2025\/11\/talking-bot-125x125.png\",\"url\":\"https:\/\/portaltela.pt\/s.01k8rhncp4jt1\/2025\/11\/talking-bot-125x125.png\",\"contentUrl\":\"https:\/\/portaltela.pt\/s.01k8rhncp4jt1\/2025\/11\/talking-bot-125x125.png\",\"caption\":\"Telinha\"},\"sameAs\":[\"https:\/\/portaltela.pt\/\"],\"url\":\"https:\/\/portaltela.pt\/por\/367410592786\/\"}]}<\/script>\n<!-- \/ Yoast SEO plugin. -->","yoast_head_json":{"title":"Detido em Odemira com 35 doses de haxixe - Portal Tela Portugal","robots":{"index":"index","follow":"follow","max-snippet":"max-snippet:-1","max-image-preview":"max-image-preview:large","max-video-preview":"max-video-preview:-1"},"og_locale":"pt_PT","og_type":"article","og_title":"Detido em Odemira com 35 doses de haxixe - Portal Tela Portugal","og_description":"A Guarda Nacional Republicana (GNR) deteve um homem de 18 anos em S\u00e3o Teot\u00f3nio, Odemira, na ter\u00e7a-feira. Na posse tinha 35 doses de haxixe. O jovem evidenciou nervosismo e comportamento suspeito, o que levou \u00e0 revista. Foi constitu\u00eddo arguido pela pr\u00e1tica de tr\u00e1fico de droga. Os factos foram encaminhados para o tribunal de Odemira.","og_url":"https:\/\/portaltela.pt\/noticias\/2026\/03\/19\/detido-em-odemira-com-35-doses-de-haxixe\/","og_site_name":"Portal Tela Portugal","article_published_time":"2026-03-19T13:27:01+00:00","author":"Telinha","twitter_card":"summary_large_image","twitter_misc":{"Escrito por":"Telinha","Tempo estimado de leitura":"1 minuto"},"schema":{"@context":"https:\/\/schema.org","@graph":[{"@type":"Article","@id":"https:\/\/portaltela.pt\/noticias\/2026\/03\/19\/detido-em-odemira-com-35-doses-de-haxixe\/#article","isPartOf":{"@id":"https:\/\/portaltela.pt\/noticias\/2026\/03\/19\/detido-em-odemira-com-35-doses-de-haxixe\/"},"author":{"name":"Telinha","@id":"https:\/\/portaltela.pt\/#\/schema\/person\/c4278d4a6028830caff9ee44b42d32ed"},"headline":"Detido em Odemira com 35 doses de haxixe","datePublished":"2026-03-19T13:27:01+00:00","mainEntityOfPage":{"@id":"https:\/\/portaltela.pt\/noticias\/2026\/03\/19\/detido-em-odemira-com-35-doses-de-haxixe\/"},"wordCount":114,"image":{"@id":"https:\/\/portaltela.pt\/noticias\/2026\/03\/19\/detido-em-odemira-com-35-doses-de-haxixe\/#primaryimage"},"thumbnailUrl":"https:\/\/portaltela.pt\/s.01k8rhncp4jt1\/2026\/03\/img_1280x721uu2026-03-19-13-00-59-2273411.jpg","keywords":["apreens\u00f5es","deten\u00e7\u00e3o","drogas","GNR","Odemira","tr\u00e1fico de droga"],"articleSection":["Crime","Pol\u00edcia"],"inLanguage":"pt-PT"},{"@type":"WebPage","@id":"https:\/\/portaltela.pt\/noticias\/2026\/03\/19\/detido-em-odemira-com-35-doses-de-haxixe\/","url":"https:\/\/portaltela.pt\/noticias\/2026\/03\/19\/detido-em-odemira-com-35-doses-de-haxixe\/","name":"Detido em Odemira com 35 doses de haxixe - Portal Tela Portugal","isPartOf":{"@id":"https:\/\/portaltela.pt\/#website"},"primaryImageOfPage":{"@id":"https:\/\/portaltela.pt\/noticias\/2026\/03\/19\/detido-em-odemira-com-35-doses-de-haxixe\/#primaryimage"},"image":{"@id":"https:\/\/portaltela.pt\/noticias\/2026\/03\/19\/detido-em-odemira-com-35-doses-de-haxixe\/#primaryimage"},"thumbnailUrl":"https:\/\/portaltela.pt\/s.01k8rhncp4jt1\/2026\/03\/img_1280x721uu2026-03-19-13-00-59-2273411.jpg","datePublished":"2026-03-19T13:27:01+00:00","author":{"@id":"https:\/\/portaltela.pt\/#\/schema\/person\/c4278d4a6028830caff9ee44b42d32ed"},"breadcrumb":{"@id":"https:\/\/portaltela.pt\/noticias\/2026\/03\/19\/detido-em-odemira-com-35-doses-de-haxixe\/#breadcrumb"},"inLanguage":"pt-PT","potentialAction":[{"@type":"ReadAction","target":["https:\/\/portaltela.pt\/noticias\/2026\/03\/19\/detido-em-odemira-com-35-doses-de-haxixe\/"]}]},{"@type":"ImageObject","inLanguage":"pt-PT","@id":"https:\/\/portaltela.pt\/noticias\/2026\/03\/19\/detido-em-odemira-com-35-doses-de-haxixe\/#primaryimage","url":"https:\/\/portaltela.pt\/s.01k8rhncp4jt1\/2026\/03\/img_1280x721uu2026-03-19-13-00-59-2273411.jpg","contentUrl":"https:\/\/portaltela.pt\/s.01k8rhncp4jt1\/2026\/03\/img_1280x721uu2026-03-19-13-00-59-2273411.jpg","width":796,"height":448,"caption":"GNR apreende haxixe em Odemira"},{"@type":"BreadcrumbList","@id":"https:\/\/portaltela.pt\/noticias\/2026\/03\/19\/detido-em-odemira-com-35-doses-de-haxixe\/#breadcrumb","itemListElement":[{"@type":"ListItem","position":1,"name":"In\u00edcio","item":"https:\/\/portaltela.pt\/"},{"@type":"ListItem","position":2,"name":"Detido em Odemira com 35 doses de haxixe"}]},{"@type":"WebSite","@id":"https:\/\/portaltela.pt\/#website","url":"https:\/\/portaltela.pt\/","name":"Portal Tela Portugal","description":"","potentialAction":[{"@type":"SearchAction","target":{"@type":"EntryPoint","urlTemplate":"https:\/\/portaltela.pt\/?s={search_term_string}"},"query-input":{"@type":"PropertyValueSpecification","valueRequired":true,"valueName":"search_term_string"}}],"inLanguage":"pt-PT"},{"@type":"Person","@id":"https:\/\/portaltela.pt\/#\/schema\/person\/c4278d4a6028830caff9ee44b42d32ed","name":"Telinha","image":{"@type":"ImageObject","inLanguage":"pt-PT","@id":"https:\/\/portaltela.pt\/s.01k8rhncp4jt1\/2025\/11\/talking-bot-125x125.png","url":"https:\/\/portaltela.pt\/s.01k8rhncp4jt1\/2025\/11\/talking-bot-125x125.png","contentUrl":"https:\/\/portaltela.pt\/s.01k8rhncp4jt1\/2025\/11\/talking-bot-125x125.png","caption":"Telinha"},"sameAs":["https:\/\/portaltela.pt\/"],"url":"https:\/\/portaltela.pt\/por\/367410592786\/"}]}},"_links":{"self":[{"href":"https:\/\/portaltela.pt\/api\/wp\/v2\/posts\/415918","targetHints":{"allow":["GET"]}}],"collection":[{"href":"https:\/\/portaltela.pt\/api\/wp\/v2\/posts"}],"about":[{"href":"https:\/\/portaltela.pt\/api\/wp\/v2\/types\/post"}],"author":[{"embeddable":true,"href":"https:\/\/portaltela.pt\/api\/wp\/v2\/users\/2"}],"replies":[{"embeddable":true,"href":"https:\/\/portaltela.pt\/api\/wp\/v2\/comments?post=415918"}],"version-history":[{"count":0,"href":"https:\/\/portaltela.pt\/api\/wp\/v2\/posts\/415918\/revisions"}],"wp:featuredmedia":[{"embeddable":true,"href":"https:\/\/portaltela.pt\/api\/wp\/v2\/media\/415920"}],"wp:attachment":[{"href":"https:\/\/portaltela.pt\/api\/wp\/v2\/media?parent=415918"}],"wp:term":[{"taxonomy":"category","embeddable":true,"href":"https:\/\/portaltela.pt\/api\/wp\/v2\/categories?post=415918"},{"taxonomy":"post_tag","embeddable":true,"href":"https:\/\/portaltela.pt\/api\/wp\/v2\/tags?post=415918"}],"curies":[{"name":"wp","href":"https:\/\/api.w.org\/{rel}","templated":true}]}}