{"id":415889,"date":"2026-03-19T09:48:02","date_gmt":"2026-03-19T12:48:02","guid":{"rendered":"https:\/\/portaltela.pt\/noticias\/2026\/03\/19\/vizela-regulariza-salarios-apos-atraso-ligado-ao-mecanismo-de-solidariedade\/"},"modified":"2026-03-19T09:48:02","modified_gmt":"2026-03-19T12:48:02","slug":"vizela-regulariza-salarios-apos-atraso-ligado-ao-mecanismo-de-solidariedade","status":"publish","type":"post","link":"https:\/\/portaltela.pt\/desporto\/futebol\/2026\/03\/19\/vizela-regulariza-salarios-apos-atraso-ligado-ao-mecanismo-de-solidariedade\/","title":{"rendered":"Vizela regulariza sal\u00e1rios ap\u00f3s atraso ligado ao mecanismo de solidariedade"},"content":{"rendered":"<p>O Vizela assegurou nesta quarta-feira que os sal\u00e1rios do plantel est\u00e3o em dia. A regulariza\u00e7\u00e3o resulta de um atraso causado pela n\u00e3o rece\u00e7\u00e3o de verbas do mecanismo de solidariedade.<\/p>\n<p>A decis\u00e3o foi comunicada pela SAD do clube \u00e0 ag\u00eancia Lusa. O atraso verificou-se ap\u00f3s a notifica\u00e7\u00e3o da Liga Portuguesa de Futebol Profissional (LPFP).<\/p>\n<p>\u00c0 LPFP, a institui\u00e7\u00e3o informou que 32 clubes comprovaram a inexist\u00eancia de d\u00edvidas salariais relativas a dezembro, janeiro e fevereiro. A verifica\u00e7\u00e3o incide sobre cumprimento de obriga\u00e7\u00f5es contributivas e tribut\u00e1rias.<\/p>\n<h3>Contexto financeiro<\/h3>\n<p>A LPFP notificou a SAD do Vizela para regularizar a situa\u00e7\u00e3o no prazo de 15 dias, conforme o artigo 78.\u00ba-A do Regulamento de Competi\u00e7\u00f5es, destacando a verifica\u00e7\u00e3o do mecanismo de solidariedade.<\/p>\n","protected":false},"excerpt":{"rendered":"<ul>\n<li>Vizela, da segunda liga, regularizou os sal\u00e1rios na quarta-feira ap\u00f3s um atraso motivado pela n\u00e3o rece\u00e7\u00e3o de verbas do mecanismo de solidariedade.<\/li>\n<li>A SAD vizelense confirmou \u00e0 ag\u00eancia Lusa que os vencimentos j\u00e1 est\u00e3o em dia.<\/li>\n<li>A Liga Portuguesa de Futebol Profissional notificou 32 clubes de que n\u00e3o tinham d\u00edvidas salariais relativas a dezembro, janeiro e fevereiro, exigindo regulariza\u00e7\u00e3o no prazo de 15 dias.<\/li>\n<li>A notifica\u00e7\u00e3o foi emitida ao abrigo do artigo 78.\u00ba-A do Regulamento de Competi\u00e7\u00f5es, incluindo a verifica\u00e7\u00e3o das obriga\u00e7\u00f5es contributivas e tribut\u00e1rias.<\/li>\n<\/ul>\n","protected":false},"author":2,"featured_media":415897,"comment_status":"closed","ping_status":"closed","sticky":false,"template":"","format":"standard","meta":{"footnotes":""},"categories":[21,24],"tags":[6115,4143,1788,1285,152,32],"class_list":["post-415889","post","type-post","status-publish","format-standard","has-post-thumbnail","hentry","category-desporto","category-futebol","tag-_economia","tag-1-liga","tag-a-liga","tag-competicao","tag-desporto","tag-futebol"],"yoast_head":"<!-- This site is optimized with the Yoast SEO plugin v27.2 - https:\/\/yoast.com\/product\/yoast-seo-wordpress\/ -->\n<title>Vizela regulariza sal\u00e1rios ap\u00f3s atraso ligado ao mecanismo de solidariedade - Portal Tela Portugal<\/title>\n<meta name=\"robots\" content=\"index, follow, max-snippet:-1, max-image-preview:large, max-video-preview:-1\" \/>\n<meta property=\"og:locale\" content=\"pt_PT\" \/>\n<meta property=\"og:type\" content=\"article\" \/>\n<meta property=\"og:title\" content=\"Vizela regulariza sal\u00e1rios ap\u00f3s atraso ligado ao mecanismo de solidariedade - Portal Tela Portugal\" \/>\n<meta property=\"og:description\" content=\"Vizela, da segunda liga, regularizou os sal\u00e1rios na quarta-feira ap\u00f3s um atraso motivado pela n\u00e3o rece\u00e7\u00e3o de verbas do mecanismo de solidariedade. A SAD vizelense confirmou \u00e0 ag\u00eancia Lusa que os vencimentos j\u00e1 est\u00e3o em dia. A Liga Portuguesa de Futebol Profissional notificou 32 clubes de que n\u00e3o tinham d\u00edvidas salariais relativas a dezembro, janeiro e fevereiro, exigindo regulariza\u00e7\u00e3o no prazo de 15 dias. A notifica\u00e7\u00e3o foi emitida ao abrigo do artigo 78.\u00ba-A do Regulamento de Competi\u00e7\u00f5es, incluindo a verifica\u00e7\u00e3o das obriga\u00e7\u00f5es contributivas e tribut\u00e1rias.\" \/>\n<meta property=\"og:url\" content=\"https:\/\/portaltela.pt\/noticias\/2026\/03\/19\/vizela-regulariza-salarios-apos-atraso-ligado-ao-mecanismo-de-solidariedade\/\" \/>\n<meta property=\"og:site_name\" content=\"Portal Tela Portugal\" \/>\n<meta property=\"article:published_time\" content=\"2026-03-19T12:48:02+00:00\" \/>\n<meta name=\"author\" content=\"Telinha\" \/>\n<meta name=\"twitter:card\" content=\"summary_large_image\" \/>\n<meta name=\"twitter:label1\" content=\"Escrito por\" \/>\n\t<meta name=\"twitter:data1\" content=\"Telinha\" \/>\n\t<meta name=\"twitter:label2\" content=\"Tempo estimado de leitura\" \/>\n\t<meta name=\"twitter:data2\" content=\"1 minuto\" \/>\n<script type=\"application\/ld+json\" class=\"yoast-schema-graph\">{\"@context\":\"https:\/\/schema.org\",\"@graph\":[{\"@type\":\"Article\",\"@id\":\"https:\/\/portaltela.pt\/noticias\/2026\/03\/19\/vizela-regulariza-salarios-apos-atraso-ligado-ao-mecanismo-de-solidariedade\/#article\",\"isPartOf\":{\"@id\":\"https:\/\/portaltela.pt\/noticias\/2026\/03\/19\/vizela-regulariza-salarios-apos-atraso-ligado-ao-mecanismo-de-solidariedade\/\"},\"author\":{\"name\":\"Telinha\",\"@id\":\"https:\/\/portaltela.pt\/#\/schema\/person\/c4278d4a6028830caff9ee44b42d32ed\"},\"headline\":\"Vizela regulariza sal\u00e1rios ap\u00f3s atraso ligado ao mecanismo de solidariedade\",\"datePublished\":\"2026-03-19T12:48:02+00:00\",\"mainEntityOfPage\":{\"@id\":\"https:\/\/portaltela.pt\/noticias\/2026\/03\/19\/vizela-regulariza-salarios-apos-atraso-ligado-ao-mecanismo-de-solidariedade\/\"},\"wordCount\":142,\"image\":{\"@id\":\"https:\/\/portaltela.pt\/noticias\/2026\/03\/19\/vizela-regulariza-salarios-apos-atraso-ligado-ao-mecanismo-de-solidariedade\/#primaryimage\"},\"thumbnailUrl\":\"https:\/\/portaltela.pt\/s.01k8rhncp4jt1\/2026\/03\/img_920x518uu2025-10-28-14-51-46-2398905.jpg\",\"keywords\":[\"_economia\",\"1. Liga\",\"A Liga\",\"competi\u00e7\u00e3o\",\"desporto\",\"futebol\"],\"articleSection\":[\"Desporto\",\"Futebol\"],\"inLanguage\":\"pt-PT\"},{\"@type\":\"WebPage\",\"@id\":\"https:\/\/portaltela.pt\/noticias\/2026\/03\/19\/vizela-regulariza-salarios-apos-atraso-ligado-ao-mecanismo-de-solidariedade\/\",\"url\":\"https:\/\/portaltela.pt\/noticias\/2026\/03\/19\/vizela-regulariza-salarios-apos-atraso-ligado-ao-mecanismo-de-solidariedade\/\",\"name\":\"Vizela regulariza sal\u00e1rios ap\u00f3s atraso ligado ao mecanismo de solidariedade - Portal Tela Portugal\",\"isPartOf\":{\"@id\":\"https:\/\/portaltela.pt\/#website\"},\"primaryImageOfPage\":{\"@id\":\"https:\/\/portaltela.pt\/noticias\/2026\/03\/19\/vizela-regulariza-salarios-apos-atraso-ligado-ao-mecanismo-de-solidariedade\/#primaryimage\"},\"image\":{\"@id\":\"https:\/\/portaltela.pt\/noticias\/2026\/03\/19\/vizela-regulariza-salarios-apos-atraso-ligado-ao-mecanismo-de-solidariedade\/#primaryimage\"},\"thumbnailUrl\":\"https:\/\/portaltela.pt\/s.01k8rhncp4jt1\/2026\/03\/img_920x518uu2025-10-28-14-51-46-2398905.jpg\",\"datePublished\":\"2026-03-19T12:48:02+00:00\",\"author\":{\"@id\":\"https:\/\/portaltela.pt\/#\/schema\/person\/c4278d4a6028830caff9ee44b42d32ed\"},\"breadcrumb\":{\"@id\":\"https:\/\/portaltela.pt\/noticias\/2026\/03\/19\/vizela-regulariza-salarios-apos-atraso-ligado-ao-mecanismo-de-solidariedade\/#breadcrumb\"},\"inLanguage\":\"pt-PT\",\"potentialAction\":[{\"@type\":\"ReadAction\",\"target\":[\"https:\/\/portaltela.pt\/noticias\/2026\/03\/19\/vizela-regulariza-salarios-apos-atraso-ligado-ao-mecanismo-de-solidariedade\/\"]}]},{\"@type\":\"ImageObject\",\"inLanguage\":\"pt-PT\",\"@id\":\"https:\/\/portaltela.pt\/noticias\/2026\/03\/19\/vizela-regulariza-salarios-apos-atraso-ligado-ao-mecanismo-de-solidariedade\/#primaryimage\",\"url\":\"https:\/\/portaltela.pt\/s.01k8rhncp4jt1\/2026\/03\/img_920x518uu2025-10-28-14-51-46-2398905.jpg\",\"contentUrl\":\"https:\/\/portaltela.pt\/s.01k8rhncp4jt1\/2026\/03\/img_920x518uu2025-10-28-14-51-46-2398905.jpg\",\"width\":796,\"height\":448,\"caption\":\"Vizela regulariza sal\u00e1rios ap\u00f3s atraso ligado ao mecanismo de solidariedade\"},{\"@type\":\"BreadcrumbList\",\"@id\":\"https:\/\/portaltela.pt\/noticias\/2026\/03\/19\/vizela-regulariza-salarios-apos-atraso-ligado-ao-mecanismo-de-solidariedade\/#breadcrumb\",\"itemListElement\":[{\"@type\":\"ListItem\",\"position\":1,\"name\":\"In\u00edcio\",\"item\":\"https:\/\/portaltela.pt\/\"},{\"@type\":\"ListItem\",\"position\":2,\"name\":\"Vizela regulariza sal\u00e1rios ap\u00f3s atraso ligado ao mecanismo de solidariedade\"}]},{\"@type\":\"WebSite\",\"@id\":\"https:\/\/portaltela.pt\/#website\",\"url\":\"https:\/\/portaltela.pt\/\",\"name\":\"Portal Tela Portugal\",\"description\":\"\",\"potentialAction\":[{\"@type\":\"SearchAction\",\"target\":{\"@type\":\"EntryPoint\",\"urlTemplate\":\"https:\/\/portaltela.pt\/?s={search_term_string}\"},\"query-input\":{\"@type\":\"PropertyValueSpecification\",\"valueRequired\":true,\"valueName\":\"search_term_string\"}}],\"inLanguage\":\"pt-PT\"},{\"@type\":\"Person\",\"@id\":\"https:\/\/portaltela.pt\/#\/schema\/person\/c4278d4a6028830caff9ee44b42d32ed\",\"name\":\"Telinha\",\"image\":{\"@type\":\"ImageObject\",\"inLanguage\":\"pt-PT\",\"@id\":\"https:\/\/portaltela.pt\/s.01k8rhncp4jt1\/2025\/11\/talking-bot-125x125.png\",\"url\":\"https:\/\/portaltela.pt\/s.01k8rhncp4jt1\/2025\/11\/talking-bot-125x125.png\",\"contentUrl\":\"https:\/\/portaltela.pt\/s.01k8rhncp4jt1\/2025\/11\/talking-bot-125x125.png\",\"caption\":\"Telinha\"},\"sameAs\":[\"https:\/\/portaltela.pt\/\"],\"url\":\"https:\/\/portaltela.pt\/por\/367410592786\/\"}]}<\/script>\n<!-- \/ Yoast SEO plugin. -->","yoast_head_json":{"title":"Vizela regulariza sal\u00e1rios ap\u00f3s atraso ligado ao mecanismo de solidariedade - Portal Tela Portugal","robots":{"index":"index","follow":"follow","max-snippet":"max-snippet:-1","max-image-preview":"max-image-preview:large","max-video-preview":"max-video-preview:-1"},"og_locale":"pt_PT","og_type":"article","og_title":"Vizela regulariza sal\u00e1rios ap\u00f3s atraso ligado ao mecanismo de solidariedade - Portal Tela Portugal","og_description":"Vizela, da segunda liga, regularizou os sal\u00e1rios na quarta-feira ap\u00f3s um atraso motivado pela n\u00e3o rece\u00e7\u00e3o de verbas do mecanismo de solidariedade. A SAD vizelense confirmou \u00e0 ag\u00eancia Lusa que os vencimentos j\u00e1 est\u00e3o em dia. A Liga Portuguesa de Futebol Profissional notificou 32 clubes de que n\u00e3o tinham d\u00edvidas salariais relativas a dezembro, janeiro e fevereiro, exigindo regulariza\u00e7\u00e3o no prazo de 15 dias. A notifica\u00e7\u00e3o foi emitida ao abrigo do artigo 78.\u00ba-A do Regulamento de Competi\u00e7\u00f5es, incluindo a verifica\u00e7\u00e3o das obriga\u00e7\u00f5es contributivas e tribut\u00e1rias.","og_url":"https:\/\/portaltela.pt\/noticias\/2026\/03\/19\/vizela-regulariza-salarios-apos-atraso-ligado-ao-mecanismo-de-solidariedade\/","og_site_name":"Portal Tela Portugal","article_published_time":"2026-03-19T12:48:02+00:00","author":"Telinha","twitter_card":"summary_large_image","twitter_misc":{"Escrito por":"Telinha","Tempo estimado de leitura":"1 minuto"},"schema":{"@context":"https:\/\/schema.org","@graph":[{"@type":"Article","@id":"https:\/\/portaltela.pt\/noticias\/2026\/03\/19\/vizela-regulariza-salarios-apos-atraso-ligado-ao-mecanismo-de-solidariedade\/#article","isPartOf":{"@id":"https:\/\/portaltela.pt\/noticias\/2026\/03\/19\/vizela-regulariza-salarios-apos-atraso-ligado-ao-mecanismo-de-solidariedade\/"},"author":{"name":"Telinha","@id":"https:\/\/portaltela.pt\/#\/schema\/person\/c4278d4a6028830caff9ee44b42d32ed"},"headline":"Vizela regulariza sal\u00e1rios ap\u00f3s atraso ligado ao mecanismo de solidariedade","datePublished":"2026-03-19T12:48:02+00:00","mainEntityOfPage":{"@id":"https:\/\/portaltela.pt\/noticias\/2026\/03\/19\/vizela-regulariza-salarios-apos-atraso-ligado-ao-mecanismo-de-solidariedade\/"},"wordCount":142,"image":{"@id":"https:\/\/portaltela.pt\/noticias\/2026\/03\/19\/vizela-regulariza-salarios-apos-atraso-ligado-ao-mecanismo-de-solidariedade\/#primaryimage"},"thumbnailUrl":"https:\/\/portaltela.pt\/s.01k8rhncp4jt1\/2026\/03\/img_920x518uu2025-10-28-14-51-46-2398905.jpg","keywords":["_economia","1. Liga","A Liga","competi\u00e7\u00e3o","desporto","futebol"],"articleSection":["Desporto","Futebol"],"inLanguage":"pt-PT"},{"@type":"WebPage","@id":"https:\/\/portaltela.pt\/noticias\/2026\/03\/19\/vizela-regulariza-salarios-apos-atraso-ligado-ao-mecanismo-de-solidariedade\/","url":"https:\/\/portaltela.pt\/noticias\/2026\/03\/19\/vizela-regulariza-salarios-apos-atraso-ligado-ao-mecanismo-de-solidariedade\/","name":"Vizela regulariza sal\u00e1rios ap\u00f3s atraso ligado ao mecanismo de solidariedade - Portal Tela Portugal","isPartOf":{"@id":"https:\/\/portaltela.pt\/#website"},"primaryImageOfPage":{"@id":"https:\/\/portaltela.pt\/noticias\/2026\/03\/19\/vizela-regulariza-salarios-apos-atraso-ligado-ao-mecanismo-de-solidariedade\/#primaryimage"},"image":{"@id":"https:\/\/portaltela.pt\/noticias\/2026\/03\/19\/vizela-regulariza-salarios-apos-atraso-ligado-ao-mecanismo-de-solidariedade\/#primaryimage"},"thumbnailUrl":"https:\/\/portaltela.pt\/s.01k8rhncp4jt1\/2026\/03\/img_920x518uu2025-10-28-14-51-46-2398905.jpg","datePublished":"2026-03-19T12:48:02+00:00","author":{"@id":"https:\/\/portaltela.pt\/#\/schema\/person\/c4278d4a6028830caff9ee44b42d32ed"},"breadcrumb":{"@id":"https:\/\/portaltela.pt\/noticias\/2026\/03\/19\/vizela-regulariza-salarios-apos-atraso-ligado-ao-mecanismo-de-solidariedade\/#breadcrumb"},"inLanguage":"pt-PT","potentialAction":[{"@type":"ReadAction","target":["https:\/\/portaltela.pt\/noticias\/2026\/03\/19\/vizela-regulariza-salarios-apos-atraso-ligado-ao-mecanismo-de-solidariedade\/"]}]},{"@type":"ImageObject","inLanguage":"pt-PT","@id":"https:\/\/portaltela.pt\/noticias\/2026\/03\/19\/vizela-regulariza-salarios-apos-atraso-ligado-ao-mecanismo-de-solidariedade\/#primaryimage","url":"https:\/\/portaltela.pt\/s.01k8rhncp4jt1\/2026\/03\/img_920x518uu2025-10-28-14-51-46-2398905.jpg","contentUrl":"https:\/\/portaltela.pt\/s.01k8rhncp4jt1\/2026\/03\/img_920x518uu2025-10-28-14-51-46-2398905.jpg","width":796,"height":448,"caption":"Vizela regulariza sal\u00e1rios ap\u00f3s atraso ligado ao mecanismo de solidariedade"},{"@type":"BreadcrumbList","@id":"https:\/\/portaltela.pt\/noticias\/2026\/03\/19\/vizela-regulariza-salarios-apos-atraso-ligado-ao-mecanismo-de-solidariedade\/#breadcrumb","itemListElement":[{"@type":"ListItem","position":1,"name":"In\u00edcio","item":"https:\/\/portaltela.pt\/"},{"@type":"ListItem","position":2,"name":"Vizela regulariza sal\u00e1rios ap\u00f3s atraso ligado ao mecanismo de solidariedade"}]},{"@type":"WebSite","@id":"https:\/\/portaltela.pt\/#website","url":"https:\/\/portaltela.pt\/","name":"Portal Tela Portugal","description":"","potentialAction":[{"@type":"SearchAction","target":{"@type":"EntryPoint","urlTemplate":"https:\/\/portaltela.pt\/?s={search_term_string}"},"query-input":{"@type":"PropertyValueSpecification","valueRequired":true,"valueName":"search_term_string"}}],"inLanguage":"pt-PT"},{"@type":"Person","@id":"https:\/\/portaltela.pt\/#\/schema\/person\/c4278d4a6028830caff9ee44b42d32ed","name":"Telinha","image":{"@type":"ImageObject","inLanguage":"pt-PT","@id":"https:\/\/portaltela.pt\/s.01k8rhncp4jt1\/2025\/11\/talking-bot-125x125.png","url":"https:\/\/portaltela.pt\/s.01k8rhncp4jt1\/2025\/11\/talking-bot-125x125.png","contentUrl":"https:\/\/portaltela.pt\/s.01k8rhncp4jt1\/2025\/11\/talking-bot-125x125.png","caption":"Telinha"},"sameAs":["https:\/\/portaltela.pt\/"],"url":"https:\/\/portaltela.pt\/por\/367410592786\/"}]}},"_links":{"self":[{"href":"https:\/\/portaltela.pt\/api\/wp\/v2\/posts\/415889","targetHints":{"allow":["GET"]}}],"collection":[{"href":"https:\/\/portaltela.pt\/api\/wp\/v2\/posts"}],"about":[{"href":"https:\/\/portaltela.pt\/api\/wp\/v2\/types\/post"}],"author":[{"embeddable":true,"href":"https:\/\/portaltela.pt\/api\/wp\/v2\/users\/2"}],"replies":[{"embeddable":true,"href":"https:\/\/portaltela.pt\/api\/wp\/v2\/comments?post=415889"}],"version-history":[{"count":0,"href":"https:\/\/portaltela.pt\/api\/wp\/v2\/posts\/415889\/revisions"}],"wp:featuredmedia":[{"embeddable":true,"href":"https:\/\/portaltela.pt\/api\/wp\/v2\/media\/415897"}],"wp:attachment":[{"href":"https:\/\/portaltela.pt\/api\/wp\/v2\/media?parent=415889"}],"wp:term":[{"taxonomy":"category","embeddable":true,"href":"https:\/\/portaltela.pt\/api\/wp\/v2\/categories?post=415889"},{"taxonomy":"post_tag","embeddable":true,"href":"https:\/\/portaltela.pt\/api\/wp\/v2\/tags?post=415889"}],"curies":[{"name":"wp","href":"https:\/\/api.w.org\/{rel}","templated":true}]}}