{"id":415880,"date":"2026-03-19T09:44:46","date_gmt":"2026-03-19T12:44:46","guid":{"rendered":"https:\/\/portaltela.pt\/noticias\/2026\/03\/19\/world-athletics-anuncia-mundiais-de-atletismo-indoor-na-india-e-no-cazaquistao\/"},"modified":"2026-03-19T09:44:46","modified_gmt":"2026-03-19T12:44:46","slug":"world-athletics-anuncia-mundiais-de-atletismo-indoor-na-india-e-no-cazaquistao","status":"publish","type":"post","link":"https:\/\/portaltela.pt\/desporto\/copa-do-mundo\/2026\/03\/19\/world-athletics-anuncia-mundiais-de-atletismo-indoor-na-india-e-no-cazaquistao\/","title":{"rendered":"World Athletics anuncia Mundiais de atletismo indoor na \u00cdndia e no Cazaquist\u00e3o"},"content":{"rendered":"<p>O presidente da World Athletics (WA), Sebastian Coe, anunciou na quinta-feira que as pr\u00f3ximas edi\u00e7\u00f5es dos Mundiais indoor de atletismo v\u00e3o ocorrer no Bhubanesvar, \u00cdndia, em 2028, e em Astana, Cazaquist\u00e3o, em 2030. A revela\u00e7\u00e3o ocorreu durante a confer\u00eancia de imprensa de apresenta\u00e7\u00e3o dos Mundiais de 2026, em Torun, Pol\u00f3nia.<\/p>\n<p>Coe informou que o Conselho Mundial da WA aprovou estas escolhas durante a reuni\u00e3o realizada em Torun. O respons\u00e1vel destacou que o futuro dos Mundiais em pista coberta est\u00e1 garantido e com perspetivas de crescimento.<\/p>\n<p>Os Mundiais de 2028 ter\u00e3o como palco o Kalinga Indoor Athletics Stadium, na regi\u00e3o de Odisha, \u00cdndia, enquanto a edi\u00e7\u00e3o de 2030 decorrer\u00e1 na Arena de Astana, no Cazaquist\u00e3o. Ambos os recintos v\u00e3o acolher a competi\u00e7\u00e3o sob o formato de pista coberta.<\/p>\n<p>A edi\u00e7\u00e3o de 2026, que come\u00e7a na sexta-feira e decorre at\u00e9 ao domingo, apresenta Torun como anfitri\u00e3 e j\u00e1 atrai 700 atletas de 120 pa\u00edses. Portugal envia 19 atletas, a maior comitiva de sempre em Mundiais indoor.<\/p>\n<p>No total, est\u00e3o em disputa 27 t\u00edtulos em 2026, com a organiza\u00e7\u00e3o a sublinhar a import\u00e2ncia de uma competi\u00e7\u00e3o global de refer\u00eancia para o atletismo em pista curta. A prova ter\u00e1 in\u00edcio na Arena Torun, conhecida pela designa\u00e7\u00e3o local Voivodina Cuj\u00e1via-Pomer\u00e2nia.<\/p>\n<p>Paris realizou a estreia mundial dos Mundiais indoor em 1985, quando a competi\u00e7\u00e3o ainda era designada Jogos Mundiais em pista coberta.<\/p>\n","protected":false},"excerpt":{"rendered":"<ul>\n<li>A World Athletics anunciou que os Mundiais indoor de atletismo ser\u00e3o realizados em Bubanesvar, na \u00cdndia, em 2028, e em Astana, no Cazaquist\u00e3o, em 2030.<\/li>\n<li>O an\u00fancio foi feito pelo presidente da WA, Sebastian Coe, em Torun, na Pol\u00f3nia, durante a apresenta\u00e7\u00e3o dos Mundiais de 2026.<\/li>\n<li>Os est\u00e1dios anfitri\u00f5es ser\u00e3o o Kalinga Indoor Athletics Stadium, na regi\u00e3o de Odissa, na \u00cdndia, e a Arena de Astana, no Cazaquist\u00e3o.<\/li>\n<li>Ser\u00e3o as 22.\u00aa e 23.\u00aa edi\u00e7\u00f5es dos Mundiais indoor, com 700 atletas de 120 pa\u00edses a competir pelos 27 t\u00edtulos em disputa, em Torun.<\/li>\n<li>A comitiva portuguesa inclui 19 atletas na maior delega\u00e7\u00e3o de sempre de Portugal em Mundiais indoor.<\/li>\n<\/ul>\n","protected":false},"author":2,"featured_media":415882,"comment_status":"closed","ping_status":"closed","sticky":false,"template":"","format":"standard","meta":{"footnotes":""},"categories":[6695,21],"tags":[137,5354,152,2958,5470,47],"class_list":["post-415880","post","type-post","status-publish","format-standard","has-post-thumbnail","hentry","category-copa-do-mundo","category-desporto","tag-atletismo","tag-cazaquistao","tag-desporto","tag-eventos-internacionais","tag-india","tag-mundial"],"yoast_head":"<!-- This site is optimized with the Yoast SEO plugin v27.2 - https:\/\/yoast.com\/product\/yoast-seo-wordpress\/ -->\n<title>World Athletics anuncia Mundiais de atletismo indoor na \u00cdndia e no Cazaquist\u00e3o - Portal Tela Portugal<\/title>\n<meta name=\"robots\" content=\"index, follow, max-snippet:-1, max-image-preview:large, max-video-preview:-1\" \/>\n<meta property=\"og:locale\" content=\"pt_PT\" \/>\n<meta property=\"og:type\" content=\"article\" \/>\n<meta property=\"og:title\" content=\"World Athletics anuncia Mundiais de atletismo indoor na \u00cdndia e no Cazaquist\u00e3o - Portal Tela Portugal\" \/>\n<meta property=\"og:description\" content=\"A World Athletics anunciou que os Mundiais indoor de atletismo ser\u00e3o realizados em Bubanesvar, na \u00cdndia, em 2028, e em Astana, no Cazaquist\u00e3o, em 2030. O an\u00fancio foi feito pelo presidente da WA, Sebastian Coe, em Torun, na Pol\u00f3nia, durante a apresenta\u00e7\u00e3o dos Mundiais de 2026. Os est\u00e1dios anfitri\u00f5es ser\u00e3o o Kalinga Indoor Athletics Stadium, na regi\u00e3o de Odissa, na \u00cdndia, e a Arena de Astana, no Cazaquist\u00e3o. Ser\u00e3o as 22.\u00aa e 23.\u00aa edi\u00e7\u00f5es dos Mundiais indoor, com 700 atletas de 120 pa\u00edses a competir pelos 27 t\u00edtulos em disputa, em Torun. A comitiva portuguesa inclui 19 atletas na maior delega\u00e7\u00e3o de sempre de Portugal em Mundiais indoor.\" \/>\n<meta property=\"og:url\" content=\"https:\/\/portaltela.pt\/noticias\/2026\/03\/19\/world-athletics-anuncia-mundiais-de-atletismo-indoor-na-india-e-no-cazaquistao\/\" \/>\n<meta property=\"og:site_name\" content=\"Portal Tela Portugal\" \/>\n<meta property=\"article:published_time\" content=\"2026-03-19T12:44:46+00:00\" \/>\n<meta name=\"author\" content=\"Telinha\" \/>\n<meta name=\"twitter:card\" content=\"summary_large_image\" \/>\n<meta name=\"twitter:label1\" content=\"Escrito por\" \/>\n\t<meta name=\"twitter:data1\" content=\"Telinha\" \/>\n\t<meta name=\"twitter:label2\" content=\"Tempo estimado de leitura\" \/>\n\t<meta name=\"twitter:data2\" content=\"1 minuto\" \/>\n<script type=\"application\/ld+json\" class=\"yoast-schema-graph\">{\"@context\":\"https:\/\/schema.org\",\"@graph\":[{\"@type\":\"Article\",\"@id\":\"https:\/\/portaltela.pt\/noticias\/2026\/03\/19\/world-athletics-anuncia-mundiais-de-atletismo-indoor-na-india-e-no-cazaquistao\/#article\",\"isPartOf\":{\"@id\":\"https:\/\/portaltela.pt\/noticias\/2026\/03\/19\/world-athletics-anuncia-mundiais-de-atletismo-indoor-na-india-e-no-cazaquistao\/\"},\"author\":{\"name\":\"Telinha\",\"@id\":\"https:\/\/portaltela.pt\/#\/schema\/person\/c4278d4a6028830caff9ee44b42d32ed\"},\"headline\":\"World Athletics anuncia Mundiais de atletismo indoor na \u00cdndia e no Cazaquist\u00e3o\",\"datePublished\":\"2026-03-19T12:44:46+00:00\",\"mainEntityOfPage\":{\"@id\":\"https:\/\/portaltela.pt\/noticias\/2026\/03\/19\/world-athletics-anuncia-mundiais-de-atletismo-indoor-na-india-e-no-cazaquistao\/\"},\"wordCount\":257,\"image\":{\"@id\":\"https:\/\/portaltela.pt\/noticias\/2026\/03\/19\/world-athletics-anuncia-mundiais-de-atletismo-indoor-na-india-e-no-cazaquistao\/#primaryimage\"},\"thumbnailUrl\":\"https:\/\/portaltela.pt\/s.01k8rhncp4jt1\/2026\/03\/img_920x518uu2015-11-08-10-31-00-1027835-im-639095210600887072.jpg\",\"keywords\":[\"atletismo\",\"Cazaquist\u00e3o\",\"desporto\",\"eventos internacionais\",\"\u00cdndia\",\"mundial\"],\"articleSection\":[\"Copa do Mundo\",\"Desporto\"],\"inLanguage\":\"pt-PT\"},{\"@type\":\"WebPage\",\"@id\":\"https:\/\/portaltela.pt\/noticias\/2026\/03\/19\/world-athletics-anuncia-mundiais-de-atletismo-indoor-na-india-e-no-cazaquistao\/\",\"url\":\"https:\/\/portaltela.pt\/noticias\/2026\/03\/19\/world-athletics-anuncia-mundiais-de-atletismo-indoor-na-india-e-no-cazaquistao\/\",\"name\":\"World Athletics anuncia Mundiais de atletismo indoor na \u00cdndia e no Cazaquist\u00e3o - Portal Tela Portugal\",\"isPartOf\":{\"@id\":\"https:\/\/portaltela.pt\/#website\"},\"primaryImageOfPage\":{\"@id\":\"https:\/\/portaltela.pt\/noticias\/2026\/03\/19\/world-athletics-anuncia-mundiais-de-atletismo-indoor-na-india-e-no-cazaquistao\/#primaryimage\"},\"image\":{\"@id\":\"https:\/\/portaltela.pt\/noticias\/2026\/03\/19\/world-athletics-anuncia-mundiais-de-atletismo-indoor-na-india-e-no-cazaquistao\/#primaryimage\"},\"thumbnailUrl\":\"https:\/\/portaltela.pt\/s.01k8rhncp4jt1\/2026\/03\/img_920x518uu2015-11-08-10-31-00-1027835-im-639095210600887072.jpg\",\"datePublished\":\"2026-03-19T12:44:46+00:00\",\"author\":{\"@id\":\"https:\/\/portaltela.pt\/#\/schema\/person\/c4278d4a6028830caff9ee44b42d32ed\"},\"breadcrumb\":{\"@id\":\"https:\/\/portaltela.pt\/noticias\/2026\/03\/19\/world-athletics-anuncia-mundiais-de-atletismo-indoor-na-india-e-no-cazaquistao\/#breadcrumb\"},\"inLanguage\":\"pt-PT\",\"potentialAction\":[{\"@type\":\"ReadAction\",\"target\":[\"https:\/\/portaltela.pt\/noticias\/2026\/03\/19\/world-athletics-anuncia-mundiais-de-atletismo-indoor-na-india-e-no-cazaquistao\/\"]}]},{\"@type\":\"ImageObject\",\"inLanguage\":\"pt-PT\",\"@id\":\"https:\/\/portaltela.pt\/noticias\/2026\/03\/19\/world-athletics-anuncia-mundiais-de-atletismo-indoor-na-india-e-no-cazaquistao\/#primaryimage\",\"url\":\"https:\/\/portaltela.pt\/s.01k8rhncp4jt1\/2026\/03\/img_920x518uu2015-11-08-10-31-00-1027835-im-639095210600887072.jpg\",\"contentUrl\":\"https:\/\/portaltela.pt\/s.01k8rhncp4jt1\/2026\/03\/img_920x518uu2015-11-08-10-31-00-1027835-im-639095210600887072.jpg\",\"width\":796,\"height\":448,\"caption\":\"Sebastian Coe anuncia Mundiais de atletismo indoor na \u00cdndia e no Cazaquist\u00e3o\"},{\"@type\":\"BreadcrumbList\",\"@id\":\"https:\/\/portaltela.pt\/noticias\/2026\/03\/19\/world-athletics-anuncia-mundiais-de-atletismo-indoor-na-india-e-no-cazaquistao\/#breadcrumb\",\"itemListElement\":[{\"@type\":\"ListItem\",\"position\":1,\"name\":\"In\u00edcio\",\"item\":\"https:\/\/portaltela.pt\/\"},{\"@type\":\"ListItem\",\"position\":2,\"name\":\"World Athletics anuncia Mundiais de atletismo indoor na \u00cdndia e no Cazaquist\u00e3o\"}]},{\"@type\":\"WebSite\",\"@id\":\"https:\/\/portaltela.pt\/#website\",\"url\":\"https:\/\/portaltela.pt\/\",\"name\":\"Portal Tela Portugal\",\"description\":\"\",\"potentialAction\":[{\"@type\":\"SearchAction\",\"target\":{\"@type\":\"EntryPoint\",\"urlTemplate\":\"https:\/\/portaltela.pt\/?s={search_term_string}\"},\"query-input\":{\"@type\":\"PropertyValueSpecification\",\"valueRequired\":true,\"valueName\":\"search_term_string\"}}],\"inLanguage\":\"pt-PT\"},{\"@type\":\"Person\",\"@id\":\"https:\/\/portaltela.pt\/#\/schema\/person\/c4278d4a6028830caff9ee44b42d32ed\",\"name\":\"Telinha\",\"image\":{\"@type\":\"ImageObject\",\"inLanguage\":\"pt-PT\",\"@id\":\"https:\/\/portaltela.pt\/s.01k8rhncp4jt1\/2025\/11\/talking-bot-125x125.png\",\"url\":\"https:\/\/portaltela.pt\/s.01k8rhncp4jt1\/2025\/11\/talking-bot-125x125.png\",\"contentUrl\":\"https:\/\/portaltela.pt\/s.01k8rhncp4jt1\/2025\/11\/talking-bot-125x125.png\",\"caption\":\"Telinha\"},\"sameAs\":[\"https:\/\/portaltela.pt\/\"],\"url\":\"https:\/\/portaltela.pt\/por\/367410592786\/\"}]}<\/script>\n<!-- \/ Yoast SEO plugin. -->","yoast_head_json":{"title":"World Athletics anuncia Mundiais de atletismo indoor na \u00cdndia e no Cazaquist\u00e3o - Portal Tela Portugal","robots":{"index":"index","follow":"follow","max-snippet":"max-snippet:-1","max-image-preview":"max-image-preview:large","max-video-preview":"max-video-preview:-1"},"og_locale":"pt_PT","og_type":"article","og_title":"World Athletics anuncia Mundiais de atletismo indoor na \u00cdndia e no Cazaquist\u00e3o - Portal Tela Portugal","og_description":"A World Athletics anunciou que os Mundiais indoor de atletismo ser\u00e3o realizados em Bubanesvar, na \u00cdndia, em 2028, e em Astana, no Cazaquist\u00e3o, em 2030. O an\u00fancio foi feito pelo presidente da WA, Sebastian Coe, em Torun, na Pol\u00f3nia, durante a apresenta\u00e7\u00e3o dos Mundiais de 2026. Os est\u00e1dios anfitri\u00f5es ser\u00e3o o Kalinga Indoor Athletics Stadium, na regi\u00e3o de Odissa, na \u00cdndia, e a Arena de Astana, no Cazaquist\u00e3o. Ser\u00e3o as 22.\u00aa e 23.\u00aa edi\u00e7\u00f5es dos Mundiais indoor, com 700 atletas de 120 pa\u00edses a competir pelos 27 t\u00edtulos em disputa, em Torun. A comitiva portuguesa inclui 19 atletas na maior delega\u00e7\u00e3o de sempre de Portugal em Mundiais indoor.","og_url":"https:\/\/portaltela.pt\/noticias\/2026\/03\/19\/world-athletics-anuncia-mundiais-de-atletismo-indoor-na-india-e-no-cazaquistao\/","og_site_name":"Portal Tela Portugal","article_published_time":"2026-03-19T12:44:46+00:00","author":"Telinha","twitter_card":"summary_large_image","twitter_misc":{"Escrito por":"Telinha","Tempo estimado de leitura":"1 minuto"},"schema":{"@context":"https:\/\/schema.org","@graph":[{"@type":"Article","@id":"https:\/\/portaltela.pt\/noticias\/2026\/03\/19\/world-athletics-anuncia-mundiais-de-atletismo-indoor-na-india-e-no-cazaquistao\/#article","isPartOf":{"@id":"https:\/\/portaltela.pt\/noticias\/2026\/03\/19\/world-athletics-anuncia-mundiais-de-atletismo-indoor-na-india-e-no-cazaquistao\/"},"author":{"name":"Telinha","@id":"https:\/\/portaltela.pt\/#\/schema\/person\/c4278d4a6028830caff9ee44b42d32ed"},"headline":"World Athletics anuncia Mundiais de atletismo indoor na \u00cdndia e no Cazaquist\u00e3o","datePublished":"2026-03-19T12:44:46+00:00","mainEntityOfPage":{"@id":"https:\/\/portaltela.pt\/noticias\/2026\/03\/19\/world-athletics-anuncia-mundiais-de-atletismo-indoor-na-india-e-no-cazaquistao\/"},"wordCount":257,"image":{"@id":"https:\/\/portaltela.pt\/noticias\/2026\/03\/19\/world-athletics-anuncia-mundiais-de-atletismo-indoor-na-india-e-no-cazaquistao\/#primaryimage"},"thumbnailUrl":"https:\/\/portaltela.pt\/s.01k8rhncp4jt1\/2026\/03\/img_920x518uu2015-11-08-10-31-00-1027835-im-639095210600887072.jpg","keywords":["atletismo","Cazaquist\u00e3o","desporto","eventos internacionais","\u00cdndia","mundial"],"articleSection":["Copa do Mundo","Desporto"],"inLanguage":"pt-PT"},{"@type":"WebPage","@id":"https:\/\/portaltela.pt\/noticias\/2026\/03\/19\/world-athletics-anuncia-mundiais-de-atletismo-indoor-na-india-e-no-cazaquistao\/","url":"https:\/\/portaltela.pt\/noticias\/2026\/03\/19\/world-athletics-anuncia-mundiais-de-atletismo-indoor-na-india-e-no-cazaquistao\/","name":"World Athletics anuncia Mundiais de atletismo indoor na \u00cdndia e no Cazaquist\u00e3o - Portal Tela Portugal","isPartOf":{"@id":"https:\/\/portaltela.pt\/#website"},"primaryImageOfPage":{"@id":"https:\/\/portaltela.pt\/noticias\/2026\/03\/19\/world-athletics-anuncia-mundiais-de-atletismo-indoor-na-india-e-no-cazaquistao\/#primaryimage"},"image":{"@id":"https:\/\/portaltela.pt\/noticias\/2026\/03\/19\/world-athletics-anuncia-mundiais-de-atletismo-indoor-na-india-e-no-cazaquistao\/#primaryimage"},"thumbnailUrl":"https:\/\/portaltela.pt\/s.01k8rhncp4jt1\/2026\/03\/img_920x518uu2015-11-08-10-31-00-1027835-im-639095210600887072.jpg","datePublished":"2026-03-19T12:44:46+00:00","author":{"@id":"https:\/\/portaltela.pt\/#\/schema\/person\/c4278d4a6028830caff9ee44b42d32ed"},"breadcrumb":{"@id":"https:\/\/portaltela.pt\/noticias\/2026\/03\/19\/world-athletics-anuncia-mundiais-de-atletismo-indoor-na-india-e-no-cazaquistao\/#breadcrumb"},"inLanguage":"pt-PT","potentialAction":[{"@type":"ReadAction","target":["https:\/\/portaltela.pt\/noticias\/2026\/03\/19\/world-athletics-anuncia-mundiais-de-atletismo-indoor-na-india-e-no-cazaquistao\/"]}]},{"@type":"ImageObject","inLanguage":"pt-PT","@id":"https:\/\/portaltela.pt\/noticias\/2026\/03\/19\/world-athletics-anuncia-mundiais-de-atletismo-indoor-na-india-e-no-cazaquistao\/#primaryimage","url":"https:\/\/portaltela.pt\/s.01k8rhncp4jt1\/2026\/03\/img_920x518uu2015-11-08-10-31-00-1027835-im-639095210600887072.jpg","contentUrl":"https:\/\/portaltela.pt\/s.01k8rhncp4jt1\/2026\/03\/img_920x518uu2015-11-08-10-31-00-1027835-im-639095210600887072.jpg","width":796,"height":448,"caption":"Sebastian Coe anuncia Mundiais de atletismo indoor na \u00cdndia e no Cazaquist\u00e3o"},{"@type":"BreadcrumbList","@id":"https:\/\/portaltela.pt\/noticias\/2026\/03\/19\/world-athletics-anuncia-mundiais-de-atletismo-indoor-na-india-e-no-cazaquistao\/#breadcrumb","itemListElement":[{"@type":"ListItem","position":1,"name":"In\u00edcio","item":"https:\/\/portaltela.pt\/"},{"@type":"ListItem","position":2,"name":"World Athletics anuncia Mundiais de atletismo indoor na \u00cdndia e no Cazaquist\u00e3o"}]},{"@type":"WebSite","@id":"https:\/\/portaltela.pt\/#website","url":"https:\/\/portaltela.pt\/","name":"Portal Tela Portugal","description":"","potentialAction":[{"@type":"SearchAction","target":{"@type":"EntryPoint","urlTemplate":"https:\/\/portaltela.pt\/?s={search_term_string}"},"query-input":{"@type":"PropertyValueSpecification","valueRequired":true,"valueName":"search_term_string"}}],"inLanguage":"pt-PT"},{"@type":"Person","@id":"https:\/\/portaltela.pt\/#\/schema\/person\/c4278d4a6028830caff9ee44b42d32ed","name":"Telinha","image":{"@type":"ImageObject","inLanguage":"pt-PT","@id":"https:\/\/portaltela.pt\/s.01k8rhncp4jt1\/2025\/11\/talking-bot-125x125.png","url":"https:\/\/portaltela.pt\/s.01k8rhncp4jt1\/2025\/11\/talking-bot-125x125.png","contentUrl":"https:\/\/portaltela.pt\/s.01k8rhncp4jt1\/2025\/11\/talking-bot-125x125.png","caption":"Telinha"},"sameAs":["https:\/\/portaltela.pt\/"],"url":"https:\/\/portaltela.pt\/por\/367410592786\/"}]}},"_links":{"self":[{"href":"https:\/\/portaltela.pt\/api\/wp\/v2\/posts\/415880","targetHints":{"allow":["GET"]}}],"collection":[{"href":"https:\/\/portaltela.pt\/api\/wp\/v2\/posts"}],"about":[{"href":"https:\/\/portaltela.pt\/api\/wp\/v2\/types\/post"}],"author":[{"embeddable":true,"href":"https:\/\/portaltela.pt\/api\/wp\/v2\/users\/2"}],"replies":[{"embeddable":true,"href":"https:\/\/portaltela.pt\/api\/wp\/v2\/comments?post=415880"}],"version-history":[{"count":0,"href":"https:\/\/portaltela.pt\/api\/wp\/v2\/posts\/415880\/revisions"}],"wp:featuredmedia":[{"embeddable":true,"href":"https:\/\/portaltela.pt\/api\/wp\/v2\/media\/415882"}],"wp:attachment":[{"href":"https:\/\/portaltela.pt\/api\/wp\/v2\/media?parent=415880"}],"wp:term":[{"taxonomy":"category","embeddable":true,"href":"https:\/\/portaltela.pt\/api\/wp\/v2\/categories?post=415880"},{"taxonomy":"post_tag","embeddable":true,"href":"https:\/\/portaltela.pt\/api\/wp\/v2\/tags?post=415880"}],"curies":[{"name":"wp","href":"https:\/\/api.w.org\/{rel}","templated":true}]}}