{"id":415875,"date":"2026-03-19T09:36:54","date_gmt":"2026-03-19T12:36:54","guid":{"rendered":"https:\/\/portaltela.pt\/noticias\/2026\/03\/19\/macron-propoe-negociacoes-para-travar-ataques-a-infraestruturas-de-energia\/"},"modified":"2026-03-19T09:36:54","modified_gmt":"2026-03-19T12:36:54","slug":"macron-propoe-negociacoes-para-travar-ataques-a-infraestruturas-de-energia","status":"publish","type":"post","link":"https:\/\/portaltela.pt\/noticias\/internacional\/2026\/03\/19\/macron-propoe-negociacoes-para-travar-ataques-a-infraestruturas-de-energia\/","title":{"rendered":"Macron prop\u00f5e negocia\u00e7\u00f5es para travar ataques a infraestruturas de energia"},"content":{"rendered":"<p>O Presidente franc\u00eas Emmanuel Macron pediu esta quinta-feira conversa\u00e7\u00f5es diretas entre os Estados Unidos e o Ir\u00e3o para impedir danos na produ\u00e7\u00e3o de petr\u00f3leo no M\u00e9dio Oriente. A declara\u00e7\u00e3o foi feita \u00e0 chegada \u00e0 cimeira dos l\u00edderes europeus em Bruxelas. A proposta visa evitar que o conflito se alastre a infraestruturas de hidrocarbonetos.<\/p>\n<p>Macron considerou imprudente o alargamento do conflito a locais de produ\u00e7\u00e3o, especialmente no Qatar, e pediu uma r\u00e1pida desescalada. Referiu que v\u00e1rios pa\u00edses do Golfo j\u00e1 foram afetados pela crise, incluindo o Ir\u00e3o, e indicou que pretende manter canais de di\u00e1logo abertos.<\/p>\n<h3>Contexto regional<\/h3>\n<p>Esta quinta-feira, o Ir\u00e3o intensificou ataques contra infraestruturas de energia no Golfo, incendiando instala\u00e7\u00f5es de GNL no Qatar e duas refinarias no Kuwait. O agravamento veio num quadro de tens\u00e3o cont\u00ednua na regi\u00e3o.<\/p>\n<p>Os pre\u00e7os globais de energia subiram, com o g\u00e1s na Europa a avan\u00e7ar 35%. Autoridades dos Emirados \u00c1rabes Unidos anunciaram interrup\u00e7\u00f5es em opera\u00e7\u00f5es numa unidade de g\u00e1s em Habshan e no campo de Bab.<\/p>\n<h3>Posi\u00e7\u00f5es e prioridades de Macron<\/h3>\n<p>Para o Presidente franc\u00eas, o aprofundamento do conflito \u00e9 irrespons\u00e1vel. Macron j\u00e1 falou com o Presidente dos EUA, Donald Trump, e espera conversar tamb\u00e9m com o Ir\u00e3o. A prioridade \u00e9 preservar a produ\u00e7\u00e3o e reabrir as rotas mar\u00edtimas, incluindo o estreito de Ormuz.<\/p>\n<p>Macron tamb\u00e9m apelou a uma pausa nos ataques, coincidente com o in\u00edcio do Eid al-Fitr, festival mu\u00e7ulmano que encerra o Ramad\u00e3o. O objetivo \u00e9 acalmar os \u00e2nimos por alguns dias.<\/p>\n<h3>Perspetivas para o Conselho Europeu<\/h3>\n<p>No \u00e2mbito da cimeira do Conselho Europeu, Macron destacou a necessidade de competitividade, mais simplifica\u00e7\u00e3o e um mercado \u00fanico mais profundo. Refor\u00e7ou que \u00e9 essencial investir em inova\u00e7\u00e3o, investiga\u00e7\u00e3o e tecnologia, al\u00e9m de diversificar parcerias \u00e0 luz do contexto geopol\u00edtico atual.<\/p>\n","protected":false},"excerpt":{"rendered":"<ul>\n<li>Macron pediu negocia\u00e7\u00f5es diretas entre os Estados Unidos e o Ir\u00e3o para impedir danos na produ\u00e7\u00e3o de petr\u00f3leo no M\u00e9dio Oriente.<\/li>\n<li>O Ir\u00e3o atacou infraestruturas de energia no Golfo, incendiando instala\u00e7\u00f5es de g\u00e1s no Qatar e duas refinarias no Kuwait, com impacto nos pre\u00e7os globais dos combust\u00edveis.<\/li>\n<li>Autoridades dos Emirados \u00c1rabes Unidos suspenderam opera\u00e7\u00f5es nas instala\u00e7\u00f5es de g\u00e1s em Habshan e no campo de Bab.<\/li>\n<li>Macron defende uma pausa nos ataques durante o Eid al-Fitr e enfatiza a import\u00e2ncia de preservar as rotas mar\u00edtimas, nomeadamente o estreito de Ormuz.<\/li>\n<li>Em Bruxelas, o presidente franc\u00eas destaca a necessidade de uma Europa mais competitiva, com mais simplifica\u00e7\u00e3o, maior integra\u00e7\u00e3o do mercado \u00fanico e aposta em inova\u00e7\u00e3o, investiga\u00e7\u00e3o e tecnologia.<\/li>\n<\/ul>\n","protected":false},"author":2,"featured_media":415877,"comment_status":"closed","ping_status":"closed","sticky":false,"template":"","format":"standard","meta":{"footnotes":""},"categories":[6814,4],"tags":[2198,29,28,174,2551,2470],"class_list":["post-415875","post","type-post","status-publish","format-standard","has-post-thumbnail","hentry","category-geopolitica","category-internacional","tag-conflitos-internacionais","tag-diplomacia","tag-economia","tag-energia","tag-hidrocarbonetos","tag-irao"],"yoast_head":"<!-- This site is optimized with the Yoast SEO plugin v27.2 - https:\/\/yoast.com\/product\/yoast-seo-wordpress\/ -->\n<title>Macron prop\u00f5e negocia\u00e7\u00f5es para travar ataques a infraestruturas de energia - Portal Tela Portugal<\/title>\n<meta name=\"robots\" content=\"index, follow, max-snippet:-1, max-image-preview:large, max-video-preview:-1\" \/>\n<meta property=\"og:locale\" content=\"pt_PT\" \/>\n<meta property=\"og:type\" content=\"article\" \/>\n<meta property=\"og:title\" content=\"Macron prop\u00f5e negocia\u00e7\u00f5es para travar ataques a infraestruturas de energia - Portal Tela Portugal\" \/>\n<meta property=\"og:description\" content=\"Macron pediu negocia\u00e7\u00f5es diretas entre os Estados Unidos e o Ir\u00e3o para impedir danos na produ\u00e7\u00e3o de petr\u00f3leo no M\u00e9dio Oriente. O Ir\u00e3o atacou infraestruturas de energia no Golfo, incendiando instala\u00e7\u00f5es de g\u00e1s no Qatar e duas refinarias no Kuwait, com impacto nos pre\u00e7os globais dos combust\u00edveis. Autoridades dos Emirados \u00c1rabes Unidos suspenderam opera\u00e7\u00f5es nas instala\u00e7\u00f5es de g\u00e1s em Habshan e no campo de Bab. Macron defende uma pausa nos ataques durante o Eid al-Fitr e enfatiza a import\u00e2ncia de preservar as rotas mar\u00edtimas, nomeadamente o estreito de Ormuz. Em Bruxelas, o presidente franc\u00eas destaca a necessidade de uma Europa mais competitiva, com mais simplifica\u00e7\u00e3o, maior integra\u00e7\u00e3o do mercado \u00fanico e aposta em inova\u00e7\u00e3o, investiga\u00e7\u00e3o e tecnologia.\" \/>\n<meta property=\"og:url\" content=\"https:\/\/portaltela.pt\/noticias\/2026\/03\/19\/macron-propoe-negociacoes-para-travar-ataques-a-infraestruturas-de-energia\/\" \/>\n<meta property=\"og:site_name\" content=\"Portal Tela Portugal\" \/>\n<meta property=\"article:published_time\" content=\"2026-03-19T12:36:54+00:00\" \/>\n<meta name=\"author\" content=\"Telinha\" \/>\n<meta name=\"twitter:card\" content=\"summary_large_image\" \/>\n<meta name=\"twitter:label1\" content=\"Escrito por\" \/>\n\t<meta name=\"twitter:data1\" content=\"Telinha\" \/>\n\t<meta name=\"twitter:label2\" content=\"Tempo estimado de leitura\" \/>\n\t<meta name=\"twitter:data2\" content=\"2 minutos\" \/>\n<script type=\"application\/ld+json\" class=\"yoast-schema-graph\">{\"@context\":\"https:\/\/schema.org\",\"@graph\":[{\"@type\":\"Article\",\"@id\":\"https:\/\/portaltela.pt\/noticias\/2026\/03\/19\/macron-propoe-negociacoes-para-travar-ataques-a-infraestruturas-de-energia\/#article\",\"isPartOf\":{\"@id\":\"https:\/\/portaltela.pt\/noticias\/2026\/03\/19\/macron-propoe-negociacoes-para-travar-ataques-a-infraestruturas-de-energia\/\"},\"author\":{\"name\":\"Telinha\",\"@id\":\"https:\/\/portaltela.pt\/#\/schema\/person\/c4278d4a6028830caff9ee44b42d32ed\"},\"headline\":\"Macron prop\u00f5e negocia\u00e7\u00f5es para travar ataques a infraestruturas de energia\",\"datePublished\":\"2026-03-19T12:36:54+00:00\",\"mainEntityOfPage\":{\"@id\":\"https:\/\/portaltela.pt\/noticias\/2026\/03\/19\/macron-propoe-negociacoes-para-travar-ataques-a-infraestruturas-de-energia\/\"},\"wordCount\":334,\"image\":{\"@id\":\"https:\/\/portaltela.pt\/noticias\/2026\/03\/19\/macron-propoe-negociacoes-para-travar-ataques-a-infraestruturas-de-energia\/#primaryimage\"},\"thumbnailUrl\":\"https:\/\/portaltela.pt\/s.01k8rhncp4jt1\/2026\/03\/img_1500x1000uu2025-06-11-23-53-59-2215709.jpg\",\"keywords\":[\"conflitos internacionais\",\"diplomacia\",\"economia\",\"energia\",\"hidrocarbonetos\",\"Ir\u00e3o\"],\"articleSection\":[\"Geopol\u00edtica\",\"Internacional\"],\"inLanguage\":\"pt-PT\"},{\"@type\":\"WebPage\",\"@id\":\"https:\/\/portaltela.pt\/noticias\/2026\/03\/19\/macron-propoe-negociacoes-para-travar-ataques-a-infraestruturas-de-energia\/\",\"url\":\"https:\/\/portaltela.pt\/noticias\/2026\/03\/19\/macron-propoe-negociacoes-para-travar-ataques-a-infraestruturas-de-energia\/\",\"name\":\"Macron prop\u00f5e negocia\u00e7\u00f5es para travar ataques a infraestruturas de energia - Portal Tela Portugal\",\"isPartOf\":{\"@id\":\"https:\/\/portaltela.pt\/#website\"},\"primaryImageOfPage\":{\"@id\":\"https:\/\/portaltela.pt\/noticias\/2026\/03\/19\/macron-propoe-negociacoes-para-travar-ataques-a-infraestruturas-de-energia\/#primaryimage\"},\"image\":{\"@id\":\"https:\/\/portaltela.pt\/noticias\/2026\/03\/19\/macron-propoe-negociacoes-para-travar-ataques-a-infraestruturas-de-energia\/#primaryimage\"},\"thumbnailUrl\":\"https:\/\/portaltela.pt\/s.01k8rhncp4jt1\/2026\/03\/img_1500x1000uu2025-06-11-23-53-59-2215709.jpg\",\"datePublished\":\"2026-03-19T12:36:54+00:00\",\"author\":{\"@id\":\"https:\/\/portaltela.pt\/#\/schema\/person\/c4278d4a6028830caff9ee44b42d32ed\"},\"breadcrumb\":{\"@id\":\"https:\/\/portaltela.pt\/noticias\/2026\/03\/19\/macron-propoe-negociacoes-para-travar-ataques-a-infraestruturas-de-energia\/#breadcrumb\"},\"inLanguage\":\"pt-PT\",\"potentialAction\":[{\"@type\":\"ReadAction\",\"target\":[\"https:\/\/portaltela.pt\/noticias\/2026\/03\/19\/macron-propoe-negociacoes-para-travar-ataques-a-infraestruturas-de-energia\/\"]}]},{\"@type\":\"ImageObject\",\"inLanguage\":\"pt-PT\",\"@id\":\"https:\/\/portaltela.pt\/noticias\/2026\/03\/19\/macron-propoe-negociacoes-para-travar-ataques-a-infraestruturas-de-energia\/#primaryimage\",\"url\":\"https:\/\/portaltela.pt\/s.01k8rhncp4jt1\/2026\/03\/img_1500x1000uu2025-06-11-23-53-59-2215709.jpg\",\"contentUrl\":\"https:\/\/portaltela.pt\/s.01k8rhncp4jt1\/2026\/03\/img_1500x1000uu2025-06-11-23-53-59-2215709.jpg\",\"width\":796,\"height\":448,\"caption\":\"Presidente franc\u00eas, Emmanuel Macron\"},{\"@type\":\"BreadcrumbList\",\"@id\":\"https:\/\/portaltela.pt\/noticias\/2026\/03\/19\/macron-propoe-negociacoes-para-travar-ataques-a-infraestruturas-de-energia\/#breadcrumb\",\"itemListElement\":[{\"@type\":\"ListItem\",\"position\":1,\"name\":\"In\u00edcio\",\"item\":\"https:\/\/portaltela.pt\/\"},{\"@type\":\"ListItem\",\"position\":2,\"name\":\"Macron prop\u00f5e negocia\u00e7\u00f5es para travar ataques a infraestruturas de energia\"}]},{\"@type\":\"WebSite\",\"@id\":\"https:\/\/portaltela.pt\/#website\",\"url\":\"https:\/\/portaltela.pt\/\",\"name\":\"Portal Tela Portugal\",\"description\":\"\",\"potentialAction\":[{\"@type\":\"SearchAction\",\"target\":{\"@type\":\"EntryPoint\",\"urlTemplate\":\"https:\/\/portaltela.pt\/?s={search_term_string}\"},\"query-input\":{\"@type\":\"PropertyValueSpecification\",\"valueRequired\":true,\"valueName\":\"search_term_string\"}}],\"inLanguage\":\"pt-PT\"},{\"@type\":\"Person\",\"@id\":\"https:\/\/portaltela.pt\/#\/schema\/person\/c4278d4a6028830caff9ee44b42d32ed\",\"name\":\"Telinha\",\"image\":{\"@type\":\"ImageObject\",\"inLanguage\":\"pt-PT\",\"@id\":\"https:\/\/portaltela.pt\/s.01k8rhncp4jt1\/2025\/11\/talking-bot-125x125.png\",\"url\":\"https:\/\/portaltela.pt\/s.01k8rhncp4jt1\/2025\/11\/talking-bot-125x125.png\",\"contentUrl\":\"https:\/\/portaltela.pt\/s.01k8rhncp4jt1\/2025\/11\/talking-bot-125x125.png\",\"caption\":\"Telinha\"},\"sameAs\":[\"https:\/\/portaltela.pt\/\"],\"url\":\"https:\/\/portaltela.pt\/por\/367410592786\/\"}]}<\/script>\n<!-- \/ Yoast SEO plugin. -->","yoast_head_json":{"title":"Macron prop\u00f5e negocia\u00e7\u00f5es para travar ataques a infraestruturas de energia - Portal Tela Portugal","robots":{"index":"index","follow":"follow","max-snippet":"max-snippet:-1","max-image-preview":"max-image-preview:large","max-video-preview":"max-video-preview:-1"},"og_locale":"pt_PT","og_type":"article","og_title":"Macron prop\u00f5e negocia\u00e7\u00f5es para travar ataques a infraestruturas de energia - Portal Tela Portugal","og_description":"Macron pediu negocia\u00e7\u00f5es diretas entre os Estados Unidos e o Ir\u00e3o para impedir danos na produ\u00e7\u00e3o de petr\u00f3leo no M\u00e9dio Oriente. O Ir\u00e3o atacou infraestruturas de energia no Golfo, incendiando instala\u00e7\u00f5es de g\u00e1s no Qatar e duas refinarias no Kuwait, com impacto nos pre\u00e7os globais dos combust\u00edveis. Autoridades dos Emirados \u00c1rabes Unidos suspenderam opera\u00e7\u00f5es nas instala\u00e7\u00f5es de g\u00e1s em Habshan e no campo de Bab. Macron defende uma pausa nos ataques durante o Eid al-Fitr e enfatiza a import\u00e2ncia de preservar as rotas mar\u00edtimas, nomeadamente o estreito de Ormuz. Em Bruxelas, o presidente franc\u00eas destaca a necessidade de uma Europa mais competitiva, com mais simplifica\u00e7\u00e3o, maior integra\u00e7\u00e3o do mercado \u00fanico e aposta em inova\u00e7\u00e3o, investiga\u00e7\u00e3o e tecnologia.","og_url":"https:\/\/portaltela.pt\/noticias\/2026\/03\/19\/macron-propoe-negociacoes-para-travar-ataques-a-infraestruturas-de-energia\/","og_site_name":"Portal Tela Portugal","article_published_time":"2026-03-19T12:36:54+00:00","author":"Telinha","twitter_card":"summary_large_image","twitter_misc":{"Escrito por":"Telinha","Tempo estimado de leitura":"2 minutos"},"schema":{"@context":"https:\/\/schema.org","@graph":[{"@type":"Article","@id":"https:\/\/portaltela.pt\/noticias\/2026\/03\/19\/macron-propoe-negociacoes-para-travar-ataques-a-infraestruturas-de-energia\/#article","isPartOf":{"@id":"https:\/\/portaltela.pt\/noticias\/2026\/03\/19\/macron-propoe-negociacoes-para-travar-ataques-a-infraestruturas-de-energia\/"},"author":{"name":"Telinha","@id":"https:\/\/portaltela.pt\/#\/schema\/person\/c4278d4a6028830caff9ee44b42d32ed"},"headline":"Macron prop\u00f5e negocia\u00e7\u00f5es para travar ataques a infraestruturas de energia","datePublished":"2026-03-19T12:36:54+00:00","mainEntityOfPage":{"@id":"https:\/\/portaltela.pt\/noticias\/2026\/03\/19\/macron-propoe-negociacoes-para-travar-ataques-a-infraestruturas-de-energia\/"},"wordCount":334,"image":{"@id":"https:\/\/portaltela.pt\/noticias\/2026\/03\/19\/macron-propoe-negociacoes-para-travar-ataques-a-infraestruturas-de-energia\/#primaryimage"},"thumbnailUrl":"https:\/\/portaltela.pt\/s.01k8rhncp4jt1\/2026\/03\/img_1500x1000uu2025-06-11-23-53-59-2215709.jpg","keywords":["conflitos internacionais","diplomacia","economia","energia","hidrocarbonetos","Ir\u00e3o"],"articleSection":["Geopol\u00edtica","Internacional"],"inLanguage":"pt-PT"},{"@type":"WebPage","@id":"https:\/\/portaltela.pt\/noticias\/2026\/03\/19\/macron-propoe-negociacoes-para-travar-ataques-a-infraestruturas-de-energia\/","url":"https:\/\/portaltela.pt\/noticias\/2026\/03\/19\/macron-propoe-negociacoes-para-travar-ataques-a-infraestruturas-de-energia\/","name":"Macron prop\u00f5e negocia\u00e7\u00f5es para travar ataques a infraestruturas de energia - Portal Tela Portugal","isPartOf":{"@id":"https:\/\/portaltela.pt\/#website"},"primaryImageOfPage":{"@id":"https:\/\/portaltela.pt\/noticias\/2026\/03\/19\/macron-propoe-negociacoes-para-travar-ataques-a-infraestruturas-de-energia\/#primaryimage"},"image":{"@id":"https:\/\/portaltela.pt\/noticias\/2026\/03\/19\/macron-propoe-negociacoes-para-travar-ataques-a-infraestruturas-de-energia\/#primaryimage"},"thumbnailUrl":"https:\/\/portaltela.pt\/s.01k8rhncp4jt1\/2026\/03\/img_1500x1000uu2025-06-11-23-53-59-2215709.jpg","datePublished":"2026-03-19T12:36:54+00:00","author":{"@id":"https:\/\/portaltela.pt\/#\/schema\/person\/c4278d4a6028830caff9ee44b42d32ed"},"breadcrumb":{"@id":"https:\/\/portaltela.pt\/noticias\/2026\/03\/19\/macron-propoe-negociacoes-para-travar-ataques-a-infraestruturas-de-energia\/#breadcrumb"},"inLanguage":"pt-PT","potentialAction":[{"@type":"ReadAction","target":["https:\/\/portaltela.pt\/noticias\/2026\/03\/19\/macron-propoe-negociacoes-para-travar-ataques-a-infraestruturas-de-energia\/"]}]},{"@type":"ImageObject","inLanguage":"pt-PT","@id":"https:\/\/portaltela.pt\/noticias\/2026\/03\/19\/macron-propoe-negociacoes-para-travar-ataques-a-infraestruturas-de-energia\/#primaryimage","url":"https:\/\/portaltela.pt\/s.01k8rhncp4jt1\/2026\/03\/img_1500x1000uu2025-06-11-23-53-59-2215709.jpg","contentUrl":"https:\/\/portaltela.pt\/s.01k8rhncp4jt1\/2026\/03\/img_1500x1000uu2025-06-11-23-53-59-2215709.jpg","width":796,"height":448,"caption":"Presidente franc\u00eas, Emmanuel Macron"},{"@type":"BreadcrumbList","@id":"https:\/\/portaltela.pt\/noticias\/2026\/03\/19\/macron-propoe-negociacoes-para-travar-ataques-a-infraestruturas-de-energia\/#breadcrumb","itemListElement":[{"@type":"ListItem","position":1,"name":"In\u00edcio","item":"https:\/\/portaltela.pt\/"},{"@type":"ListItem","position":2,"name":"Macron prop\u00f5e negocia\u00e7\u00f5es para travar ataques a infraestruturas de energia"}]},{"@type":"WebSite","@id":"https:\/\/portaltela.pt\/#website","url":"https:\/\/portaltela.pt\/","name":"Portal Tela Portugal","description":"","potentialAction":[{"@type":"SearchAction","target":{"@type":"EntryPoint","urlTemplate":"https:\/\/portaltela.pt\/?s={search_term_string}"},"query-input":{"@type":"PropertyValueSpecification","valueRequired":true,"valueName":"search_term_string"}}],"inLanguage":"pt-PT"},{"@type":"Person","@id":"https:\/\/portaltela.pt\/#\/schema\/person\/c4278d4a6028830caff9ee44b42d32ed","name":"Telinha","image":{"@type":"ImageObject","inLanguage":"pt-PT","@id":"https:\/\/portaltela.pt\/s.01k8rhncp4jt1\/2025\/11\/talking-bot-125x125.png","url":"https:\/\/portaltela.pt\/s.01k8rhncp4jt1\/2025\/11\/talking-bot-125x125.png","contentUrl":"https:\/\/portaltela.pt\/s.01k8rhncp4jt1\/2025\/11\/talking-bot-125x125.png","caption":"Telinha"},"sameAs":["https:\/\/portaltela.pt\/"],"url":"https:\/\/portaltela.pt\/por\/367410592786\/"}]}},"_links":{"self":[{"href":"https:\/\/portaltela.pt\/api\/wp\/v2\/posts\/415875","targetHints":{"allow":["GET"]}}],"collection":[{"href":"https:\/\/portaltela.pt\/api\/wp\/v2\/posts"}],"about":[{"href":"https:\/\/portaltela.pt\/api\/wp\/v2\/types\/post"}],"author":[{"embeddable":true,"href":"https:\/\/portaltela.pt\/api\/wp\/v2\/users\/2"}],"replies":[{"embeddable":true,"href":"https:\/\/portaltela.pt\/api\/wp\/v2\/comments?post=415875"}],"version-history":[{"count":0,"href":"https:\/\/portaltela.pt\/api\/wp\/v2\/posts\/415875\/revisions"}],"wp:featuredmedia":[{"embeddable":true,"href":"https:\/\/portaltela.pt\/api\/wp\/v2\/media\/415877"}],"wp:attachment":[{"href":"https:\/\/portaltela.pt\/api\/wp\/v2\/media?parent=415875"}],"wp:term":[{"taxonomy":"category","embeddable":true,"href":"https:\/\/portaltela.pt\/api\/wp\/v2\/categories?post=415875"},{"taxonomy":"post_tag","embeddable":true,"href":"https:\/\/portaltela.pt\/api\/wp\/v2\/tags?post=415875"}],"curies":[{"name":"wp","href":"https:\/\/api.w.org\/{rel}","templated":true}]}}