{"id":415860,"date":"2026-03-19T09:27:48","date_gmt":"2026-03-19T12:27:48","guid":{"rendered":"https:\/\/portaltela.pt\/noticias\/2026\/03\/19\/debate-sobre-cheias-e-gestao-da-agua-divide-especialistas\/"},"modified":"2026-03-19T09:27:48","modified_gmt":"2026-03-19T12:27:48","slug":"debate-sobre-cheias-e-gestao-da-agua-divide-especialistas","status":"publish","type":"post","link":"https:\/\/portaltela.pt\/noticias\/2026\/03\/19\/debate-sobre-cheias-e-gestao-da-agua-divide-especialistas\/","title":{"rendered":"Debate sobre cheias e gest\u00e3o da \u00e1gua divide especialistas"},"content":{"rendered":"<p>O debate sobre o papel das barragens na gest\u00e3o da \u00e1gua dividiu especialistas num webinar promovido pelo movimento proTEJO. A sess\u00e3o ocorreu na noite de quarta-feira, contou com cerca de 70 participantes e reuniu mais de 150 inscritos de associa\u00e7\u00f5es ambientalistas e movimentos de cidadania em todo o pa\u00eds.<\/p>\n<p>Jo\u00e3o Joanaz de Melo, professor da NOVA de Lisboa e membro do GEOTA, e Jorge Froes, engenheiro agr\u00f3nomo da Associa\u00e7\u00e3o +Tejo, participaram na sess\u00e3o moderada por Paulo Silva, do movimento MovRioDouro. O encontro permitiu apresentar perspetivas contradit\u00f3rias sobre cheias, barragens e gest\u00e3o h\u00eddrica.<\/p>\n<p>O porta-voz do proTEJO, Paulo Constantino, descreveu o debate como vivo e participativo, destacando duas vis\u00f5es opostas sobre a gest\u00e3o da \u00e1gua. Uma das mensagens centrais foi a poss\u00edvel limitada efic\u00e1cia de novas barragens para controle de cheias, citando a barragem de Girabolhos como exemplo de reten\u00e7\u00e3o potencialmente esgot\u00e1vel em eventos de precipita\u00e7\u00e3o intensa.<\/p>\n<p>Foram discutidos ainda temas como a seguran\u00e7a das infraestruturas, o ordenamento do territ\u00f3rio e a constru\u00e7\u00e3o em leitos de cheia. A utilidade da energia hidroel\u00e9trica gerada por novas estruturas foi apresentada como residual face aos custos, sugerindo melhorar o desempenho das infraestruturas j\u00e1 existentes.<\/p>\n<p>A sess\u00e3o tamb\u00e9m abordou o Projeto Tejo, que prev\u00ea a\u00e7udes para tornar o rio naveg\u00e1vel, refor\u00e7ar o regadio e regular caudais. Froes defendeu o projeto como solu\u00e7\u00e3o para a gest\u00e3o da \u00e1gua, enquanto o proTEJO e Joanaz de Melo contestaram, apontando impactos negativos.<\/p>\n<p>Entre as cr\u00edticas destacaram-se a conectividade fluvial, efeitos na biodiversidade e no transporte de sedimentos, com consequ\u00eancias como maior eros\u00e3o costeira. Os intervenientes sublinharam a necessidade de equilibrar rentabilidade agr\u00edcola com prote\u00e7\u00e3o ecol\u00f3gica para a sustentabilidade a longo prazo.<\/p>\n<p>O debate refor\u00e7ou a ideia de que as barreiras entre desenvolvimento econ\u00f3mico e preserva\u00e7\u00e3o ambiental exigem alinhamento estrat\u00e9gico. Foi enfatizada a import\u00e2ncia de transitar para modelos mais sustent\u00e1veis na gest\u00e3o da \u00e1gua, da agricultura e do territ\u00f3rio.<\/p>\n<p>O webinar abriu um novo ciclo de debates promovido pelo proTEJO, em parceria com o MovRioDouro e a Plataforma \u00c1gua Sustent\u00e1vel. Seguiram encontros de cidadania realizados em Coimbra, em 2024, e em Const\u00e2ncia, em 2025, que definiram prioridades como caudais ecol\u00f3gicos e oposi\u00e7\u00e3o a novas barragens.<\/p>\n","protected":false},"excerpt":{"rendered":"<ul>\n<li>Webinar promovido pelo movimento proTEJO discutiu o papel das barragens na gest\u00e3o de cheias, com posi\u00e7\u00f5es a favor de novas infraestruturas e alertas sobre impactos ambientais.<\/li>\n<li>Participaram Jo\u00e3o Joanaz de Melo, da Universidade NOVA de Lisboa e GEOTA, e Jorge Froes, da Associa\u00e7\u00e3o +Tejo, com modera\u00e7\u00e3o de Paulo Silva, do movimento #MovRioDouro.<\/li>\n<li>Foi apontado que a constru\u00e7\u00e3o de novas barragens pode ter efic\u00e1cia reduzida; como exemplo, a barragem de Girabolhos poderia ver a sua capacidade de reten\u00e7\u00e3o esgotada em precipita\u00e7\u00e3o intensa.<\/li>\n<li>Tamb\u00e9m foram discutidos temas como seguran\u00e7a das infraestruturas, ordenamento do territ\u00f3rio \u2014 incluindo constru\u00e7\u00f5es em leitos de cheia \u2014 e o contributo da hidroeletricidade, considerado residual face aos custos, defendendo-se optimizar estruturas existentes.<\/li>\n<li>Sobre o Projeto Tejo, houve diverg\u00eancia: Froes defendeu a solu\u00e7\u00e3o, enquanto proTEJO e Jo\u00e3o Joanaz de Melo apontaram impactos negativos na conectividade fluvial, biodiversidade, transporte de sedimentos e eros\u00e3o costeira, sublinhando a necessidade de equilibrar desenvolvimento econ\u00f3mico com prote\u00e7\u00e3o ambiental.<\/li>\n<\/ul>\n","protected":false},"author":2,"featured_media":415866,"comment_status":"closed","ping_status":"closed","sticky":false,"template":"","format":"standard","meta":{"footnotes":""},"categories":[6725,1],"tags":[6336,4924,2415,45,1506,2408],"class_list":["post-415860","post","type-post","status-publish","format-standard","has-post-thumbnail","hentry","category-meio-ambiente","category-noticias","tag-a-agua","tag-barragens","tag-gestao","tag-meio-ambiente","tag-ordenamento-do-territorio","tag-tejo"],"yoast_head":"<!-- This site is optimized with the Yoast SEO plugin v27.2 - https:\/\/yoast.com\/product\/yoast-seo-wordpress\/ -->\n<title>Debate sobre cheias e gest\u00e3o da \u00e1gua divide especialistas - Portal Tela Portugal<\/title>\n<meta name=\"robots\" content=\"index, follow, max-snippet:-1, max-image-preview:large, max-video-preview:-1\" \/>\n<meta property=\"og:locale\" content=\"pt_PT\" \/>\n<meta property=\"og:type\" content=\"article\" \/>\n<meta property=\"og:title\" content=\"Debate sobre cheias e gest\u00e3o da \u00e1gua divide especialistas - Portal Tela Portugal\" \/>\n<meta property=\"og:description\" content=\"Webinar promovido pelo movimento proTEJO discutiu o papel das barragens na gest\u00e3o de cheias, com posi\u00e7\u00f5es a favor de novas infraestruturas e alertas sobre impactos ambientais. Participaram Jo\u00e3o Joanaz de Melo, da Universidade NOVA de Lisboa e GEOTA, e Jorge Froes, da Associa\u00e7\u00e3o +Tejo, com modera\u00e7\u00e3o de Paulo Silva, do movimento #MovRioDouro. Foi apontado que a constru\u00e7\u00e3o de novas barragens pode ter efic\u00e1cia reduzida; como exemplo, a barragem de Girabolhos poderia ver a sua capacidade de reten\u00e7\u00e3o esgotada em precipita\u00e7\u00e3o intensa. Tamb\u00e9m foram discutidos temas como seguran\u00e7a das infraestruturas, ordenamento do territ\u00f3rio \u2014 incluindo constru\u00e7\u00f5es em leitos de cheia \u2014 e o contributo da hidroeletricidade, considerado residual face aos custos, defendendo-se optimizar estruturas existentes. Sobre o Projeto Tejo, houve diverg\u00eancia: Froes defendeu a solu\u00e7\u00e3o, enquanto proTEJO e Jo\u00e3o Joanaz de Melo apontaram impactos negativos na conectividade fluvial, biodiversidade, transporte de sedimentos e eros\u00e3o costeira, sublinhando a necessidade de equilibrar desenvolvimento econ\u00f3mico com prote\u00e7\u00e3o ambiental.\" \/>\n<meta property=\"og:url\" content=\"https:\/\/portaltela.pt\/noticias\/2026\/03\/19\/debate-sobre-cheias-e-gestao-da-agua-divide-especialistas\/\" \/>\n<meta property=\"og:site_name\" content=\"Portal Tela Portugal\" \/>\n<meta property=\"article:published_time\" content=\"2026-03-19T12:27:48+00:00\" \/>\n<meta name=\"author\" content=\"Telinha\" \/>\n<meta name=\"twitter:card\" content=\"summary_large_image\" \/>\n<meta name=\"twitter:label1\" content=\"Escrito por\" \/>\n\t<meta name=\"twitter:data1\" content=\"Telinha\" \/>\n\t<meta name=\"twitter:label2\" content=\"Tempo estimado de leitura\" \/>\n\t<meta name=\"twitter:data2\" content=\"2 minutos\" \/>\n<script type=\"application\/ld+json\" class=\"yoast-schema-graph\">{\"@context\":\"https:\/\/schema.org\",\"@graph\":[{\"@type\":\"Article\",\"@id\":\"https:\/\/portaltela.pt\/noticias\/2026\/03\/19\/debate-sobre-cheias-e-gestao-da-agua-divide-especialistas\/#article\",\"isPartOf\":{\"@id\":\"https:\/\/portaltela.pt\/noticias\/2026\/03\/19\/debate-sobre-cheias-e-gestao-da-agua-divide-especialistas\/\"},\"author\":{\"name\":\"Telinha\",\"@id\":\"https:\/\/portaltela.pt\/#\/schema\/person\/c4278d4a6028830caff9ee44b42d32ed\"},\"headline\":\"Debate sobre cheias e gest\u00e3o da \u00e1gua divide especialistas\",\"datePublished\":\"2026-03-19T12:27:48+00:00\",\"mainEntityOfPage\":{\"@id\":\"https:\/\/portaltela.pt\/noticias\/2026\/03\/19\/debate-sobre-cheias-e-gestao-da-agua-divide-especialistas\/\"},\"wordCount\":408,\"image\":{\"@id\":\"https:\/\/portaltela.pt\/noticias\/2026\/03\/19\/debate-sobre-cheias-e-gestao-da-agua-divide-especialistas\/#primaryimage\"},\"thumbnailUrl\":\"https:\/\/portaltela.pt\/s.01k8rhncp4jt1\/2026\/03\/img_1280x721uu2026-02-12-20-31-08-2266554.jpg\",\"keywords\":[\"a \u00e1gua\",\"barragens\",\"gest\u00e3o\",\"meio-ambiente\",\"ordenamento do territ\u00f3rio\",\"Tejo\"],\"articleSection\":[\"Meio Ambiente\",\"Not\u00edcias\"],\"inLanguage\":\"pt-PT\"},{\"@type\":\"WebPage\",\"@id\":\"https:\/\/portaltela.pt\/noticias\/2026\/03\/19\/debate-sobre-cheias-e-gestao-da-agua-divide-especialistas\/\",\"url\":\"https:\/\/portaltela.pt\/noticias\/2026\/03\/19\/debate-sobre-cheias-e-gestao-da-agua-divide-especialistas\/\",\"name\":\"Debate sobre cheias e gest\u00e3o da \u00e1gua divide especialistas - Portal Tela Portugal\",\"isPartOf\":{\"@id\":\"https:\/\/portaltela.pt\/#website\"},\"primaryImageOfPage\":{\"@id\":\"https:\/\/portaltela.pt\/noticias\/2026\/03\/19\/debate-sobre-cheias-e-gestao-da-agua-divide-especialistas\/#primaryimage\"},\"image\":{\"@id\":\"https:\/\/portaltela.pt\/noticias\/2026\/03\/19\/debate-sobre-cheias-e-gestao-da-agua-divide-especialistas\/#primaryimage\"},\"thumbnailUrl\":\"https:\/\/portaltela.pt\/s.01k8rhncp4jt1\/2026\/03\/img_1280x721uu2026-02-12-20-31-08-2266554.jpg\",\"datePublished\":\"2026-03-19T12:27:48+00:00\",\"author\":{\"@id\":\"https:\/\/portaltela.pt\/#\/schema\/person\/c4278d4a6028830caff9ee44b42d32ed\"},\"breadcrumb\":{\"@id\":\"https:\/\/portaltela.pt\/noticias\/2026\/03\/19\/debate-sobre-cheias-e-gestao-da-agua-divide-especialistas\/#breadcrumb\"},\"inLanguage\":\"pt-PT\",\"potentialAction\":[{\"@type\":\"ReadAction\",\"target\":[\"https:\/\/portaltela.pt\/noticias\/2026\/03\/19\/debate-sobre-cheias-e-gestao-da-agua-divide-especialistas\/\"]}]},{\"@type\":\"ImageObject\",\"inLanguage\":\"pt-PT\",\"@id\":\"https:\/\/portaltela.pt\/noticias\/2026\/03\/19\/debate-sobre-cheias-e-gestao-da-agua-divide-especialistas\/#primaryimage\",\"url\":\"https:\/\/portaltela.pt\/s.01k8rhncp4jt1\/2026\/03\/img_1280x721uu2026-02-12-20-31-08-2266554.jpg\",\"contentUrl\":\"https:\/\/portaltela.pt\/s.01k8rhncp4jt1\/2026\/03\/img_1280x721uu2026-02-12-20-31-08-2266554.jpg\",\"width\":796,\"height\":448,\"caption\":\"Barragens no limite 'Oriana' causam chuva forte e avisos vermelhos nos rios Tejo e Mondego\"},{\"@type\":\"BreadcrumbList\",\"@id\":\"https:\/\/portaltela.pt\/noticias\/2026\/03\/19\/debate-sobre-cheias-e-gestao-da-agua-divide-especialistas\/#breadcrumb\",\"itemListElement\":[{\"@type\":\"ListItem\",\"position\":1,\"name\":\"In\u00edcio\",\"item\":\"https:\/\/portaltela.pt\/\"},{\"@type\":\"ListItem\",\"position\":2,\"name\":\"Debate sobre cheias e gest\u00e3o da \u00e1gua divide especialistas\"}]},{\"@type\":\"WebSite\",\"@id\":\"https:\/\/portaltela.pt\/#website\",\"url\":\"https:\/\/portaltela.pt\/\",\"name\":\"Portal Tela Portugal\",\"description\":\"\",\"potentialAction\":[{\"@type\":\"SearchAction\",\"target\":{\"@type\":\"EntryPoint\",\"urlTemplate\":\"https:\/\/portaltela.pt\/?s={search_term_string}\"},\"query-input\":{\"@type\":\"PropertyValueSpecification\",\"valueRequired\":true,\"valueName\":\"search_term_string\"}}],\"inLanguage\":\"pt-PT\"},{\"@type\":\"Person\",\"@id\":\"https:\/\/portaltela.pt\/#\/schema\/person\/c4278d4a6028830caff9ee44b42d32ed\",\"name\":\"Telinha\",\"image\":{\"@type\":\"ImageObject\",\"inLanguage\":\"pt-PT\",\"@id\":\"https:\/\/portaltela.pt\/s.01k8rhncp4jt1\/2025\/11\/talking-bot-125x125.png\",\"url\":\"https:\/\/portaltela.pt\/s.01k8rhncp4jt1\/2025\/11\/talking-bot-125x125.png\",\"contentUrl\":\"https:\/\/portaltela.pt\/s.01k8rhncp4jt1\/2025\/11\/talking-bot-125x125.png\",\"caption\":\"Telinha\"},\"sameAs\":[\"https:\/\/portaltela.pt\/\"],\"url\":\"https:\/\/portaltela.pt\/por\/367410592786\/\"}]}<\/script>\n<!-- \/ Yoast SEO plugin. -->","yoast_head_json":{"title":"Debate sobre cheias e gest\u00e3o da \u00e1gua divide especialistas - Portal Tela Portugal","robots":{"index":"index","follow":"follow","max-snippet":"max-snippet:-1","max-image-preview":"max-image-preview:large","max-video-preview":"max-video-preview:-1"},"og_locale":"pt_PT","og_type":"article","og_title":"Debate sobre cheias e gest\u00e3o da \u00e1gua divide especialistas - Portal Tela Portugal","og_description":"Webinar promovido pelo movimento proTEJO discutiu o papel das barragens na gest\u00e3o de cheias, com posi\u00e7\u00f5es a favor de novas infraestruturas e alertas sobre impactos ambientais. Participaram Jo\u00e3o Joanaz de Melo, da Universidade NOVA de Lisboa e GEOTA, e Jorge Froes, da Associa\u00e7\u00e3o +Tejo, com modera\u00e7\u00e3o de Paulo Silva, do movimento #MovRioDouro. Foi apontado que a constru\u00e7\u00e3o de novas barragens pode ter efic\u00e1cia reduzida; como exemplo, a barragem de Girabolhos poderia ver a sua capacidade de reten\u00e7\u00e3o esgotada em precipita\u00e7\u00e3o intensa. Tamb\u00e9m foram discutidos temas como seguran\u00e7a das infraestruturas, ordenamento do territ\u00f3rio \u2014 incluindo constru\u00e7\u00f5es em leitos de cheia \u2014 e o contributo da hidroeletricidade, considerado residual face aos custos, defendendo-se optimizar estruturas existentes. Sobre o Projeto Tejo, houve diverg\u00eancia: Froes defendeu a solu\u00e7\u00e3o, enquanto proTEJO e Jo\u00e3o Joanaz de Melo apontaram impactos negativos na conectividade fluvial, biodiversidade, transporte de sedimentos e eros\u00e3o costeira, sublinhando a necessidade de equilibrar desenvolvimento econ\u00f3mico com prote\u00e7\u00e3o ambiental.","og_url":"https:\/\/portaltela.pt\/noticias\/2026\/03\/19\/debate-sobre-cheias-e-gestao-da-agua-divide-especialistas\/","og_site_name":"Portal Tela Portugal","article_published_time":"2026-03-19T12:27:48+00:00","author":"Telinha","twitter_card":"summary_large_image","twitter_misc":{"Escrito por":"Telinha","Tempo estimado de leitura":"2 minutos"},"schema":{"@context":"https:\/\/schema.org","@graph":[{"@type":"Article","@id":"https:\/\/portaltela.pt\/noticias\/2026\/03\/19\/debate-sobre-cheias-e-gestao-da-agua-divide-especialistas\/#article","isPartOf":{"@id":"https:\/\/portaltela.pt\/noticias\/2026\/03\/19\/debate-sobre-cheias-e-gestao-da-agua-divide-especialistas\/"},"author":{"name":"Telinha","@id":"https:\/\/portaltela.pt\/#\/schema\/person\/c4278d4a6028830caff9ee44b42d32ed"},"headline":"Debate sobre cheias e gest\u00e3o da \u00e1gua divide especialistas","datePublished":"2026-03-19T12:27:48+00:00","mainEntityOfPage":{"@id":"https:\/\/portaltela.pt\/noticias\/2026\/03\/19\/debate-sobre-cheias-e-gestao-da-agua-divide-especialistas\/"},"wordCount":408,"image":{"@id":"https:\/\/portaltela.pt\/noticias\/2026\/03\/19\/debate-sobre-cheias-e-gestao-da-agua-divide-especialistas\/#primaryimage"},"thumbnailUrl":"https:\/\/portaltela.pt\/s.01k8rhncp4jt1\/2026\/03\/img_1280x721uu2026-02-12-20-31-08-2266554.jpg","keywords":["a \u00e1gua","barragens","gest\u00e3o","meio-ambiente","ordenamento do territ\u00f3rio","Tejo"],"articleSection":["Meio Ambiente","Not\u00edcias"],"inLanguage":"pt-PT"},{"@type":"WebPage","@id":"https:\/\/portaltela.pt\/noticias\/2026\/03\/19\/debate-sobre-cheias-e-gestao-da-agua-divide-especialistas\/","url":"https:\/\/portaltela.pt\/noticias\/2026\/03\/19\/debate-sobre-cheias-e-gestao-da-agua-divide-especialistas\/","name":"Debate sobre cheias e gest\u00e3o da \u00e1gua divide especialistas - Portal Tela Portugal","isPartOf":{"@id":"https:\/\/portaltela.pt\/#website"},"primaryImageOfPage":{"@id":"https:\/\/portaltela.pt\/noticias\/2026\/03\/19\/debate-sobre-cheias-e-gestao-da-agua-divide-especialistas\/#primaryimage"},"image":{"@id":"https:\/\/portaltela.pt\/noticias\/2026\/03\/19\/debate-sobre-cheias-e-gestao-da-agua-divide-especialistas\/#primaryimage"},"thumbnailUrl":"https:\/\/portaltela.pt\/s.01k8rhncp4jt1\/2026\/03\/img_1280x721uu2026-02-12-20-31-08-2266554.jpg","datePublished":"2026-03-19T12:27:48+00:00","author":{"@id":"https:\/\/portaltela.pt\/#\/schema\/person\/c4278d4a6028830caff9ee44b42d32ed"},"breadcrumb":{"@id":"https:\/\/portaltela.pt\/noticias\/2026\/03\/19\/debate-sobre-cheias-e-gestao-da-agua-divide-especialistas\/#breadcrumb"},"inLanguage":"pt-PT","potentialAction":[{"@type":"ReadAction","target":["https:\/\/portaltela.pt\/noticias\/2026\/03\/19\/debate-sobre-cheias-e-gestao-da-agua-divide-especialistas\/"]}]},{"@type":"ImageObject","inLanguage":"pt-PT","@id":"https:\/\/portaltela.pt\/noticias\/2026\/03\/19\/debate-sobre-cheias-e-gestao-da-agua-divide-especialistas\/#primaryimage","url":"https:\/\/portaltela.pt\/s.01k8rhncp4jt1\/2026\/03\/img_1280x721uu2026-02-12-20-31-08-2266554.jpg","contentUrl":"https:\/\/portaltela.pt\/s.01k8rhncp4jt1\/2026\/03\/img_1280x721uu2026-02-12-20-31-08-2266554.jpg","width":796,"height":448,"caption":"Barragens no limite 'Oriana' causam chuva forte e avisos vermelhos nos rios Tejo e Mondego"},{"@type":"BreadcrumbList","@id":"https:\/\/portaltela.pt\/noticias\/2026\/03\/19\/debate-sobre-cheias-e-gestao-da-agua-divide-especialistas\/#breadcrumb","itemListElement":[{"@type":"ListItem","position":1,"name":"In\u00edcio","item":"https:\/\/portaltela.pt\/"},{"@type":"ListItem","position":2,"name":"Debate sobre cheias e gest\u00e3o da \u00e1gua divide especialistas"}]},{"@type":"WebSite","@id":"https:\/\/portaltela.pt\/#website","url":"https:\/\/portaltela.pt\/","name":"Portal Tela Portugal","description":"","potentialAction":[{"@type":"SearchAction","target":{"@type":"EntryPoint","urlTemplate":"https:\/\/portaltela.pt\/?s={search_term_string}"},"query-input":{"@type":"PropertyValueSpecification","valueRequired":true,"valueName":"search_term_string"}}],"inLanguage":"pt-PT"},{"@type":"Person","@id":"https:\/\/portaltela.pt\/#\/schema\/person\/c4278d4a6028830caff9ee44b42d32ed","name":"Telinha","image":{"@type":"ImageObject","inLanguage":"pt-PT","@id":"https:\/\/portaltela.pt\/s.01k8rhncp4jt1\/2025\/11\/talking-bot-125x125.png","url":"https:\/\/portaltela.pt\/s.01k8rhncp4jt1\/2025\/11\/talking-bot-125x125.png","contentUrl":"https:\/\/portaltela.pt\/s.01k8rhncp4jt1\/2025\/11\/talking-bot-125x125.png","caption":"Telinha"},"sameAs":["https:\/\/portaltela.pt\/"],"url":"https:\/\/portaltela.pt\/por\/367410592786\/"}]}},"_links":{"self":[{"href":"https:\/\/portaltela.pt\/api\/wp\/v2\/posts\/415860","targetHints":{"allow":["GET"]}}],"collection":[{"href":"https:\/\/portaltela.pt\/api\/wp\/v2\/posts"}],"about":[{"href":"https:\/\/portaltela.pt\/api\/wp\/v2\/types\/post"}],"author":[{"embeddable":true,"href":"https:\/\/portaltela.pt\/api\/wp\/v2\/users\/2"}],"replies":[{"embeddable":true,"href":"https:\/\/portaltela.pt\/api\/wp\/v2\/comments?post=415860"}],"version-history":[{"count":0,"href":"https:\/\/portaltela.pt\/api\/wp\/v2\/posts\/415860\/revisions"}],"wp:featuredmedia":[{"embeddable":true,"href":"https:\/\/portaltela.pt\/api\/wp\/v2\/media\/415866"}],"wp:attachment":[{"href":"https:\/\/portaltela.pt\/api\/wp\/v2\/media?parent=415860"}],"wp:term":[{"taxonomy":"category","embeddable":true,"href":"https:\/\/portaltela.pt\/api\/wp\/v2\/categories?post=415860"},{"taxonomy":"post_tag","embeddable":true,"href":"https:\/\/portaltela.pt\/api\/wp\/v2\/tags?post=415860"}],"curies":[{"name":"wp","href":"https:\/\/api.w.org\/{rel}","templated":true}]}}