{"id":415843,"date":"2026-03-19T09:26:34","date_gmt":"2026-03-19T12:26:34","guid":{"rendered":"https:\/\/portaltela.pt\/noticias\/2026\/03\/19\/ocorrencias-da-depressao-therese-subiram-para-26-nos-acores\/"},"modified":"2026-03-19T09:26:34","modified_gmt":"2026-03-19T12:26:34","slug":"ocorrencias-da-depressao-therese-subiram-para-26-nos-acores","status":"publish","type":"post","link":"https:\/\/portaltela.pt\/tempo\/2026\/03\/19\/ocorrencias-da-depressao-therese-subiram-para-26-nos-acores\/","title":{"rendered":"Ocorr\u00eancias da depress\u00e3o Therese subiram para 26 nos A\u00e7ores"},"content":{"rendered":"<p>O Servi\u00e7o Regional de Prote\u00e7\u00e3o Civil e Bombeiros dos A\u00e7ores (SRPCBA) registou, at\u00e9 cerca das 10:30 de hoje, 26 ocorr\u00eancias provocadas pelo mau tempo em quatro ilhas do arquip\u00e9lago. A maioria decorre da queda de \u00e1rvores e de estruturas, com apenas danos materiais registados.<\/p>\n<p>At\u00e9 \u00e0s 08:00 locais, tinham sido reportadas 15 ocorr\u00eancias, mas esse n\u00famero subiu para 26 \u00e0s 10:00, conforme o SRPCBA. Dos incidentes, 18 ocorreram em S\u00e3o Miguel, 4 no Pico, 3 na Terceira e 1 em S\u00e3o Jorge.<\/p>\n<h3>Situa\u00e7\u00e3o atual das ocorr\u00eancias<\/h3>\n<p>As opera\u00e7\u00f5es de resposta envolvem bombeiros, as dire\u00e7\u00f5es regionais das Obras P\u00fablicas e dos Recursos Florestais e Ordenamento Territorial, servi\u00e7os municipais de prote\u00e7\u00e3o civil, a Pol\u00edcia de Seguran\u00e7a P\u00fablica e a EDA &#8211; Eletricidade dos A\u00e7ores. N\u00e3o foram registados feridos at\u00e9 ao momento.<\/p>\n<p>A\u00e7\u00f5es de apoio e resolu\u00e7\u00e3o t\u00eam sido realizadas nas \u00e1reas afetadas para aliviar danos e restabelecer servi\u00e7os. O SRPCBA continua a acompanhar a evolu\u00e7\u00e3o meteorol\u00f3gica e as ocorr\u00eancias em curso.<\/p>\n<h3>Previs\u00f5es e avisos<\/h3>\n<p>O arquip\u00e9lago est\u00e1 a ser atingido pela depress\u00e3o Therese, associada a um sistema frontal que pode intensificar o vento, com rajadas at\u00e9 95 km\/h no grupo Ocidental e 110 km\/h no Central e Oriental, conforme o IPMA. A agita\u00e7\u00e3o mar\u00edtima pode chegar a oito metros de altura.<\/p>\n<p>O IPMA prev\u00ea tamb\u00e9m aguaceiros, por vezes fortes, no Centro e Leste, com possibilidade de granizo e trovoada. A rede de previs\u00f5es recomenda precau\u00e7\u00e3o e autoprote\u00e7\u00e3o \u00e0 popula\u00e7\u00e3o.<\/p>\n<p>Avisos emitidos pelo IPMA incluem laranja para vento e agita\u00e7\u00e3o mar\u00edtima no Centro e Leste, amarelo para o Ocidental. O laranja indica risco moderado a elevado; o amarelo, risco para atividades espec\u00edficas dependentes do tempo.<\/p>\n","protected":false},"excerpt":{"rendered":"<ul>\n<li>O Servi\u00e7o Regional de Prote\u00e7\u00e3o Civil e Bombeiros dos A\u00e7ores registou 26 ocorr\u00eancias ligadas ao mau tempo at\u00e9 cerca das 10h30 desta quinta-feira, em quatro ilhas do arquip\u00e9lago.<\/li>\n<li>Entre as ocorr\u00eancias, 18 ocorreram na ilha de S\u00e3o Miguel, 4 no Pico, 3 na Terceira e 1 em S\u00e3o Jorge.<\/li>\n<li>A maioria dos incidendes envolve queda de \u00e1rvores e de estruturas, com apenas registo de danos materiais.<\/li>\n<li>As autoridades t\u00eam contado com o apoio de bombeiros, dire\u00e7\u00f5es regionais, servi\u00e7os municipais de prote\u00e7\u00e3o civil, pol\u00edcia e a EDA, entre outros.<\/li>\n<li>O IPMA prev\u00ea ventos fortes com rajadas at\u00e9 95 km\/h no grupo Ocidental e 110 km\/h no Central e Oriental, agita\u00e7\u00e3o mar\u00edtima at\u00e9 oito metros e possibilidade de granizo e trovoada, emitindo avisos laranja para os grupos Oriental e Central e amarelo para o Ocidental.<\/li>\n<\/ul>\n","protected":false},"author":2,"featured_media":415844,"comment_status":"closed","ping_status":"closed","sticky":false,"template":"","format":"standard","meta":{"footnotes":""},"categories":[7365],"tags":[822,183,971,5224,5099,2345],"class_list":["post-415843","post","type-post","status-publish","format-standard","has-post-thumbnail","hentry","category-tempo","tag-acores","tag-agitacao-maritima","tag-bombeiros","tag-clima","tag-protecao-civil-municipal","tag-ventos"],"yoast_head":"<!-- This site is optimized with the Yoast SEO plugin v27.2 - https:\/\/yoast.com\/product\/yoast-seo-wordpress\/ -->\n<title>Ocorr\u00eancias da depress\u00e3o Therese subiram para 26 nos A\u00e7ores - Portal Tela Portugal<\/title>\n<meta name=\"robots\" content=\"index, follow, max-snippet:-1, max-image-preview:large, max-video-preview:-1\" \/>\n<meta property=\"og:locale\" content=\"pt_PT\" \/>\n<meta property=\"og:type\" content=\"article\" \/>\n<meta property=\"og:title\" content=\"Ocorr\u00eancias da depress\u00e3o Therese subiram para 26 nos A\u00e7ores - Portal Tela Portugal\" \/>\n<meta property=\"og:description\" content=\"O Servi\u00e7o Regional de Prote\u00e7\u00e3o Civil e Bombeiros dos A\u00e7ores registou 26 ocorr\u00eancias ligadas ao mau tempo at\u00e9 cerca das 10h30 desta quinta-feira, em quatro ilhas do arquip\u00e9lago. Entre as ocorr\u00eancias, 18 ocorreram na ilha de S\u00e3o Miguel, 4 no Pico, 3 na Terceira e 1 em S\u00e3o Jorge. A maioria dos incidendes envolve queda de \u00e1rvores e de estruturas, com apenas registo de danos materiais. As autoridades t\u00eam contado com o apoio de bombeiros, dire\u00e7\u00f5es regionais, servi\u00e7os municipais de prote\u00e7\u00e3o civil, pol\u00edcia e a EDA, entre outros. O IPMA prev\u00ea ventos fortes com rajadas at\u00e9 95 km\/h no grupo Ocidental e 110 km\/h no Central e Oriental, agita\u00e7\u00e3o mar\u00edtima at\u00e9 oito metros e possibilidade de granizo e trovoada, emitindo avisos laranja para os grupos Oriental e Central e amarelo para o Ocidental.\" \/>\n<meta property=\"og:url\" content=\"https:\/\/portaltela.pt\/noticias\/2026\/03\/19\/ocorrencias-da-depressao-therese-subiram-para-26-nos-acores\/\" \/>\n<meta property=\"og:site_name\" content=\"Portal Tela Portugal\" \/>\n<meta property=\"article:published_time\" content=\"2026-03-19T12:26:34+00:00\" \/>\n<meta name=\"author\" content=\"Telinha\" \/>\n<meta name=\"twitter:card\" content=\"summary_large_image\" \/>\n<meta name=\"twitter:label1\" content=\"Escrito por\" \/>\n\t<meta name=\"twitter:data1\" content=\"Telinha\" \/>\n\t<meta name=\"twitter:label2\" content=\"Tempo estimado de leitura\" \/>\n\t<meta name=\"twitter:data2\" content=\"2 minutos\" \/>\n<script type=\"application\/ld+json\" class=\"yoast-schema-graph\">{\"@context\":\"https:\/\/schema.org\",\"@graph\":[{\"@type\":\"Article\",\"@id\":\"https:\/\/portaltela.pt\/noticias\/2026\/03\/19\/ocorrencias-da-depressao-therese-subiram-para-26-nos-acores\/#article\",\"isPartOf\":{\"@id\":\"https:\/\/portaltela.pt\/noticias\/2026\/03\/19\/ocorrencias-da-depressao-therese-subiram-para-26-nos-acores\/\"},\"author\":{\"name\":\"Telinha\",\"@id\":\"https:\/\/portaltela.pt\/#\/schema\/person\/c4278d4a6028830caff9ee44b42d32ed\"},\"headline\":\"Ocorr\u00eancias da depress\u00e3o Therese subiram para 26 nos A\u00e7ores\",\"datePublished\":\"2026-03-19T12:26:34+00:00\",\"mainEntityOfPage\":{\"@id\":\"https:\/\/portaltela.pt\/noticias\/2026\/03\/19\/ocorrencias-da-depressao-therese-subiram-para-26-nos-acores\/\"},\"wordCount\":313,\"image\":{\"@id\":\"https:\/\/portaltela.pt\/noticias\/2026\/03\/19\/ocorrencias-da-depressao-therese-subiram-para-26-nos-acores\/#primaryimage\"},\"thumbnailUrl\":\"https:\/\/portaltela.pt\/s.01k8rhncp4jt1\/2026\/03\/img_1280x721uu2016-10-05-23-12-00-568124.jpg\",\"keywords\":[\"A\u00e7ores\",\"agita\u00e7\u00e3o mar\u00edtima\",\"bombeiros\",\"clima\",\"Prote\u00e7\u00e3o Civil Municipal\",\"ventos\"],\"articleSection\":[\"Tempo\"],\"inLanguage\":\"pt-PT\"},{\"@type\":\"WebPage\",\"@id\":\"https:\/\/portaltela.pt\/noticias\/2026\/03\/19\/ocorrencias-da-depressao-therese-subiram-para-26-nos-acores\/\",\"url\":\"https:\/\/portaltela.pt\/noticias\/2026\/03\/19\/ocorrencias-da-depressao-therese-subiram-para-26-nos-acores\/\",\"name\":\"Ocorr\u00eancias da depress\u00e3o Therese subiram para 26 nos A\u00e7ores - Portal Tela Portugal\",\"isPartOf\":{\"@id\":\"https:\/\/portaltela.pt\/#website\"},\"primaryImageOfPage\":{\"@id\":\"https:\/\/portaltela.pt\/noticias\/2026\/03\/19\/ocorrencias-da-depressao-therese-subiram-para-26-nos-acores\/#primaryimage\"},\"image\":{\"@id\":\"https:\/\/portaltela.pt\/noticias\/2026\/03\/19\/ocorrencias-da-depressao-therese-subiram-para-26-nos-acores\/#primaryimage\"},\"thumbnailUrl\":\"https:\/\/portaltela.pt\/s.01k8rhncp4jt1\/2026\/03\/img_1280x721uu2016-10-05-23-12-00-568124.jpg\",\"datePublished\":\"2026-03-19T12:26:34+00:00\",\"author\":{\"@id\":\"https:\/\/portaltela.pt\/#\/schema\/person\/c4278d4a6028830caff9ee44b42d32ed\"},\"breadcrumb\":{\"@id\":\"https:\/\/portaltela.pt\/noticias\/2026\/03\/19\/ocorrencias-da-depressao-therese-subiram-para-26-nos-acores\/#breadcrumb\"},\"inLanguage\":\"pt-PT\",\"potentialAction\":[{\"@type\":\"ReadAction\",\"target\":[\"https:\/\/portaltela.pt\/noticias\/2026\/03\/19\/ocorrencias-da-depressao-therese-subiram-para-26-nos-acores\/\"]}]},{\"@type\":\"ImageObject\",\"inLanguage\":\"pt-PT\",\"@id\":\"https:\/\/portaltela.pt\/noticias\/2026\/03\/19\/ocorrencias-da-depressao-therese-subiram-para-26-nos-acores\/#primaryimage\",\"url\":\"https:\/\/portaltela.pt\/s.01k8rhncp4jt1\/2026\/03\/img_1280x721uu2016-10-05-23-12-00-568124.jpg\",\"contentUrl\":\"https:\/\/portaltela.pt\/s.01k8rhncp4jt1\/2026\/03\/img_1280x721uu2016-10-05-23-12-00-568124.jpg\",\"width\":796,\"height\":448,\"caption\":\"Mau tempo\"},{\"@type\":\"BreadcrumbList\",\"@id\":\"https:\/\/portaltela.pt\/noticias\/2026\/03\/19\/ocorrencias-da-depressao-therese-subiram-para-26-nos-acores\/#breadcrumb\",\"itemListElement\":[{\"@type\":\"ListItem\",\"position\":1,\"name\":\"In\u00edcio\",\"item\":\"https:\/\/portaltela.pt\/\"},{\"@type\":\"ListItem\",\"position\":2,\"name\":\"Ocorr\u00eancias da depress\u00e3o Therese subiram para 26 nos A\u00e7ores\"}]},{\"@type\":\"WebSite\",\"@id\":\"https:\/\/portaltela.pt\/#website\",\"url\":\"https:\/\/portaltela.pt\/\",\"name\":\"Portal Tela Portugal\",\"description\":\"\",\"potentialAction\":[{\"@type\":\"SearchAction\",\"target\":{\"@type\":\"EntryPoint\",\"urlTemplate\":\"https:\/\/portaltela.pt\/?s={search_term_string}\"},\"query-input\":{\"@type\":\"PropertyValueSpecification\",\"valueRequired\":true,\"valueName\":\"search_term_string\"}}],\"inLanguage\":\"pt-PT\"},{\"@type\":\"Person\",\"@id\":\"https:\/\/portaltela.pt\/#\/schema\/person\/c4278d4a6028830caff9ee44b42d32ed\",\"name\":\"Telinha\",\"image\":{\"@type\":\"ImageObject\",\"inLanguage\":\"pt-PT\",\"@id\":\"https:\/\/portaltela.pt\/s.01k8rhncp4jt1\/2025\/11\/talking-bot-125x125.png\",\"url\":\"https:\/\/portaltela.pt\/s.01k8rhncp4jt1\/2025\/11\/talking-bot-125x125.png\",\"contentUrl\":\"https:\/\/portaltela.pt\/s.01k8rhncp4jt1\/2025\/11\/talking-bot-125x125.png\",\"caption\":\"Telinha\"},\"sameAs\":[\"https:\/\/portaltela.pt\/\"],\"url\":\"https:\/\/portaltela.pt\/por\/367410592786\/\"}]}<\/script>\n<!-- \/ Yoast SEO plugin. -->","yoast_head_json":{"title":"Ocorr\u00eancias da depress\u00e3o Therese subiram para 26 nos A\u00e7ores - Portal Tela Portugal","robots":{"index":"index","follow":"follow","max-snippet":"max-snippet:-1","max-image-preview":"max-image-preview:large","max-video-preview":"max-video-preview:-1"},"og_locale":"pt_PT","og_type":"article","og_title":"Ocorr\u00eancias da depress\u00e3o Therese subiram para 26 nos A\u00e7ores - Portal Tela Portugal","og_description":"O Servi\u00e7o Regional de Prote\u00e7\u00e3o Civil e Bombeiros dos A\u00e7ores registou 26 ocorr\u00eancias ligadas ao mau tempo at\u00e9 cerca das 10h30 desta quinta-feira, em quatro ilhas do arquip\u00e9lago. Entre as ocorr\u00eancias, 18 ocorreram na ilha de S\u00e3o Miguel, 4 no Pico, 3 na Terceira e 1 em S\u00e3o Jorge. A maioria dos incidendes envolve queda de \u00e1rvores e de estruturas, com apenas registo de danos materiais. As autoridades t\u00eam contado com o apoio de bombeiros, dire\u00e7\u00f5es regionais, servi\u00e7os municipais de prote\u00e7\u00e3o civil, pol\u00edcia e a EDA, entre outros. O IPMA prev\u00ea ventos fortes com rajadas at\u00e9 95 km\/h no grupo Ocidental e 110 km\/h no Central e Oriental, agita\u00e7\u00e3o mar\u00edtima at\u00e9 oito metros e possibilidade de granizo e trovoada, emitindo avisos laranja para os grupos Oriental e Central e amarelo para o Ocidental.","og_url":"https:\/\/portaltela.pt\/noticias\/2026\/03\/19\/ocorrencias-da-depressao-therese-subiram-para-26-nos-acores\/","og_site_name":"Portal Tela Portugal","article_published_time":"2026-03-19T12:26:34+00:00","author":"Telinha","twitter_card":"summary_large_image","twitter_misc":{"Escrito por":"Telinha","Tempo estimado de leitura":"2 minutos"},"schema":{"@context":"https:\/\/schema.org","@graph":[{"@type":"Article","@id":"https:\/\/portaltela.pt\/noticias\/2026\/03\/19\/ocorrencias-da-depressao-therese-subiram-para-26-nos-acores\/#article","isPartOf":{"@id":"https:\/\/portaltela.pt\/noticias\/2026\/03\/19\/ocorrencias-da-depressao-therese-subiram-para-26-nos-acores\/"},"author":{"name":"Telinha","@id":"https:\/\/portaltela.pt\/#\/schema\/person\/c4278d4a6028830caff9ee44b42d32ed"},"headline":"Ocorr\u00eancias da depress\u00e3o Therese subiram para 26 nos A\u00e7ores","datePublished":"2026-03-19T12:26:34+00:00","mainEntityOfPage":{"@id":"https:\/\/portaltela.pt\/noticias\/2026\/03\/19\/ocorrencias-da-depressao-therese-subiram-para-26-nos-acores\/"},"wordCount":313,"image":{"@id":"https:\/\/portaltela.pt\/noticias\/2026\/03\/19\/ocorrencias-da-depressao-therese-subiram-para-26-nos-acores\/#primaryimage"},"thumbnailUrl":"https:\/\/portaltela.pt\/s.01k8rhncp4jt1\/2026\/03\/img_1280x721uu2016-10-05-23-12-00-568124.jpg","keywords":["A\u00e7ores","agita\u00e7\u00e3o mar\u00edtima","bombeiros","clima","Prote\u00e7\u00e3o Civil Municipal","ventos"],"articleSection":["Tempo"],"inLanguage":"pt-PT"},{"@type":"WebPage","@id":"https:\/\/portaltela.pt\/noticias\/2026\/03\/19\/ocorrencias-da-depressao-therese-subiram-para-26-nos-acores\/","url":"https:\/\/portaltela.pt\/noticias\/2026\/03\/19\/ocorrencias-da-depressao-therese-subiram-para-26-nos-acores\/","name":"Ocorr\u00eancias da depress\u00e3o Therese subiram para 26 nos A\u00e7ores - Portal Tela Portugal","isPartOf":{"@id":"https:\/\/portaltela.pt\/#website"},"primaryImageOfPage":{"@id":"https:\/\/portaltela.pt\/noticias\/2026\/03\/19\/ocorrencias-da-depressao-therese-subiram-para-26-nos-acores\/#primaryimage"},"image":{"@id":"https:\/\/portaltela.pt\/noticias\/2026\/03\/19\/ocorrencias-da-depressao-therese-subiram-para-26-nos-acores\/#primaryimage"},"thumbnailUrl":"https:\/\/portaltela.pt\/s.01k8rhncp4jt1\/2026\/03\/img_1280x721uu2016-10-05-23-12-00-568124.jpg","datePublished":"2026-03-19T12:26:34+00:00","author":{"@id":"https:\/\/portaltela.pt\/#\/schema\/person\/c4278d4a6028830caff9ee44b42d32ed"},"breadcrumb":{"@id":"https:\/\/portaltela.pt\/noticias\/2026\/03\/19\/ocorrencias-da-depressao-therese-subiram-para-26-nos-acores\/#breadcrumb"},"inLanguage":"pt-PT","potentialAction":[{"@type":"ReadAction","target":["https:\/\/portaltela.pt\/noticias\/2026\/03\/19\/ocorrencias-da-depressao-therese-subiram-para-26-nos-acores\/"]}]},{"@type":"ImageObject","inLanguage":"pt-PT","@id":"https:\/\/portaltela.pt\/noticias\/2026\/03\/19\/ocorrencias-da-depressao-therese-subiram-para-26-nos-acores\/#primaryimage","url":"https:\/\/portaltela.pt\/s.01k8rhncp4jt1\/2026\/03\/img_1280x721uu2016-10-05-23-12-00-568124.jpg","contentUrl":"https:\/\/portaltela.pt\/s.01k8rhncp4jt1\/2026\/03\/img_1280x721uu2016-10-05-23-12-00-568124.jpg","width":796,"height":448,"caption":"Mau tempo"},{"@type":"BreadcrumbList","@id":"https:\/\/portaltela.pt\/noticias\/2026\/03\/19\/ocorrencias-da-depressao-therese-subiram-para-26-nos-acores\/#breadcrumb","itemListElement":[{"@type":"ListItem","position":1,"name":"In\u00edcio","item":"https:\/\/portaltela.pt\/"},{"@type":"ListItem","position":2,"name":"Ocorr\u00eancias da depress\u00e3o Therese subiram para 26 nos A\u00e7ores"}]},{"@type":"WebSite","@id":"https:\/\/portaltela.pt\/#website","url":"https:\/\/portaltela.pt\/","name":"Portal Tela Portugal","description":"","potentialAction":[{"@type":"SearchAction","target":{"@type":"EntryPoint","urlTemplate":"https:\/\/portaltela.pt\/?s={search_term_string}"},"query-input":{"@type":"PropertyValueSpecification","valueRequired":true,"valueName":"search_term_string"}}],"inLanguage":"pt-PT"},{"@type":"Person","@id":"https:\/\/portaltela.pt\/#\/schema\/person\/c4278d4a6028830caff9ee44b42d32ed","name":"Telinha","image":{"@type":"ImageObject","inLanguage":"pt-PT","@id":"https:\/\/portaltela.pt\/s.01k8rhncp4jt1\/2025\/11\/talking-bot-125x125.png","url":"https:\/\/portaltela.pt\/s.01k8rhncp4jt1\/2025\/11\/talking-bot-125x125.png","contentUrl":"https:\/\/portaltela.pt\/s.01k8rhncp4jt1\/2025\/11\/talking-bot-125x125.png","caption":"Telinha"},"sameAs":["https:\/\/portaltela.pt\/"],"url":"https:\/\/portaltela.pt\/por\/367410592786\/"}]}},"_links":{"self":[{"href":"https:\/\/portaltela.pt\/api\/wp\/v2\/posts\/415843","targetHints":{"allow":["GET"]}}],"collection":[{"href":"https:\/\/portaltela.pt\/api\/wp\/v2\/posts"}],"about":[{"href":"https:\/\/portaltela.pt\/api\/wp\/v2\/types\/post"}],"author":[{"embeddable":true,"href":"https:\/\/portaltela.pt\/api\/wp\/v2\/users\/2"}],"replies":[{"embeddable":true,"href":"https:\/\/portaltela.pt\/api\/wp\/v2\/comments?post=415843"}],"version-history":[{"count":0,"href":"https:\/\/portaltela.pt\/api\/wp\/v2\/posts\/415843\/revisions"}],"wp:featuredmedia":[{"embeddable":true,"href":"https:\/\/portaltela.pt\/api\/wp\/v2\/media\/415844"}],"wp:attachment":[{"href":"https:\/\/portaltela.pt\/api\/wp\/v2\/media?parent=415843"}],"wp:term":[{"taxonomy":"category","embeddable":true,"href":"https:\/\/portaltela.pt\/api\/wp\/v2\/categories?post=415843"},{"taxonomy":"post_tag","embeddable":true,"href":"https:\/\/portaltela.pt\/api\/wp\/v2\/tags?post=415843"}],"curies":[{"name":"wp","href":"https:\/\/api.w.org\/{rel}","templated":true}]}}