{"id":415839,"date":"2026-03-19T09:09:28","date_gmt":"2026-03-19T12:09:28","guid":{"rendered":"https:\/\/portaltela.pt\/noticias\/2026\/03\/19\/gebalis-conclui-reabilitacao-de-edificios-municipais-na-ceuta-e-maria-pia\/"},"modified":"2026-03-19T09:09:28","modified_gmt":"2026-03-19T12:09:28","slug":"gebalis-conclui-reabilitacao-de-edificios-municipais-na-ceuta-e-maria-pia","status":"publish","type":"post","link":"https:\/\/portaltela.pt\/sociedade\/2026\/03\/19\/gebalis-conclui-reabilitacao-de-edificios-municipais-na-ceuta-e-maria-pia\/","title":{"rendered":"Gebalis conclui reabilita\u00e7\u00e3o de edif\u00edcios municipais na Ceuta e Maria Pia"},"content":{"rendered":"<p>A Gebalis concluiu as obras de reabilita\u00e7\u00e3o de edif\u00edcios municipais na Avenida de Ceuta (Sul) e na Rua Maria Pia, em Lisboa. As interven\u00e7\u00f5es integram o programa \u2018Morar Melhor\u2019, promovido pela empresa municipal em articula\u00e7\u00e3o com a C\u00e2mara Municipal de Lisboa, e visam melhorar as condi\u00e7\u00f5es de habitabilidade e efici\u00eancia energ\u00e9tica. O investimento global supera os 4,8 milh\u00f5es de euros, beneficiando 916 moradores.<\/p>\n<p>O projeto em Ceuta, Bairro Vale de Alc\u00e2ntara, incorporou oito edif\u00edcios (Lotes 1 a 8), com 205 fra\u00e7\u00f5es e cerca de 574 residentes. Ao longo de 12 meses, houve conserva\u00e7\u00e3o, repara\u00e7\u00e3o e restauro de fachadas, coberturas e embasamentos, al\u00e9m da substitui\u00e7\u00e3o de caixilharias, estores e caixas de correio. O foco foi corrigir patologias e elevar o conforto e a salubridade.<\/p>\n<p>Na Rua Maria Pia, Lotes 1 a 4, foram reabilitadas 61 fra\u00e7\u00f5es, beneficiando 171 moradores, num investimento de 1,7 milh\u00f5es de euros. Com 13 meses de execu\u00e7\u00e3o, as obras centram-se na recupera\u00e7\u00e3o de fachadas e coberturas, substitui\u00e7\u00e3o de caixilharias e estores, e melhoria da efici\u00eancia energ\u00e9tica e da seguran\u00e7a.<\/p>\n<h3>Interven\u00e7\u00f5es na Avenida de Ceuta<\/h3>\n<p>A interven\u00e7\u00e3o na Avenida de Ceuta refor\u00e7a a moderniza\u00e7\u00e3o de estruturas existentes, com foco na melhoria t\u00e9rmica e na qualidade de vida das fam\u00edlias. Os trabalhos inclu\u00edram reparos em elementos estruturais e a renova\u00e7\u00e3o de sistemas de utilidade para maior durabilidade.<\/p>\n<h3>Interven\u00e7\u00f5es na Rua Maria Pia<\/h3>\n<p>Em Maria Pia, a reabilita\u00e7\u00e3o visou tamb\u00e9m manter a imagem urbana do conjunto edificado, elevando o conforto t\u00e9rmico e a seguran\u00e7a. O conjunto de obras pretende consolidar a pol\u00edtica de reabilita\u00e7\u00e3o de edificado municipal iniciada em 2023.<\/p>\n<p>As interven\u00e7\u00f5es refor\u00e7am o calend\u00e1rio do programa \u2018Morar Melhor\u2019, com progressos j\u00e1 vis\u00edveis em v\u00e1rios bairros de Lisboa. A Gebalis continua a coordenar a\u00e7\u00f5es de requalifica\u00e7\u00e3o com foco na qualidade de vida das comunidades.<\/p>\n<p>Fonte: Gebalis, com apoio de comunica\u00e7\u00e3o institucional.<\/p>\n","protected":false},"excerpt":{"rendered":"<ul>\n<li>A Gebalis concluiu as obras de reabilita\u00e7\u00e3o de edif\u00edcios municipais da Avenida de Ceuta (Vale de Alc\u00e2ntara) e da Rua Maria Pia, no \u00e2mbito do programa Morar Melhor, beneficiando 745 moradores.<\/li>\n<li>Investimento total superior a 4,8 milh\u00f5es de euros; Avenida de Ceuta: 3.105.939,84 euros para 205 fra\u00e7\u00f5es e 574 moradores, ao longo de doze meses.<\/li>\n<li>Rua Maria Pia: 1.698.895,19 euros, para 61 fra\u00e7\u00f5es e 171 habitantes, com execu\u00e7\u00e3o de treze meses.<\/li>\n<li>As interven\u00e7\u00f5es incluem conserva\u00e7\u00e3o, restauro, substitui\u00e7\u00e3o de caixilharias e estores, melhorias energ\u00e9ticas e de conforto t\u00e9rmico, visando salubridade e qualidade de vida.<\/li>\n<li>O presidente do Conselho de Administra\u00e7\u00e3o, Fernando Angleu, afirma que as obras demonstram a capacidade da Gebalis de executar o programa Morar Melhor, promovendo im\u00f3veis mais dignos e bairros mais resilientes.<\/li>\n<\/ul>\n","protected":false},"author":2,"featured_media":415840,"comment_status":"closed","ping_status":"closed","sticky":false,"template":"","format":"standard","meta":{"footnotes":""},"categories":[6725,6871],"tags":[1022,150,1167,981,229,2433],"class_list":["post-415839","post","type-post","status-publish","format-standard","has-post-thumbnail","hentry","category-meio-ambiente","category-sociedade","tag-eficiencia-energetica","tag-habitacao","tag-habitacao-social","tag-lisboa","tag-politica-publica","tag-requalificacao-urbana"],"yoast_head":"<!-- This site is optimized with the Yoast SEO plugin v27.2 - https:\/\/yoast.com\/product\/yoast-seo-wordpress\/ -->\n<title>Gebalis conclui reabilita\u00e7\u00e3o de edif\u00edcios municipais na Ceuta e Maria Pia - Portal Tela Portugal<\/title>\n<meta name=\"robots\" content=\"index, follow, max-snippet:-1, max-image-preview:large, max-video-preview:-1\" \/>\n<meta property=\"og:locale\" content=\"pt_PT\" \/>\n<meta property=\"og:type\" content=\"article\" \/>\n<meta property=\"og:title\" content=\"Gebalis conclui reabilita\u00e7\u00e3o de edif\u00edcios municipais na Ceuta e Maria Pia - Portal Tela Portugal\" \/>\n<meta property=\"og:description\" content=\"A Gebalis concluiu as obras de reabilita\u00e7\u00e3o de edif\u00edcios municipais da Avenida de Ceuta (Vale de Alc\u00e2ntara) e da Rua Maria Pia, no \u00e2mbito do programa Morar Melhor, beneficiando 745 moradores. Investimento total superior a 4,8 milh\u00f5es de euros; Avenida de Ceuta: 3.105.939,84 euros para 205 fra\u00e7\u00f5es e 574 moradores, ao longo de doze meses. Rua Maria Pia: 1.698.895,19 euros, para 61 fra\u00e7\u00f5es e 171 habitantes, com execu\u00e7\u00e3o de treze meses. As interven\u00e7\u00f5es incluem conserva\u00e7\u00e3o, restauro, substitui\u00e7\u00e3o de caixilharias e estores, melhorias energ\u00e9ticas e de conforto t\u00e9rmico, visando salubridade e qualidade de vida. O presidente do Conselho de Administra\u00e7\u00e3o, Fernando Angleu, afirma que as obras demonstram a capacidade da Gebalis de executar o programa Morar Melhor, promovendo im\u00f3veis mais dignos e bairros mais resilientes.\" \/>\n<meta property=\"og:url\" content=\"https:\/\/portaltela.pt\/noticias\/2026\/03\/19\/gebalis-conclui-reabilitacao-de-edificios-municipais-na-ceuta-e-maria-pia\/\" \/>\n<meta property=\"og:site_name\" content=\"Portal Tela Portugal\" \/>\n<meta property=\"article:published_time\" content=\"2026-03-19T12:09:28+00:00\" \/>\n<meta name=\"author\" content=\"Telinha\" \/>\n<meta name=\"twitter:card\" content=\"summary_large_image\" \/>\n<meta name=\"twitter:label1\" content=\"Escrito por\" \/>\n\t<meta name=\"twitter:data1\" content=\"Telinha\" \/>\n\t<meta name=\"twitter:label2\" content=\"Tempo estimado de leitura\" \/>\n\t<meta name=\"twitter:data2\" content=\"2 minutos\" \/>\n<script type=\"application\/ld+json\" class=\"yoast-schema-graph\">{\"@context\":\"https:\/\/schema.org\",\"@graph\":[{\"@type\":\"Article\",\"@id\":\"https:\/\/portaltela.pt\/noticias\/2026\/03\/19\/gebalis-conclui-reabilitacao-de-edificios-municipais-na-ceuta-e-maria-pia\/#article\",\"isPartOf\":{\"@id\":\"https:\/\/portaltela.pt\/noticias\/2026\/03\/19\/gebalis-conclui-reabilitacao-de-edificios-municipais-na-ceuta-e-maria-pia\/\"},\"author\":{\"name\":\"Telinha\",\"@id\":\"https:\/\/portaltela.pt\/#\/schema\/person\/c4278d4a6028830caff9ee44b42d32ed\"},\"headline\":\"Gebalis conclui reabilita\u00e7\u00e3o de edif\u00edcios municipais na Ceuta e Maria Pia\",\"datePublished\":\"2026-03-19T12:09:28+00:00\",\"mainEntityOfPage\":{\"@id\":\"https:\/\/portaltela.pt\/noticias\/2026\/03\/19\/gebalis-conclui-reabilitacao-de-edificios-municipais-na-ceuta-e-maria-pia\/\"},\"wordCount\":347,\"image\":{\"@id\":\"https:\/\/portaltela.pt\/noticias\/2026\/03\/19\/gebalis-conclui-reabilitacao-de-edificios-municipais-na-ceuta-e-maria-pia\/#primaryimage\"},\"thumbnailUrl\":\"https:\/\/portaltela.pt\/s.01k8rhncp4jt1\/2026\/03\/img_1280x721uu2026-03-19-12-08-44-2273396.jpg\",\"keywords\":[\"Efici\u00eancia Energ\u00e9tica\",\"habita\u00e7\u00e3o\",\"habita\u00e7\u00e3o social\",\"Lisboa\",\"pol\u00edtica p\u00fablica\",\"requalifica\u00e7\u00e3o urbana\"],\"articleSection\":[\"Meio Ambiente\",\"Sociedade\"],\"inLanguage\":\"pt-PT\"},{\"@type\":\"WebPage\",\"@id\":\"https:\/\/portaltela.pt\/noticias\/2026\/03\/19\/gebalis-conclui-reabilitacao-de-edificios-municipais-na-ceuta-e-maria-pia\/\",\"url\":\"https:\/\/portaltela.pt\/noticias\/2026\/03\/19\/gebalis-conclui-reabilitacao-de-edificios-municipais-na-ceuta-e-maria-pia\/\",\"name\":\"Gebalis conclui reabilita\u00e7\u00e3o de edif\u00edcios municipais na Ceuta e Maria Pia - Portal Tela Portugal\",\"isPartOf\":{\"@id\":\"https:\/\/portaltela.pt\/#website\"},\"primaryImageOfPage\":{\"@id\":\"https:\/\/portaltela.pt\/noticias\/2026\/03\/19\/gebalis-conclui-reabilitacao-de-edificios-municipais-na-ceuta-e-maria-pia\/#primaryimage\"},\"image\":{\"@id\":\"https:\/\/portaltela.pt\/noticias\/2026\/03\/19\/gebalis-conclui-reabilitacao-de-edificios-municipais-na-ceuta-e-maria-pia\/#primaryimage\"},\"thumbnailUrl\":\"https:\/\/portaltela.pt\/s.01k8rhncp4jt1\/2026\/03\/img_1280x721uu2026-03-19-12-08-44-2273396.jpg\",\"datePublished\":\"2026-03-19T12:09:28+00:00\",\"author\":{\"@id\":\"https:\/\/portaltela.pt\/#\/schema\/person\/c4278d4a6028830caff9ee44b42d32ed\"},\"breadcrumb\":{\"@id\":\"https:\/\/portaltela.pt\/noticias\/2026\/03\/19\/gebalis-conclui-reabilitacao-de-edificios-municipais-na-ceuta-e-maria-pia\/#breadcrumb\"},\"inLanguage\":\"pt-PT\",\"potentialAction\":[{\"@type\":\"ReadAction\",\"target\":[\"https:\/\/portaltela.pt\/noticias\/2026\/03\/19\/gebalis-conclui-reabilitacao-de-edificios-municipais-na-ceuta-e-maria-pia\/\"]}]},{\"@type\":\"ImageObject\",\"inLanguage\":\"pt-PT\",\"@id\":\"https:\/\/portaltela.pt\/noticias\/2026\/03\/19\/gebalis-conclui-reabilitacao-de-edificios-municipais-na-ceuta-e-maria-pia\/#primaryimage\",\"url\":\"https:\/\/portaltela.pt\/s.01k8rhncp4jt1\/2026\/03\/img_1280x721uu2026-03-19-12-08-44-2273396.jpg\",\"contentUrl\":\"https:\/\/portaltela.pt\/s.01k8rhncp4jt1\/2026\/03\/img_1280x721uu2026-03-19-12-08-44-2273396.jpg\",\"width\":796,\"height\":448,\"caption\":\"Pr\u00e9dios de apartamentos modernos com estacionamento\"},{\"@type\":\"BreadcrumbList\",\"@id\":\"https:\/\/portaltela.pt\/noticias\/2026\/03\/19\/gebalis-conclui-reabilitacao-de-edificios-municipais-na-ceuta-e-maria-pia\/#breadcrumb\",\"itemListElement\":[{\"@type\":\"ListItem\",\"position\":1,\"name\":\"In\u00edcio\",\"item\":\"https:\/\/portaltela.pt\/\"},{\"@type\":\"ListItem\",\"position\":2,\"name\":\"Gebalis conclui reabilita\u00e7\u00e3o de edif\u00edcios municipais na Ceuta e Maria Pia\"}]},{\"@type\":\"WebSite\",\"@id\":\"https:\/\/portaltela.pt\/#website\",\"url\":\"https:\/\/portaltela.pt\/\",\"name\":\"Portal Tela Portugal\",\"description\":\"\",\"potentialAction\":[{\"@type\":\"SearchAction\",\"target\":{\"@type\":\"EntryPoint\",\"urlTemplate\":\"https:\/\/portaltela.pt\/?s={search_term_string}\"},\"query-input\":{\"@type\":\"PropertyValueSpecification\",\"valueRequired\":true,\"valueName\":\"search_term_string\"}}],\"inLanguage\":\"pt-PT\"},{\"@type\":\"Person\",\"@id\":\"https:\/\/portaltela.pt\/#\/schema\/person\/c4278d4a6028830caff9ee44b42d32ed\",\"name\":\"Telinha\",\"image\":{\"@type\":\"ImageObject\",\"inLanguage\":\"pt-PT\",\"@id\":\"https:\/\/portaltela.pt\/s.01k8rhncp4jt1\/2025\/11\/talking-bot-125x125.png\",\"url\":\"https:\/\/portaltela.pt\/s.01k8rhncp4jt1\/2025\/11\/talking-bot-125x125.png\",\"contentUrl\":\"https:\/\/portaltela.pt\/s.01k8rhncp4jt1\/2025\/11\/talking-bot-125x125.png\",\"caption\":\"Telinha\"},\"sameAs\":[\"https:\/\/portaltela.pt\/\"],\"url\":\"https:\/\/portaltela.pt\/por\/367410592786\/\"}]}<\/script>\n<!-- \/ Yoast SEO plugin. -->","yoast_head_json":{"title":"Gebalis conclui reabilita\u00e7\u00e3o de edif\u00edcios municipais na Ceuta e Maria Pia - Portal Tela Portugal","robots":{"index":"index","follow":"follow","max-snippet":"max-snippet:-1","max-image-preview":"max-image-preview:large","max-video-preview":"max-video-preview:-1"},"og_locale":"pt_PT","og_type":"article","og_title":"Gebalis conclui reabilita\u00e7\u00e3o de edif\u00edcios municipais na Ceuta e Maria Pia - Portal Tela Portugal","og_description":"A Gebalis concluiu as obras de reabilita\u00e7\u00e3o de edif\u00edcios municipais da Avenida de Ceuta (Vale de Alc\u00e2ntara) e da Rua Maria Pia, no \u00e2mbito do programa Morar Melhor, beneficiando 745 moradores. Investimento total superior a 4,8 milh\u00f5es de euros; Avenida de Ceuta: 3.105.939,84 euros para 205 fra\u00e7\u00f5es e 574 moradores, ao longo de doze meses. Rua Maria Pia: 1.698.895,19 euros, para 61 fra\u00e7\u00f5es e 171 habitantes, com execu\u00e7\u00e3o de treze meses. As interven\u00e7\u00f5es incluem conserva\u00e7\u00e3o, restauro, substitui\u00e7\u00e3o de caixilharias e estores, melhorias energ\u00e9ticas e de conforto t\u00e9rmico, visando salubridade e qualidade de vida. O presidente do Conselho de Administra\u00e7\u00e3o, Fernando Angleu, afirma que as obras demonstram a capacidade da Gebalis de executar o programa Morar Melhor, promovendo im\u00f3veis mais dignos e bairros mais resilientes.","og_url":"https:\/\/portaltela.pt\/noticias\/2026\/03\/19\/gebalis-conclui-reabilitacao-de-edificios-municipais-na-ceuta-e-maria-pia\/","og_site_name":"Portal Tela Portugal","article_published_time":"2026-03-19T12:09:28+00:00","author":"Telinha","twitter_card":"summary_large_image","twitter_misc":{"Escrito por":"Telinha","Tempo estimado de leitura":"2 minutos"},"schema":{"@context":"https:\/\/schema.org","@graph":[{"@type":"Article","@id":"https:\/\/portaltela.pt\/noticias\/2026\/03\/19\/gebalis-conclui-reabilitacao-de-edificios-municipais-na-ceuta-e-maria-pia\/#article","isPartOf":{"@id":"https:\/\/portaltela.pt\/noticias\/2026\/03\/19\/gebalis-conclui-reabilitacao-de-edificios-municipais-na-ceuta-e-maria-pia\/"},"author":{"name":"Telinha","@id":"https:\/\/portaltela.pt\/#\/schema\/person\/c4278d4a6028830caff9ee44b42d32ed"},"headline":"Gebalis conclui reabilita\u00e7\u00e3o de edif\u00edcios municipais na Ceuta e Maria Pia","datePublished":"2026-03-19T12:09:28+00:00","mainEntityOfPage":{"@id":"https:\/\/portaltela.pt\/noticias\/2026\/03\/19\/gebalis-conclui-reabilitacao-de-edificios-municipais-na-ceuta-e-maria-pia\/"},"wordCount":347,"image":{"@id":"https:\/\/portaltela.pt\/noticias\/2026\/03\/19\/gebalis-conclui-reabilitacao-de-edificios-municipais-na-ceuta-e-maria-pia\/#primaryimage"},"thumbnailUrl":"https:\/\/portaltela.pt\/s.01k8rhncp4jt1\/2026\/03\/img_1280x721uu2026-03-19-12-08-44-2273396.jpg","keywords":["Efici\u00eancia Energ\u00e9tica","habita\u00e7\u00e3o","habita\u00e7\u00e3o social","Lisboa","pol\u00edtica p\u00fablica","requalifica\u00e7\u00e3o urbana"],"articleSection":["Meio Ambiente","Sociedade"],"inLanguage":"pt-PT"},{"@type":"WebPage","@id":"https:\/\/portaltela.pt\/noticias\/2026\/03\/19\/gebalis-conclui-reabilitacao-de-edificios-municipais-na-ceuta-e-maria-pia\/","url":"https:\/\/portaltela.pt\/noticias\/2026\/03\/19\/gebalis-conclui-reabilitacao-de-edificios-municipais-na-ceuta-e-maria-pia\/","name":"Gebalis conclui reabilita\u00e7\u00e3o de edif\u00edcios municipais na Ceuta e Maria Pia - Portal Tela Portugal","isPartOf":{"@id":"https:\/\/portaltela.pt\/#website"},"primaryImageOfPage":{"@id":"https:\/\/portaltela.pt\/noticias\/2026\/03\/19\/gebalis-conclui-reabilitacao-de-edificios-municipais-na-ceuta-e-maria-pia\/#primaryimage"},"image":{"@id":"https:\/\/portaltela.pt\/noticias\/2026\/03\/19\/gebalis-conclui-reabilitacao-de-edificios-municipais-na-ceuta-e-maria-pia\/#primaryimage"},"thumbnailUrl":"https:\/\/portaltela.pt\/s.01k8rhncp4jt1\/2026\/03\/img_1280x721uu2026-03-19-12-08-44-2273396.jpg","datePublished":"2026-03-19T12:09:28+00:00","author":{"@id":"https:\/\/portaltela.pt\/#\/schema\/person\/c4278d4a6028830caff9ee44b42d32ed"},"breadcrumb":{"@id":"https:\/\/portaltela.pt\/noticias\/2026\/03\/19\/gebalis-conclui-reabilitacao-de-edificios-municipais-na-ceuta-e-maria-pia\/#breadcrumb"},"inLanguage":"pt-PT","potentialAction":[{"@type":"ReadAction","target":["https:\/\/portaltela.pt\/noticias\/2026\/03\/19\/gebalis-conclui-reabilitacao-de-edificios-municipais-na-ceuta-e-maria-pia\/"]}]},{"@type":"ImageObject","inLanguage":"pt-PT","@id":"https:\/\/portaltela.pt\/noticias\/2026\/03\/19\/gebalis-conclui-reabilitacao-de-edificios-municipais-na-ceuta-e-maria-pia\/#primaryimage","url":"https:\/\/portaltela.pt\/s.01k8rhncp4jt1\/2026\/03\/img_1280x721uu2026-03-19-12-08-44-2273396.jpg","contentUrl":"https:\/\/portaltela.pt\/s.01k8rhncp4jt1\/2026\/03\/img_1280x721uu2026-03-19-12-08-44-2273396.jpg","width":796,"height":448,"caption":"Pr\u00e9dios de apartamentos modernos com estacionamento"},{"@type":"BreadcrumbList","@id":"https:\/\/portaltela.pt\/noticias\/2026\/03\/19\/gebalis-conclui-reabilitacao-de-edificios-municipais-na-ceuta-e-maria-pia\/#breadcrumb","itemListElement":[{"@type":"ListItem","position":1,"name":"In\u00edcio","item":"https:\/\/portaltela.pt\/"},{"@type":"ListItem","position":2,"name":"Gebalis conclui reabilita\u00e7\u00e3o de edif\u00edcios municipais na Ceuta e Maria Pia"}]},{"@type":"WebSite","@id":"https:\/\/portaltela.pt\/#website","url":"https:\/\/portaltela.pt\/","name":"Portal Tela Portugal","description":"","potentialAction":[{"@type":"SearchAction","target":{"@type":"EntryPoint","urlTemplate":"https:\/\/portaltela.pt\/?s={search_term_string}"},"query-input":{"@type":"PropertyValueSpecification","valueRequired":true,"valueName":"search_term_string"}}],"inLanguage":"pt-PT"},{"@type":"Person","@id":"https:\/\/portaltela.pt\/#\/schema\/person\/c4278d4a6028830caff9ee44b42d32ed","name":"Telinha","image":{"@type":"ImageObject","inLanguage":"pt-PT","@id":"https:\/\/portaltela.pt\/s.01k8rhncp4jt1\/2025\/11\/talking-bot-125x125.png","url":"https:\/\/portaltela.pt\/s.01k8rhncp4jt1\/2025\/11\/talking-bot-125x125.png","contentUrl":"https:\/\/portaltela.pt\/s.01k8rhncp4jt1\/2025\/11\/talking-bot-125x125.png","caption":"Telinha"},"sameAs":["https:\/\/portaltela.pt\/"],"url":"https:\/\/portaltela.pt\/por\/367410592786\/"}]}},"_links":{"self":[{"href":"https:\/\/portaltela.pt\/api\/wp\/v2\/posts\/415839","targetHints":{"allow":["GET"]}}],"collection":[{"href":"https:\/\/portaltela.pt\/api\/wp\/v2\/posts"}],"about":[{"href":"https:\/\/portaltela.pt\/api\/wp\/v2\/types\/post"}],"author":[{"embeddable":true,"href":"https:\/\/portaltela.pt\/api\/wp\/v2\/users\/2"}],"replies":[{"embeddable":true,"href":"https:\/\/portaltela.pt\/api\/wp\/v2\/comments?post=415839"}],"version-history":[{"count":0,"href":"https:\/\/portaltela.pt\/api\/wp\/v2\/posts\/415839\/revisions"}],"wp:featuredmedia":[{"embeddable":true,"href":"https:\/\/portaltela.pt\/api\/wp\/v2\/media\/415840"}],"wp:attachment":[{"href":"https:\/\/portaltela.pt\/api\/wp\/v2\/media?parent=415839"}],"wp:term":[{"taxonomy":"category","embeddable":true,"href":"https:\/\/portaltela.pt\/api\/wp\/v2\/categories?post=415839"},{"taxonomy":"post_tag","embeddable":true,"href":"https:\/\/portaltela.pt\/api\/wp\/v2\/tags?post=415839"}],"curies":[{"name":"wp","href":"https:\/\/api.w.org\/{rel}","templated":true}]}}