{"id":415823,"date":"2026-03-19T09:12:08","date_gmt":"2026-03-19T12:12:08","guid":{"rendered":"https:\/\/portaltela.pt\/noticias\/2026\/03\/19\/carro-do-diretor-administrativo-de-restaurante-de-luxo-encontrado-em-vale-do-lobo\/"},"modified":"2026-03-19T09:12:08","modified_gmt":"2026-03-19T12:12:08","slug":"carro-do-diretor-administrativo-de-restaurante-de-luxo-encontrado-em-vale-do-lobo","status":"publish","type":"post","link":"https:\/\/portaltela.pt\/policia\/2026\/03\/19\/carro-do-diretor-administrativo-de-restaurante-de-luxo-encontrado-em-vale-do-lobo\/","title":{"rendered":"Carro do diretor administrativo de restaurante de luxo encontrado em Vale do Lobo"},"content":{"rendered":"<p>O carro do diretor administrativo de um restaurante de luxo em Vale do Lobo foi encontrado estacionado junto a um restaurante em Olh\u00e3o, no Algarve. Ricardo Claro, propriet\u00e1rio do ve\u00edculo, continua desaparecido. A descoberta ocorreu na manh\u00e3 de 19 de mar\u00e7o de 2026, por uma equipa de investiga\u00e7\u00e3o.<\/p>\n<p>O ve\u00edculo apresenta sinais de uso recente e foi abandonado de forma intencional, segundo fontes pr\u00f3ximas \u00e0s investiga\u00e7\u00f5es. N\u00e3o h\u00e1, ainda, informa\u00e7\u00f5es oficiais sobre o paradeiro de Ricardo Claro, desaparecido desde o \u00faltimo domingo.<\/p>\n<p>A pol\u00edcia mant\u00e9m as buscas pelo respons\u00e1vel e analisa poss\u00edveis liga\u00e7\u00f5es com outros casos na regi\u00e3o. A comunidade local permanece em alerta e aguarda atualiza\u00e7\u00f5es sobre o desenrolar da investiga\u00e7\u00e3o.<\/p>\n<h3>Desenvolvimento da investiga\u00e7\u00e3o<\/h3>\n<p>A equipa respons\u00e1vel pela opera\u00e7\u00e3o investiga conex\u00f5es entre o ve\u00edculo encontrado e atividades il\u00edcitas potencialmente ligadas ao caso de desaparecimento. N\u00e3o foram reportadas declara\u00e7\u00f5es oficiais de autorizadas, nem de familiares, at\u00e9 ao momento.<\/p>\n<p>A status de Ricardo Claro continua sem confirma\u00e7\u00e3o p\u00fablica. As autoridades destacam que as informa\u00e7\u00f5es dispon\u00edveis devem ser confirmadas por meio de fontes oficiais, \u00e0 medida que o inqu\u00e9rito progride.<\/p>\n","protected":false},"excerpt":{"rendered":"<ul>\n<li>O carro do diretor administrativo de um restaurante de luxo em Vale do Lobo foi encontrado estacionado junto a um restaurante em Olh\u00e3o, Algarve.<\/li>\n<li>Ricardo Claro, propriet\u00e1rio do ve\u00edculo, continua desaparecido desde o \u00faltimo domingo.<\/li>\n<li>A investiga\u00e7\u00e3o, iniciada pela manh\u00e3 de quarta-feira, 19 de mar\u00e7o de 2026, pode ter liga\u00e7\u00e3o com atividades il\u00edcitas na regi\u00e3o.<\/li>\n<li>O ve\u00edculo foi abandonado intencionalmente e apresenta sinais de uso recente.<\/li>\n<li>A pol\u00edcia mant\u00e9m as buscas pela localiza\u00e7\u00e3o de Ricardo Claro e investiga poss\u00edveis liga\u00e7\u00f5es com outros casos na \u00e1rea.<\/li>\n<\/ul>\n","protected":false},"author":2,"featured_media":415826,"comment_status":"closed","ping_status":"closed","sticky":false,"template":"","format":"standard","meta":{"footnotes":""},"categories":[6907,6781],"tags":[928,2371,2337,217,3418,250],"class_list":["post-415823","post","type-post","status-publish","format-standard","has-post-thumbnail","hentry","category-crime","category-policia","tag-algarve","tag-automoveis","tag-desaparecidos-internos","tag-investigacao-criminal","tag-policia-de-seguranca-publica","tag-seguranca-publica"],"yoast_head":"<!-- This site is optimized with the Yoast SEO plugin v27.2 - https:\/\/yoast.com\/product\/yoast-seo-wordpress\/ -->\n<title>Carro do diretor administrativo de restaurante de luxo encontrado em Vale do Lobo - Portal Tela Portugal<\/title>\n<meta name=\"robots\" content=\"index, follow, max-snippet:-1, max-image-preview:large, max-video-preview:-1\" \/>\n<meta property=\"og:locale\" content=\"pt_PT\" \/>\n<meta property=\"og:type\" content=\"article\" \/>\n<meta property=\"og:title\" content=\"Carro do diretor administrativo de restaurante de luxo encontrado em Vale do Lobo - Portal Tela Portugal\" \/>\n<meta property=\"og:description\" content=\"O carro do diretor administrativo de um restaurante de luxo em Vale do Lobo foi encontrado estacionado junto a um restaurante em Olh\u00e3o, Algarve. Ricardo Claro, propriet\u00e1rio do ve\u00edculo, continua desaparecido desde o \u00faltimo domingo. A investiga\u00e7\u00e3o, iniciada pela manh\u00e3 de quarta-feira, 19 de mar\u00e7o de 2026, pode ter liga\u00e7\u00e3o com atividades il\u00edcitas na regi\u00e3o. O ve\u00edculo foi abandonado intencionalmente e apresenta sinais de uso recente. A pol\u00edcia mant\u00e9m as buscas pela localiza\u00e7\u00e3o de Ricardo Claro e investiga poss\u00edveis liga\u00e7\u00f5es com outros casos na \u00e1rea.\" \/>\n<meta property=\"og:url\" content=\"https:\/\/portaltela.pt\/noticias\/2026\/03\/19\/carro-do-diretor-administrativo-de-restaurante-de-luxo-encontrado-em-vale-do-lobo\/\" \/>\n<meta property=\"og:site_name\" content=\"Portal Tela Portugal\" \/>\n<meta property=\"article:published_time\" content=\"2026-03-19T12:12:08+00:00\" \/>\n<meta name=\"author\" content=\"Telinha\" \/>\n<meta name=\"twitter:card\" content=\"summary_large_image\" \/>\n<meta name=\"twitter:label1\" content=\"Escrito por\" \/>\n\t<meta name=\"twitter:data1\" content=\"Telinha\" \/>\n\t<meta name=\"twitter:label2\" content=\"Tempo estimado de leitura\" \/>\n\t<meta name=\"twitter:data2\" content=\"1 minuto\" \/>\n<script type=\"application\/ld+json\" class=\"yoast-schema-graph\">{\"@context\":\"https:\/\/schema.org\",\"@graph\":[{\"@type\":\"Article\",\"@id\":\"https:\/\/portaltela.pt\/noticias\/2026\/03\/19\/carro-do-diretor-administrativo-de-restaurante-de-luxo-encontrado-em-vale-do-lobo\/#article\",\"isPartOf\":{\"@id\":\"https:\/\/portaltela.pt\/noticias\/2026\/03\/19\/carro-do-diretor-administrativo-de-restaurante-de-luxo-encontrado-em-vale-do-lobo\/\"},\"author\":{\"name\":\"Telinha\",\"@id\":\"https:\/\/portaltela.pt\/#\/schema\/person\/c4278d4a6028830caff9ee44b42d32ed\"},\"headline\":\"Carro do diretor administrativo de restaurante de luxo encontrado em Vale do Lobo\",\"datePublished\":\"2026-03-19T12:12:08+00:00\",\"mainEntityOfPage\":{\"@id\":\"https:\/\/portaltela.pt\/noticias\/2026\/03\/19\/carro-do-diretor-administrativo-de-restaurante-de-luxo-encontrado-em-vale-do-lobo\/\"},\"wordCount\":219,\"image\":{\"@id\":\"https:\/\/portaltela.pt\/noticias\/2026\/03\/19\/carro-do-diretor-administrativo-de-restaurante-de-luxo-encontrado-em-vale-do-lobo\/#primaryimage\"},\"thumbnailUrl\":\"https:\/\/portaltela.pt\/s.01k8rhncp4jt1\/2026\/03\/img_1280x722uu2026-03-19-11-18-42-2273380.jpg\",\"keywords\":[\"Algarve\",\"Autom\u00f3veis\",\"desaparecidos internos\",\"investiga\u00e7\u00e3o criminal\",\"Pol\u00edcia de Seguran\u00e7a P\u00fablica\",\"seguran\u00e7a p\u00fablica\"],\"articleSection\":[\"Crime\",\"Pol\u00edcia\"],\"inLanguage\":\"pt-PT\"},{\"@type\":\"WebPage\",\"@id\":\"https:\/\/portaltela.pt\/noticias\/2026\/03\/19\/carro-do-diretor-administrativo-de-restaurante-de-luxo-encontrado-em-vale-do-lobo\/\",\"url\":\"https:\/\/portaltela.pt\/noticias\/2026\/03\/19\/carro-do-diretor-administrativo-de-restaurante-de-luxo-encontrado-em-vale-do-lobo\/\",\"name\":\"Carro do diretor administrativo de restaurante de luxo encontrado em Vale do Lobo - Portal Tela Portugal\",\"isPartOf\":{\"@id\":\"https:\/\/portaltela.pt\/#website\"},\"primaryImageOfPage\":{\"@id\":\"https:\/\/portaltela.pt\/noticias\/2026\/03\/19\/carro-do-diretor-administrativo-de-restaurante-de-luxo-encontrado-em-vale-do-lobo\/#primaryimage\"},\"image\":{\"@id\":\"https:\/\/portaltela.pt\/noticias\/2026\/03\/19\/carro-do-diretor-administrativo-de-restaurante-de-luxo-encontrado-em-vale-do-lobo\/#primaryimage\"},\"thumbnailUrl\":\"https:\/\/portaltela.pt\/s.01k8rhncp4jt1\/2026\/03\/img_1280x722uu2026-03-19-11-18-42-2273380.jpg\",\"datePublished\":\"2026-03-19T12:12:08+00:00\",\"author\":{\"@id\":\"https:\/\/portaltela.pt\/#\/schema\/person\/c4278d4a6028830caff9ee44b42d32ed\"},\"breadcrumb\":{\"@id\":\"https:\/\/portaltela.pt\/noticias\/2026\/03\/19\/carro-do-diretor-administrativo-de-restaurante-de-luxo-encontrado-em-vale-do-lobo\/#breadcrumb\"},\"inLanguage\":\"pt-PT\",\"potentialAction\":[{\"@type\":\"ReadAction\",\"target\":[\"https:\/\/portaltela.pt\/noticias\/2026\/03\/19\/carro-do-diretor-administrativo-de-restaurante-de-luxo-encontrado-em-vale-do-lobo\/\"]}]},{\"@type\":\"ImageObject\",\"inLanguage\":\"pt-PT\",\"@id\":\"https:\/\/portaltela.pt\/noticias\/2026\/03\/19\/carro-do-diretor-administrativo-de-restaurante-de-luxo-encontrado-em-vale-do-lobo\/#primaryimage\",\"url\":\"https:\/\/portaltela.pt\/s.01k8rhncp4jt1\/2026\/03\/img_1280x722uu2026-03-19-11-18-42-2273380.jpg\",\"contentUrl\":\"https:\/\/portaltela.pt\/s.01k8rhncp4jt1\/2026\/03\/img_1280x722uu2026-03-19-11-18-42-2273380.jpg\",\"width\":796,\"height\":448,\"caption\":\"Imagem do carro encontrado\"},{\"@type\":\"BreadcrumbList\",\"@id\":\"https:\/\/portaltela.pt\/noticias\/2026\/03\/19\/carro-do-diretor-administrativo-de-restaurante-de-luxo-encontrado-em-vale-do-lobo\/#breadcrumb\",\"itemListElement\":[{\"@type\":\"ListItem\",\"position\":1,\"name\":\"In\u00edcio\",\"item\":\"https:\/\/portaltela.pt\/\"},{\"@type\":\"ListItem\",\"position\":2,\"name\":\"Carro do diretor administrativo de restaurante de luxo encontrado em Vale do Lobo\"}]},{\"@type\":\"WebSite\",\"@id\":\"https:\/\/portaltela.pt\/#website\",\"url\":\"https:\/\/portaltela.pt\/\",\"name\":\"Portal Tela Portugal\",\"description\":\"\",\"potentialAction\":[{\"@type\":\"SearchAction\",\"target\":{\"@type\":\"EntryPoint\",\"urlTemplate\":\"https:\/\/portaltela.pt\/?s={search_term_string}\"},\"query-input\":{\"@type\":\"PropertyValueSpecification\",\"valueRequired\":true,\"valueName\":\"search_term_string\"}}],\"inLanguage\":\"pt-PT\"},{\"@type\":\"Person\",\"@id\":\"https:\/\/portaltela.pt\/#\/schema\/person\/c4278d4a6028830caff9ee44b42d32ed\",\"name\":\"Telinha\",\"image\":{\"@type\":\"ImageObject\",\"inLanguage\":\"pt-PT\",\"@id\":\"https:\/\/portaltela.pt\/s.01k8rhncp4jt1\/2025\/11\/talking-bot-125x125.png\",\"url\":\"https:\/\/portaltela.pt\/s.01k8rhncp4jt1\/2025\/11\/talking-bot-125x125.png\",\"contentUrl\":\"https:\/\/portaltela.pt\/s.01k8rhncp4jt1\/2025\/11\/talking-bot-125x125.png\",\"caption\":\"Telinha\"},\"sameAs\":[\"https:\/\/portaltela.pt\/\"],\"url\":\"https:\/\/portaltela.pt\/por\/367410592786\/\"}]}<\/script>\n<!-- \/ Yoast SEO plugin. -->","yoast_head_json":{"title":"Carro do diretor administrativo de restaurante de luxo encontrado em Vale do Lobo - Portal Tela Portugal","robots":{"index":"index","follow":"follow","max-snippet":"max-snippet:-1","max-image-preview":"max-image-preview:large","max-video-preview":"max-video-preview:-1"},"og_locale":"pt_PT","og_type":"article","og_title":"Carro do diretor administrativo de restaurante de luxo encontrado em Vale do Lobo - Portal Tela Portugal","og_description":"O carro do diretor administrativo de um restaurante de luxo em Vale do Lobo foi encontrado estacionado junto a um restaurante em Olh\u00e3o, Algarve. Ricardo Claro, propriet\u00e1rio do ve\u00edculo, continua desaparecido desde o \u00faltimo domingo. A investiga\u00e7\u00e3o, iniciada pela manh\u00e3 de quarta-feira, 19 de mar\u00e7o de 2026, pode ter liga\u00e7\u00e3o com atividades il\u00edcitas na regi\u00e3o. O ve\u00edculo foi abandonado intencionalmente e apresenta sinais de uso recente. A pol\u00edcia mant\u00e9m as buscas pela localiza\u00e7\u00e3o de Ricardo Claro e investiga poss\u00edveis liga\u00e7\u00f5es com outros casos na \u00e1rea.","og_url":"https:\/\/portaltela.pt\/noticias\/2026\/03\/19\/carro-do-diretor-administrativo-de-restaurante-de-luxo-encontrado-em-vale-do-lobo\/","og_site_name":"Portal Tela Portugal","article_published_time":"2026-03-19T12:12:08+00:00","author":"Telinha","twitter_card":"summary_large_image","twitter_misc":{"Escrito por":"Telinha","Tempo estimado de leitura":"1 minuto"},"schema":{"@context":"https:\/\/schema.org","@graph":[{"@type":"Article","@id":"https:\/\/portaltela.pt\/noticias\/2026\/03\/19\/carro-do-diretor-administrativo-de-restaurante-de-luxo-encontrado-em-vale-do-lobo\/#article","isPartOf":{"@id":"https:\/\/portaltela.pt\/noticias\/2026\/03\/19\/carro-do-diretor-administrativo-de-restaurante-de-luxo-encontrado-em-vale-do-lobo\/"},"author":{"name":"Telinha","@id":"https:\/\/portaltela.pt\/#\/schema\/person\/c4278d4a6028830caff9ee44b42d32ed"},"headline":"Carro do diretor administrativo de restaurante de luxo encontrado em Vale do Lobo","datePublished":"2026-03-19T12:12:08+00:00","mainEntityOfPage":{"@id":"https:\/\/portaltela.pt\/noticias\/2026\/03\/19\/carro-do-diretor-administrativo-de-restaurante-de-luxo-encontrado-em-vale-do-lobo\/"},"wordCount":219,"image":{"@id":"https:\/\/portaltela.pt\/noticias\/2026\/03\/19\/carro-do-diretor-administrativo-de-restaurante-de-luxo-encontrado-em-vale-do-lobo\/#primaryimage"},"thumbnailUrl":"https:\/\/portaltela.pt\/s.01k8rhncp4jt1\/2026\/03\/img_1280x722uu2026-03-19-11-18-42-2273380.jpg","keywords":["Algarve","Autom\u00f3veis","desaparecidos internos","investiga\u00e7\u00e3o criminal","Pol\u00edcia de Seguran\u00e7a P\u00fablica","seguran\u00e7a p\u00fablica"],"articleSection":["Crime","Pol\u00edcia"],"inLanguage":"pt-PT"},{"@type":"WebPage","@id":"https:\/\/portaltela.pt\/noticias\/2026\/03\/19\/carro-do-diretor-administrativo-de-restaurante-de-luxo-encontrado-em-vale-do-lobo\/","url":"https:\/\/portaltela.pt\/noticias\/2026\/03\/19\/carro-do-diretor-administrativo-de-restaurante-de-luxo-encontrado-em-vale-do-lobo\/","name":"Carro do diretor administrativo de restaurante de luxo encontrado em Vale do Lobo - Portal Tela Portugal","isPartOf":{"@id":"https:\/\/portaltela.pt\/#website"},"primaryImageOfPage":{"@id":"https:\/\/portaltela.pt\/noticias\/2026\/03\/19\/carro-do-diretor-administrativo-de-restaurante-de-luxo-encontrado-em-vale-do-lobo\/#primaryimage"},"image":{"@id":"https:\/\/portaltela.pt\/noticias\/2026\/03\/19\/carro-do-diretor-administrativo-de-restaurante-de-luxo-encontrado-em-vale-do-lobo\/#primaryimage"},"thumbnailUrl":"https:\/\/portaltela.pt\/s.01k8rhncp4jt1\/2026\/03\/img_1280x722uu2026-03-19-11-18-42-2273380.jpg","datePublished":"2026-03-19T12:12:08+00:00","author":{"@id":"https:\/\/portaltela.pt\/#\/schema\/person\/c4278d4a6028830caff9ee44b42d32ed"},"breadcrumb":{"@id":"https:\/\/portaltela.pt\/noticias\/2026\/03\/19\/carro-do-diretor-administrativo-de-restaurante-de-luxo-encontrado-em-vale-do-lobo\/#breadcrumb"},"inLanguage":"pt-PT","potentialAction":[{"@type":"ReadAction","target":["https:\/\/portaltela.pt\/noticias\/2026\/03\/19\/carro-do-diretor-administrativo-de-restaurante-de-luxo-encontrado-em-vale-do-lobo\/"]}]},{"@type":"ImageObject","inLanguage":"pt-PT","@id":"https:\/\/portaltela.pt\/noticias\/2026\/03\/19\/carro-do-diretor-administrativo-de-restaurante-de-luxo-encontrado-em-vale-do-lobo\/#primaryimage","url":"https:\/\/portaltela.pt\/s.01k8rhncp4jt1\/2026\/03\/img_1280x722uu2026-03-19-11-18-42-2273380.jpg","contentUrl":"https:\/\/portaltela.pt\/s.01k8rhncp4jt1\/2026\/03\/img_1280x722uu2026-03-19-11-18-42-2273380.jpg","width":796,"height":448,"caption":"Imagem do carro encontrado"},{"@type":"BreadcrumbList","@id":"https:\/\/portaltela.pt\/noticias\/2026\/03\/19\/carro-do-diretor-administrativo-de-restaurante-de-luxo-encontrado-em-vale-do-lobo\/#breadcrumb","itemListElement":[{"@type":"ListItem","position":1,"name":"In\u00edcio","item":"https:\/\/portaltela.pt\/"},{"@type":"ListItem","position":2,"name":"Carro do diretor administrativo de restaurante de luxo encontrado em Vale do Lobo"}]},{"@type":"WebSite","@id":"https:\/\/portaltela.pt\/#website","url":"https:\/\/portaltela.pt\/","name":"Portal Tela Portugal","description":"","potentialAction":[{"@type":"SearchAction","target":{"@type":"EntryPoint","urlTemplate":"https:\/\/portaltela.pt\/?s={search_term_string}"},"query-input":{"@type":"PropertyValueSpecification","valueRequired":true,"valueName":"search_term_string"}}],"inLanguage":"pt-PT"},{"@type":"Person","@id":"https:\/\/portaltela.pt\/#\/schema\/person\/c4278d4a6028830caff9ee44b42d32ed","name":"Telinha","image":{"@type":"ImageObject","inLanguage":"pt-PT","@id":"https:\/\/portaltela.pt\/s.01k8rhncp4jt1\/2025\/11\/talking-bot-125x125.png","url":"https:\/\/portaltela.pt\/s.01k8rhncp4jt1\/2025\/11\/talking-bot-125x125.png","contentUrl":"https:\/\/portaltela.pt\/s.01k8rhncp4jt1\/2025\/11\/talking-bot-125x125.png","caption":"Telinha"},"sameAs":["https:\/\/portaltela.pt\/"],"url":"https:\/\/portaltela.pt\/por\/367410592786\/"}]}},"_links":{"self":[{"href":"https:\/\/portaltela.pt\/api\/wp\/v2\/posts\/415823","targetHints":{"allow":["GET"]}}],"collection":[{"href":"https:\/\/portaltela.pt\/api\/wp\/v2\/posts"}],"about":[{"href":"https:\/\/portaltela.pt\/api\/wp\/v2\/types\/post"}],"author":[{"embeddable":true,"href":"https:\/\/portaltela.pt\/api\/wp\/v2\/users\/2"}],"replies":[{"embeddable":true,"href":"https:\/\/portaltela.pt\/api\/wp\/v2\/comments?post=415823"}],"version-history":[{"count":0,"href":"https:\/\/portaltela.pt\/api\/wp\/v2\/posts\/415823\/revisions"}],"wp:featuredmedia":[{"embeddable":true,"href":"https:\/\/portaltela.pt\/api\/wp\/v2\/media\/415826"}],"wp:attachment":[{"href":"https:\/\/portaltela.pt\/api\/wp\/v2\/media?parent=415823"}],"wp:term":[{"taxonomy":"category","embeddable":true,"href":"https:\/\/portaltela.pt\/api\/wp\/v2\/categories?post=415823"},{"taxonomy":"post_tag","embeddable":true,"href":"https:\/\/portaltela.pt\/api\/wp\/v2\/tags?post=415823"}],"curies":[{"name":"wp","href":"https:\/\/api.w.org\/{rel}","templated":true}]}}