{"id":415809,"date":"2026-03-19T09:02:25","date_gmt":"2026-03-19T12:02:25","guid":{"rendered":"https:\/\/portaltela.pt\/noticias\/2026\/03\/19\/parlamento-europeu-abre-caminho-para-adocao-do-acordo-ue-eua\/"},"modified":"2026-03-19T09:02:25","modified_gmt":"2026-03-19T12:02:25","slug":"parlamento-europeu-abre-caminho-para-adocao-do-acordo-ue-eua","status":"publish","type":"post","link":"https:\/\/portaltela.pt\/noticias\/politica\/2026\/03\/19\/parlamento-europeu-abre-caminho-para-adocao-do-acordo-ue-eua\/","title":{"rendered":"Parlamento Europeu abre caminho para ado\u00e7\u00e3o do acordo UE-EUA"},"content":{"rendered":"<p>A comiss\u00e3o de com\u00e9rcio do Parlamento Europeu aprovou, na quinta-feira, reduzir para zero os direitos aduaneiros da UE sobre a maioria dos produtos norte-americanos, conforme o acordo UE-EUA assinado em julho de 2025. A mudan\u00e7a abre o caminho para a implementa\u00e7\u00e3o plena, apesar das persistentes tens\u00f5es com Washington.<\/p>\n<p>A decis\u00e3o, por 29 votos a favor, elimina progressivamente os direitos da UE sobre muitos produtos industriais norte-americanos. O acordo de Turnberry prev\u00ea uma troca: a UE, por sua vez, eliminar\u00e1 tarifas sobre parte dos seus bens para incentivar o investimento nos EUA.<\/p>\n<p>O Parlamento Europeu pode agora aprovar o texto na sua totalidade, mas o processo pode atrasar-se para abril ou maio. Ainda \u00e9 necess\u00e1ria a negocia\u00e7\u00e3o da legisla\u00e7\u00e3o de execu\u00e7\u00e3o com os Estados-membros da UE.<\/p>\n<h3>Negocia\u00e7\u00e3o entre Parlamento e capitais<\/h3>\n<p>As altera\u00e7\u00f5es aprovadas pelos eurodeputados podem complicar o di\u00e1logo com as capitais, incluindo uma cl\u00e1usula de caducidade que restabeleceria os direitos aduaneiros ao fim de 18 meses se o acordo n\u00e3o fosse renovado, e uma cl\u00e1usula de suspens\u00e3o condicionada ao cumprimento de compromissos por Washington.<\/p>\n<p>Os eurodeputados j\u00e1 tinham desbloqueado o acordo numa sess\u00e3o anterior, ap\u00f3s press\u00e3o dos EUA e pedidos da Comiss\u00e3o Europeia para avan\u00e7ar. Washington tem pressionado pela conclus\u00e3o r\u00e1pida do tratado para desbloquear benef\u00edcios econ\u00f4micos m\u00fatuos.<\/p>\n<p>O embaixador dos EUA na UE reiterou, atrav\u00e9s das redes sociais, que as tarifas da UE sobre produtos americanos n\u00e3o mudaram e manifestou a esperan\u00e7a de que a UE finalize o acordo em seis meses e meio, para fortalecer a coopera\u00e7\u00e3o econ\u00f3mica e a seguran\u00e7a comum.<\/p>\n","protected":false},"excerpt":{"rendered":"<ul>\n<li>A comiss\u00e3o de com\u00e9rcio do Parlamento Europeu aprovou por 29 votos a favor reduzir para zero os direitos aduaneiros da UE sobre a maioria dos produtos industriais dos EUA, conforme o acordo UE-EUA de Turnberry.<\/li>\n<li>A medida aproxima o caminho para a implementa\u00e7\u00e3o do acordo, assinado pela presidente da Comiss\u00e3o Europeia, Ursula von der Leyen, e pelo presidente dos EUA, Donald Trump, no ver\u00e3o passado.<\/li>\n<li>A aprova\u00e7\u00e3o pode ainda sofrer atraso para abril ou maio, pois falta a negocia\u00e7\u00e3o com os Estados-membros da UE para finalizar a legisla\u00e7\u00e3o de execu\u00e7\u00e3o.<\/li>\n<li>As altera\u00e7\u00f5es dos eurodeputados incluem uma cl\u00e1usula de caducidade (restabelece direitos ap\u00f3s 18 meses) e uma cl\u00e1usula de suspens\u00e3o condicionada ao cumprimento dos compromissos de Washington.<\/li>\n<li>Washington tem pressionado para desbloquear o acordo, ap\u00f3s tens\u00f5es comerciais e imposi\u00e7\u00e3o de novas tarifas a produtos da UE, gerando preocupa\u00e7\u00e3o entre as empresas europeias.<\/li>\n<\/ul>\n","protected":false},"author":2,"featured_media":415815,"comment_status":"closed","ping_status":"closed","sticky":false,"template":"","format":"standard","meta":{"footnotes":""},"categories":[6912,5],"tags":[6115,3368,28,4255,5698,2055],"class_list":["post-415809","post","type-post","status-publish","format-standard","has-post-thumbnail","hentry","category-internacionais","category-politica","tag-_economia","tag-comercio-internacional","tag-economia","tag-investimento-internacional","tag-politica-internacional","tag-uniao-europeia"],"yoast_head":"<!-- This site is optimized with the Yoast SEO plugin v27.2 - https:\/\/yoast.com\/product\/yoast-seo-wordpress\/ -->\n<title>Parlamento Europeu abre caminho para ado\u00e7\u00e3o do acordo UE-EUA - Portal Tela Portugal<\/title>\n<meta name=\"robots\" content=\"index, follow, max-snippet:-1, max-image-preview:large, max-video-preview:-1\" \/>\n<meta property=\"og:locale\" content=\"pt_PT\" \/>\n<meta property=\"og:type\" content=\"article\" \/>\n<meta property=\"og:title\" content=\"Parlamento Europeu abre caminho para ado\u00e7\u00e3o do acordo UE-EUA - Portal Tela Portugal\" \/>\n<meta property=\"og:description\" content=\"A comiss\u00e3o de com\u00e9rcio do Parlamento Europeu aprovou por 29 votos a favor reduzir para zero os direitos aduaneiros da UE sobre a maioria dos produtos industriais dos EUA, conforme o acordo UE-EUA de Turnberry. A medida aproxima o caminho para a implementa\u00e7\u00e3o do acordo, assinado pela presidente da Comiss\u00e3o Europeia, Ursula von der Leyen, e pelo presidente dos EUA, Donald Trump, no ver\u00e3o passado. A aprova\u00e7\u00e3o pode ainda sofrer atraso para abril ou maio, pois falta a negocia\u00e7\u00e3o com os Estados-membros da UE para finalizar a legisla\u00e7\u00e3o de execu\u00e7\u00e3o. As altera\u00e7\u00f5es dos eurodeputados incluem uma cl\u00e1usula de caducidade (restabelece direitos ap\u00f3s 18 meses) e uma cl\u00e1usula de suspens\u00e3o condicionada ao cumprimento dos compromissos de Washington. Washington tem pressionado para desbloquear o acordo, ap\u00f3s tens\u00f5es comerciais e imposi\u00e7\u00e3o de novas tarifas a produtos da UE, gerando preocupa\u00e7\u00e3o entre as empresas europeias.\" \/>\n<meta property=\"og:url\" content=\"https:\/\/portaltela.pt\/noticias\/2026\/03\/19\/parlamento-europeu-abre-caminho-para-adocao-do-acordo-ue-eua\/\" \/>\n<meta property=\"og:site_name\" content=\"Portal Tela Portugal\" \/>\n<meta property=\"article:published_time\" content=\"2026-03-19T12:02:25+00:00\" \/>\n<meta name=\"author\" content=\"Telinha\" \/>\n<meta name=\"twitter:card\" content=\"summary_large_image\" \/>\n<meta name=\"twitter:label1\" content=\"Escrito por\" \/>\n\t<meta name=\"twitter:data1\" content=\"Telinha\" \/>\n\t<meta name=\"twitter:label2\" content=\"Tempo estimado de leitura\" \/>\n\t<meta name=\"twitter:data2\" content=\"1 minuto\" \/>\n<script type=\"application\/ld+json\" class=\"yoast-schema-graph\">{\"@context\":\"https:\/\/schema.org\",\"@graph\":[{\"@type\":\"Article\",\"@id\":\"https:\/\/portaltela.pt\/noticias\/2026\/03\/19\/parlamento-europeu-abre-caminho-para-adocao-do-acordo-ue-eua\/#article\",\"isPartOf\":{\"@id\":\"https:\/\/portaltela.pt\/noticias\/2026\/03\/19\/parlamento-europeu-abre-caminho-para-adocao-do-acordo-ue-eua\/\"},\"author\":{\"name\":\"Telinha\",\"@id\":\"https:\/\/portaltela.pt\/#\/schema\/person\/c4278d4a6028830caff9ee44b42d32ed\"},\"headline\":\"Parlamento Europeu abre caminho para ado\u00e7\u00e3o do acordo UE-EUA\",\"datePublished\":\"2026-03-19T12:02:25+00:00\",\"mainEntityOfPage\":{\"@id\":\"https:\/\/portaltela.pt\/noticias\/2026\/03\/19\/parlamento-europeu-abre-caminho-para-adocao-do-acordo-ue-eua\/\"},\"wordCount\":294,\"image\":{\"@id\":\"https:\/\/portaltela.pt\/noticias\/2026\/03\/19\/parlamento-europeu-abre-caminho-para-adocao-do-acordo-ue-eua\/#primaryimage\"},\"thumbnailUrl\":\"https:\/\/portaltela.pt\/s.01k8rhncp4jt1\/2026\/03\/1536x864_cmsv2_d027e02f-b538-5a76-bc89-b0238ea936eb-9662284.jpg\",\"keywords\":[\"_economia\",\"com\u00e9rcio internacional\",\"economia\",\"investimento internacional\",\"pol\u00edtica internacional\",\"Uni\u00e3o Europeia\"],\"articleSection\":[\"Internacionais\",\"Pol\u00edtica\"],\"inLanguage\":\"pt-PT\"},{\"@type\":\"WebPage\",\"@id\":\"https:\/\/portaltela.pt\/noticias\/2026\/03\/19\/parlamento-europeu-abre-caminho-para-adocao-do-acordo-ue-eua\/\",\"url\":\"https:\/\/portaltela.pt\/noticias\/2026\/03\/19\/parlamento-europeu-abre-caminho-para-adocao-do-acordo-ue-eua\/\",\"name\":\"Parlamento Europeu abre caminho para ado\u00e7\u00e3o do acordo UE-EUA - Portal Tela Portugal\",\"isPartOf\":{\"@id\":\"https:\/\/portaltela.pt\/#website\"},\"primaryImageOfPage\":{\"@id\":\"https:\/\/portaltela.pt\/noticias\/2026\/03\/19\/parlamento-europeu-abre-caminho-para-adocao-do-acordo-ue-eua\/#primaryimage\"},\"image\":{\"@id\":\"https:\/\/portaltela.pt\/noticias\/2026\/03\/19\/parlamento-europeu-abre-caminho-para-adocao-do-acordo-ue-eua\/#primaryimage\"},\"thumbnailUrl\":\"https:\/\/portaltela.pt\/s.01k8rhncp4jt1\/2026\/03\/1536x864_cmsv2_d027e02f-b538-5a76-bc89-b0238ea936eb-9662284.jpg\",\"datePublished\":\"2026-03-19T12:02:25+00:00\",\"author\":{\"@id\":\"https:\/\/portaltela.pt\/#\/schema\/person\/c4278d4a6028830caff9ee44b42d32ed\"},\"breadcrumb\":{\"@id\":\"https:\/\/portaltela.pt\/noticias\/2026\/03\/19\/parlamento-europeu-abre-caminho-para-adocao-do-acordo-ue-eua\/#breadcrumb\"},\"inLanguage\":\"pt-PT\",\"potentialAction\":[{\"@type\":\"ReadAction\",\"target\":[\"https:\/\/portaltela.pt\/noticias\/2026\/03\/19\/parlamento-europeu-abre-caminho-para-adocao-do-acordo-ue-eua\/\"]}]},{\"@type\":\"ImageObject\",\"inLanguage\":\"pt-PT\",\"@id\":\"https:\/\/portaltela.pt\/noticias\/2026\/03\/19\/parlamento-europeu-abre-caminho-para-adocao-do-acordo-ue-eua\/#primaryimage\",\"url\":\"https:\/\/portaltela.pt\/s.01k8rhncp4jt1\/2026\/03\/1536x864_cmsv2_d027e02f-b538-5a76-bc89-b0238ea936eb-9662284.jpg\",\"contentUrl\":\"https:\/\/portaltela.pt\/s.01k8rhncp4jt1\/2026\/03\/1536x864_cmsv2_d027e02f-b538-5a76-bc89-b0238ea936eb-9662284.jpg\",\"width\":796,\"height\":448,\"caption\":\"Os EUA lan\u00e7aram investiga\u00e7\u00f5es sobre produtos da UE por alegadas pr\u00e1ticas comerciais desleais, apesar de terem assinado um acordo comercial com o bloco em julho de 2025.\"},{\"@type\":\"BreadcrumbList\",\"@id\":\"https:\/\/portaltela.pt\/noticias\/2026\/03\/19\/parlamento-europeu-abre-caminho-para-adocao-do-acordo-ue-eua\/#breadcrumb\",\"itemListElement\":[{\"@type\":\"ListItem\",\"position\":1,\"name\":\"In\u00edcio\",\"item\":\"https:\/\/portaltela.pt\/\"},{\"@type\":\"ListItem\",\"position\":2,\"name\":\"Parlamento Europeu abre caminho para ado\u00e7\u00e3o do acordo UE-EUA\"}]},{\"@type\":\"WebSite\",\"@id\":\"https:\/\/portaltela.pt\/#website\",\"url\":\"https:\/\/portaltela.pt\/\",\"name\":\"Portal Tela Portugal\",\"description\":\"\",\"potentialAction\":[{\"@type\":\"SearchAction\",\"target\":{\"@type\":\"EntryPoint\",\"urlTemplate\":\"https:\/\/portaltela.pt\/?s={search_term_string}\"},\"query-input\":{\"@type\":\"PropertyValueSpecification\",\"valueRequired\":true,\"valueName\":\"search_term_string\"}}],\"inLanguage\":\"pt-PT\"},{\"@type\":\"Person\",\"@id\":\"https:\/\/portaltela.pt\/#\/schema\/person\/c4278d4a6028830caff9ee44b42d32ed\",\"name\":\"Telinha\",\"image\":{\"@type\":\"ImageObject\",\"inLanguage\":\"pt-PT\",\"@id\":\"https:\/\/portaltela.pt\/s.01k8rhncp4jt1\/2025\/11\/talking-bot-125x125.png\",\"url\":\"https:\/\/portaltela.pt\/s.01k8rhncp4jt1\/2025\/11\/talking-bot-125x125.png\",\"contentUrl\":\"https:\/\/portaltela.pt\/s.01k8rhncp4jt1\/2025\/11\/talking-bot-125x125.png\",\"caption\":\"Telinha\"},\"sameAs\":[\"https:\/\/portaltela.pt\/\"],\"url\":\"https:\/\/portaltela.pt\/por\/367410592786\/\"}]}<\/script>\n<!-- \/ Yoast SEO plugin. -->","yoast_head_json":{"title":"Parlamento Europeu abre caminho para ado\u00e7\u00e3o do acordo UE-EUA - Portal Tela Portugal","robots":{"index":"index","follow":"follow","max-snippet":"max-snippet:-1","max-image-preview":"max-image-preview:large","max-video-preview":"max-video-preview:-1"},"og_locale":"pt_PT","og_type":"article","og_title":"Parlamento Europeu abre caminho para ado\u00e7\u00e3o do acordo UE-EUA - Portal Tela Portugal","og_description":"A comiss\u00e3o de com\u00e9rcio do Parlamento Europeu aprovou por 29 votos a favor reduzir para zero os direitos aduaneiros da UE sobre a maioria dos produtos industriais dos EUA, conforme o acordo UE-EUA de Turnberry. A medida aproxima o caminho para a implementa\u00e7\u00e3o do acordo, assinado pela presidente da Comiss\u00e3o Europeia, Ursula von der Leyen, e pelo presidente dos EUA, Donald Trump, no ver\u00e3o passado. A aprova\u00e7\u00e3o pode ainda sofrer atraso para abril ou maio, pois falta a negocia\u00e7\u00e3o com os Estados-membros da UE para finalizar a legisla\u00e7\u00e3o de execu\u00e7\u00e3o. As altera\u00e7\u00f5es dos eurodeputados incluem uma cl\u00e1usula de caducidade (restabelece direitos ap\u00f3s 18 meses) e uma cl\u00e1usula de suspens\u00e3o condicionada ao cumprimento dos compromissos de Washington. Washington tem pressionado para desbloquear o acordo, ap\u00f3s tens\u00f5es comerciais e imposi\u00e7\u00e3o de novas tarifas a produtos da UE, gerando preocupa\u00e7\u00e3o entre as empresas europeias.","og_url":"https:\/\/portaltela.pt\/noticias\/2026\/03\/19\/parlamento-europeu-abre-caminho-para-adocao-do-acordo-ue-eua\/","og_site_name":"Portal Tela Portugal","article_published_time":"2026-03-19T12:02:25+00:00","author":"Telinha","twitter_card":"summary_large_image","twitter_misc":{"Escrito por":"Telinha","Tempo estimado de leitura":"1 minuto"},"schema":{"@context":"https:\/\/schema.org","@graph":[{"@type":"Article","@id":"https:\/\/portaltela.pt\/noticias\/2026\/03\/19\/parlamento-europeu-abre-caminho-para-adocao-do-acordo-ue-eua\/#article","isPartOf":{"@id":"https:\/\/portaltela.pt\/noticias\/2026\/03\/19\/parlamento-europeu-abre-caminho-para-adocao-do-acordo-ue-eua\/"},"author":{"name":"Telinha","@id":"https:\/\/portaltela.pt\/#\/schema\/person\/c4278d4a6028830caff9ee44b42d32ed"},"headline":"Parlamento Europeu abre caminho para ado\u00e7\u00e3o do acordo UE-EUA","datePublished":"2026-03-19T12:02:25+00:00","mainEntityOfPage":{"@id":"https:\/\/portaltela.pt\/noticias\/2026\/03\/19\/parlamento-europeu-abre-caminho-para-adocao-do-acordo-ue-eua\/"},"wordCount":294,"image":{"@id":"https:\/\/portaltela.pt\/noticias\/2026\/03\/19\/parlamento-europeu-abre-caminho-para-adocao-do-acordo-ue-eua\/#primaryimage"},"thumbnailUrl":"https:\/\/portaltela.pt\/s.01k8rhncp4jt1\/2026\/03\/1536x864_cmsv2_d027e02f-b538-5a76-bc89-b0238ea936eb-9662284.jpg","keywords":["_economia","com\u00e9rcio internacional","economia","investimento internacional","pol\u00edtica internacional","Uni\u00e3o Europeia"],"articleSection":["Internacionais","Pol\u00edtica"],"inLanguage":"pt-PT"},{"@type":"WebPage","@id":"https:\/\/portaltela.pt\/noticias\/2026\/03\/19\/parlamento-europeu-abre-caminho-para-adocao-do-acordo-ue-eua\/","url":"https:\/\/portaltela.pt\/noticias\/2026\/03\/19\/parlamento-europeu-abre-caminho-para-adocao-do-acordo-ue-eua\/","name":"Parlamento Europeu abre caminho para ado\u00e7\u00e3o do acordo UE-EUA - Portal Tela Portugal","isPartOf":{"@id":"https:\/\/portaltela.pt\/#website"},"primaryImageOfPage":{"@id":"https:\/\/portaltela.pt\/noticias\/2026\/03\/19\/parlamento-europeu-abre-caminho-para-adocao-do-acordo-ue-eua\/#primaryimage"},"image":{"@id":"https:\/\/portaltela.pt\/noticias\/2026\/03\/19\/parlamento-europeu-abre-caminho-para-adocao-do-acordo-ue-eua\/#primaryimage"},"thumbnailUrl":"https:\/\/portaltela.pt\/s.01k8rhncp4jt1\/2026\/03\/1536x864_cmsv2_d027e02f-b538-5a76-bc89-b0238ea936eb-9662284.jpg","datePublished":"2026-03-19T12:02:25+00:00","author":{"@id":"https:\/\/portaltela.pt\/#\/schema\/person\/c4278d4a6028830caff9ee44b42d32ed"},"breadcrumb":{"@id":"https:\/\/portaltela.pt\/noticias\/2026\/03\/19\/parlamento-europeu-abre-caminho-para-adocao-do-acordo-ue-eua\/#breadcrumb"},"inLanguage":"pt-PT","potentialAction":[{"@type":"ReadAction","target":["https:\/\/portaltela.pt\/noticias\/2026\/03\/19\/parlamento-europeu-abre-caminho-para-adocao-do-acordo-ue-eua\/"]}]},{"@type":"ImageObject","inLanguage":"pt-PT","@id":"https:\/\/portaltela.pt\/noticias\/2026\/03\/19\/parlamento-europeu-abre-caminho-para-adocao-do-acordo-ue-eua\/#primaryimage","url":"https:\/\/portaltela.pt\/s.01k8rhncp4jt1\/2026\/03\/1536x864_cmsv2_d027e02f-b538-5a76-bc89-b0238ea936eb-9662284.jpg","contentUrl":"https:\/\/portaltela.pt\/s.01k8rhncp4jt1\/2026\/03\/1536x864_cmsv2_d027e02f-b538-5a76-bc89-b0238ea936eb-9662284.jpg","width":796,"height":448,"caption":"Os EUA lan\u00e7aram investiga\u00e7\u00f5es sobre produtos da UE por alegadas pr\u00e1ticas comerciais desleais, apesar de terem assinado um acordo comercial com o bloco em julho de 2025."},{"@type":"BreadcrumbList","@id":"https:\/\/portaltela.pt\/noticias\/2026\/03\/19\/parlamento-europeu-abre-caminho-para-adocao-do-acordo-ue-eua\/#breadcrumb","itemListElement":[{"@type":"ListItem","position":1,"name":"In\u00edcio","item":"https:\/\/portaltela.pt\/"},{"@type":"ListItem","position":2,"name":"Parlamento Europeu abre caminho para ado\u00e7\u00e3o do acordo UE-EUA"}]},{"@type":"WebSite","@id":"https:\/\/portaltela.pt\/#website","url":"https:\/\/portaltela.pt\/","name":"Portal Tela Portugal","description":"","potentialAction":[{"@type":"SearchAction","target":{"@type":"EntryPoint","urlTemplate":"https:\/\/portaltela.pt\/?s={search_term_string}"},"query-input":{"@type":"PropertyValueSpecification","valueRequired":true,"valueName":"search_term_string"}}],"inLanguage":"pt-PT"},{"@type":"Person","@id":"https:\/\/portaltela.pt\/#\/schema\/person\/c4278d4a6028830caff9ee44b42d32ed","name":"Telinha","image":{"@type":"ImageObject","inLanguage":"pt-PT","@id":"https:\/\/portaltela.pt\/s.01k8rhncp4jt1\/2025\/11\/talking-bot-125x125.png","url":"https:\/\/portaltela.pt\/s.01k8rhncp4jt1\/2025\/11\/talking-bot-125x125.png","contentUrl":"https:\/\/portaltela.pt\/s.01k8rhncp4jt1\/2025\/11\/talking-bot-125x125.png","caption":"Telinha"},"sameAs":["https:\/\/portaltela.pt\/"],"url":"https:\/\/portaltela.pt\/por\/367410592786\/"}]}},"_links":{"self":[{"href":"https:\/\/portaltela.pt\/api\/wp\/v2\/posts\/415809","targetHints":{"allow":["GET"]}}],"collection":[{"href":"https:\/\/portaltela.pt\/api\/wp\/v2\/posts"}],"about":[{"href":"https:\/\/portaltela.pt\/api\/wp\/v2\/types\/post"}],"author":[{"embeddable":true,"href":"https:\/\/portaltela.pt\/api\/wp\/v2\/users\/2"}],"replies":[{"embeddable":true,"href":"https:\/\/portaltela.pt\/api\/wp\/v2\/comments?post=415809"}],"version-history":[{"count":0,"href":"https:\/\/portaltela.pt\/api\/wp\/v2\/posts\/415809\/revisions"}],"wp:featuredmedia":[{"embeddable":true,"href":"https:\/\/portaltela.pt\/api\/wp\/v2\/media\/415815"}],"wp:attachment":[{"href":"https:\/\/portaltela.pt\/api\/wp\/v2\/media?parent=415809"}],"wp:term":[{"taxonomy":"category","embeddable":true,"href":"https:\/\/portaltela.pt\/api\/wp\/v2\/categories?post=415809"},{"taxonomy":"post_tag","embeddable":true,"href":"https:\/\/portaltela.pt\/api\/wp\/v2\/tags?post=415809"}],"curies":[{"name":"wp","href":"https:\/\/api.w.org\/{rel}","templated":true}]}}