{"id":415808,"date":"2026-03-19T08:45:00","date_gmt":"2026-03-19T11:45:00","guid":{"rendered":"https:\/\/portaltela.pt\/noticias\/2026\/03\/19\/homem-baleado-e-golpeado-em-assalto-na-moita-morre-em-hospital-de-lisboa\/"},"modified":"2026-03-19T08:45:00","modified_gmt":"2026-03-19T11:45:00","slug":"homem-baleado-e-golpeado-em-assalto-na-moita-morre-em-hospital-de-lisboa","status":"publish","type":"post","link":"https:\/\/portaltela.pt\/policia\/2026\/03\/19\/homem-baleado-e-golpeado-em-assalto-na-moita-morre-em-hospital-de-lisboa\/","title":{"rendered":"Homem baleado e golpeado em assalto na Moita morre em hospital de Lisboa"},"content":{"rendered":"<p>O homem de 34 anos foi alvo de um assalto junto \u00e0 escola profissional da Moita, na hora de almo\u00e7o de quarta-feira. O atacante ou atacantes baleados e desferiram um golpe com katana, segundo a investiga\u00e7\u00e3o inicial. O incidente ocorreu no concelho da Moita.<\/p>\n<p>A v\u00edtima foi transportada para o hospital de S\u00e3o Jos\u00e9, em Lisboa, em estado est\u00e1vel pelos bombeiros da Moita, com apoio de uma Viatura M\u00e9dica de Urg\u00eancia do Barreiro. O seu estado, por\u00e9m, agravou-se de noite para madrugada, levando ao falecimento.<\/p>\n<p>A Pol\u00edcia Judici\u00e1ria (PJ) de Set\u00fabal instaurou o inqu\u00e9rito na tarde de quarta-feira. Foram realizadas per\u00edcias \u00e0 viatura da v\u00edtima e recolhido o depoimento do amigo, \u00fanico testemunha ocular. Este indicou dados sobre os autores, que passam a ser suspeitos de homic\u00eddio.<\/p>\n<h3>Investiga\u00e7\u00e3o em curso<\/h3>\n<p>A PJ continua a investigar as circunst\u00e2ncias do assalto, procurando confirmar a identidade dos cinco suspeitos. Provas recolhidas no local, bem como o depoimento da testemunha, s\u00e3o centrais para o esclarecimento do caso.<\/p>\n<p>A autoridade tem em curso a an\u00e1lise de imagens de videovigil\u00e2ncia e outras poss\u00edveis testemunhas. N\u00e3o foram ainda divulgados detalhes sobre motiva\u00e7\u00f5es ou outros envolvidos no crime.<\/p>\n","protected":false},"excerpt":{"rendered":"<ul>\n<li>Um homem de 34 anos foi baleado e golpeado com uma katana por cinco homens num assalto junto \u00e0 escola profissional da Moita.<\/li>\n<li>Foi transportado em estado est\u00e1vel para o hospital de S\u00e3o Jos\u00e9, em Lisboa, onde morreu na madrugada de quinta-feira.<\/li>\n<li>A Pol\u00edcia Judici\u00e1ria de Set\u00fabal abriu investiga\u00e7\u00e3o na tarde de quarta-feira e realizou per\u00edcias na viatura da v\u00edtima.<\/li>\n<li>O amigo da v\u00edtima, \u00fanico testemunha ocular, foi ouvido e descreveu dados dos autores, que passam a ser suspeitos de homic\u00eddio.<\/li>\n<li>A PJ continua a investigar, com recolha de depoimentos e per\u00edcias, para apurar o caso.<\/li>\n<\/ul>\n","protected":false},"author":2,"featured_media":415814,"comment_status":"closed","ping_status":"closed","sticky":false,"template":"","format":"standard","meta":{"footnotes":""},"categories":[6907,6781],"tags":[5674,1345,981,3569,1802,2234],"class_list":["post-415808","post","type-post","status-publish","format-standard","has-post-thumbnail","hentry","category-crime","category-policia","tag-assaltos","tag-homicidio","tag-lisboa","tag-moita","tag-policia-judiciaria","tag-videovigilancia"],"yoast_head":"<!-- This site is optimized with the Yoast SEO plugin v27.2 - https:\/\/yoast.com\/product\/yoast-seo-wordpress\/ -->\n<title>Homem baleado e golpeado em assalto na Moita morre em hospital de Lisboa - Portal Tela Portugal<\/title>\n<meta name=\"robots\" content=\"index, follow, max-snippet:-1, max-image-preview:large, max-video-preview:-1\" \/>\n<meta property=\"og:locale\" content=\"pt_PT\" \/>\n<meta property=\"og:type\" content=\"article\" \/>\n<meta property=\"og:title\" content=\"Homem baleado e golpeado em assalto na Moita morre em hospital de Lisboa - Portal Tela Portugal\" \/>\n<meta property=\"og:description\" content=\"Um homem de 34 anos foi baleado e golpeado com uma katana por cinco homens num assalto junto \u00e0 escola profissional da Moita. Foi transportado em estado est\u00e1vel para o hospital de S\u00e3o Jos\u00e9, em Lisboa, onde morreu na madrugada de quinta-feira. A Pol\u00edcia Judici\u00e1ria de Set\u00fabal abriu investiga\u00e7\u00e3o na tarde de quarta-feira e realizou per\u00edcias na viatura da v\u00edtima. O amigo da v\u00edtima, \u00fanico testemunha ocular, foi ouvido e descreveu dados dos autores, que passam a ser suspeitos de homic\u00eddio. A PJ continua a investigar, com recolha de depoimentos e per\u00edcias, para apurar o caso.\" \/>\n<meta property=\"og:url\" content=\"https:\/\/portaltela.pt\/noticias\/2026\/03\/19\/homem-baleado-e-golpeado-em-assalto-na-moita-morre-em-hospital-de-lisboa\/\" \/>\n<meta property=\"og:site_name\" content=\"Portal Tela Portugal\" \/>\n<meta property=\"article:published_time\" content=\"2026-03-19T11:45:00+00:00\" \/>\n<meta name=\"author\" content=\"Telinha\" \/>\n<meta name=\"twitter:card\" content=\"summary_large_image\" \/>\n<meta name=\"twitter:label1\" content=\"Escrito por\" \/>\n\t<meta name=\"twitter:data1\" content=\"Telinha\" \/>\n\t<meta name=\"twitter:label2\" content=\"Tempo estimado de leitura\" \/>\n\t<meta name=\"twitter:data2\" content=\"1 minuto\" \/>\n<script type=\"application\/ld+json\" class=\"yoast-schema-graph\">{\"@context\":\"https:\/\/schema.org\",\"@graph\":[{\"@type\":\"Article\",\"@id\":\"https:\/\/portaltela.pt\/noticias\/2026\/03\/19\/homem-baleado-e-golpeado-em-assalto-na-moita-morre-em-hospital-de-lisboa\/#article\",\"isPartOf\":{\"@id\":\"https:\/\/portaltela.pt\/noticias\/2026\/03\/19\/homem-baleado-e-golpeado-em-assalto-na-moita-morre-em-hospital-de-lisboa\/\"},\"author\":{\"name\":\"Telinha\",\"@id\":\"https:\/\/portaltela.pt\/#\/schema\/person\/c4278d4a6028830caff9ee44b42d32ed\"},\"headline\":\"Homem baleado e golpeado em assalto na Moita morre em hospital de Lisboa\",\"datePublished\":\"2026-03-19T11:45:00+00:00\",\"mainEntityOfPage\":{\"@id\":\"https:\/\/portaltela.pt\/noticias\/2026\/03\/19\/homem-baleado-e-golpeado-em-assalto-na-moita-morre-em-hospital-de-lisboa\/\"},\"wordCount\":223,\"image\":{\"@id\":\"https:\/\/portaltela.pt\/noticias\/2026\/03\/19\/homem-baleado-e-golpeado-em-assalto-na-moita-morre-em-hospital-de-lisboa\/#primaryimage\"},\"thumbnailUrl\":\"https:\/\/portaltela.pt\/s.01k8rhncp4jt1\/2026\/03\/img_1500x1000uu2026-03-19-11-32-01-2273384.jpg\",\"keywords\":[\"assaltos\",\"homic\u00eddio\",\"Lisboa\",\"Moita\",\"Pol\u00edcia Judici\u00e1ria\",\"videovigil\u00e2ncia\"],\"articleSection\":[\"Crime\",\"Pol\u00edcia\"],\"inLanguage\":\"pt-PT\"},{\"@type\":\"WebPage\",\"@id\":\"https:\/\/portaltela.pt\/noticias\/2026\/03\/19\/homem-baleado-e-golpeado-em-assalto-na-moita-morre-em-hospital-de-lisboa\/\",\"url\":\"https:\/\/portaltela.pt\/noticias\/2026\/03\/19\/homem-baleado-e-golpeado-em-assalto-na-moita-morre-em-hospital-de-lisboa\/\",\"name\":\"Homem baleado e golpeado em assalto na Moita morre em hospital de Lisboa - Portal Tela Portugal\",\"isPartOf\":{\"@id\":\"https:\/\/portaltela.pt\/#website\"},\"primaryImageOfPage\":{\"@id\":\"https:\/\/portaltela.pt\/noticias\/2026\/03\/19\/homem-baleado-e-golpeado-em-assalto-na-moita-morre-em-hospital-de-lisboa\/#primaryimage\"},\"image\":{\"@id\":\"https:\/\/portaltela.pt\/noticias\/2026\/03\/19\/homem-baleado-e-golpeado-em-assalto-na-moita-morre-em-hospital-de-lisboa\/#primaryimage\"},\"thumbnailUrl\":\"https:\/\/portaltela.pt\/s.01k8rhncp4jt1\/2026\/03\/img_1500x1000uu2026-03-19-11-32-01-2273384.jpg\",\"datePublished\":\"2026-03-19T11:45:00+00:00\",\"author\":{\"@id\":\"https:\/\/portaltela.pt\/#\/schema\/person\/c4278d4a6028830caff9ee44b42d32ed\"},\"breadcrumb\":{\"@id\":\"https:\/\/portaltela.pt\/noticias\/2026\/03\/19\/homem-baleado-e-golpeado-em-assalto-na-moita-morre-em-hospital-de-lisboa\/#breadcrumb\"},\"inLanguage\":\"pt-PT\",\"potentialAction\":[{\"@type\":\"ReadAction\",\"target\":[\"https:\/\/portaltela.pt\/noticias\/2026\/03\/19\/homem-baleado-e-golpeado-em-assalto-na-moita-morre-em-hospital-de-lisboa\/\"]}]},{\"@type\":\"ImageObject\",\"inLanguage\":\"pt-PT\",\"@id\":\"https:\/\/portaltela.pt\/noticias\/2026\/03\/19\/homem-baleado-e-golpeado-em-assalto-na-moita-morre-em-hospital-de-lisboa\/#primaryimage\",\"url\":\"https:\/\/portaltela.pt\/s.01k8rhncp4jt1\/2026\/03\/img_1500x1000uu2026-03-19-11-32-01-2273384.jpg\",\"contentUrl\":\"https:\/\/portaltela.pt\/s.01k8rhncp4jt1\/2026\/03\/img_1500x1000uu2026-03-19-11-32-01-2273384.jpg\",\"width\":796,\"height\":448,\"caption\":\"Militar da GNR junto \u00e0 carrinha conduzida pela v\u00edtima do homic\u00eddio\"},{\"@type\":\"BreadcrumbList\",\"@id\":\"https:\/\/portaltela.pt\/noticias\/2026\/03\/19\/homem-baleado-e-golpeado-em-assalto-na-moita-morre-em-hospital-de-lisboa\/#breadcrumb\",\"itemListElement\":[{\"@type\":\"ListItem\",\"position\":1,\"name\":\"In\u00edcio\",\"item\":\"https:\/\/portaltela.pt\/\"},{\"@type\":\"ListItem\",\"position\":2,\"name\":\"Homem baleado e golpeado em assalto na Moita morre em hospital de Lisboa\"}]},{\"@type\":\"WebSite\",\"@id\":\"https:\/\/portaltela.pt\/#website\",\"url\":\"https:\/\/portaltela.pt\/\",\"name\":\"Portal Tela Portugal\",\"description\":\"\",\"potentialAction\":[{\"@type\":\"SearchAction\",\"target\":{\"@type\":\"EntryPoint\",\"urlTemplate\":\"https:\/\/portaltela.pt\/?s={search_term_string}\"},\"query-input\":{\"@type\":\"PropertyValueSpecification\",\"valueRequired\":true,\"valueName\":\"search_term_string\"}}],\"inLanguage\":\"pt-PT\"},{\"@type\":\"Person\",\"@id\":\"https:\/\/portaltela.pt\/#\/schema\/person\/c4278d4a6028830caff9ee44b42d32ed\",\"name\":\"Telinha\",\"image\":{\"@type\":\"ImageObject\",\"inLanguage\":\"pt-PT\",\"@id\":\"https:\/\/portaltela.pt\/s.01k8rhncp4jt1\/2025\/11\/talking-bot-125x125.png\",\"url\":\"https:\/\/portaltela.pt\/s.01k8rhncp4jt1\/2025\/11\/talking-bot-125x125.png\",\"contentUrl\":\"https:\/\/portaltela.pt\/s.01k8rhncp4jt1\/2025\/11\/talking-bot-125x125.png\",\"caption\":\"Telinha\"},\"sameAs\":[\"https:\/\/portaltela.pt\/\"],\"url\":\"https:\/\/portaltela.pt\/por\/367410592786\/\"}]}<\/script>\n<!-- \/ Yoast SEO plugin. -->","yoast_head_json":{"title":"Homem baleado e golpeado em assalto na Moita morre em hospital de Lisboa - Portal Tela Portugal","robots":{"index":"index","follow":"follow","max-snippet":"max-snippet:-1","max-image-preview":"max-image-preview:large","max-video-preview":"max-video-preview:-1"},"og_locale":"pt_PT","og_type":"article","og_title":"Homem baleado e golpeado em assalto na Moita morre em hospital de Lisboa - Portal Tela Portugal","og_description":"Um homem de 34 anos foi baleado e golpeado com uma katana por cinco homens num assalto junto \u00e0 escola profissional da Moita. Foi transportado em estado est\u00e1vel para o hospital de S\u00e3o Jos\u00e9, em Lisboa, onde morreu na madrugada de quinta-feira. A Pol\u00edcia Judici\u00e1ria de Set\u00fabal abriu investiga\u00e7\u00e3o na tarde de quarta-feira e realizou per\u00edcias na viatura da v\u00edtima. O amigo da v\u00edtima, \u00fanico testemunha ocular, foi ouvido e descreveu dados dos autores, que passam a ser suspeitos de homic\u00eddio. A PJ continua a investigar, com recolha de depoimentos e per\u00edcias, para apurar o caso.","og_url":"https:\/\/portaltela.pt\/noticias\/2026\/03\/19\/homem-baleado-e-golpeado-em-assalto-na-moita-morre-em-hospital-de-lisboa\/","og_site_name":"Portal Tela Portugal","article_published_time":"2026-03-19T11:45:00+00:00","author":"Telinha","twitter_card":"summary_large_image","twitter_misc":{"Escrito por":"Telinha","Tempo estimado de leitura":"1 minuto"},"schema":{"@context":"https:\/\/schema.org","@graph":[{"@type":"Article","@id":"https:\/\/portaltela.pt\/noticias\/2026\/03\/19\/homem-baleado-e-golpeado-em-assalto-na-moita-morre-em-hospital-de-lisboa\/#article","isPartOf":{"@id":"https:\/\/portaltela.pt\/noticias\/2026\/03\/19\/homem-baleado-e-golpeado-em-assalto-na-moita-morre-em-hospital-de-lisboa\/"},"author":{"name":"Telinha","@id":"https:\/\/portaltela.pt\/#\/schema\/person\/c4278d4a6028830caff9ee44b42d32ed"},"headline":"Homem baleado e golpeado em assalto na Moita morre em hospital de Lisboa","datePublished":"2026-03-19T11:45:00+00:00","mainEntityOfPage":{"@id":"https:\/\/portaltela.pt\/noticias\/2026\/03\/19\/homem-baleado-e-golpeado-em-assalto-na-moita-morre-em-hospital-de-lisboa\/"},"wordCount":223,"image":{"@id":"https:\/\/portaltela.pt\/noticias\/2026\/03\/19\/homem-baleado-e-golpeado-em-assalto-na-moita-morre-em-hospital-de-lisboa\/#primaryimage"},"thumbnailUrl":"https:\/\/portaltela.pt\/s.01k8rhncp4jt1\/2026\/03\/img_1500x1000uu2026-03-19-11-32-01-2273384.jpg","keywords":["assaltos","homic\u00eddio","Lisboa","Moita","Pol\u00edcia Judici\u00e1ria","videovigil\u00e2ncia"],"articleSection":["Crime","Pol\u00edcia"],"inLanguage":"pt-PT"},{"@type":"WebPage","@id":"https:\/\/portaltela.pt\/noticias\/2026\/03\/19\/homem-baleado-e-golpeado-em-assalto-na-moita-morre-em-hospital-de-lisboa\/","url":"https:\/\/portaltela.pt\/noticias\/2026\/03\/19\/homem-baleado-e-golpeado-em-assalto-na-moita-morre-em-hospital-de-lisboa\/","name":"Homem baleado e golpeado em assalto na Moita morre em hospital de Lisboa - Portal Tela Portugal","isPartOf":{"@id":"https:\/\/portaltela.pt\/#website"},"primaryImageOfPage":{"@id":"https:\/\/portaltela.pt\/noticias\/2026\/03\/19\/homem-baleado-e-golpeado-em-assalto-na-moita-morre-em-hospital-de-lisboa\/#primaryimage"},"image":{"@id":"https:\/\/portaltela.pt\/noticias\/2026\/03\/19\/homem-baleado-e-golpeado-em-assalto-na-moita-morre-em-hospital-de-lisboa\/#primaryimage"},"thumbnailUrl":"https:\/\/portaltela.pt\/s.01k8rhncp4jt1\/2026\/03\/img_1500x1000uu2026-03-19-11-32-01-2273384.jpg","datePublished":"2026-03-19T11:45:00+00:00","author":{"@id":"https:\/\/portaltela.pt\/#\/schema\/person\/c4278d4a6028830caff9ee44b42d32ed"},"breadcrumb":{"@id":"https:\/\/portaltela.pt\/noticias\/2026\/03\/19\/homem-baleado-e-golpeado-em-assalto-na-moita-morre-em-hospital-de-lisboa\/#breadcrumb"},"inLanguage":"pt-PT","potentialAction":[{"@type":"ReadAction","target":["https:\/\/portaltela.pt\/noticias\/2026\/03\/19\/homem-baleado-e-golpeado-em-assalto-na-moita-morre-em-hospital-de-lisboa\/"]}]},{"@type":"ImageObject","inLanguage":"pt-PT","@id":"https:\/\/portaltela.pt\/noticias\/2026\/03\/19\/homem-baleado-e-golpeado-em-assalto-na-moita-morre-em-hospital-de-lisboa\/#primaryimage","url":"https:\/\/portaltela.pt\/s.01k8rhncp4jt1\/2026\/03\/img_1500x1000uu2026-03-19-11-32-01-2273384.jpg","contentUrl":"https:\/\/portaltela.pt\/s.01k8rhncp4jt1\/2026\/03\/img_1500x1000uu2026-03-19-11-32-01-2273384.jpg","width":796,"height":448,"caption":"Militar da GNR junto \u00e0 carrinha conduzida pela v\u00edtima do homic\u00eddio"},{"@type":"BreadcrumbList","@id":"https:\/\/portaltela.pt\/noticias\/2026\/03\/19\/homem-baleado-e-golpeado-em-assalto-na-moita-morre-em-hospital-de-lisboa\/#breadcrumb","itemListElement":[{"@type":"ListItem","position":1,"name":"In\u00edcio","item":"https:\/\/portaltela.pt\/"},{"@type":"ListItem","position":2,"name":"Homem baleado e golpeado em assalto na Moita morre em hospital de Lisboa"}]},{"@type":"WebSite","@id":"https:\/\/portaltela.pt\/#website","url":"https:\/\/portaltela.pt\/","name":"Portal Tela Portugal","description":"","potentialAction":[{"@type":"SearchAction","target":{"@type":"EntryPoint","urlTemplate":"https:\/\/portaltela.pt\/?s={search_term_string}"},"query-input":{"@type":"PropertyValueSpecification","valueRequired":true,"valueName":"search_term_string"}}],"inLanguage":"pt-PT"},{"@type":"Person","@id":"https:\/\/portaltela.pt\/#\/schema\/person\/c4278d4a6028830caff9ee44b42d32ed","name":"Telinha","image":{"@type":"ImageObject","inLanguage":"pt-PT","@id":"https:\/\/portaltela.pt\/s.01k8rhncp4jt1\/2025\/11\/talking-bot-125x125.png","url":"https:\/\/portaltela.pt\/s.01k8rhncp4jt1\/2025\/11\/talking-bot-125x125.png","contentUrl":"https:\/\/portaltela.pt\/s.01k8rhncp4jt1\/2025\/11\/talking-bot-125x125.png","caption":"Telinha"},"sameAs":["https:\/\/portaltela.pt\/"],"url":"https:\/\/portaltela.pt\/por\/367410592786\/"}]}},"_links":{"self":[{"href":"https:\/\/portaltela.pt\/api\/wp\/v2\/posts\/415808","targetHints":{"allow":["GET"]}}],"collection":[{"href":"https:\/\/portaltela.pt\/api\/wp\/v2\/posts"}],"about":[{"href":"https:\/\/portaltela.pt\/api\/wp\/v2\/types\/post"}],"author":[{"embeddable":true,"href":"https:\/\/portaltela.pt\/api\/wp\/v2\/users\/2"}],"replies":[{"embeddable":true,"href":"https:\/\/portaltela.pt\/api\/wp\/v2\/comments?post=415808"}],"version-history":[{"count":0,"href":"https:\/\/portaltela.pt\/api\/wp\/v2\/posts\/415808\/revisions"}],"wp:featuredmedia":[{"embeddable":true,"href":"https:\/\/portaltela.pt\/api\/wp\/v2\/media\/415814"}],"wp:attachment":[{"href":"https:\/\/portaltela.pt\/api\/wp\/v2\/media?parent=415808"}],"wp:term":[{"taxonomy":"category","embeddable":true,"href":"https:\/\/portaltela.pt\/api\/wp\/v2\/categories?post=415808"},{"taxonomy":"post_tag","embeddable":true,"href":"https:\/\/portaltela.pt\/api\/wp\/v2\/tags?post=415808"}],"curies":[{"name":"wp","href":"https:\/\/api.w.org\/{rel}","templated":true}]}}