{"id":415791,"date":"2026-03-19T08:42:08","date_gmt":"2026-03-19T11:42:08","guid":{"rendered":"https:\/\/portaltela.pt\/noticias\/2026\/03\/19\/tempestades-em-portugal-sao-tema-de-destaque-no-conselho-europeu\/"},"modified":"2026-03-19T08:42:08","modified_gmt":"2026-03-19T11:42:08","slug":"tempestades-em-portugal-sao-tema-de-destaque-no-conselho-europeu","status":"publish","type":"post","link":"https:\/\/portaltela.pt\/tempo\/2026\/03\/19\/tempestades-em-portugal-sao-tema-de-destaque-no-conselho-europeu\/","title":{"rendered":"Tempestades em Portugal s\u00e3o tema de destaque no Conselho Europeu"},"content":{"rendered":"<p>Na manh\u00e3 de hoje, em Bruxelas, chegou a Bruxelas Lu\u00eds Montenegro, que afirmou ter expectativa de chamar a aten\u00e7\u00e3o dos parceiros europeus para os efeitos do mau tempo em Portugal. Os trabalhos iniciais destacaram esse tema como relevante.<\/p>\n<p>Durante a abertura das sess\u00f5es, a presidente da Comiss\u00e3o Europeia manifestou solidariedade para com Portugal. Montenegro tamb\u00e9m abordou os impactos e consequ\u00eancias das v\u00e1rias tempestades que afetaram o pa\u00eds.<\/p>\n<p>Ant\u00f3nio Costa, l\u00edder portugu\u00eas, partilhou nas redes sociais que a Uni\u00e3o Europeia est\u00e1 solid\u00e1ria com o povo portugu\u00eas face aos efeitos devastadores das intemp\u00e9ries. A mensagem circulou entre os presentes no Conselho Europeu.<\/p>\n<p>A sociedade de media\u00e7\u00e3o CMTV indicou que, ao longo da manh\u00e3, v\u00e1rios l\u00edderes europeus tomaram a palavra para demonstrar apoio a Portugal, refor\u00e7ando o tom de coopera\u00e7\u00e3o entre os Estados-membros.<\/p>\n","protected":false},"excerpt":{"rendered":"<ul>\n<li>Na chegada a Bruxelas, Lu\u00eds Montenegro anunciou a expectativa de chamar a aten\u00e7\u00e3o dos parceiros europeus para os efeitos do mau tempo em Portugal.<\/li>\n<li>No in\u00edcio da manh\u00e3 de trabalhos, o tema ficou em destaque, com a presidente da Comiss\u00e3o Europeia a manifestar solidariedade a Portugal.<\/li>\n<li>Ant\u00f3nio Costa, presidente do Conselho Europeu, afirmou nas redes sociais que toda a Uni\u00e3o Europeia est\u00e1 solid\u00e1ria com o povo portugu\u00eas ap\u00f3s as tempestades.<\/li>\n<li>A CMTV indicou que, ao longo da manh\u00e3, v\u00e1rios l\u00edderes europeus tomaram a palavra para expressar apoio ao pa\u00eds.<\/li>\n<li>O foco foi ver os impactos das tempestades e a resposta da Uni\u00e3o Europeia ao longo do contingente inicial de sess\u00f5es.<\/li>\n<\/ul>\n","protected":false},"author":2,"featured_media":415795,"comment_status":"closed","ping_status":"closed","sticky":false,"template":"","format":"standard","meta":{"footnotes":""},"categories":[1,7365],"tags":[3161,5215,2502,1014,27,2055],"class_list":["post-415791","post","type-post","status-publish","format-standard","has-post-thumbnail","hentry","category-noticias","category-tempo","tag-bruxelas","tag-catastrofes-naturais","tag-conselho-europeu","tag-portugal","tag-relacoes-internacionais","tag-uniao-europeia"],"yoast_head":"<!-- This site is optimized with the Yoast SEO plugin v27.2 - https:\/\/yoast.com\/product\/yoast-seo-wordpress\/ -->\n<title>Tempestades em Portugal s\u00e3o tema de destaque no Conselho Europeu - Portal Tela Portugal<\/title>\n<meta name=\"robots\" content=\"index, follow, max-snippet:-1, max-image-preview:large, max-video-preview:-1\" \/>\n<meta property=\"og:locale\" content=\"pt_PT\" \/>\n<meta property=\"og:type\" content=\"article\" \/>\n<meta property=\"og:title\" content=\"Tempestades em Portugal s\u00e3o tema de destaque no Conselho Europeu - Portal Tela Portugal\" \/>\n<meta property=\"og:description\" content=\"Na chegada a Bruxelas, Lu\u00eds Montenegro anunciou a expectativa de chamar a aten\u00e7\u00e3o dos parceiros europeus para os efeitos do mau tempo em Portugal. No in\u00edcio da manh\u00e3 de trabalhos, o tema ficou em destaque, com a presidente da Comiss\u00e3o Europeia a manifestar solidariedade a Portugal. Ant\u00f3nio Costa, presidente do Conselho Europeu, afirmou nas redes sociais que toda a Uni\u00e3o Europeia est\u00e1 solid\u00e1ria com o povo portugu\u00eas ap\u00f3s as tempestades. A CMTV indicou que, ao longo da manh\u00e3, v\u00e1rios l\u00edderes europeus tomaram a palavra para expressar apoio ao pa\u00eds. O foco foi ver os impactos das tempestades e a resposta da Uni\u00e3o Europeia ao longo do contingente inicial de sess\u00f5es.\" \/>\n<meta property=\"og:url\" content=\"https:\/\/portaltela.pt\/noticias\/2026\/03\/19\/tempestades-em-portugal-sao-tema-de-destaque-no-conselho-europeu\/\" \/>\n<meta property=\"og:site_name\" content=\"Portal Tela Portugal\" \/>\n<meta property=\"article:published_time\" content=\"2026-03-19T11:42:08+00:00\" \/>\n<meta name=\"author\" content=\"Telinha\" \/>\n<meta name=\"twitter:card\" content=\"summary_large_image\" \/>\n<meta name=\"twitter:label1\" content=\"Escrito por\" \/>\n\t<meta name=\"twitter:data1\" content=\"Telinha\" \/>\n\t<meta name=\"twitter:label2\" content=\"Tempo estimado de leitura\" \/>\n\t<meta name=\"twitter:data2\" content=\"1 minuto\" \/>\n<script type=\"application\/ld+json\" class=\"yoast-schema-graph\">{\"@context\":\"https:\/\/schema.org\",\"@graph\":[{\"@type\":\"Article\",\"@id\":\"https:\/\/portaltela.pt\/noticias\/2026\/03\/19\/tempestades-em-portugal-sao-tema-de-destaque-no-conselho-europeu\/#article\",\"isPartOf\":{\"@id\":\"https:\/\/portaltela.pt\/noticias\/2026\/03\/19\/tempestades-em-portugal-sao-tema-de-destaque-no-conselho-europeu\/\"},\"author\":{\"name\":\"Telinha\",\"@id\":\"https:\/\/portaltela.pt\/#\/schema\/person\/c4278d4a6028830caff9ee44b42d32ed\"},\"headline\":\"Tempestades em Portugal s\u00e3o tema de destaque no Conselho Europeu\",\"datePublished\":\"2026-03-19T11:42:08+00:00\",\"mainEntityOfPage\":{\"@id\":\"https:\/\/portaltela.pt\/noticias\/2026\/03\/19\/tempestades-em-portugal-sao-tema-de-destaque-no-conselho-europeu\/\"},\"wordCount\":161,\"image\":{\"@id\":\"https:\/\/portaltela.pt\/noticias\/2026\/03\/19\/tempestades-em-portugal-sao-tema-de-destaque-no-conselho-europeu\/#primaryimage\"},\"thumbnailUrl\":\"https:\/\/portaltela.pt\/s.01k8rhncp4jt1\/2026\/03\/img_1280x721uu2026-03-19-11-41-15-2273388.jpg\",\"keywords\":[\"Bruxelas\",\"cat\u00e1strofes naturais\",\"Conselho Europeu\",\"Portugal\",\"rela\u00e7\u00f5es internacionais\",\"Uni\u00e3o Europeia\"],\"articleSection\":[\"Not\u00edcias\",\"Tempo\"],\"inLanguage\":\"pt-PT\"},{\"@type\":\"WebPage\",\"@id\":\"https:\/\/portaltela.pt\/noticias\/2026\/03\/19\/tempestades-em-portugal-sao-tema-de-destaque-no-conselho-europeu\/\",\"url\":\"https:\/\/portaltela.pt\/noticias\/2026\/03\/19\/tempestades-em-portugal-sao-tema-de-destaque-no-conselho-europeu\/\",\"name\":\"Tempestades em Portugal s\u00e3o tema de destaque no Conselho Europeu - Portal Tela Portugal\",\"isPartOf\":{\"@id\":\"https:\/\/portaltela.pt\/#website\"},\"primaryImageOfPage\":{\"@id\":\"https:\/\/portaltela.pt\/noticias\/2026\/03\/19\/tempestades-em-portugal-sao-tema-de-destaque-no-conselho-europeu\/#primaryimage\"},\"image\":{\"@id\":\"https:\/\/portaltela.pt\/noticias\/2026\/03\/19\/tempestades-em-portugal-sao-tema-de-destaque-no-conselho-europeu\/#primaryimage\"},\"thumbnailUrl\":\"https:\/\/portaltela.pt\/s.01k8rhncp4jt1\/2026\/03\/img_1280x721uu2026-03-19-11-41-15-2273388.jpg\",\"datePublished\":\"2026-03-19T11:42:08+00:00\",\"author\":{\"@id\":\"https:\/\/portaltela.pt\/#\/schema\/person\/c4278d4a6028830caff9ee44b42d32ed\"},\"breadcrumb\":{\"@id\":\"https:\/\/portaltela.pt\/noticias\/2026\/03\/19\/tempestades-em-portugal-sao-tema-de-destaque-no-conselho-europeu\/#breadcrumb\"},\"inLanguage\":\"pt-PT\",\"potentialAction\":[{\"@type\":\"ReadAction\",\"target\":[\"https:\/\/portaltela.pt\/noticias\/2026\/03\/19\/tempestades-em-portugal-sao-tema-de-destaque-no-conselho-europeu\/\"]}]},{\"@type\":\"ImageObject\",\"inLanguage\":\"pt-PT\",\"@id\":\"https:\/\/portaltela.pt\/noticias\/2026\/03\/19\/tempestades-em-portugal-sao-tema-de-destaque-no-conselho-europeu\/#primaryimage\",\"url\":\"https:\/\/portaltela.pt\/s.01k8rhncp4jt1\/2026\/03\/img_1280x721uu2026-03-19-11-41-15-2273388.jpg\",\"contentUrl\":\"https:\/\/portaltela.pt\/s.01k8rhncp4jt1\/2026\/03\/img_1280x721uu2026-03-19-11-41-15-2273388.jpg\",\"width\":796,\"height\":448,\"caption\":\"Ant\u00f3nio Costa com Ursula Von der Leyen e o primeiro-ministro da Gr\u00e9cia, Kyriakos Mitsotakis\"},{\"@type\":\"BreadcrumbList\",\"@id\":\"https:\/\/portaltela.pt\/noticias\/2026\/03\/19\/tempestades-em-portugal-sao-tema-de-destaque-no-conselho-europeu\/#breadcrumb\",\"itemListElement\":[{\"@type\":\"ListItem\",\"position\":1,\"name\":\"In\u00edcio\",\"item\":\"https:\/\/portaltela.pt\/\"},{\"@type\":\"ListItem\",\"position\":2,\"name\":\"Tempestades em Portugal s\u00e3o tema de destaque no Conselho Europeu\"}]},{\"@type\":\"WebSite\",\"@id\":\"https:\/\/portaltela.pt\/#website\",\"url\":\"https:\/\/portaltela.pt\/\",\"name\":\"Portal Tela Portugal\",\"description\":\"\",\"potentialAction\":[{\"@type\":\"SearchAction\",\"target\":{\"@type\":\"EntryPoint\",\"urlTemplate\":\"https:\/\/portaltela.pt\/?s={search_term_string}\"},\"query-input\":{\"@type\":\"PropertyValueSpecification\",\"valueRequired\":true,\"valueName\":\"search_term_string\"}}],\"inLanguage\":\"pt-PT\"},{\"@type\":\"Person\",\"@id\":\"https:\/\/portaltela.pt\/#\/schema\/person\/c4278d4a6028830caff9ee44b42d32ed\",\"name\":\"Telinha\",\"image\":{\"@type\":\"ImageObject\",\"inLanguage\":\"pt-PT\",\"@id\":\"https:\/\/portaltela.pt\/s.01k8rhncp4jt1\/2025\/11\/talking-bot-125x125.png\",\"url\":\"https:\/\/portaltela.pt\/s.01k8rhncp4jt1\/2025\/11\/talking-bot-125x125.png\",\"contentUrl\":\"https:\/\/portaltela.pt\/s.01k8rhncp4jt1\/2025\/11\/talking-bot-125x125.png\",\"caption\":\"Telinha\"},\"sameAs\":[\"https:\/\/portaltela.pt\/\"],\"url\":\"https:\/\/portaltela.pt\/por\/367410592786\/\"}]}<\/script>\n<!-- \/ Yoast SEO plugin. -->","yoast_head_json":{"title":"Tempestades em Portugal s\u00e3o tema de destaque no Conselho Europeu - Portal Tela Portugal","robots":{"index":"index","follow":"follow","max-snippet":"max-snippet:-1","max-image-preview":"max-image-preview:large","max-video-preview":"max-video-preview:-1"},"og_locale":"pt_PT","og_type":"article","og_title":"Tempestades em Portugal s\u00e3o tema de destaque no Conselho Europeu - Portal Tela Portugal","og_description":"Na chegada a Bruxelas, Lu\u00eds Montenegro anunciou a expectativa de chamar a aten\u00e7\u00e3o dos parceiros europeus para os efeitos do mau tempo em Portugal. No in\u00edcio da manh\u00e3 de trabalhos, o tema ficou em destaque, com a presidente da Comiss\u00e3o Europeia a manifestar solidariedade a Portugal. Ant\u00f3nio Costa, presidente do Conselho Europeu, afirmou nas redes sociais que toda a Uni\u00e3o Europeia est\u00e1 solid\u00e1ria com o povo portugu\u00eas ap\u00f3s as tempestades. A CMTV indicou que, ao longo da manh\u00e3, v\u00e1rios l\u00edderes europeus tomaram a palavra para expressar apoio ao pa\u00eds. O foco foi ver os impactos das tempestades e a resposta da Uni\u00e3o Europeia ao longo do contingente inicial de sess\u00f5es.","og_url":"https:\/\/portaltela.pt\/noticias\/2026\/03\/19\/tempestades-em-portugal-sao-tema-de-destaque-no-conselho-europeu\/","og_site_name":"Portal Tela Portugal","article_published_time":"2026-03-19T11:42:08+00:00","author":"Telinha","twitter_card":"summary_large_image","twitter_misc":{"Escrito por":"Telinha","Tempo estimado de leitura":"1 minuto"},"schema":{"@context":"https:\/\/schema.org","@graph":[{"@type":"Article","@id":"https:\/\/portaltela.pt\/noticias\/2026\/03\/19\/tempestades-em-portugal-sao-tema-de-destaque-no-conselho-europeu\/#article","isPartOf":{"@id":"https:\/\/portaltela.pt\/noticias\/2026\/03\/19\/tempestades-em-portugal-sao-tema-de-destaque-no-conselho-europeu\/"},"author":{"name":"Telinha","@id":"https:\/\/portaltela.pt\/#\/schema\/person\/c4278d4a6028830caff9ee44b42d32ed"},"headline":"Tempestades em Portugal s\u00e3o tema de destaque no Conselho Europeu","datePublished":"2026-03-19T11:42:08+00:00","mainEntityOfPage":{"@id":"https:\/\/portaltela.pt\/noticias\/2026\/03\/19\/tempestades-em-portugal-sao-tema-de-destaque-no-conselho-europeu\/"},"wordCount":161,"image":{"@id":"https:\/\/portaltela.pt\/noticias\/2026\/03\/19\/tempestades-em-portugal-sao-tema-de-destaque-no-conselho-europeu\/#primaryimage"},"thumbnailUrl":"https:\/\/portaltela.pt\/s.01k8rhncp4jt1\/2026\/03\/img_1280x721uu2026-03-19-11-41-15-2273388.jpg","keywords":["Bruxelas","cat\u00e1strofes naturais","Conselho Europeu","Portugal","rela\u00e7\u00f5es internacionais","Uni\u00e3o Europeia"],"articleSection":["Not\u00edcias","Tempo"],"inLanguage":"pt-PT"},{"@type":"WebPage","@id":"https:\/\/portaltela.pt\/noticias\/2026\/03\/19\/tempestades-em-portugal-sao-tema-de-destaque-no-conselho-europeu\/","url":"https:\/\/portaltela.pt\/noticias\/2026\/03\/19\/tempestades-em-portugal-sao-tema-de-destaque-no-conselho-europeu\/","name":"Tempestades em Portugal s\u00e3o tema de destaque no Conselho Europeu - Portal Tela Portugal","isPartOf":{"@id":"https:\/\/portaltela.pt\/#website"},"primaryImageOfPage":{"@id":"https:\/\/portaltela.pt\/noticias\/2026\/03\/19\/tempestades-em-portugal-sao-tema-de-destaque-no-conselho-europeu\/#primaryimage"},"image":{"@id":"https:\/\/portaltela.pt\/noticias\/2026\/03\/19\/tempestades-em-portugal-sao-tema-de-destaque-no-conselho-europeu\/#primaryimage"},"thumbnailUrl":"https:\/\/portaltela.pt\/s.01k8rhncp4jt1\/2026\/03\/img_1280x721uu2026-03-19-11-41-15-2273388.jpg","datePublished":"2026-03-19T11:42:08+00:00","author":{"@id":"https:\/\/portaltela.pt\/#\/schema\/person\/c4278d4a6028830caff9ee44b42d32ed"},"breadcrumb":{"@id":"https:\/\/portaltela.pt\/noticias\/2026\/03\/19\/tempestades-em-portugal-sao-tema-de-destaque-no-conselho-europeu\/#breadcrumb"},"inLanguage":"pt-PT","potentialAction":[{"@type":"ReadAction","target":["https:\/\/portaltela.pt\/noticias\/2026\/03\/19\/tempestades-em-portugal-sao-tema-de-destaque-no-conselho-europeu\/"]}]},{"@type":"ImageObject","inLanguage":"pt-PT","@id":"https:\/\/portaltela.pt\/noticias\/2026\/03\/19\/tempestades-em-portugal-sao-tema-de-destaque-no-conselho-europeu\/#primaryimage","url":"https:\/\/portaltela.pt\/s.01k8rhncp4jt1\/2026\/03\/img_1280x721uu2026-03-19-11-41-15-2273388.jpg","contentUrl":"https:\/\/portaltela.pt\/s.01k8rhncp4jt1\/2026\/03\/img_1280x721uu2026-03-19-11-41-15-2273388.jpg","width":796,"height":448,"caption":"Ant\u00f3nio Costa com Ursula Von der Leyen e o primeiro-ministro da Gr\u00e9cia, Kyriakos Mitsotakis"},{"@type":"BreadcrumbList","@id":"https:\/\/portaltela.pt\/noticias\/2026\/03\/19\/tempestades-em-portugal-sao-tema-de-destaque-no-conselho-europeu\/#breadcrumb","itemListElement":[{"@type":"ListItem","position":1,"name":"In\u00edcio","item":"https:\/\/portaltela.pt\/"},{"@type":"ListItem","position":2,"name":"Tempestades em Portugal s\u00e3o tema de destaque no Conselho Europeu"}]},{"@type":"WebSite","@id":"https:\/\/portaltela.pt\/#website","url":"https:\/\/portaltela.pt\/","name":"Portal Tela Portugal","description":"","potentialAction":[{"@type":"SearchAction","target":{"@type":"EntryPoint","urlTemplate":"https:\/\/portaltela.pt\/?s={search_term_string}"},"query-input":{"@type":"PropertyValueSpecification","valueRequired":true,"valueName":"search_term_string"}}],"inLanguage":"pt-PT"},{"@type":"Person","@id":"https:\/\/portaltela.pt\/#\/schema\/person\/c4278d4a6028830caff9ee44b42d32ed","name":"Telinha","image":{"@type":"ImageObject","inLanguage":"pt-PT","@id":"https:\/\/portaltela.pt\/s.01k8rhncp4jt1\/2025\/11\/talking-bot-125x125.png","url":"https:\/\/portaltela.pt\/s.01k8rhncp4jt1\/2025\/11\/talking-bot-125x125.png","contentUrl":"https:\/\/portaltela.pt\/s.01k8rhncp4jt1\/2025\/11\/talking-bot-125x125.png","caption":"Telinha"},"sameAs":["https:\/\/portaltela.pt\/"],"url":"https:\/\/portaltela.pt\/por\/367410592786\/"}]}},"_links":{"self":[{"href":"https:\/\/portaltela.pt\/api\/wp\/v2\/posts\/415791","targetHints":{"allow":["GET"]}}],"collection":[{"href":"https:\/\/portaltela.pt\/api\/wp\/v2\/posts"}],"about":[{"href":"https:\/\/portaltela.pt\/api\/wp\/v2\/types\/post"}],"author":[{"embeddable":true,"href":"https:\/\/portaltela.pt\/api\/wp\/v2\/users\/2"}],"replies":[{"embeddable":true,"href":"https:\/\/portaltela.pt\/api\/wp\/v2\/comments?post=415791"}],"version-history":[{"count":0,"href":"https:\/\/portaltela.pt\/api\/wp\/v2\/posts\/415791\/revisions"}],"wp:featuredmedia":[{"embeddable":true,"href":"https:\/\/portaltela.pt\/api\/wp\/v2\/media\/415795"}],"wp:attachment":[{"href":"https:\/\/portaltela.pt\/api\/wp\/v2\/media?parent=415791"}],"wp:term":[{"taxonomy":"category","embeddable":true,"href":"https:\/\/portaltela.pt\/api\/wp\/v2\/categories?post=415791"},{"taxonomy":"post_tag","embeddable":true,"href":"https:\/\/portaltela.pt\/api\/wp\/v2\/tags?post=415791"}],"curies":[{"name":"wp","href":"https:\/\/api.w.org\/{rel}","templated":true}]}}