{"id":415764,"date":"2026-03-19T08:18:00","date_gmt":"2026-03-19T11:18:00","guid":{"rendered":"https:\/\/portaltela.pt\/noticias\/2026\/03\/19\/mourinho-diz-que-so-fica-exaltado-no-intervalo-nao-no-final-do-jogo\/"},"modified":"2026-03-19T08:18:00","modified_gmt":"2026-03-19T11:18:00","slug":"mourinho-diz-que-so-fica-exaltado-no-intervalo-nao-no-final-do-jogo","status":"publish","type":"post","link":"https:\/\/portaltela.pt\/desporto\/futebol\/2026\/03\/19\/mourinho-diz-que-so-fica-exaltado-no-intervalo-nao-no-final-do-jogo\/","title":{"rendered":"Mourinho diz que s\u00f3 fica exaltado no intervalo, n\u00e3o no final do jogo"},"content":{"rendered":"<p>Jos\u00e9 Mourinho delimitou, em entrevista, como gere as emo\u00e7\u00f5es ap\u00f3s os jogos. Afirmou que raramente se exaltava ou batia portas, mantendo a calma no balne\u00e1rio; apenas durante o intervalo admite que as emo\u00e7\u00f5es surgem. O t\u00e9cnico explicou que aprendeu esse comportamento com o pai, F\u00e9lix Mourinho.<\/p>\n<p>O primeiro passo da gest\u00e3o emocional \u00e9 n\u00e3o falar aos jogadores de imediato, explicou. Segundo Mourinho, a honestidade \u00e9 uma qualidade valorizada pelos atletas, e o momento certo para comunicar \u00e9 depois do jogo, n\u00e3o ao final, quando tudo j\u00e1 acabou.<\/p>\n<h3>Li\u00e7\u00f5es do pai e a disciplina emocional<\/h3>\n<p>O treinador falou tamb\u00e9m sobre o seu estilo, herdado do pai, que descreve como l\u00edder tranquilo com controlo das emo\u00e7\u00f5es. A sinceridade na comunica\u00e7\u00e3o durante o p\u00f3s-jogo \u00e9 um tra\u00e7o que o acompanha h\u00e1 anos e que diz ser bem recebido pelos atletas.<\/p>\n<h3>Eus\u00e9bio e uma rela\u00e7\u00e3o de lembran\u00e7as<\/h3>\n<p>Mourinho recordou uma rela\u00e7\u00e3o especial com Eus\u00e9bio, embora tenha dito n\u00e3o serem amigos \u00edntimos. Relatou que, ainda crian\u00e7a, recebia prendas do Pantera Negra por proximidade de datas de nascimento. Mais tarde, revelou ter desejado ficar com a primeira Ta\u00e7a Eus\u00e9bio, conquistada pelo Inter de Mil\u00e3o em 2008, e que a antiga Ta\u00e7a permanece na sua casa.<\/p>\n<h3>Anota\u00e7\u00f5es sobre a carreira<\/h3>\n<p>O t\u00e9cnico mencionou ainda uma passagem da juventude: foi convidado a treinar o Sp. Braga quando estava no Barcelona, e ouviu do pai para manter o ju\u00edzo. Essas mem\u00f3rias ilustram a forma como o percurso dele \u00e9 marcado por conselhos familiares e pela admira\u00e7\u00e3o de figuras hist\u00f3ricas do futebol.<\/p>\n","protected":false},"excerpt":{"rendered":"<ul>\n<li>Jos\u00e9 Mourinho diz que \u00e9 dif\u00edcil v\u00ea-lo exaltado ou a dar pontap\u00e9s numa porta ap\u00f3s jogos; ao intervalo, sim, mas no final n\u00e3o.<\/li>\n<li>A forma de lidar com as emo\u00e7\u00f5es, segundo ele, veio do pai F\u00e9lix Mourinho, refor\u00e7ando a honestidade como valor central.<\/li>\n<li>O t\u00e9cnico recorda uma rela\u00e7\u00e3o especial com Eus\u00e9bio na inf\u00e2ncia, marcada por prendas recebidas por perto do anivers\u00e1rio (25 de janeiro) e admira\u00e7\u00e3o m\u00fatua.<\/li>\n<li>A primeira Ta\u00e7a Eus\u00e9bio, vencida pelo Inter de Mil\u00e3o em 2008, ficou em casa; Mourinho guardou uma liga\u00e7\u00e3o de Eus\u00e9bio com muito carinho.<\/li>\n<li>Contou ainda que, ao competir no Barcelona, recebeu o convite do Sporting de Braga para treinar, com o pai a aconselhar \u201ctem ju\u00edzo\u201d.<\/li>\n<\/ul>\n","protected":false},"author":2,"featured_media":415767,"comment_status":"closed","ping_status":"closed","sticky":false,"template":"","format":"standard","meta":{"footnotes":""},"categories":[21,24],"tags":[2587,3933,32,4813,3310,2070],"class_list":["post-415764","post","type-post","status-publish","format-standard","has-post-thumbnail","hentry","category-desporto","category-futebol","tag-barcelona","tag-eusebio","tag-futebol","tag-inter-milao","tag-mourinho","tag-sp-braga"],"yoast_head":"<!-- This site is optimized with the Yoast SEO plugin v27.2 - https:\/\/yoast.com\/product\/yoast-seo-wordpress\/ -->\n<title>Mourinho diz que s\u00f3 fica exaltado no intervalo, n\u00e3o no final do jogo - Portal Tela Portugal<\/title>\n<meta name=\"robots\" content=\"index, follow, max-snippet:-1, max-image-preview:large, max-video-preview:-1\" \/>\n<meta property=\"og:locale\" content=\"pt_PT\" \/>\n<meta property=\"og:type\" content=\"article\" \/>\n<meta property=\"og:title\" content=\"Mourinho diz que s\u00f3 fica exaltado no intervalo, n\u00e3o no final do jogo - Portal Tela Portugal\" \/>\n<meta property=\"og:description\" content=\"Jos\u00e9 Mourinho diz que \u00e9 dif\u00edcil v\u00ea-lo exaltado ou a dar pontap\u00e9s numa porta ap\u00f3s jogos; ao intervalo, sim, mas no final n\u00e3o. A forma de lidar com as emo\u00e7\u00f5es, segundo ele, veio do pai F\u00e9lix Mourinho, refor\u00e7ando a honestidade como valor central. O t\u00e9cnico recorda uma rela\u00e7\u00e3o especial com Eus\u00e9bio na inf\u00e2ncia, marcada por prendas recebidas por perto do anivers\u00e1rio (25 de janeiro) e admira\u00e7\u00e3o m\u00fatua. A primeira Ta\u00e7a Eus\u00e9bio, vencida pelo Inter de Mil\u00e3o em 2008, ficou em casa; Mourinho guardou uma liga\u00e7\u00e3o de Eus\u00e9bio com muito carinho. Contou ainda que, ao competir no Barcelona, recebeu o convite do Sporting de Braga para treinar, com o pai a aconselhar \u201ctem ju\u00edzo\u201d.\" \/>\n<meta property=\"og:url\" content=\"https:\/\/portaltela.pt\/noticias\/2026\/03\/19\/mourinho-diz-que-so-fica-exaltado-no-intervalo-nao-no-final-do-jogo\/\" \/>\n<meta property=\"og:site_name\" content=\"Portal Tela Portugal\" \/>\n<meta property=\"article:published_time\" content=\"2026-03-19T11:18:00+00:00\" \/>\n<meta name=\"author\" content=\"Telinha\" \/>\n<meta name=\"twitter:card\" content=\"summary_large_image\" \/>\n<meta name=\"twitter:label1\" content=\"Escrito por\" \/>\n\t<meta name=\"twitter:data1\" content=\"Telinha\" \/>\n\t<meta name=\"twitter:label2\" content=\"Tempo estimado de leitura\" \/>\n\t<meta name=\"twitter:data2\" content=\"1 minuto\" \/>\n<script type=\"application\/ld+json\" class=\"yoast-schema-graph\">{\"@context\":\"https:\/\/schema.org\",\"@graph\":[{\"@type\":\"Article\",\"@id\":\"https:\/\/portaltela.pt\/noticias\/2026\/03\/19\/mourinho-diz-que-so-fica-exaltado-no-intervalo-nao-no-final-do-jogo\/#article\",\"isPartOf\":{\"@id\":\"https:\/\/portaltela.pt\/noticias\/2026\/03\/19\/mourinho-diz-que-so-fica-exaltado-no-intervalo-nao-no-final-do-jogo\/\"},\"author\":{\"name\":\"Telinha\",\"@id\":\"https:\/\/portaltela.pt\/#\/schema\/person\/c4278d4a6028830caff9ee44b42d32ed\"},\"headline\":\"Mourinho diz que s\u00f3 fica exaltado no intervalo, n\u00e3o no final do jogo\",\"datePublished\":\"2026-03-19T11:18:00+00:00\",\"mainEntityOfPage\":{\"@id\":\"https:\/\/portaltela.pt\/noticias\/2026\/03\/19\/mourinho-diz-que-so-fica-exaltado-no-intervalo-nao-no-final-do-jogo\/\"},\"wordCount\":293,\"image\":{\"@id\":\"https:\/\/portaltela.pt\/noticias\/2026\/03\/19\/mourinho-diz-que-so-fica-exaltado-no-intervalo-nao-no-final-do-jogo\/#primaryimage\"},\"thumbnailUrl\":\"https:\/\/portaltela.pt\/s.01k8rhncp4jt1\/2026\/03\/img_920x518uu2026-03-19-11-17-16-2428063-im-639095158829050380.jpg\",\"keywords\":[\"Barcelona\",\"Eus\u00e9bio\",\"futebol\",\"Inter Mil\u00e3o\",\"Mourinho\",\"Sp. Braga\"],\"articleSection\":[\"Desporto\",\"Futebol\"],\"inLanguage\":\"pt-PT\"},{\"@type\":\"WebPage\",\"@id\":\"https:\/\/portaltela.pt\/noticias\/2026\/03\/19\/mourinho-diz-que-so-fica-exaltado-no-intervalo-nao-no-final-do-jogo\/\",\"url\":\"https:\/\/portaltela.pt\/noticias\/2026\/03\/19\/mourinho-diz-que-so-fica-exaltado-no-intervalo-nao-no-final-do-jogo\/\",\"name\":\"Mourinho diz que s\u00f3 fica exaltado no intervalo, n\u00e3o no final do jogo - Portal Tela Portugal\",\"isPartOf\":{\"@id\":\"https:\/\/portaltela.pt\/#website\"},\"primaryImageOfPage\":{\"@id\":\"https:\/\/portaltela.pt\/noticias\/2026\/03\/19\/mourinho-diz-que-so-fica-exaltado-no-intervalo-nao-no-final-do-jogo\/#primaryimage\"},\"image\":{\"@id\":\"https:\/\/portaltela.pt\/noticias\/2026\/03\/19\/mourinho-diz-que-so-fica-exaltado-no-intervalo-nao-no-final-do-jogo\/#primaryimage\"},\"thumbnailUrl\":\"https:\/\/portaltela.pt\/s.01k8rhncp4jt1\/2026\/03\/img_920x518uu2026-03-19-11-17-16-2428063-im-639095158829050380.jpg\",\"datePublished\":\"2026-03-19T11:18:00+00:00\",\"author\":{\"@id\":\"https:\/\/portaltela.pt\/#\/schema\/person\/c4278d4a6028830caff9ee44b42d32ed\"},\"breadcrumb\":{\"@id\":\"https:\/\/portaltela.pt\/noticias\/2026\/03\/19\/mourinho-diz-que-so-fica-exaltado-no-intervalo-nao-no-final-do-jogo\/#breadcrumb\"},\"inLanguage\":\"pt-PT\",\"potentialAction\":[{\"@type\":\"ReadAction\",\"target\":[\"https:\/\/portaltela.pt\/noticias\/2026\/03\/19\/mourinho-diz-que-so-fica-exaltado-no-intervalo-nao-no-final-do-jogo\/\"]}]},{\"@type\":\"ImageObject\",\"inLanguage\":\"pt-PT\",\"@id\":\"https:\/\/portaltela.pt\/noticias\/2026\/03\/19\/mourinho-diz-que-so-fica-exaltado-no-intervalo-nao-no-final-do-jogo\/#primaryimage\",\"url\":\"https:\/\/portaltela.pt\/s.01k8rhncp4jt1\/2026\/03\/img_920x518uu2026-03-19-11-17-16-2428063-im-639095158829050380.jpg\",\"contentUrl\":\"https:\/\/portaltela.pt\/s.01k8rhncp4jt1\/2026\/03\/img_920x518uu2026-03-19-11-17-16-2428063-im-639095158829050380.jpg\",\"width\":796,\"height\":448,\"caption\":\"\\\"Honestidade, acima de tudo\\\", disse Mourinho\"},{\"@type\":\"BreadcrumbList\",\"@id\":\"https:\/\/portaltela.pt\/noticias\/2026\/03\/19\/mourinho-diz-que-so-fica-exaltado-no-intervalo-nao-no-final-do-jogo\/#breadcrumb\",\"itemListElement\":[{\"@type\":\"ListItem\",\"position\":1,\"name\":\"In\u00edcio\",\"item\":\"https:\/\/portaltela.pt\/\"},{\"@type\":\"ListItem\",\"position\":2,\"name\":\"Mourinho diz que s\u00f3 fica exaltado no intervalo, n\u00e3o no final do jogo\"}]},{\"@type\":\"WebSite\",\"@id\":\"https:\/\/portaltela.pt\/#website\",\"url\":\"https:\/\/portaltela.pt\/\",\"name\":\"Portal Tela Portugal\",\"description\":\"\",\"potentialAction\":[{\"@type\":\"SearchAction\",\"target\":{\"@type\":\"EntryPoint\",\"urlTemplate\":\"https:\/\/portaltela.pt\/?s={search_term_string}\"},\"query-input\":{\"@type\":\"PropertyValueSpecification\",\"valueRequired\":true,\"valueName\":\"search_term_string\"}}],\"inLanguage\":\"pt-PT\"},{\"@type\":\"Person\",\"@id\":\"https:\/\/portaltela.pt\/#\/schema\/person\/c4278d4a6028830caff9ee44b42d32ed\",\"name\":\"Telinha\",\"image\":{\"@type\":\"ImageObject\",\"inLanguage\":\"pt-PT\",\"@id\":\"https:\/\/portaltela.pt\/s.01k8rhncp4jt1\/2025\/11\/talking-bot-125x125.png\",\"url\":\"https:\/\/portaltela.pt\/s.01k8rhncp4jt1\/2025\/11\/talking-bot-125x125.png\",\"contentUrl\":\"https:\/\/portaltela.pt\/s.01k8rhncp4jt1\/2025\/11\/talking-bot-125x125.png\",\"caption\":\"Telinha\"},\"sameAs\":[\"https:\/\/portaltela.pt\/\"],\"url\":\"https:\/\/portaltela.pt\/por\/367410592786\/\"}]}<\/script>\n<!-- \/ Yoast SEO plugin. -->","yoast_head_json":{"title":"Mourinho diz que s\u00f3 fica exaltado no intervalo, n\u00e3o no final do jogo - Portal Tela Portugal","robots":{"index":"index","follow":"follow","max-snippet":"max-snippet:-1","max-image-preview":"max-image-preview:large","max-video-preview":"max-video-preview:-1"},"og_locale":"pt_PT","og_type":"article","og_title":"Mourinho diz que s\u00f3 fica exaltado no intervalo, n\u00e3o no final do jogo - Portal Tela Portugal","og_description":"Jos\u00e9 Mourinho diz que \u00e9 dif\u00edcil v\u00ea-lo exaltado ou a dar pontap\u00e9s numa porta ap\u00f3s jogos; ao intervalo, sim, mas no final n\u00e3o. A forma de lidar com as emo\u00e7\u00f5es, segundo ele, veio do pai F\u00e9lix Mourinho, refor\u00e7ando a honestidade como valor central. O t\u00e9cnico recorda uma rela\u00e7\u00e3o especial com Eus\u00e9bio na inf\u00e2ncia, marcada por prendas recebidas por perto do anivers\u00e1rio (25 de janeiro) e admira\u00e7\u00e3o m\u00fatua. A primeira Ta\u00e7a Eus\u00e9bio, vencida pelo Inter de Mil\u00e3o em 2008, ficou em casa; Mourinho guardou uma liga\u00e7\u00e3o de Eus\u00e9bio com muito carinho. Contou ainda que, ao competir no Barcelona, recebeu o convite do Sporting de Braga para treinar, com o pai a aconselhar \u201ctem ju\u00edzo\u201d.","og_url":"https:\/\/portaltela.pt\/noticias\/2026\/03\/19\/mourinho-diz-que-so-fica-exaltado-no-intervalo-nao-no-final-do-jogo\/","og_site_name":"Portal Tela Portugal","article_published_time":"2026-03-19T11:18:00+00:00","author":"Telinha","twitter_card":"summary_large_image","twitter_misc":{"Escrito por":"Telinha","Tempo estimado de leitura":"1 minuto"},"schema":{"@context":"https:\/\/schema.org","@graph":[{"@type":"Article","@id":"https:\/\/portaltela.pt\/noticias\/2026\/03\/19\/mourinho-diz-que-so-fica-exaltado-no-intervalo-nao-no-final-do-jogo\/#article","isPartOf":{"@id":"https:\/\/portaltela.pt\/noticias\/2026\/03\/19\/mourinho-diz-que-so-fica-exaltado-no-intervalo-nao-no-final-do-jogo\/"},"author":{"name":"Telinha","@id":"https:\/\/portaltela.pt\/#\/schema\/person\/c4278d4a6028830caff9ee44b42d32ed"},"headline":"Mourinho diz que s\u00f3 fica exaltado no intervalo, n\u00e3o no final do jogo","datePublished":"2026-03-19T11:18:00+00:00","mainEntityOfPage":{"@id":"https:\/\/portaltela.pt\/noticias\/2026\/03\/19\/mourinho-diz-que-so-fica-exaltado-no-intervalo-nao-no-final-do-jogo\/"},"wordCount":293,"image":{"@id":"https:\/\/portaltela.pt\/noticias\/2026\/03\/19\/mourinho-diz-que-so-fica-exaltado-no-intervalo-nao-no-final-do-jogo\/#primaryimage"},"thumbnailUrl":"https:\/\/portaltela.pt\/s.01k8rhncp4jt1\/2026\/03\/img_920x518uu2026-03-19-11-17-16-2428063-im-639095158829050380.jpg","keywords":["Barcelona","Eus\u00e9bio","futebol","Inter Mil\u00e3o","Mourinho","Sp. Braga"],"articleSection":["Desporto","Futebol"],"inLanguage":"pt-PT"},{"@type":"WebPage","@id":"https:\/\/portaltela.pt\/noticias\/2026\/03\/19\/mourinho-diz-que-so-fica-exaltado-no-intervalo-nao-no-final-do-jogo\/","url":"https:\/\/portaltela.pt\/noticias\/2026\/03\/19\/mourinho-diz-que-so-fica-exaltado-no-intervalo-nao-no-final-do-jogo\/","name":"Mourinho diz que s\u00f3 fica exaltado no intervalo, n\u00e3o no final do jogo - Portal Tela Portugal","isPartOf":{"@id":"https:\/\/portaltela.pt\/#website"},"primaryImageOfPage":{"@id":"https:\/\/portaltela.pt\/noticias\/2026\/03\/19\/mourinho-diz-que-so-fica-exaltado-no-intervalo-nao-no-final-do-jogo\/#primaryimage"},"image":{"@id":"https:\/\/portaltela.pt\/noticias\/2026\/03\/19\/mourinho-diz-que-so-fica-exaltado-no-intervalo-nao-no-final-do-jogo\/#primaryimage"},"thumbnailUrl":"https:\/\/portaltela.pt\/s.01k8rhncp4jt1\/2026\/03\/img_920x518uu2026-03-19-11-17-16-2428063-im-639095158829050380.jpg","datePublished":"2026-03-19T11:18:00+00:00","author":{"@id":"https:\/\/portaltela.pt\/#\/schema\/person\/c4278d4a6028830caff9ee44b42d32ed"},"breadcrumb":{"@id":"https:\/\/portaltela.pt\/noticias\/2026\/03\/19\/mourinho-diz-que-so-fica-exaltado-no-intervalo-nao-no-final-do-jogo\/#breadcrumb"},"inLanguage":"pt-PT","potentialAction":[{"@type":"ReadAction","target":["https:\/\/portaltela.pt\/noticias\/2026\/03\/19\/mourinho-diz-que-so-fica-exaltado-no-intervalo-nao-no-final-do-jogo\/"]}]},{"@type":"ImageObject","inLanguage":"pt-PT","@id":"https:\/\/portaltela.pt\/noticias\/2026\/03\/19\/mourinho-diz-que-so-fica-exaltado-no-intervalo-nao-no-final-do-jogo\/#primaryimage","url":"https:\/\/portaltela.pt\/s.01k8rhncp4jt1\/2026\/03\/img_920x518uu2026-03-19-11-17-16-2428063-im-639095158829050380.jpg","contentUrl":"https:\/\/portaltela.pt\/s.01k8rhncp4jt1\/2026\/03\/img_920x518uu2026-03-19-11-17-16-2428063-im-639095158829050380.jpg","width":796,"height":448,"caption":"\"Honestidade, acima de tudo\", disse Mourinho"},{"@type":"BreadcrumbList","@id":"https:\/\/portaltela.pt\/noticias\/2026\/03\/19\/mourinho-diz-que-so-fica-exaltado-no-intervalo-nao-no-final-do-jogo\/#breadcrumb","itemListElement":[{"@type":"ListItem","position":1,"name":"In\u00edcio","item":"https:\/\/portaltela.pt\/"},{"@type":"ListItem","position":2,"name":"Mourinho diz que s\u00f3 fica exaltado no intervalo, n\u00e3o no final do jogo"}]},{"@type":"WebSite","@id":"https:\/\/portaltela.pt\/#website","url":"https:\/\/portaltela.pt\/","name":"Portal Tela Portugal","description":"","potentialAction":[{"@type":"SearchAction","target":{"@type":"EntryPoint","urlTemplate":"https:\/\/portaltela.pt\/?s={search_term_string}"},"query-input":{"@type":"PropertyValueSpecification","valueRequired":true,"valueName":"search_term_string"}}],"inLanguage":"pt-PT"},{"@type":"Person","@id":"https:\/\/portaltela.pt\/#\/schema\/person\/c4278d4a6028830caff9ee44b42d32ed","name":"Telinha","image":{"@type":"ImageObject","inLanguage":"pt-PT","@id":"https:\/\/portaltela.pt\/s.01k8rhncp4jt1\/2025\/11\/talking-bot-125x125.png","url":"https:\/\/portaltela.pt\/s.01k8rhncp4jt1\/2025\/11\/talking-bot-125x125.png","contentUrl":"https:\/\/portaltela.pt\/s.01k8rhncp4jt1\/2025\/11\/talking-bot-125x125.png","caption":"Telinha"},"sameAs":["https:\/\/portaltela.pt\/"],"url":"https:\/\/portaltela.pt\/por\/367410592786\/"}]}},"_links":{"self":[{"href":"https:\/\/portaltela.pt\/api\/wp\/v2\/posts\/415764","targetHints":{"allow":["GET"]}}],"collection":[{"href":"https:\/\/portaltela.pt\/api\/wp\/v2\/posts"}],"about":[{"href":"https:\/\/portaltela.pt\/api\/wp\/v2\/types\/post"}],"author":[{"embeddable":true,"href":"https:\/\/portaltela.pt\/api\/wp\/v2\/users\/2"}],"replies":[{"embeddable":true,"href":"https:\/\/portaltela.pt\/api\/wp\/v2\/comments?post=415764"}],"version-history":[{"count":0,"href":"https:\/\/portaltela.pt\/api\/wp\/v2\/posts\/415764\/revisions"}],"wp:featuredmedia":[{"embeddable":true,"href":"https:\/\/portaltela.pt\/api\/wp\/v2\/media\/415767"}],"wp:attachment":[{"href":"https:\/\/portaltela.pt\/api\/wp\/v2\/media?parent=415764"}],"wp:term":[{"taxonomy":"category","embeddable":true,"href":"https:\/\/portaltela.pt\/api\/wp\/v2\/categories?post=415764"},{"taxonomy":"post_tag","embeddable":true,"href":"https:\/\/portaltela.pt\/api\/wp\/v2\/tags?post=415764"}],"curies":[{"name":"wp","href":"https:\/\/api.w.org\/{rel}","templated":true}]}}