{"id":415760,"date":"2026-03-19T08:25:00","date_gmt":"2026-03-19T11:25:00","guid":{"rendered":"https:\/\/portaltela.pt\/noticias\/2026\/03\/19\/vela-aparece-pelas-ruas\/"},"modified":"2026-03-19T08:25:00","modified_gmt":"2026-03-19T11:25:00","slug":"vela-aparece-pelas-ruas","status":"publish","type":"post","link":"https:\/\/portaltela.pt\/sociedade\/2026\/03\/19\/vela-aparece-pelas-ruas\/","title":{"rendered":"Vela aparece pelas ruas"},"content":{"rendered":"<p>Durante a primavera, os cl\u00e1ssicos boat shoes voltam a ganhar protagonismo no circuito da moda, j\u00e1 associados a um estilo mais descontra\u00eddo. Tradicionalmente ligados ao estilo n\u00e1utico e a um imagin\u00e1rio de exclusividade, passam a ocupar tamb\u00e9m ruas e lojas.<\/p>\n<p>Fabricantes e retalhistas apontam um reposicionamento: os sapatos de vela deixam de estar restritos \u00e0s marinas e chegam a p\u00fablicos mais amplos. A pe\u00e7a \u00e9 apresentada como vers\u00e1til, adequada tanto para homens como para mulheres.<\/p>\n<p>O retorno \u00e9 descrito como gradual, com apari\u00e7\u00f5es discretas no in\u00edcio da esta\u00e7\u00e3o e fluoresc\u00eancias maiores j\u00e1 presentes em cat\u00e1logos e vitrines. A mudan\u00e7a n\u00e3o altera apenas o visual, mas tamb\u00e9m a forma como se combinam com pe\u00e7as casuais e ligeiras.<\/p>\n<p>As motiva\u00e7\u00f5es apontadas incluem conforto, praticidade e a aposta numa est\u00e9tica despojada que acompanha tend\u00eancias de vestu\u00e1rio mais soltas. A reentrada do modelo sucede a ciclos de moda que valorizam estilos atemporais.<\/p>\n<p>Quem observa o mercado refere que a popularidade pode responder a desejos de itens com dupla fun\u00e7\u00e3o: \u00fateis para dias de sol e elegantes em ambientes informais. A evolu\u00e7\u00e3o acompanha o interesse por alternativas cl\u00e1ssicas que se reinventam.<\/p>\n","protected":false},"excerpt":{"rendered":"<ul>\n<li>Os boat shoes, cl\u00e1ssicos do estilo n\u00e1utico, voltam a estar em alta na temporada da primavera.<\/li>\n<li>Historicamente associados a uma imagem de classe alta e a um estilo de vida exclusivo, estes sapatos est\u00e3o a ganhar espa\u00e7o fora das marinas.<\/li>\n<li>A tend\u00eancia reaparece de forma mais descontra\u00edda, tornando-se acess\u00edvel a todos os p\u00fablicos.<\/li>\n<li>O regresso \u00e9 progressivo: surge primeiro em pequenas apari\u00e7\u00f5es para, mais tarde, ganhar visibilidade generalizada.<\/li>\n<li>A moda mant\u00e9m-se aberta a quem quer usar sapatos de vela, sem distinguir g\u00e9neros.<\/li>\n<\/ul>\n","protected":false},"author":2,"featured_media":415768,"comment_status":"closed","ping_status":"closed","sticky":false,"template":"","format":"standard","meta":{"footnotes":""},"categories":[7384,6871],"tags":[135,5059,117,239],"class_list":["post-415760","post","type-post","status-publish","format-standard","has-post-thumbnail","hentry","category-curiosidades","category-sociedade","tag-moda","tag-roupas","tag-tendencias","tag-vestuario"],"yoast_head":"<!-- This site is optimized with the Yoast SEO plugin v27.2 - https:\/\/yoast.com\/product\/yoast-seo-wordpress\/ -->\n<title>Vela aparece pelas ruas - Portal Tela Portugal<\/title>\n<meta name=\"robots\" content=\"index, follow, max-snippet:-1, max-image-preview:large, max-video-preview:-1\" \/>\n<meta property=\"og:locale\" content=\"pt_PT\" \/>\n<meta property=\"og:type\" content=\"article\" \/>\n<meta property=\"og:title\" content=\"Vela aparece pelas ruas - Portal Tela Portugal\" \/>\n<meta property=\"og:description\" content=\"Os boat shoes, cl\u00e1ssicos do estilo n\u00e1utico, voltam a estar em alta na temporada da primavera. Historicamente associados a uma imagem de classe alta e a um estilo de vida exclusivo, estes sapatos est\u00e3o a ganhar espa\u00e7o fora das marinas. A tend\u00eancia reaparece de forma mais descontra\u00edda, tornando-se acess\u00edvel a todos os p\u00fablicos. O regresso \u00e9 progressivo: surge primeiro em pequenas apari\u00e7\u00f5es para, mais tarde, ganhar visibilidade generalizada. A moda mant\u00e9m-se aberta a quem quer usar sapatos de vela, sem distinguir g\u00e9neros.\" \/>\n<meta property=\"og:url\" content=\"https:\/\/portaltela.pt\/noticias\/2026\/03\/19\/vela-aparece-pelas-ruas\/\" \/>\n<meta property=\"og:site_name\" content=\"Portal Tela Portugal\" \/>\n<meta property=\"article:published_time\" content=\"2026-03-19T11:25:00+00:00\" \/>\n<meta name=\"author\" content=\"Telinha\" \/>\n<meta name=\"twitter:card\" content=\"summary_large_image\" \/>\n<meta name=\"twitter:label1\" content=\"Escrito por\" \/>\n\t<meta name=\"twitter:data1\" content=\"Telinha\" \/>\n\t<meta name=\"twitter:label2\" content=\"Tempo estimado de leitura\" \/>\n\t<meta name=\"twitter:data2\" content=\"1 minuto\" \/>\n<script type=\"application\/ld+json\" class=\"yoast-schema-graph\">{\"@context\":\"https:\/\/schema.org\",\"@graph\":[{\"@type\":\"Article\",\"@id\":\"https:\/\/portaltela.pt\/noticias\/2026\/03\/19\/vela-aparece-pelas-ruas\/#article\",\"isPartOf\":{\"@id\":\"https:\/\/portaltela.pt\/noticias\/2026\/03\/19\/vela-aparece-pelas-ruas\/\"},\"author\":{\"name\":\"Telinha\",\"@id\":\"https:\/\/portaltela.pt\/#\/schema\/person\/c4278d4a6028830caff9ee44b42d32ed\"},\"headline\":\"Vela aparece pelas ruas\",\"datePublished\":\"2026-03-19T11:25:00+00:00\",\"mainEntityOfPage\":{\"@id\":\"https:\/\/portaltela.pt\/noticias\/2026\/03\/19\/vela-aparece-pelas-ruas\/\"},\"wordCount\":212,\"image\":{\"@id\":\"https:\/\/portaltela.pt\/noticias\/2026\/03\/19\/vela-aparece-pelas-ruas\/#primaryimage\"},\"thumbnailUrl\":\"https:\/\/portaltela.pt\/s.01k8rhncp4jt1\/2026\/03\/image-1246.jpg\",\"keywords\":[\"moda\",\"roupas\",\"tend\u00eancias\",\"vestu\u00e1rio\"],\"articleSection\":[\"Curiosidades\",\"Sociedade\"],\"inLanguage\":\"pt-PT\"},{\"@type\":\"WebPage\",\"@id\":\"https:\/\/portaltela.pt\/noticias\/2026\/03\/19\/vela-aparece-pelas-ruas\/\",\"url\":\"https:\/\/portaltela.pt\/noticias\/2026\/03\/19\/vela-aparece-pelas-ruas\/\",\"name\":\"Vela aparece pelas ruas - Portal Tela Portugal\",\"isPartOf\":{\"@id\":\"https:\/\/portaltela.pt\/#website\"},\"primaryImageOfPage\":{\"@id\":\"https:\/\/portaltela.pt\/noticias\/2026\/03\/19\/vela-aparece-pelas-ruas\/#primaryimage\"},\"image\":{\"@id\":\"https:\/\/portaltela.pt\/noticias\/2026\/03\/19\/vela-aparece-pelas-ruas\/#primaryimage\"},\"thumbnailUrl\":\"https:\/\/portaltela.pt\/s.01k8rhncp4jt1\/2026\/03\/image-1246.jpg\",\"datePublished\":\"2026-03-19T11:25:00+00:00\",\"author\":{\"@id\":\"https:\/\/portaltela.pt\/#\/schema\/person\/c4278d4a6028830caff9ee44b42d32ed\"},\"breadcrumb\":{\"@id\":\"https:\/\/portaltela.pt\/noticias\/2026\/03\/19\/vela-aparece-pelas-ruas\/#breadcrumb\"},\"inLanguage\":\"pt-PT\",\"potentialAction\":[{\"@type\":\"ReadAction\",\"target\":[\"https:\/\/portaltela.pt\/noticias\/2026\/03\/19\/vela-aparece-pelas-ruas\/\"]}]},{\"@type\":\"ImageObject\",\"inLanguage\":\"pt-PT\",\"@id\":\"https:\/\/portaltela.pt\/noticias\/2026\/03\/19\/vela-aparece-pelas-ruas\/#primaryimage\",\"url\":\"https:\/\/portaltela.pt\/s.01k8rhncp4jt1\/2026\/03\/image-1246.jpg\",\"contentUrl\":\"https:\/\/portaltela.pt\/s.01k8rhncp4jt1\/2026\/03\/image-1246.jpg\",\"width\":796,\"height\":448,\"caption\":\"Imagem de contexto do artigo De vela pelas ruas\"},{\"@type\":\"BreadcrumbList\",\"@id\":\"https:\/\/portaltela.pt\/noticias\/2026\/03\/19\/vela-aparece-pelas-ruas\/#breadcrumb\",\"itemListElement\":[{\"@type\":\"ListItem\",\"position\":1,\"name\":\"In\u00edcio\",\"item\":\"https:\/\/portaltela.pt\/\"},{\"@type\":\"ListItem\",\"position\":2,\"name\":\"Vela aparece pelas ruas\"}]},{\"@type\":\"WebSite\",\"@id\":\"https:\/\/portaltela.pt\/#website\",\"url\":\"https:\/\/portaltela.pt\/\",\"name\":\"Portal Tela Portugal\",\"description\":\"\",\"potentialAction\":[{\"@type\":\"SearchAction\",\"target\":{\"@type\":\"EntryPoint\",\"urlTemplate\":\"https:\/\/portaltela.pt\/?s={search_term_string}\"},\"query-input\":{\"@type\":\"PropertyValueSpecification\",\"valueRequired\":true,\"valueName\":\"search_term_string\"}}],\"inLanguage\":\"pt-PT\"},{\"@type\":\"Person\",\"@id\":\"https:\/\/portaltela.pt\/#\/schema\/person\/c4278d4a6028830caff9ee44b42d32ed\",\"name\":\"Telinha\",\"image\":{\"@type\":\"ImageObject\",\"inLanguage\":\"pt-PT\",\"@id\":\"https:\/\/portaltela.pt\/s.01k8rhncp4jt1\/2025\/11\/talking-bot-125x125.png\",\"url\":\"https:\/\/portaltela.pt\/s.01k8rhncp4jt1\/2025\/11\/talking-bot-125x125.png\",\"contentUrl\":\"https:\/\/portaltela.pt\/s.01k8rhncp4jt1\/2025\/11\/talking-bot-125x125.png\",\"caption\":\"Telinha\"},\"sameAs\":[\"https:\/\/portaltela.pt\/\"],\"url\":\"https:\/\/portaltela.pt\/por\/367410592786\/\"}]}<\/script>\n<!-- \/ Yoast SEO plugin. -->","yoast_head_json":{"title":"Vela aparece pelas ruas - Portal Tela Portugal","robots":{"index":"index","follow":"follow","max-snippet":"max-snippet:-1","max-image-preview":"max-image-preview:large","max-video-preview":"max-video-preview:-1"},"og_locale":"pt_PT","og_type":"article","og_title":"Vela aparece pelas ruas - Portal Tela Portugal","og_description":"Os boat shoes, cl\u00e1ssicos do estilo n\u00e1utico, voltam a estar em alta na temporada da primavera. Historicamente associados a uma imagem de classe alta e a um estilo de vida exclusivo, estes sapatos est\u00e3o a ganhar espa\u00e7o fora das marinas. A tend\u00eancia reaparece de forma mais descontra\u00edda, tornando-se acess\u00edvel a todos os p\u00fablicos. O regresso \u00e9 progressivo: surge primeiro em pequenas apari\u00e7\u00f5es para, mais tarde, ganhar visibilidade generalizada. A moda mant\u00e9m-se aberta a quem quer usar sapatos de vela, sem distinguir g\u00e9neros.","og_url":"https:\/\/portaltela.pt\/noticias\/2026\/03\/19\/vela-aparece-pelas-ruas\/","og_site_name":"Portal Tela Portugal","article_published_time":"2026-03-19T11:25:00+00:00","author":"Telinha","twitter_card":"summary_large_image","twitter_misc":{"Escrito por":"Telinha","Tempo estimado de leitura":"1 minuto"},"schema":{"@context":"https:\/\/schema.org","@graph":[{"@type":"Article","@id":"https:\/\/portaltela.pt\/noticias\/2026\/03\/19\/vela-aparece-pelas-ruas\/#article","isPartOf":{"@id":"https:\/\/portaltela.pt\/noticias\/2026\/03\/19\/vela-aparece-pelas-ruas\/"},"author":{"name":"Telinha","@id":"https:\/\/portaltela.pt\/#\/schema\/person\/c4278d4a6028830caff9ee44b42d32ed"},"headline":"Vela aparece pelas ruas","datePublished":"2026-03-19T11:25:00+00:00","mainEntityOfPage":{"@id":"https:\/\/portaltela.pt\/noticias\/2026\/03\/19\/vela-aparece-pelas-ruas\/"},"wordCount":212,"image":{"@id":"https:\/\/portaltela.pt\/noticias\/2026\/03\/19\/vela-aparece-pelas-ruas\/#primaryimage"},"thumbnailUrl":"https:\/\/portaltela.pt\/s.01k8rhncp4jt1\/2026\/03\/image-1246.jpg","keywords":["moda","roupas","tend\u00eancias","vestu\u00e1rio"],"articleSection":["Curiosidades","Sociedade"],"inLanguage":"pt-PT"},{"@type":"WebPage","@id":"https:\/\/portaltela.pt\/noticias\/2026\/03\/19\/vela-aparece-pelas-ruas\/","url":"https:\/\/portaltela.pt\/noticias\/2026\/03\/19\/vela-aparece-pelas-ruas\/","name":"Vela aparece pelas ruas - Portal Tela Portugal","isPartOf":{"@id":"https:\/\/portaltela.pt\/#website"},"primaryImageOfPage":{"@id":"https:\/\/portaltela.pt\/noticias\/2026\/03\/19\/vela-aparece-pelas-ruas\/#primaryimage"},"image":{"@id":"https:\/\/portaltela.pt\/noticias\/2026\/03\/19\/vela-aparece-pelas-ruas\/#primaryimage"},"thumbnailUrl":"https:\/\/portaltela.pt\/s.01k8rhncp4jt1\/2026\/03\/image-1246.jpg","datePublished":"2026-03-19T11:25:00+00:00","author":{"@id":"https:\/\/portaltela.pt\/#\/schema\/person\/c4278d4a6028830caff9ee44b42d32ed"},"breadcrumb":{"@id":"https:\/\/portaltela.pt\/noticias\/2026\/03\/19\/vela-aparece-pelas-ruas\/#breadcrumb"},"inLanguage":"pt-PT","potentialAction":[{"@type":"ReadAction","target":["https:\/\/portaltela.pt\/noticias\/2026\/03\/19\/vela-aparece-pelas-ruas\/"]}]},{"@type":"ImageObject","inLanguage":"pt-PT","@id":"https:\/\/portaltela.pt\/noticias\/2026\/03\/19\/vela-aparece-pelas-ruas\/#primaryimage","url":"https:\/\/portaltela.pt\/s.01k8rhncp4jt1\/2026\/03\/image-1246.jpg","contentUrl":"https:\/\/portaltela.pt\/s.01k8rhncp4jt1\/2026\/03\/image-1246.jpg","width":796,"height":448,"caption":"Imagem de contexto do artigo De vela pelas ruas"},{"@type":"BreadcrumbList","@id":"https:\/\/portaltela.pt\/noticias\/2026\/03\/19\/vela-aparece-pelas-ruas\/#breadcrumb","itemListElement":[{"@type":"ListItem","position":1,"name":"In\u00edcio","item":"https:\/\/portaltela.pt\/"},{"@type":"ListItem","position":2,"name":"Vela aparece pelas ruas"}]},{"@type":"WebSite","@id":"https:\/\/portaltela.pt\/#website","url":"https:\/\/portaltela.pt\/","name":"Portal Tela Portugal","description":"","potentialAction":[{"@type":"SearchAction","target":{"@type":"EntryPoint","urlTemplate":"https:\/\/portaltela.pt\/?s={search_term_string}"},"query-input":{"@type":"PropertyValueSpecification","valueRequired":true,"valueName":"search_term_string"}}],"inLanguage":"pt-PT"},{"@type":"Person","@id":"https:\/\/portaltela.pt\/#\/schema\/person\/c4278d4a6028830caff9ee44b42d32ed","name":"Telinha","image":{"@type":"ImageObject","inLanguage":"pt-PT","@id":"https:\/\/portaltela.pt\/s.01k8rhncp4jt1\/2025\/11\/talking-bot-125x125.png","url":"https:\/\/portaltela.pt\/s.01k8rhncp4jt1\/2025\/11\/talking-bot-125x125.png","contentUrl":"https:\/\/portaltela.pt\/s.01k8rhncp4jt1\/2025\/11\/talking-bot-125x125.png","caption":"Telinha"},"sameAs":["https:\/\/portaltela.pt\/"],"url":"https:\/\/portaltela.pt\/por\/367410592786\/"}]}},"_links":{"self":[{"href":"https:\/\/portaltela.pt\/api\/wp\/v2\/posts\/415760","targetHints":{"allow":["GET"]}}],"collection":[{"href":"https:\/\/portaltela.pt\/api\/wp\/v2\/posts"}],"about":[{"href":"https:\/\/portaltela.pt\/api\/wp\/v2\/types\/post"}],"author":[{"embeddable":true,"href":"https:\/\/portaltela.pt\/api\/wp\/v2\/users\/2"}],"replies":[{"embeddable":true,"href":"https:\/\/portaltela.pt\/api\/wp\/v2\/comments?post=415760"}],"version-history":[{"count":0,"href":"https:\/\/portaltela.pt\/api\/wp\/v2\/posts\/415760\/revisions"}],"wp:featuredmedia":[{"embeddable":true,"href":"https:\/\/portaltela.pt\/api\/wp\/v2\/media\/415768"}],"wp:attachment":[{"href":"https:\/\/portaltela.pt\/api\/wp\/v2\/media?parent=415760"}],"wp:term":[{"taxonomy":"category","embeddable":true,"href":"https:\/\/portaltela.pt\/api\/wp\/v2\/categories?post=415760"},{"taxonomy":"post_tag","embeddable":true,"href":"https:\/\/portaltela.pt\/api\/wp\/v2\/tags?post=415760"}],"curies":[{"name":"wp","href":"https:\/\/api.w.org\/{rel}","templated":true}]}}