{"id":415740,"date":"2026-03-19T08:13:56","date_gmt":"2026-03-19T11:13:56","guid":{"rendered":"https:\/\/portaltela.pt\/noticias\/2026\/03\/19\/governo-autoriza-duas-novas-camaras-de-videovigilancia-em-fatima\/"},"modified":"2026-03-19T08:13:56","modified_gmt":"2026-03-19T11:13:56","slug":"governo-autoriza-duas-novas-camaras-de-videovigilancia-em-fatima","status":"publish","type":"post","link":"https:\/\/portaltela.pt\/seguranca\/2026\/03\/19\/governo-autoriza-duas-novas-camaras-de-videovigilancia-em-fatima\/","title":{"rendered":"Governo autoriza duas novas c\u00e2maras de videovigil\u00e2ncia em F\u00e1tima"},"content":{"rendered":"<p>O Santu\u00e1rio de F\u00e1tima passa a ter mais duas c\u00e2maras de videovigil\u00e2ncia, totalizando 12 equipamentos. O incremento \u00e9 gerido pelo Destacamento Territorial da GNR de Tomar, respons\u00e1vel pelo sistema. A decis\u00e3o consta de um despacho autorizado pelo secret\u00e1rio de Estado da Administra\u00e7\u00e3o Interna, Telmo Correia, e foi publicado no Di\u00e1rio da Rep\u00fablica.<\/p>\n<p>A Comiss\u00e3o Nacional de Prote\u00e7\u00e3o de Dados j\u00e1 tinha dado parecer vinculativo para o aumento de c\u00e2maras, autorizando o alargamento de 10 para 12. O objetivo \u00e9 refor\u00e7ar a monitoriza\u00e7\u00e3o na \u00e1rea do Santu\u00e1rio, sedeado em F\u00e1tima, em linha com pol\u00edticas de seguran\u00e7a p\u00fablica.<\/p>\n<p>Al\u00e9m disso, o Di\u00e1rio da Rep\u00fablica traz outro despacho igual de governo, que autoriza o prolongamento por mais tr\u00eas anos do funcionamento de um sistema de 20 c\u00e2maras no concelho de Vila Franca de Xira. Esse sistema \u00e9 gerido pela PSP, n\u00e3o tendo rela\u00e7\u00e3o direta com o Santu\u00e1rio de F\u00e1tima.<\/p>\n<h3>Amplia\u00e7\u00e3o no Santu\u00e1rio de F\u00e1tima<\/h3>\n<p>O despacho de Telmo Correia autoriza o aumento de 2 c\u00e2maras, elevando o total para 12 equipamentos. A medida visa melhorar a vigil\u00e2ncia e a resposta a ocorr\u00eancias na \u00e1rea do Santu\u00e1rio, sob a gest\u00e3o da GNR de Tomar. A CNPD j\u00e1 tinha dado parecer favor\u00e1vel ao alargamento.<\/p>\n<p>A implementa\u00e7\u00e3o decorre de decis\u00f5es administrativas j\u00e1 publicadas no Di\u00e1rio da Rep\u00fablica, que tamb\u00e9m confirmou a gest\u00e3o do sistema pela GNR. O objetivo \u00e9 assegurar maior efic\u00e1cia operacional e gest\u00e3o de riscos para visitantes e residentes na regi\u00e3o.<\/p>\n<h3>Extens\u00e3o do sistema em Vila Franca de Xira<\/h3>\n<p>Foi tamb\u00e9m publicado um despacho para prorrogar, por mais tr\u00eas anos, o funcionamento do sistema de 20 c\u00e2maras no concelho de Vila Franca de Xira. A PSP mant\u00e9m a gest\u00e3o do equipamento, com o objetivo de manter a vigil\u00e2ncia permanente na zona.<\/p>\n","protected":false},"excerpt":{"rendered":"<ul>\n<li>O Santu\u00e1rio de F\u00e1tima passa a ter mais duas c\u00e2maras de videovigil\u00e2ncia, totalizando doze equipamentos geridos pelo Destacamento Territorial da GNR de Tomar.<\/li>\n<li>O despacho assinado pelo secret\u00e1rio de Estado da Administra\u00e7\u00e3o Interna, Telmo Correia, autoriza a moderniza\u00e7\u00e3o do sistema.<\/li>\n<li>A Comiss\u00e3o Nacional de Prote\u00e7\u00e3o de Dados j\u00e1 tinha autorizado o alargamento de dez para doze c\u00e2maras.<\/li>\n<li>Tamb\u00e9m no Di\u00e1rio da Rep\u00fablica, foi publicado um despacho que proroga por mais tr\u00eas anos o funcionamento do sistema de vinte c\u00e2maras em Vila Franca de Xira, gerido pela Pol\u00edcia de Seguran\u00e7a P\u00fablica.<\/li>\n<\/ul>\n","protected":false},"author":2,"featured_media":415742,"comment_status":"closed","ping_status":"closed","sticky":false,"template":"","format":"standard","meta":{"footnotes":""},"categories":[6781,6779],"tags":[168,3418,4536,250,1776,3980],"class_list":["post-415740","post","type-post","status-publish","format-standard","has-post-thumbnail","hentry","category-policia","category-seguranca","tag-administracao-publica","tag-policia-de-seguranca-publica","tag-seguranca","tag-seguranca-publica","tag-vigilancia-eletronica","tag-vila-franca-de-xira"],"yoast_head":"<!-- This site is optimized with the Yoast SEO plugin v27.2 - https:\/\/yoast.com\/product\/yoast-seo-wordpress\/ -->\n<title>Governo autoriza duas novas c\u00e2maras de videovigil\u00e2ncia em F\u00e1tima - Portal Tela Portugal<\/title>\n<meta name=\"robots\" content=\"index, follow, max-snippet:-1, max-image-preview:large, max-video-preview:-1\" \/>\n<meta property=\"og:locale\" content=\"pt_PT\" \/>\n<meta property=\"og:type\" content=\"article\" \/>\n<meta property=\"og:title\" content=\"Governo autoriza duas novas c\u00e2maras de videovigil\u00e2ncia em F\u00e1tima - Portal Tela Portugal\" \/>\n<meta property=\"og:description\" content=\"O Santu\u00e1rio de F\u00e1tima passa a ter mais duas c\u00e2maras de videovigil\u00e2ncia, totalizando doze equipamentos geridos pelo Destacamento Territorial da GNR de Tomar. O despacho assinado pelo secret\u00e1rio de Estado da Administra\u00e7\u00e3o Interna, Telmo Correia, autoriza a moderniza\u00e7\u00e3o do sistema. A Comiss\u00e3o Nacional de Prote\u00e7\u00e3o de Dados j\u00e1 tinha autorizado o alargamento de dez para doze c\u00e2maras. Tamb\u00e9m no Di\u00e1rio da Rep\u00fablica, foi publicado um despacho que proroga por mais tr\u00eas anos o funcionamento do sistema de vinte c\u00e2maras em Vila Franca de Xira, gerido pela Pol\u00edcia de Seguran\u00e7a P\u00fablica.\" \/>\n<meta property=\"og:url\" content=\"https:\/\/portaltela.pt\/noticias\/2026\/03\/19\/governo-autoriza-duas-novas-camaras-de-videovigilancia-em-fatima\/\" \/>\n<meta property=\"og:site_name\" content=\"Portal Tela Portugal\" \/>\n<meta property=\"article:published_time\" content=\"2026-03-19T11:13:56+00:00\" \/>\n<meta name=\"author\" content=\"Telinha\" \/>\n<meta name=\"twitter:card\" content=\"summary_large_image\" \/>\n<meta name=\"twitter:label1\" content=\"Escrito por\" \/>\n\t<meta name=\"twitter:data1\" content=\"Telinha\" \/>\n\t<meta name=\"twitter:label2\" content=\"Tempo estimado de leitura\" \/>\n\t<meta name=\"twitter:data2\" content=\"2 minutos\" \/>\n<script type=\"application\/ld+json\" class=\"yoast-schema-graph\">{\"@context\":\"https:\/\/schema.org\",\"@graph\":[{\"@type\":\"Article\",\"@id\":\"https:\/\/portaltela.pt\/noticias\/2026\/03\/19\/governo-autoriza-duas-novas-camaras-de-videovigilancia-em-fatima\/#article\",\"isPartOf\":{\"@id\":\"https:\/\/portaltela.pt\/noticias\/2026\/03\/19\/governo-autoriza-duas-novas-camaras-de-videovigilancia-em-fatima\/\"},\"author\":{\"name\":\"Telinha\",\"@id\":\"https:\/\/portaltela.pt\/#\/schema\/person\/c4278d4a6028830caff9ee44b42d32ed\"},\"headline\":\"Governo autoriza duas novas c\u00e2maras de videovigil\u00e2ncia em F\u00e1tima\",\"datePublished\":\"2026-03-19T11:13:56+00:00\",\"mainEntityOfPage\":{\"@id\":\"https:\/\/portaltela.pt\/noticias\/2026\/03\/19\/governo-autoriza-duas-novas-camaras-de-videovigilancia-em-fatima\/\"},\"wordCount\":342,\"image\":{\"@id\":\"https:\/\/portaltela.pt\/noticias\/2026\/03\/19\/governo-autoriza-duas-novas-camaras-de-videovigilancia-em-fatima\/#primaryimage\"},\"thumbnailUrl\":\"https:\/\/portaltela.pt\/s.01k8rhncp4jt1\/2026\/03\/img_1500x1000uu2026-03-19-10-59-00-2273372-im-639095153842192248.jpg\",\"keywords\":[\"administra\u00e7\u00e3o p\u00fablica\",\"Pol\u00edcia de Seguran\u00e7a P\u00fablica\",\"seguran\u00e7a\",\"seguran\u00e7a p\u00fablica\",\"vigil\u00e2ncia eletr\u00f3nica\",\"Vila Franca de Xira\"],\"articleSection\":[\"Pol\u00edcia\",\"Seguran\u00e7a\"],\"inLanguage\":\"pt-PT\"},{\"@type\":\"WebPage\",\"@id\":\"https:\/\/portaltela.pt\/noticias\/2026\/03\/19\/governo-autoriza-duas-novas-camaras-de-videovigilancia-em-fatima\/\",\"url\":\"https:\/\/portaltela.pt\/noticias\/2026\/03\/19\/governo-autoriza-duas-novas-camaras-de-videovigilancia-em-fatima\/\",\"name\":\"Governo autoriza duas novas c\u00e2maras de videovigil\u00e2ncia em F\u00e1tima - Portal Tela Portugal\",\"isPartOf\":{\"@id\":\"https:\/\/portaltela.pt\/#website\"},\"primaryImageOfPage\":{\"@id\":\"https:\/\/portaltela.pt\/noticias\/2026\/03\/19\/governo-autoriza-duas-novas-camaras-de-videovigilancia-em-fatima\/#primaryimage\"},\"image\":{\"@id\":\"https:\/\/portaltela.pt\/noticias\/2026\/03\/19\/governo-autoriza-duas-novas-camaras-de-videovigilancia-em-fatima\/#primaryimage\"},\"thumbnailUrl\":\"https:\/\/portaltela.pt\/s.01k8rhncp4jt1\/2026\/03\/img_1500x1000uu2026-03-19-10-59-00-2273372-im-639095153842192248.jpg\",\"datePublished\":\"2026-03-19T11:13:56+00:00\",\"author\":{\"@id\":\"https:\/\/portaltela.pt\/#\/schema\/person\/c4278d4a6028830caff9ee44b42d32ed\"},\"breadcrumb\":{\"@id\":\"https:\/\/portaltela.pt\/noticias\/2026\/03\/19\/governo-autoriza-duas-novas-camaras-de-videovigilancia-em-fatima\/#breadcrumb\"},\"inLanguage\":\"pt-PT\",\"potentialAction\":[{\"@type\":\"ReadAction\",\"target\":[\"https:\/\/portaltela.pt\/noticias\/2026\/03\/19\/governo-autoriza-duas-novas-camaras-de-videovigilancia-em-fatima\/\"]}]},{\"@type\":\"ImageObject\",\"inLanguage\":\"pt-PT\",\"@id\":\"https:\/\/portaltela.pt\/noticias\/2026\/03\/19\/governo-autoriza-duas-novas-camaras-de-videovigilancia-em-fatima\/#primaryimage\",\"url\":\"https:\/\/portaltela.pt\/s.01k8rhncp4jt1\/2026\/03\/img_1500x1000uu2026-03-19-10-59-00-2273372-im-639095153842192248.jpg\",\"contentUrl\":\"https:\/\/portaltela.pt\/s.01k8rhncp4jt1\/2026\/03\/img_1500x1000uu2026-03-19-10-59-00-2273372-im-639095153842192248.jpg\",\"width\":796,\"height\":448,\"caption\":\"Uma das c\u00e2maras que fazem parte da videovigil\u00e2ncia do Santu\u00e1rio de F\u00e1tima\"},{\"@type\":\"BreadcrumbList\",\"@id\":\"https:\/\/portaltela.pt\/noticias\/2026\/03\/19\/governo-autoriza-duas-novas-camaras-de-videovigilancia-em-fatima\/#breadcrumb\",\"itemListElement\":[{\"@type\":\"ListItem\",\"position\":1,\"name\":\"In\u00edcio\",\"item\":\"https:\/\/portaltela.pt\/\"},{\"@type\":\"ListItem\",\"position\":2,\"name\":\"Governo autoriza duas novas c\u00e2maras de videovigil\u00e2ncia em F\u00e1tima\"}]},{\"@type\":\"WebSite\",\"@id\":\"https:\/\/portaltela.pt\/#website\",\"url\":\"https:\/\/portaltela.pt\/\",\"name\":\"Portal Tela Portugal\",\"description\":\"\",\"potentialAction\":[{\"@type\":\"SearchAction\",\"target\":{\"@type\":\"EntryPoint\",\"urlTemplate\":\"https:\/\/portaltela.pt\/?s={search_term_string}\"},\"query-input\":{\"@type\":\"PropertyValueSpecification\",\"valueRequired\":true,\"valueName\":\"search_term_string\"}}],\"inLanguage\":\"pt-PT\"},{\"@type\":\"Person\",\"@id\":\"https:\/\/portaltela.pt\/#\/schema\/person\/c4278d4a6028830caff9ee44b42d32ed\",\"name\":\"Telinha\",\"image\":{\"@type\":\"ImageObject\",\"inLanguage\":\"pt-PT\",\"@id\":\"https:\/\/portaltela.pt\/s.01k8rhncp4jt1\/2025\/11\/talking-bot-125x125.png\",\"url\":\"https:\/\/portaltela.pt\/s.01k8rhncp4jt1\/2025\/11\/talking-bot-125x125.png\",\"contentUrl\":\"https:\/\/portaltela.pt\/s.01k8rhncp4jt1\/2025\/11\/talking-bot-125x125.png\",\"caption\":\"Telinha\"},\"sameAs\":[\"https:\/\/portaltela.pt\/\"],\"url\":\"https:\/\/portaltela.pt\/por\/367410592786\/\"}]}<\/script>\n<!-- \/ Yoast SEO plugin. -->","yoast_head_json":{"title":"Governo autoriza duas novas c\u00e2maras de videovigil\u00e2ncia em F\u00e1tima - Portal Tela Portugal","robots":{"index":"index","follow":"follow","max-snippet":"max-snippet:-1","max-image-preview":"max-image-preview:large","max-video-preview":"max-video-preview:-1"},"og_locale":"pt_PT","og_type":"article","og_title":"Governo autoriza duas novas c\u00e2maras de videovigil\u00e2ncia em F\u00e1tima - Portal Tela Portugal","og_description":"O Santu\u00e1rio de F\u00e1tima passa a ter mais duas c\u00e2maras de videovigil\u00e2ncia, totalizando doze equipamentos geridos pelo Destacamento Territorial da GNR de Tomar. O despacho assinado pelo secret\u00e1rio de Estado da Administra\u00e7\u00e3o Interna, Telmo Correia, autoriza a moderniza\u00e7\u00e3o do sistema. A Comiss\u00e3o Nacional de Prote\u00e7\u00e3o de Dados j\u00e1 tinha autorizado o alargamento de dez para doze c\u00e2maras. Tamb\u00e9m no Di\u00e1rio da Rep\u00fablica, foi publicado um despacho que proroga por mais tr\u00eas anos o funcionamento do sistema de vinte c\u00e2maras em Vila Franca de Xira, gerido pela Pol\u00edcia de Seguran\u00e7a P\u00fablica.","og_url":"https:\/\/portaltela.pt\/noticias\/2026\/03\/19\/governo-autoriza-duas-novas-camaras-de-videovigilancia-em-fatima\/","og_site_name":"Portal Tela Portugal","article_published_time":"2026-03-19T11:13:56+00:00","author":"Telinha","twitter_card":"summary_large_image","twitter_misc":{"Escrito por":"Telinha","Tempo estimado de leitura":"2 minutos"},"schema":{"@context":"https:\/\/schema.org","@graph":[{"@type":"Article","@id":"https:\/\/portaltela.pt\/noticias\/2026\/03\/19\/governo-autoriza-duas-novas-camaras-de-videovigilancia-em-fatima\/#article","isPartOf":{"@id":"https:\/\/portaltela.pt\/noticias\/2026\/03\/19\/governo-autoriza-duas-novas-camaras-de-videovigilancia-em-fatima\/"},"author":{"name":"Telinha","@id":"https:\/\/portaltela.pt\/#\/schema\/person\/c4278d4a6028830caff9ee44b42d32ed"},"headline":"Governo autoriza duas novas c\u00e2maras de videovigil\u00e2ncia em F\u00e1tima","datePublished":"2026-03-19T11:13:56+00:00","mainEntityOfPage":{"@id":"https:\/\/portaltela.pt\/noticias\/2026\/03\/19\/governo-autoriza-duas-novas-camaras-de-videovigilancia-em-fatima\/"},"wordCount":342,"image":{"@id":"https:\/\/portaltela.pt\/noticias\/2026\/03\/19\/governo-autoriza-duas-novas-camaras-de-videovigilancia-em-fatima\/#primaryimage"},"thumbnailUrl":"https:\/\/portaltela.pt\/s.01k8rhncp4jt1\/2026\/03\/img_1500x1000uu2026-03-19-10-59-00-2273372-im-639095153842192248.jpg","keywords":["administra\u00e7\u00e3o p\u00fablica","Pol\u00edcia de Seguran\u00e7a P\u00fablica","seguran\u00e7a","seguran\u00e7a p\u00fablica","vigil\u00e2ncia eletr\u00f3nica","Vila Franca de Xira"],"articleSection":["Pol\u00edcia","Seguran\u00e7a"],"inLanguage":"pt-PT"},{"@type":"WebPage","@id":"https:\/\/portaltela.pt\/noticias\/2026\/03\/19\/governo-autoriza-duas-novas-camaras-de-videovigilancia-em-fatima\/","url":"https:\/\/portaltela.pt\/noticias\/2026\/03\/19\/governo-autoriza-duas-novas-camaras-de-videovigilancia-em-fatima\/","name":"Governo autoriza duas novas c\u00e2maras de videovigil\u00e2ncia em F\u00e1tima - Portal Tela Portugal","isPartOf":{"@id":"https:\/\/portaltela.pt\/#website"},"primaryImageOfPage":{"@id":"https:\/\/portaltela.pt\/noticias\/2026\/03\/19\/governo-autoriza-duas-novas-camaras-de-videovigilancia-em-fatima\/#primaryimage"},"image":{"@id":"https:\/\/portaltela.pt\/noticias\/2026\/03\/19\/governo-autoriza-duas-novas-camaras-de-videovigilancia-em-fatima\/#primaryimage"},"thumbnailUrl":"https:\/\/portaltela.pt\/s.01k8rhncp4jt1\/2026\/03\/img_1500x1000uu2026-03-19-10-59-00-2273372-im-639095153842192248.jpg","datePublished":"2026-03-19T11:13:56+00:00","author":{"@id":"https:\/\/portaltela.pt\/#\/schema\/person\/c4278d4a6028830caff9ee44b42d32ed"},"breadcrumb":{"@id":"https:\/\/portaltela.pt\/noticias\/2026\/03\/19\/governo-autoriza-duas-novas-camaras-de-videovigilancia-em-fatima\/#breadcrumb"},"inLanguage":"pt-PT","potentialAction":[{"@type":"ReadAction","target":["https:\/\/portaltela.pt\/noticias\/2026\/03\/19\/governo-autoriza-duas-novas-camaras-de-videovigilancia-em-fatima\/"]}]},{"@type":"ImageObject","inLanguage":"pt-PT","@id":"https:\/\/portaltela.pt\/noticias\/2026\/03\/19\/governo-autoriza-duas-novas-camaras-de-videovigilancia-em-fatima\/#primaryimage","url":"https:\/\/portaltela.pt\/s.01k8rhncp4jt1\/2026\/03\/img_1500x1000uu2026-03-19-10-59-00-2273372-im-639095153842192248.jpg","contentUrl":"https:\/\/portaltela.pt\/s.01k8rhncp4jt1\/2026\/03\/img_1500x1000uu2026-03-19-10-59-00-2273372-im-639095153842192248.jpg","width":796,"height":448,"caption":"Uma das c\u00e2maras que fazem parte da videovigil\u00e2ncia do Santu\u00e1rio de F\u00e1tima"},{"@type":"BreadcrumbList","@id":"https:\/\/portaltela.pt\/noticias\/2026\/03\/19\/governo-autoriza-duas-novas-camaras-de-videovigilancia-em-fatima\/#breadcrumb","itemListElement":[{"@type":"ListItem","position":1,"name":"In\u00edcio","item":"https:\/\/portaltela.pt\/"},{"@type":"ListItem","position":2,"name":"Governo autoriza duas novas c\u00e2maras de videovigil\u00e2ncia em F\u00e1tima"}]},{"@type":"WebSite","@id":"https:\/\/portaltela.pt\/#website","url":"https:\/\/portaltela.pt\/","name":"Portal Tela Portugal","description":"","potentialAction":[{"@type":"SearchAction","target":{"@type":"EntryPoint","urlTemplate":"https:\/\/portaltela.pt\/?s={search_term_string}"},"query-input":{"@type":"PropertyValueSpecification","valueRequired":true,"valueName":"search_term_string"}}],"inLanguage":"pt-PT"},{"@type":"Person","@id":"https:\/\/portaltela.pt\/#\/schema\/person\/c4278d4a6028830caff9ee44b42d32ed","name":"Telinha","image":{"@type":"ImageObject","inLanguage":"pt-PT","@id":"https:\/\/portaltela.pt\/s.01k8rhncp4jt1\/2025\/11\/talking-bot-125x125.png","url":"https:\/\/portaltela.pt\/s.01k8rhncp4jt1\/2025\/11\/talking-bot-125x125.png","contentUrl":"https:\/\/portaltela.pt\/s.01k8rhncp4jt1\/2025\/11\/talking-bot-125x125.png","caption":"Telinha"},"sameAs":["https:\/\/portaltela.pt\/"],"url":"https:\/\/portaltela.pt\/por\/367410592786\/"}]}},"_links":{"self":[{"href":"https:\/\/portaltela.pt\/api\/wp\/v2\/posts\/415740","targetHints":{"allow":["GET"]}}],"collection":[{"href":"https:\/\/portaltela.pt\/api\/wp\/v2\/posts"}],"about":[{"href":"https:\/\/portaltela.pt\/api\/wp\/v2\/types\/post"}],"author":[{"embeddable":true,"href":"https:\/\/portaltela.pt\/api\/wp\/v2\/users\/2"}],"replies":[{"embeddable":true,"href":"https:\/\/portaltela.pt\/api\/wp\/v2\/comments?post=415740"}],"version-history":[{"count":0,"href":"https:\/\/portaltela.pt\/api\/wp\/v2\/posts\/415740\/revisions"}],"wp:featuredmedia":[{"embeddable":true,"href":"https:\/\/portaltela.pt\/api\/wp\/v2\/media\/415742"}],"wp:attachment":[{"href":"https:\/\/portaltela.pt\/api\/wp\/v2\/media?parent=415740"}],"wp:term":[{"taxonomy":"category","embeddable":true,"href":"https:\/\/portaltela.pt\/api\/wp\/v2\/categories?post=415740"},{"taxonomy":"post_tag","embeddable":true,"href":"https:\/\/portaltela.pt\/api\/wp\/v2\/tags?post=415740"}],"curies":[{"name":"wp","href":"https:\/\/api.w.org\/{rel}","templated":true}]}}