{"id":415735,"date":"2026-03-19T08:10:31","date_gmt":"2026-03-19T11:10:31","guid":{"rendered":"https:\/\/portaltela.pt\/noticias\/2026\/03\/19\/metade-dos-pais-na-madeira-em-2024-tinha-entre-30-e-39-anos\/"},"modified":"2026-03-19T08:10:31","modified_gmt":"2026-03-19T11:10:31","slug":"metade-dos-pais-na-madeira-em-2024-tinha-entre-30-e-39-anos","status":"publish","type":"post","link":"https:\/\/portaltela.pt\/sociedade\/2026\/03\/19\/metade-dos-pais-na-madeira-em-2024-tinha-entre-30-e-39-anos\/","title":{"rendered":"Metade dos pais na Madeira em 2024 tinha entre 30 e 39 anos"},"content":{"rendered":"<p>A Madeira registou em 2024 uma concentra\u00e7\u00e3o significativa de paternidade entre os residentes. Foram 1.756 homens que se tornaram pais, num ano em que nasceram 1.782 beb\u00e9s. O mais novo pai tinha 16 anos e o mais velho, 64.<\/p>\n<p>De acordo com a Dire\u00e7\u00e3o Regional de Estat\u00edstica da Madeira (DREM), 8,4% dos pais tinham nacionalidade estrangeira, 51% tinham entre 30 e 39 anos e a maioria estava empregada (91,4%).<\/p>\n<p>Para assinalar o Dia do Pai, a DREM divulgou ainda dados sobre o subs\u00eddio parental inicial. Em 2024, 1.866 pais beneficiaram do subs\u00eddio da Seguran\u00e7a Social, com uma dura\u00e7\u00e3o m\u00e9dia de 43 dias por pai, o valor mais elevado desde que h\u00e1 registo.<\/p>\n<p>A dura\u00e7\u00e3o m\u00e9dia do subs\u00eddio tem vindo a aumentar ao longo dos anos. Em 2010, 1.862 pais beneficiaram, com uma dura\u00e7\u00e3o m\u00e9dia de 25 dias por pai.<\/p>\n<p>Relativamente \u00e0 licen\u00e7a parental, os pais beneficiaram, em m\u00e9dia, de 43 dias, cerca de 37% da dura\u00e7\u00e3o da licen\u00e7a inicial das m\u00e3es, que foi de 109 dias. A compara\u00e7\u00e3o evidencia um aumento da participa\u00e7\u00e3o paternal.<\/p>\n<p>O valor m\u00e9dio do subs\u00eddio parental inicial por pai em 2024 foi de 1.965 euros, tamb\u00e9m o mais alto desde o in\u00edcio dos registos, com um montante total de 3,7 milh\u00f5es de euros para 1.866 benefici\u00e1rios. O valor m\u00e9dio evoluiu de 811 euros em 2010.<\/p>\n","protected":false},"excerpt":{"rendered":"<ul>\n<li>Em 2024, 1.756 homens residentes na Madeira foram pais, sendo que 1.730 tiveram filho e 26 foram pais de g\u00e9meos; o mais novo tinha 16 anos e o mais velho 64.<\/li>\n<li>Cerca de 51% dos pais tinham entre 30 e 39 anos; 8,4% tinham nacionalidade estrangeira; 91,4% estavam empregados.<\/li>\n<li>Nasceram 1.782 beb\u00e9s na Madeira em 2024.<\/li>\n<li>O subs\u00eddio parental inicial foi recebido por 1.866 pais, com dura\u00e7\u00e3o m\u00e9dia de 43 dias por pai, o valor mais elevado desde o in\u00edcio dos registos; o subs\u00eddio m\u00e9dio por pai foi de 1.965 euros.<\/li>\n<li>A participa\u00e7\u00e3o dos pais na licen\u00e7a parental foi de cerca de 37% da dura\u00e7\u00e3o da licen\u00e7a inicial das m\u00e3es; as m\u00e3es tiveram, em m\u00e9dia, 109 dias, enquanto os pais tiveram 43 dias.<\/li>\n<\/ul>\n","protected":false},"author":2,"featured_media":415738,"comment_status":"closed","ping_status":"closed","sticky":false,"template":"","format":"standard","meta":{"footnotes":""},"categories":[6745,6871],"tags":[5881,1006,210,116,2575,1251],"class_list":["post-415735","post","type-post","status-publish","format-standard","has-post-thumbnail","hentry","category-saude","category-sociedade","tag-a-madeira","tag-emprego","tag-pais","tag-paternidade","tag-subsidio-social","tag-subsidios"],"yoast_head":"<!-- This site is optimized with the Yoast SEO plugin v27.2 - https:\/\/yoast.com\/product\/yoast-seo-wordpress\/ -->\n<title>Metade dos pais na Madeira em 2024 tinha entre 30 e 39 anos - Portal Tela Portugal<\/title>\n<meta name=\"robots\" content=\"index, follow, max-snippet:-1, max-image-preview:large, max-video-preview:-1\" \/>\n<meta property=\"og:locale\" content=\"pt_PT\" \/>\n<meta property=\"og:type\" content=\"article\" \/>\n<meta property=\"og:title\" content=\"Metade dos pais na Madeira em 2024 tinha entre 30 e 39 anos - Portal Tela Portugal\" \/>\n<meta property=\"og:description\" content=\"Em 2024, 1.756 homens residentes na Madeira foram pais, sendo que 1.730 tiveram filho e 26 foram pais de g\u00e9meos; o mais novo tinha 16 anos e o mais velho 64. Cerca de 51% dos pais tinham entre 30 e 39 anos; 8,4% tinham nacionalidade estrangeira; 91,4% estavam empregados. Nasceram 1.782 beb\u00e9s na Madeira em 2024. O subs\u00eddio parental inicial foi recebido por 1.866 pais, com dura\u00e7\u00e3o m\u00e9dia de 43 dias por pai, o valor mais elevado desde o in\u00edcio dos registos; o subs\u00eddio m\u00e9dio por pai foi de 1.965 euros. A participa\u00e7\u00e3o dos pais na licen\u00e7a parental foi de cerca de 37% da dura\u00e7\u00e3o da licen\u00e7a inicial das m\u00e3es; as m\u00e3es tiveram, em m\u00e9dia, 109 dias, enquanto os pais tiveram 43 dias.\" \/>\n<meta property=\"og:url\" content=\"https:\/\/portaltela.pt\/noticias\/2026\/03\/19\/metade-dos-pais-na-madeira-em-2024-tinha-entre-30-e-39-anos\/\" \/>\n<meta property=\"og:site_name\" content=\"Portal Tela Portugal\" \/>\n<meta property=\"article:published_time\" content=\"2026-03-19T11:10:31+00:00\" \/>\n<meta name=\"author\" content=\"Telinha\" \/>\n<meta name=\"twitter:card\" content=\"summary_large_image\" \/>\n<meta name=\"twitter:label1\" content=\"Escrito por\" \/>\n\t<meta name=\"twitter:data1\" content=\"Telinha\" \/>\n\t<meta name=\"twitter:label2\" content=\"Tempo estimado de leitura\" \/>\n\t<meta name=\"twitter:data2\" content=\"1 minuto\" \/>\n<script type=\"application\/ld+json\" class=\"yoast-schema-graph\">{\"@context\":\"https:\/\/schema.org\",\"@graph\":[{\"@type\":\"Article\",\"@id\":\"https:\/\/portaltela.pt\/noticias\/2026\/03\/19\/metade-dos-pais-na-madeira-em-2024-tinha-entre-30-e-39-anos\/#article\",\"isPartOf\":{\"@id\":\"https:\/\/portaltela.pt\/noticias\/2026\/03\/19\/metade-dos-pais-na-madeira-em-2024-tinha-entre-30-e-39-anos\/\"},\"author\":{\"name\":\"Telinha\",\"@id\":\"https:\/\/portaltela.pt\/#\/schema\/person\/c4278d4a6028830caff9ee44b42d32ed\"},\"headline\":\"Metade dos pais na Madeira em 2024 tinha entre 30 e 39 anos\",\"datePublished\":\"2026-03-19T11:10:31+00:00\",\"mainEntityOfPage\":{\"@id\":\"https:\/\/portaltela.pt\/noticias\/2026\/03\/19\/metade-dos-pais-na-madeira-em-2024-tinha-entre-30-e-39-anos\/\"},\"wordCount\":231,\"image\":{\"@id\":\"https:\/\/portaltela.pt\/noticias\/2026\/03\/19\/metade-dos-pais-na-madeira-em-2024-tinha-entre-30-e-39-anos\/#primaryimage\"},\"thumbnailUrl\":\"https:\/\/portaltela.pt\/s.01k8rhncp4jt1\/2026\/03\/img_1500x1000uu2023-07-28-23-30-06-1406193.jpg\",\"keywords\":[\"a madeira\",\"emprego\",\"pais\",\"paternidade\",\"Subs\u00eddio Social\",\"subs\u00eddios\"],\"articleSection\":[\"Sa\u00fade\",\"Sociedade\"],\"inLanguage\":\"pt-PT\"},{\"@type\":\"WebPage\",\"@id\":\"https:\/\/portaltela.pt\/noticias\/2026\/03\/19\/metade-dos-pais-na-madeira-em-2024-tinha-entre-30-e-39-anos\/\",\"url\":\"https:\/\/portaltela.pt\/noticias\/2026\/03\/19\/metade-dos-pais-na-madeira-em-2024-tinha-entre-30-e-39-anos\/\",\"name\":\"Metade dos pais na Madeira em 2024 tinha entre 30 e 39 anos - Portal Tela Portugal\",\"isPartOf\":{\"@id\":\"https:\/\/portaltela.pt\/#website\"},\"primaryImageOfPage\":{\"@id\":\"https:\/\/portaltela.pt\/noticias\/2026\/03\/19\/metade-dos-pais-na-madeira-em-2024-tinha-entre-30-e-39-anos\/#primaryimage\"},\"image\":{\"@id\":\"https:\/\/portaltela.pt\/noticias\/2026\/03\/19\/metade-dos-pais-na-madeira-em-2024-tinha-entre-30-e-39-anos\/#primaryimage\"},\"thumbnailUrl\":\"https:\/\/portaltela.pt\/s.01k8rhncp4jt1\/2026\/03\/img_1500x1000uu2023-07-28-23-30-06-1406193.jpg\",\"datePublished\":\"2026-03-19T11:10:31+00:00\",\"author\":{\"@id\":\"https:\/\/portaltela.pt\/#\/schema\/person\/c4278d4a6028830caff9ee44b42d32ed\"},\"breadcrumb\":{\"@id\":\"https:\/\/portaltela.pt\/noticias\/2026\/03\/19\/metade-dos-pais-na-madeira-em-2024-tinha-entre-30-e-39-anos\/#breadcrumb\"},\"inLanguage\":\"pt-PT\",\"potentialAction\":[{\"@type\":\"ReadAction\",\"target\":[\"https:\/\/portaltela.pt\/noticias\/2026\/03\/19\/metade-dos-pais-na-madeira-em-2024-tinha-entre-30-e-39-anos\/\"]}]},{\"@type\":\"ImageObject\",\"inLanguage\":\"pt-PT\",\"@id\":\"https:\/\/portaltela.pt\/noticias\/2026\/03\/19\/metade-dos-pais-na-madeira-em-2024-tinha-entre-30-e-39-anos\/#primaryimage\",\"url\":\"https:\/\/portaltela.pt\/s.01k8rhncp4jt1\/2026\/03\/img_1500x1000uu2023-07-28-23-30-06-1406193.jpg\",\"contentUrl\":\"https:\/\/portaltela.pt\/s.01k8rhncp4jt1\/2026\/03\/img_1500x1000uu2023-07-28-23-30-06-1406193.jpg\",\"width\":796,\"height\":448,\"caption\":\"Beb\u00e9\"},{\"@type\":\"BreadcrumbList\",\"@id\":\"https:\/\/portaltela.pt\/noticias\/2026\/03\/19\/metade-dos-pais-na-madeira-em-2024-tinha-entre-30-e-39-anos\/#breadcrumb\",\"itemListElement\":[{\"@type\":\"ListItem\",\"position\":1,\"name\":\"In\u00edcio\",\"item\":\"https:\/\/portaltela.pt\/\"},{\"@type\":\"ListItem\",\"position\":2,\"name\":\"Metade dos pais na Madeira em 2024 tinha entre 30 e 39 anos\"}]},{\"@type\":\"WebSite\",\"@id\":\"https:\/\/portaltela.pt\/#website\",\"url\":\"https:\/\/portaltela.pt\/\",\"name\":\"Portal Tela Portugal\",\"description\":\"\",\"potentialAction\":[{\"@type\":\"SearchAction\",\"target\":{\"@type\":\"EntryPoint\",\"urlTemplate\":\"https:\/\/portaltela.pt\/?s={search_term_string}\"},\"query-input\":{\"@type\":\"PropertyValueSpecification\",\"valueRequired\":true,\"valueName\":\"search_term_string\"}}],\"inLanguage\":\"pt-PT\"},{\"@type\":\"Person\",\"@id\":\"https:\/\/portaltela.pt\/#\/schema\/person\/c4278d4a6028830caff9ee44b42d32ed\",\"name\":\"Telinha\",\"image\":{\"@type\":\"ImageObject\",\"inLanguage\":\"pt-PT\",\"@id\":\"https:\/\/portaltela.pt\/s.01k8rhncp4jt1\/2025\/11\/talking-bot-125x125.png\",\"url\":\"https:\/\/portaltela.pt\/s.01k8rhncp4jt1\/2025\/11\/talking-bot-125x125.png\",\"contentUrl\":\"https:\/\/portaltela.pt\/s.01k8rhncp4jt1\/2025\/11\/talking-bot-125x125.png\",\"caption\":\"Telinha\"},\"sameAs\":[\"https:\/\/portaltela.pt\/\"],\"url\":\"https:\/\/portaltela.pt\/por\/367410592786\/\"}]}<\/script>\n<!-- \/ Yoast SEO plugin. -->","yoast_head_json":{"title":"Metade dos pais na Madeira em 2024 tinha entre 30 e 39 anos - Portal Tela Portugal","robots":{"index":"index","follow":"follow","max-snippet":"max-snippet:-1","max-image-preview":"max-image-preview:large","max-video-preview":"max-video-preview:-1"},"og_locale":"pt_PT","og_type":"article","og_title":"Metade dos pais na Madeira em 2024 tinha entre 30 e 39 anos - Portal Tela Portugal","og_description":"Em 2024, 1.756 homens residentes na Madeira foram pais, sendo que 1.730 tiveram filho e 26 foram pais de g\u00e9meos; o mais novo tinha 16 anos e o mais velho 64. Cerca de 51% dos pais tinham entre 30 e 39 anos; 8,4% tinham nacionalidade estrangeira; 91,4% estavam empregados. Nasceram 1.782 beb\u00e9s na Madeira em 2024. O subs\u00eddio parental inicial foi recebido por 1.866 pais, com dura\u00e7\u00e3o m\u00e9dia de 43 dias por pai, o valor mais elevado desde o in\u00edcio dos registos; o subs\u00eddio m\u00e9dio por pai foi de 1.965 euros. A participa\u00e7\u00e3o dos pais na licen\u00e7a parental foi de cerca de 37% da dura\u00e7\u00e3o da licen\u00e7a inicial das m\u00e3es; as m\u00e3es tiveram, em m\u00e9dia, 109 dias, enquanto os pais tiveram 43 dias.","og_url":"https:\/\/portaltela.pt\/noticias\/2026\/03\/19\/metade-dos-pais-na-madeira-em-2024-tinha-entre-30-e-39-anos\/","og_site_name":"Portal Tela Portugal","article_published_time":"2026-03-19T11:10:31+00:00","author":"Telinha","twitter_card":"summary_large_image","twitter_misc":{"Escrito por":"Telinha","Tempo estimado de leitura":"1 minuto"},"schema":{"@context":"https:\/\/schema.org","@graph":[{"@type":"Article","@id":"https:\/\/portaltela.pt\/noticias\/2026\/03\/19\/metade-dos-pais-na-madeira-em-2024-tinha-entre-30-e-39-anos\/#article","isPartOf":{"@id":"https:\/\/portaltela.pt\/noticias\/2026\/03\/19\/metade-dos-pais-na-madeira-em-2024-tinha-entre-30-e-39-anos\/"},"author":{"name":"Telinha","@id":"https:\/\/portaltela.pt\/#\/schema\/person\/c4278d4a6028830caff9ee44b42d32ed"},"headline":"Metade dos pais na Madeira em 2024 tinha entre 30 e 39 anos","datePublished":"2026-03-19T11:10:31+00:00","mainEntityOfPage":{"@id":"https:\/\/portaltela.pt\/noticias\/2026\/03\/19\/metade-dos-pais-na-madeira-em-2024-tinha-entre-30-e-39-anos\/"},"wordCount":231,"image":{"@id":"https:\/\/portaltela.pt\/noticias\/2026\/03\/19\/metade-dos-pais-na-madeira-em-2024-tinha-entre-30-e-39-anos\/#primaryimage"},"thumbnailUrl":"https:\/\/portaltela.pt\/s.01k8rhncp4jt1\/2026\/03\/img_1500x1000uu2023-07-28-23-30-06-1406193.jpg","keywords":["a madeira","emprego","pais","paternidade","Subs\u00eddio Social","subs\u00eddios"],"articleSection":["Sa\u00fade","Sociedade"],"inLanguage":"pt-PT"},{"@type":"WebPage","@id":"https:\/\/portaltela.pt\/noticias\/2026\/03\/19\/metade-dos-pais-na-madeira-em-2024-tinha-entre-30-e-39-anos\/","url":"https:\/\/portaltela.pt\/noticias\/2026\/03\/19\/metade-dos-pais-na-madeira-em-2024-tinha-entre-30-e-39-anos\/","name":"Metade dos pais na Madeira em 2024 tinha entre 30 e 39 anos - Portal Tela Portugal","isPartOf":{"@id":"https:\/\/portaltela.pt\/#website"},"primaryImageOfPage":{"@id":"https:\/\/portaltela.pt\/noticias\/2026\/03\/19\/metade-dos-pais-na-madeira-em-2024-tinha-entre-30-e-39-anos\/#primaryimage"},"image":{"@id":"https:\/\/portaltela.pt\/noticias\/2026\/03\/19\/metade-dos-pais-na-madeira-em-2024-tinha-entre-30-e-39-anos\/#primaryimage"},"thumbnailUrl":"https:\/\/portaltela.pt\/s.01k8rhncp4jt1\/2026\/03\/img_1500x1000uu2023-07-28-23-30-06-1406193.jpg","datePublished":"2026-03-19T11:10:31+00:00","author":{"@id":"https:\/\/portaltela.pt\/#\/schema\/person\/c4278d4a6028830caff9ee44b42d32ed"},"breadcrumb":{"@id":"https:\/\/portaltela.pt\/noticias\/2026\/03\/19\/metade-dos-pais-na-madeira-em-2024-tinha-entre-30-e-39-anos\/#breadcrumb"},"inLanguage":"pt-PT","potentialAction":[{"@type":"ReadAction","target":["https:\/\/portaltela.pt\/noticias\/2026\/03\/19\/metade-dos-pais-na-madeira-em-2024-tinha-entre-30-e-39-anos\/"]}]},{"@type":"ImageObject","inLanguage":"pt-PT","@id":"https:\/\/portaltela.pt\/noticias\/2026\/03\/19\/metade-dos-pais-na-madeira-em-2024-tinha-entre-30-e-39-anos\/#primaryimage","url":"https:\/\/portaltela.pt\/s.01k8rhncp4jt1\/2026\/03\/img_1500x1000uu2023-07-28-23-30-06-1406193.jpg","contentUrl":"https:\/\/portaltela.pt\/s.01k8rhncp4jt1\/2026\/03\/img_1500x1000uu2023-07-28-23-30-06-1406193.jpg","width":796,"height":448,"caption":"Beb\u00e9"},{"@type":"BreadcrumbList","@id":"https:\/\/portaltela.pt\/noticias\/2026\/03\/19\/metade-dos-pais-na-madeira-em-2024-tinha-entre-30-e-39-anos\/#breadcrumb","itemListElement":[{"@type":"ListItem","position":1,"name":"In\u00edcio","item":"https:\/\/portaltela.pt\/"},{"@type":"ListItem","position":2,"name":"Metade dos pais na Madeira em 2024 tinha entre 30 e 39 anos"}]},{"@type":"WebSite","@id":"https:\/\/portaltela.pt\/#website","url":"https:\/\/portaltela.pt\/","name":"Portal Tela Portugal","description":"","potentialAction":[{"@type":"SearchAction","target":{"@type":"EntryPoint","urlTemplate":"https:\/\/portaltela.pt\/?s={search_term_string}"},"query-input":{"@type":"PropertyValueSpecification","valueRequired":true,"valueName":"search_term_string"}}],"inLanguage":"pt-PT"},{"@type":"Person","@id":"https:\/\/portaltela.pt\/#\/schema\/person\/c4278d4a6028830caff9ee44b42d32ed","name":"Telinha","image":{"@type":"ImageObject","inLanguage":"pt-PT","@id":"https:\/\/portaltela.pt\/s.01k8rhncp4jt1\/2025\/11\/talking-bot-125x125.png","url":"https:\/\/portaltela.pt\/s.01k8rhncp4jt1\/2025\/11\/talking-bot-125x125.png","contentUrl":"https:\/\/portaltela.pt\/s.01k8rhncp4jt1\/2025\/11\/talking-bot-125x125.png","caption":"Telinha"},"sameAs":["https:\/\/portaltela.pt\/"],"url":"https:\/\/portaltela.pt\/por\/367410592786\/"}]}},"_links":{"self":[{"href":"https:\/\/portaltela.pt\/api\/wp\/v2\/posts\/415735","targetHints":{"allow":["GET"]}}],"collection":[{"href":"https:\/\/portaltela.pt\/api\/wp\/v2\/posts"}],"about":[{"href":"https:\/\/portaltela.pt\/api\/wp\/v2\/types\/post"}],"author":[{"embeddable":true,"href":"https:\/\/portaltela.pt\/api\/wp\/v2\/users\/2"}],"replies":[{"embeddable":true,"href":"https:\/\/portaltela.pt\/api\/wp\/v2\/comments?post=415735"}],"version-history":[{"count":0,"href":"https:\/\/portaltela.pt\/api\/wp\/v2\/posts\/415735\/revisions"}],"wp:featuredmedia":[{"embeddable":true,"href":"https:\/\/portaltela.pt\/api\/wp\/v2\/media\/415738"}],"wp:attachment":[{"href":"https:\/\/portaltela.pt\/api\/wp\/v2\/media?parent=415735"}],"wp:term":[{"taxonomy":"category","embeddable":true,"href":"https:\/\/portaltela.pt\/api\/wp\/v2\/categories?post=415735"},{"taxonomy":"post_tag","embeddable":true,"href":"https:\/\/portaltela.pt\/api\/wp\/v2\/tags?post=415735"}],"curies":[{"name":"wp","href":"https:\/\/api.w.org\/{rel}","templated":true}]}}