{"id":415730,"date":"2026-03-19T08:00:00","date_gmt":"2026-03-19T11:00:00","guid":{"rendered":"https:\/\/portaltela.pt\/noticias\/2026\/03\/19\/como-e-quando-iniciar-um-fundo-de-emergencia\/"},"modified":"2026-03-19T08:00:00","modified_gmt":"2026-03-19T11:00:00","slug":"como-e-quando-iniciar-um-fundo-de-emergencia","status":"publish","type":"post","link":"https:\/\/portaltela.pt\/noticias\/2026\/03\/19\/como-e-quando-iniciar-um-fundo-de-emergencia\/","title":{"rendered":"Como e quando iniciar um fundo de emerg\u00eancia"},"content":{"rendered":"<p>O Consult\u00f3rio de Finan\u00e7as Pessoais, da educadora financeira Catarina Machado, partilhou um guia sobre como e quando iniciar um fundo de emerg\u00eancia. O texto est\u00e1 dispon\u00edvel para quem procura planeamento financeiro seguro para situa\u00e7\u00f5es imprevistas.<\/p>\n<p>O objetivo \u00e9 ajudar a manter a estabilidade financeira em momentos de crise, como perda de emprego, doen\u00e7a ou reparos urgentes na habita\u00e7\u00e3o. O guia descreve op\u00e7\u00f5es de poupan\u00e7a e investimento, bem como bons h\u00e1bitos de gest\u00e3o de dinheiro.<\/p>\n<p>O conte\u00fado \u00e9 apresentado de forma pr\u00e1tica, com exemplos e recomenda\u00e7\u00f5es simples para quem est\u00e1 a dar os primeiros passos ou j\u00e1 tem uma reserva inicial. O foco \u00e9 fornecer orienta\u00e7\u00e3o clara para come\u00e7ar a poupar de forma sustent\u00e1vel.<\/p>\n<h3>Quando come\u00e7ar<\/h3>\n<p>O ideal \u00e9 iniciar o fundo assim que se consiga cobrir as despesas essenciais do m\u00eas. Depois disso, recomenda-se destinar parte da renda mensal para a reserva.<\/p>\n<h3>Quanto deve ser o fundo<\/h3>\n<p>A meta recomendada varia entre tr\u00eas e seis meses de despesas essenciais. Por exemplo, com despesas mensais de 1 000 euros, o objetivo fica entre 3 000 e 6 000 euros.<\/p>\n<h3>Como construir o fundo<\/h3>\n<ul>\n<li>Mealheiro ou conta poupan\u00e7a de f\u00e1cil acesso s\u00e3o boas op\u00e7\u00f5es para quem come\u00e7a, desde que o dinheiro esteja dispon\u00edvel rapidamente.<\/li>\n<li>Investir pode fazer sentido para valores mais elevados ou para quem j\u00e1 tem reserva inicial. Fundos de emerg\u00eancia ou produtos de liquidez di\u00e1ria s\u00e3o op\u00e7\u00f5es, atento \u00e0s taxas e ao resgate.<\/li>\n<\/ul>\n<h3>Como manter o fundo<\/h3>\n<ul>\n<li>N\u00e3o usar o fundo para gastos n\u00e3o previstos.<\/li>\n<li>Repor o valor utilizado assim que poss\u00edvel.<\/li>\n<li>Rever periodicamente o montante, ajustando-o \u00e0s mudan\u00e7as de despesas ou da situa\u00e7\u00e3o financeira.<\/li>\n<\/ul>\n<p>Ter uma reserva bem constitu\u00edda ajuda a evitar endividamentos e a manter a tranquilidade financeira em momentos dif\u00edceis.<\/p>\n","protected":false},"excerpt":{"rendered":"<ul>\n<li>Um fundo de emerg\u00eancia \u00e9 uma reserva financeira para cobrir despesas imprevistas, como perda de emprego, doen\u00e7a ou reparos urgentes na casa.<\/li>\n<li>O ideal \u00e9 come\u00e7ar assim que se consegue cobrir as despesas essenciais do m\u00eas (alimenta\u00e7\u00e3o, habita\u00e7\u00e3o, transporte e sa\u00fade) e destinar uma parte da renda para o fundo.<\/li>\n<li>Recomenda-se acumular entre tr\u00eas e seis meses de despesas essenciais; por exemplo, com despesas mensais de 1.000 euros, o fundo deve ficar entre 3.000 e 6.000 euros.<\/li>\n<li>Como construir: para quem est\u00e1 a come\u00e7ar, usar um mealheiro ou uma conta poupan\u00e7a de f\u00e1cil acesso; para valores maiores, considerar fundos de emerg\u00eancia ou produtos com liquidez di\u00e1ria, atentos \u00e0s taxas e ao resgate.<\/li>\n<li>Como manter: n\u00e3o usar para despesas imprevistas sem necessidade, repor o valor assim que utilizado e rever periodicamente o montante conforme mudan\u00e7as nas despesas ou na situa\u00e7\u00e3o financeira.<\/li>\n<\/ul>\n","protected":false},"author":2,"featured_media":415737,"comment_status":"closed","ping_status":"closed","sticky":false,"template":"","format":"standard","meta":{"footnotes":""},"categories":[6850,1],"tags":[6115,28,7055,2584,6000,1733],"class_list":["post-415730","post","type-post","status-publish","format-standard","has-post-thumbnail","hentry","category-financas","category-noticias","tag-_economia","tag-economia","tag-educacao-financeira","tag-financas","tag-orcamento","tag-poupanca"],"yoast_head":"<!-- This site is optimized with the Yoast SEO plugin v27.2 - https:\/\/yoast.com\/product\/yoast-seo-wordpress\/ -->\n<title>Como e quando iniciar um fundo de emerg\u00eancia - Portal Tela Portugal<\/title>\n<meta name=\"robots\" content=\"index, follow, max-snippet:-1, max-image-preview:large, max-video-preview:-1\" \/>\n<meta property=\"og:locale\" content=\"pt_PT\" \/>\n<meta property=\"og:type\" content=\"article\" \/>\n<meta property=\"og:title\" content=\"Como e quando iniciar um fundo de emerg\u00eancia - Portal Tela Portugal\" \/>\n<meta property=\"og:description\" content=\"Um fundo de emerg\u00eancia \u00e9 uma reserva financeira para cobrir despesas imprevistas, como perda de emprego, doen\u00e7a ou reparos urgentes na casa. O ideal \u00e9 come\u00e7ar assim que se consegue cobrir as despesas essenciais do m\u00eas (alimenta\u00e7\u00e3o, habita\u00e7\u00e3o, transporte e sa\u00fade) e destinar uma parte da renda para o fundo. Recomenda-se acumular entre tr\u00eas e seis meses de despesas essenciais; por exemplo, com despesas mensais de 1.000 euros, o fundo deve ficar entre 3.000 e 6.000 euros. Como construir: para quem est\u00e1 a come\u00e7ar, usar um mealheiro ou uma conta poupan\u00e7a de f\u00e1cil acesso; para valores maiores, considerar fundos de emerg\u00eancia ou produtos com liquidez di\u00e1ria, atentos \u00e0s taxas e ao resgate. Como manter: n\u00e3o usar para despesas imprevistas sem necessidade, repor o valor assim que utilizado e rever periodicamente o montante conforme mudan\u00e7as nas despesas ou na situa\u00e7\u00e3o financeira.\" \/>\n<meta property=\"og:url\" content=\"https:\/\/portaltela.pt\/noticias\/2026\/03\/19\/como-e-quando-iniciar-um-fundo-de-emergencia\/\" \/>\n<meta property=\"og:site_name\" content=\"Portal Tela Portugal\" \/>\n<meta property=\"article:published_time\" content=\"2026-03-19T11:00:00+00:00\" \/>\n<meta name=\"author\" content=\"Telinha\" \/>\n<meta name=\"twitter:card\" content=\"summary_large_image\" \/>\n<meta name=\"twitter:label1\" content=\"Escrito por\" \/>\n\t<meta name=\"twitter:data1\" content=\"Telinha\" \/>\n\t<meta name=\"twitter:label2\" content=\"Tempo estimado de leitura\" \/>\n\t<meta name=\"twitter:data2\" content=\"2 minutos\" \/>\n<script type=\"application\/ld+json\" class=\"yoast-schema-graph\">{\"@context\":\"https:\/\/schema.org\",\"@graph\":[{\"@type\":\"Article\",\"@id\":\"https:\/\/portaltela.pt\/noticias\/2026\/03\/19\/como-e-quando-iniciar-um-fundo-de-emergencia\/#article\",\"isPartOf\":{\"@id\":\"https:\/\/portaltela.pt\/noticias\/2026\/03\/19\/como-e-quando-iniciar-um-fundo-de-emergencia\/\"},\"author\":{\"name\":\"Telinha\",\"@id\":\"https:\/\/portaltela.pt\/#\/schema\/person\/c4278d4a6028830caff9ee44b42d32ed\"},\"headline\":\"Como e quando iniciar um fundo de emerg\u00eancia\",\"datePublished\":\"2026-03-19T11:00:00+00:00\",\"mainEntityOfPage\":{\"@id\":\"https:\/\/portaltela.pt\/noticias\/2026\/03\/19\/como-e-quando-iniciar-um-fundo-de-emergencia\/\"},\"wordCount\":319,\"image\":{\"@id\":\"https:\/\/portaltela.pt\/noticias\/2026\/03\/19\/como-e-quando-iniciar-um-fundo-de-emergencia\/#primaryimage\"},\"thumbnailUrl\":\"https:\/\/portaltela.pt\/s.01k8rhncp4jt1\/2026\/03\/image-1243.jpg\",\"keywords\":[\"_economia\",\"economia\",\"educa\u00e7\u00e3o financeira\",\"finan\u00e7as\",\"or\u00e7amento\",\"poupan\u00e7a\"],\"articleSection\":[\"Finan\u00e7as\",\"Not\u00edcias\"],\"inLanguage\":\"pt-PT\"},{\"@type\":\"WebPage\",\"@id\":\"https:\/\/portaltela.pt\/noticias\/2026\/03\/19\/como-e-quando-iniciar-um-fundo-de-emergencia\/\",\"url\":\"https:\/\/portaltela.pt\/noticias\/2026\/03\/19\/como-e-quando-iniciar-um-fundo-de-emergencia\/\",\"name\":\"Como e quando iniciar um fundo de emerg\u00eancia - Portal Tela Portugal\",\"isPartOf\":{\"@id\":\"https:\/\/portaltela.pt\/#website\"},\"primaryImageOfPage\":{\"@id\":\"https:\/\/portaltela.pt\/noticias\/2026\/03\/19\/como-e-quando-iniciar-um-fundo-de-emergencia\/#primaryimage\"},\"image\":{\"@id\":\"https:\/\/portaltela.pt\/noticias\/2026\/03\/19\/como-e-quando-iniciar-um-fundo-de-emergencia\/#primaryimage\"},\"thumbnailUrl\":\"https:\/\/portaltela.pt\/s.01k8rhncp4jt1\/2026\/03\/image-1243.jpg\",\"datePublished\":\"2026-03-19T11:00:00+00:00\",\"author\":{\"@id\":\"https:\/\/portaltela.pt\/#\/schema\/person\/c4278d4a6028830caff9ee44b42d32ed\"},\"breadcrumb\":{\"@id\":\"https:\/\/portaltela.pt\/noticias\/2026\/03\/19\/como-e-quando-iniciar-um-fundo-de-emergencia\/#breadcrumb\"},\"inLanguage\":\"pt-PT\",\"potentialAction\":[{\"@type\":\"ReadAction\",\"target\":[\"https:\/\/portaltela.pt\/noticias\/2026\/03\/19\/como-e-quando-iniciar-um-fundo-de-emergencia\/\"]}]},{\"@type\":\"ImageObject\",\"inLanguage\":\"pt-PT\",\"@id\":\"https:\/\/portaltela.pt\/noticias\/2026\/03\/19\/como-e-quando-iniciar-um-fundo-de-emergencia\/#primaryimage\",\"url\":\"https:\/\/portaltela.pt\/s.01k8rhncp4jt1\/2026\/03\/image-1243.jpg\",\"contentUrl\":\"https:\/\/portaltela.pt\/s.01k8rhncp4jt1\/2026\/03\/image-1243.jpg\",\"width\":796,\"height\":448,\"caption\":\"Imagem de contexto do artigo Como e quando come\u00e7ar um fundo de emerg\u00eancia\"},{\"@type\":\"BreadcrumbList\",\"@id\":\"https:\/\/portaltela.pt\/noticias\/2026\/03\/19\/como-e-quando-iniciar-um-fundo-de-emergencia\/#breadcrumb\",\"itemListElement\":[{\"@type\":\"ListItem\",\"position\":1,\"name\":\"In\u00edcio\",\"item\":\"https:\/\/portaltela.pt\/\"},{\"@type\":\"ListItem\",\"position\":2,\"name\":\"Como e quando iniciar um fundo de emerg\u00eancia\"}]},{\"@type\":\"WebSite\",\"@id\":\"https:\/\/portaltela.pt\/#website\",\"url\":\"https:\/\/portaltela.pt\/\",\"name\":\"Portal Tela Portugal\",\"description\":\"\",\"potentialAction\":[{\"@type\":\"SearchAction\",\"target\":{\"@type\":\"EntryPoint\",\"urlTemplate\":\"https:\/\/portaltela.pt\/?s={search_term_string}\"},\"query-input\":{\"@type\":\"PropertyValueSpecification\",\"valueRequired\":true,\"valueName\":\"search_term_string\"}}],\"inLanguage\":\"pt-PT\"},{\"@type\":\"Person\",\"@id\":\"https:\/\/portaltela.pt\/#\/schema\/person\/c4278d4a6028830caff9ee44b42d32ed\",\"name\":\"Telinha\",\"image\":{\"@type\":\"ImageObject\",\"inLanguage\":\"pt-PT\",\"@id\":\"https:\/\/portaltela.pt\/s.01k8rhncp4jt1\/2025\/11\/talking-bot-125x125.png\",\"url\":\"https:\/\/portaltela.pt\/s.01k8rhncp4jt1\/2025\/11\/talking-bot-125x125.png\",\"contentUrl\":\"https:\/\/portaltela.pt\/s.01k8rhncp4jt1\/2025\/11\/talking-bot-125x125.png\",\"caption\":\"Telinha\"},\"sameAs\":[\"https:\/\/portaltela.pt\/\"],\"url\":\"https:\/\/portaltela.pt\/por\/367410592786\/\"}]}<\/script>\n<!-- \/ Yoast SEO plugin. -->","yoast_head_json":{"title":"Como e quando iniciar um fundo de emerg\u00eancia - Portal Tela Portugal","robots":{"index":"index","follow":"follow","max-snippet":"max-snippet:-1","max-image-preview":"max-image-preview:large","max-video-preview":"max-video-preview:-1"},"og_locale":"pt_PT","og_type":"article","og_title":"Como e quando iniciar um fundo de emerg\u00eancia - Portal Tela Portugal","og_description":"Um fundo de emerg\u00eancia \u00e9 uma reserva financeira para cobrir despesas imprevistas, como perda de emprego, doen\u00e7a ou reparos urgentes na casa. O ideal \u00e9 come\u00e7ar assim que se consegue cobrir as despesas essenciais do m\u00eas (alimenta\u00e7\u00e3o, habita\u00e7\u00e3o, transporte e sa\u00fade) e destinar uma parte da renda para o fundo. Recomenda-se acumular entre tr\u00eas e seis meses de despesas essenciais; por exemplo, com despesas mensais de 1.000 euros, o fundo deve ficar entre 3.000 e 6.000 euros. Como construir: para quem est\u00e1 a come\u00e7ar, usar um mealheiro ou uma conta poupan\u00e7a de f\u00e1cil acesso; para valores maiores, considerar fundos de emerg\u00eancia ou produtos com liquidez di\u00e1ria, atentos \u00e0s taxas e ao resgate. Como manter: n\u00e3o usar para despesas imprevistas sem necessidade, repor o valor assim que utilizado e rever periodicamente o montante conforme mudan\u00e7as nas despesas ou na situa\u00e7\u00e3o financeira.","og_url":"https:\/\/portaltela.pt\/noticias\/2026\/03\/19\/como-e-quando-iniciar-um-fundo-de-emergencia\/","og_site_name":"Portal Tela Portugal","article_published_time":"2026-03-19T11:00:00+00:00","author":"Telinha","twitter_card":"summary_large_image","twitter_misc":{"Escrito por":"Telinha","Tempo estimado de leitura":"2 minutos"},"schema":{"@context":"https:\/\/schema.org","@graph":[{"@type":"Article","@id":"https:\/\/portaltela.pt\/noticias\/2026\/03\/19\/como-e-quando-iniciar-um-fundo-de-emergencia\/#article","isPartOf":{"@id":"https:\/\/portaltela.pt\/noticias\/2026\/03\/19\/como-e-quando-iniciar-um-fundo-de-emergencia\/"},"author":{"name":"Telinha","@id":"https:\/\/portaltela.pt\/#\/schema\/person\/c4278d4a6028830caff9ee44b42d32ed"},"headline":"Como e quando iniciar um fundo de emerg\u00eancia","datePublished":"2026-03-19T11:00:00+00:00","mainEntityOfPage":{"@id":"https:\/\/portaltela.pt\/noticias\/2026\/03\/19\/como-e-quando-iniciar-um-fundo-de-emergencia\/"},"wordCount":319,"image":{"@id":"https:\/\/portaltela.pt\/noticias\/2026\/03\/19\/como-e-quando-iniciar-um-fundo-de-emergencia\/#primaryimage"},"thumbnailUrl":"https:\/\/portaltela.pt\/s.01k8rhncp4jt1\/2026\/03\/image-1243.jpg","keywords":["_economia","economia","educa\u00e7\u00e3o financeira","finan\u00e7as","or\u00e7amento","poupan\u00e7a"],"articleSection":["Finan\u00e7as","Not\u00edcias"],"inLanguage":"pt-PT"},{"@type":"WebPage","@id":"https:\/\/portaltela.pt\/noticias\/2026\/03\/19\/como-e-quando-iniciar-um-fundo-de-emergencia\/","url":"https:\/\/portaltela.pt\/noticias\/2026\/03\/19\/como-e-quando-iniciar-um-fundo-de-emergencia\/","name":"Como e quando iniciar um fundo de emerg\u00eancia - Portal Tela Portugal","isPartOf":{"@id":"https:\/\/portaltela.pt\/#website"},"primaryImageOfPage":{"@id":"https:\/\/portaltela.pt\/noticias\/2026\/03\/19\/como-e-quando-iniciar-um-fundo-de-emergencia\/#primaryimage"},"image":{"@id":"https:\/\/portaltela.pt\/noticias\/2026\/03\/19\/como-e-quando-iniciar-um-fundo-de-emergencia\/#primaryimage"},"thumbnailUrl":"https:\/\/portaltela.pt\/s.01k8rhncp4jt1\/2026\/03\/image-1243.jpg","datePublished":"2026-03-19T11:00:00+00:00","author":{"@id":"https:\/\/portaltela.pt\/#\/schema\/person\/c4278d4a6028830caff9ee44b42d32ed"},"breadcrumb":{"@id":"https:\/\/portaltela.pt\/noticias\/2026\/03\/19\/como-e-quando-iniciar-um-fundo-de-emergencia\/#breadcrumb"},"inLanguage":"pt-PT","potentialAction":[{"@type":"ReadAction","target":["https:\/\/portaltela.pt\/noticias\/2026\/03\/19\/como-e-quando-iniciar-um-fundo-de-emergencia\/"]}]},{"@type":"ImageObject","inLanguage":"pt-PT","@id":"https:\/\/portaltela.pt\/noticias\/2026\/03\/19\/como-e-quando-iniciar-um-fundo-de-emergencia\/#primaryimage","url":"https:\/\/portaltela.pt\/s.01k8rhncp4jt1\/2026\/03\/image-1243.jpg","contentUrl":"https:\/\/portaltela.pt\/s.01k8rhncp4jt1\/2026\/03\/image-1243.jpg","width":796,"height":448,"caption":"Imagem de contexto do artigo Como e quando come\u00e7ar um fundo de emerg\u00eancia"},{"@type":"BreadcrumbList","@id":"https:\/\/portaltela.pt\/noticias\/2026\/03\/19\/como-e-quando-iniciar-um-fundo-de-emergencia\/#breadcrumb","itemListElement":[{"@type":"ListItem","position":1,"name":"In\u00edcio","item":"https:\/\/portaltela.pt\/"},{"@type":"ListItem","position":2,"name":"Como e quando iniciar um fundo de emerg\u00eancia"}]},{"@type":"WebSite","@id":"https:\/\/portaltela.pt\/#website","url":"https:\/\/portaltela.pt\/","name":"Portal Tela Portugal","description":"","potentialAction":[{"@type":"SearchAction","target":{"@type":"EntryPoint","urlTemplate":"https:\/\/portaltela.pt\/?s={search_term_string}"},"query-input":{"@type":"PropertyValueSpecification","valueRequired":true,"valueName":"search_term_string"}}],"inLanguage":"pt-PT"},{"@type":"Person","@id":"https:\/\/portaltela.pt\/#\/schema\/person\/c4278d4a6028830caff9ee44b42d32ed","name":"Telinha","image":{"@type":"ImageObject","inLanguage":"pt-PT","@id":"https:\/\/portaltela.pt\/s.01k8rhncp4jt1\/2025\/11\/talking-bot-125x125.png","url":"https:\/\/portaltela.pt\/s.01k8rhncp4jt1\/2025\/11\/talking-bot-125x125.png","contentUrl":"https:\/\/portaltela.pt\/s.01k8rhncp4jt1\/2025\/11\/talking-bot-125x125.png","caption":"Telinha"},"sameAs":["https:\/\/portaltela.pt\/"],"url":"https:\/\/portaltela.pt\/por\/367410592786\/"}]}},"_links":{"self":[{"href":"https:\/\/portaltela.pt\/api\/wp\/v2\/posts\/415730","targetHints":{"allow":["GET"]}}],"collection":[{"href":"https:\/\/portaltela.pt\/api\/wp\/v2\/posts"}],"about":[{"href":"https:\/\/portaltela.pt\/api\/wp\/v2\/types\/post"}],"author":[{"embeddable":true,"href":"https:\/\/portaltela.pt\/api\/wp\/v2\/users\/2"}],"replies":[{"embeddable":true,"href":"https:\/\/portaltela.pt\/api\/wp\/v2\/comments?post=415730"}],"version-history":[{"count":0,"href":"https:\/\/portaltela.pt\/api\/wp\/v2\/posts\/415730\/revisions"}],"wp:featuredmedia":[{"embeddable":true,"href":"https:\/\/portaltela.pt\/api\/wp\/v2\/media\/415737"}],"wp:attachment":[{"href":"https:\/\/portaltela.pt\/api\/wp\/v2\/media?parent=415730"}],"wp:term":[{"taxonomy":"category","embeddable":true,"href":"https:\/\/portaltela.pt\/api\/wp\/v2\/categories?post=415730"},{"taxonomy":"post_tag","embeddable":true,"href":"https:\/\/portaltela.pt\/api\/wp\/v2\/tags?post=415730"}],"curies":[{"name":"wp","href":"https:\/\/api.w.org\/{rel}","templated":true}]}}