{"id":415696,"date":"2026-03-19T07:57:10","date_gmt":"2026-03-19T10:57:10","guid":{"rendered":"https:\/\/portaltela.pt\/noticias\/2026\/03\/19\/fc-porto-celebra-dia-do-pai-com-surpresa-aos-jogadores-e-lagrimas-no-balneario\/"},"modified":"2026-03-19T07:57:10","modified_gmt":"2026-03-19T10:57:10","slug":"fc-porto-celebra-dia-do-pai-com-surpresa-aos-jogadores-e-lagrimas-no-balneario","status":"publish","type":"post","link":"https:\/\/portaltela.pt\/desporto\/futebol\/2026\/03\/19\/fc-porto-celebra-dia-do-pai-com-surpresa-aos-jogadores-e-lagrimas-no-balneario\/","title":{"rendered":"FC Porto celebra Dia do Pai com surpresa aos jogadores e l\u00e1grimas no balne\u00e1rio"},"content":{"rendered":"<p>Para assinalar o Dia do Pai, celebrado esta quinta-feira, o FC Porto promoveu uma surpresa destinada a alguns dos seus jogadores. A iniciativa teve como objetivo homenagear as fam\u00edlias dos atletas durante o dia especial.<\/p>\n<p>Entre os jogadores surpreendidos estiveram Diogo Costa, Thiago Silva, Bednarek, Alan Varela, Gabri Veiga, Cl\u00e1udio Ramos, Jo\u00e3o Costa, Luuk de Jong, Pablo Rosario e Fofana. A rea\u00e7\u00e3o no balne\u00e1rio foi marcada por emo\u00e7\u00e3o e l\u00e1grimas, segundo relatos internos.<\/p>\n<p>A a\u00e7\u00e3o decorreu no contexto das atividades do clube, sem que sejam divulgados detalhes adicionais sobre a organiza\u00e7\u00e3o ou etapas seguintes da surpresa. A Equipa Principal e as modalidades associadas n\u00e3o confirmaram outras iniciativas similares para al\u00e9m deste epis\u00f3dio.<\/p>\n<p>N\u00e3o foram reveladas mensagens ou testemunhos oficiais, mantendo-se o car\u00e1ter privado do momento. A dire\u00e7\u00e3o do clube n\u00e3o comentou o epis\u00f3dio, limitando-se a divulgar que foi uma celebra\u00e7\u00e3o \u00e0s fam\u00edlias dos atletas.<\/p>\n","protected":false},"excerpt":{"rendered":"<ul>\n<li>O FC Porto comemorou o Dia do Pai, que se celebra esta quinta-feira, com uma surpresa para alguns jogadores.<\/li>\n<li>Entre os surpreendidos estiveram Diogo Costa, Thiago Silva, Bednarek, Alan Varela, Gabri Veiga, Cl\u00e1udio Ramos, Jo\u00e3o Costa, Luuk de Jong, Pablo Rosario e Fofana.<\/li>\n<li>Os jogadores n\u00e3o esconderam a emo\u00e7\u00e3o durante a surpresa no dia dedicado aos pais.<\/li>\n<li>A not\u00edcia destaca que houve l\u00e1grimas no balne\u00e1rio durante a celebra\u00e7\u00e3o.<\/li>\n<\/ul>\n","protected":false},"author":2,"featured_media":415700,"comment_status":"closed","ping_status":"closed","sticky":false,"template":"","format":"standard","meta":{"footnotes":""},"categories":[21,24],"tags":[3160,3406,64,32,3154,982],"class_list":["post-415696","post","type-post","status-publish","format-standard","has-post-thumbnail","hentry","category-desporto","category-futebol","tag-bednarek","tag-diogo-costa","tag-familia","tag-futebol","tag-gabri-veiga","tag-porto"],"yoast_head":"<!-- This site is optimized with the Yoast SEO plugin v27.2 - https:\/\/yoast.com\/product\/yoast-seo-wordpress\/ -->\n<title>FC Porto celebra Dia do Pai com surpresa aos jogadores e l\u00e1grimas no balne\u00e1rio - Portal Tela Portugal<\/title>\n<meta name=\"robots\" content=\"index, follow, max-snippet:-1, max-image-preview:large, max-video-preview:-1\" \/>\n<meta property=\"og:locale\" content=\"pt_PT\" \/>\n<meta property=\"og:type\" content=\"article\" \/>\n<meta property=\"og:title\" content=\"FC Porto celebra Dia do Pai com surpresa aos jogadores e l\u00e1grimas no balne\u00e1rio - Portal Tela Portugal\" \/>\n<meta property=\"og:description\" content=\"O FC Porto comemorou o Dia do Pai, que se celebra esta quinta-feira, com uma surpresa para alguns jogadores. Entre os surpreendidos estiveram Diogo Costa, Thiago Silva, Bednarek, Alan Varela, Gabri Veiga, Cl\u00e1udio Ramos, Jo\u00e3o Costa, Luuk de Jong, Pablo Rosario e Fofana. Os jogadores n\u00e3o esconderam a emo\u00e7\u00e3o durante a surpresa no dia dedicado aos pais. A not\u00edcia destaca que houve l\u00e1grimas no balne\u00e1rio durante a celebra\u00e7\u00e3o.\" \/>\n<meta property=\"og:url\" content=\"https:\/\/portaltela.pt\/noticias\/2026\/03\/19\/fc-porto-celebra-dia-do-pai-com-surpresa-aos-jogadores-e-lagrimas-no-balneario\/\" \/>\n<meta property=\"og:site_name\" content=\"Portal Tela Portugal\" \/>\n<meta property=\"article:published_time\" content=\"2026-03-19T10:57:10+00:00\" \/>\n<meta name=\"author\" content=\"Telinha\" \/>\n<meta name=\"twitter:card\" content=\"summary_large_image\" \/>\n<meta name=\"twitter:label1\" content=\"Escrito por\" \/>\n\t<meta name=\"twitter:data1\" content=\"Telinha\" \/>\n\t<meta name=\"twitter:label2\" content=\"Tempo estimado de leitura\" \/>\n\t<meta name=\"twitter:data2\" content=\"1 minuto\" \/>\n<script type=\"application\/ld+json\" class=\"yoast-schema-graph\">{\"@context\":\"https:\/\/schema.org\",\"@graph\":[{\"@type\":\"Article\",\"@id\":\"https:\/\/portaltela.pt\/noticias\/2026\/03\/19\/fc-porto-celebra-dia-do-pai-com-surpresa-aos-jogadores-e-lagrimas-no-balneario\/#article\",\"isPartOf\":{\"@id\":\"https:\/\/portaltela.pt\/noticias\/2026\/03\/19\/fc-porto-celebra-dia-do-pai-com-surpresa-aos-jogadores-e-lagrimas-no-balneario\/\"},\"author\":{\"name\":\"Telinha\",\"@id\":\"https:\/\/portaltela.pt\/#\/schema\/person\/c4278d4a6028830caff9ee44b42d32ed\"},\"headline\":\"FC Porto celebra Dia do Pai com surpresa aos jogadores e l\u00e1grimas no balne\u00e1rio\",\"datePublished\":\"2026-03-19T10:57:10+00:00\",\"mainEntityOfPage\":{\"@id\":\"https:\/\/portaltela.pt\/noticias\/2026\/03\/19\/fc-porto-celebra-dia-do-pai-com-surpresa-aos-jogadores-e-lagrimas-no-balneario\/\"},\"wordCount\":179,\"image\":{\"@id\":\"https:\/\/portaltela.pt\/noticias\/2026\/03\/19\/fc-porto-celebra-dia-do-pai-com-surpresa-aos-jogadores-e-lagrimas-no-balneario\/#primaryimage\"},\"thumbnailUrl\":\"https:\/\/portaltela.pt\/s.01k8rhncp4jt1\/2026\/03\/img_1200x721uu2026-03-19-10-42-49-2428056.jpg\",\"keywords\":[\"Bednarek\",\"Diogo Costa\",\"fam\u00edlia\",\"futebol\",\"Gabri Veiga\",\"Porto\"],\"articleSection\":[\"Desporto\",\"Futebol\"],\"inLanguage\":\"pt-PT\"},{\"@type\":\"WebPage\",\"@id\":\"https:\/\/portaltela.pt\/noticias\/2026\/03\/19\/fc-porto-celebra-dia-do-pai-com-surpresa-aos-jogadores-e-lagrimas-no-balneario\/\",\"url\":\"https:\/\/portaltela.pt\/noticias\/2026\/03\/19\/fc-porto-celebra-dia-do-pai-com-surpresa-aos-jogadores-e-lagrimas-no-balneario\/\",\"name\":\"FC Porto celebra Dia do Pai com surpresa aos jogadores e l\u00e1grimas no balne\u00e1rio - Portal Tela Portugal\",\"isPartOf\":{\"@id\":\"https:\/\/portaltela.pt\/#website\"},\"primaryImageOfPage\":{\"@id\":\"https:\/\/portaltela.pt\/noticias\/2026\/03\/19\/fc-porto-celebra-dia-do-pai-com-surpresa-aos-jogadores-e-lagrimas-no-balneario\/#primaryimage\"},\"image\":{\"@id\":\"https:\/\/portaltela.pt\/noticias\/2026\/03\/19\/fc-porto-celebra-dia-do-pai-com-surpresa-aos-jogadores-e-lagrimas-no-balneario\/#primaryimage\"},\"thumbnailUrl\":\"https:\/\/portaltela.pt\/s.01k8rhncp4jt1\/2026\/03\/img_1200x721uu2026-03-19-10-42-49-2428056.jpg\",\"datePublished\":\"2026-03-19T10:57:10+00:00\",\"author\":{\"@id\":\"https:\/\/portaltela.pt\/#\/schema\/person\/c4278d4a6028830caff9ee44b42d32ed\"},\"breadcrumb\":{\"@id\":\"https:\/\/portaltela.pt\/noticias\/2026\/03\/19\/fc-porto-celebra-dia-do-pai-com-surpresa-aos-jogadores-e-lagrimas-no-balneario\/#breadcrumb\"},\"inLanguage\":\"pt-PT\",\"potentialAction\":[{\"@type\":\"ReadAction\",\"target\":[\"https:\/\/portaltela.pt\/noticias\/2026\/03\/19\/fc-porto-celebra-dia-do-pai-com-surpresa-aos-jogadores-e-lagrimas-no-balneario\/\"]}]},{\"@type\":\"ImageObject\",\"inLanguage\":\"pt-PT\",\"@id\":\"https:\/\/portaltela.pt\/noticias\/2026\/03\/19\/fc-porto-celebra-dia-do-pai-com-surpresa-aos-jogadores-e-lagrimas-no-balneario\/#primaryimage\",\"url\":\"https:\/\/portaltela.pt\/s.01k8rhncp4jt1\/2026\/03\/img_1200x721uu2026-03-19-10-42-49-2428056.jpg\",\"contentUrl\":\"https:\/\/portaltela.pt\/s.01k8rhncp4jt1\/2026\/03\/img_1200x721uu2026-03-19-10-42-49-2428056.jpg\",\"width\":796,\"height\":448,\"caption\":\"Craques n\u00e3o esconderam a emo\u00e7\u00e3o\"},{\"@type\":\"BreadcrumbList\",\"@id\":\"https:\/\/portaltela.pt\/noticias\/2026\/03\/19\/fc-porto-celebra-dia-do-pai-com-surpresa-aos-jogadores-e-lagrimas-no-balneario\/#breadcrumb\",\"itemListElement\":[{\"@type\":\"ListItem\",\"position\":1,\"name\":\"In\u00edcio\",\"item\":\"https:\/\/portaltela.pt\/\"},{\"@type\":\"ListItem\",\"position\":2,\"name\":\"FC Porto celebra Dia do Pai com surpresa aos jogadores e l\u00e1grimas no balne\u00e1rio\"}]},{\"@type\":\"WebSite\",\"@id\":\"https:\/\/portaltela.pt\/#website\",\"url\":\"https:\/\/portaltela.pt\/\",\"name\":\"Portal Tela Portugal\",\"description\":\"\",\"potentialAction\":[{\"@type\":\"SearchAction\",\"target\":{\"@type\":\"EntryPoint\",\"urlTemplate\":\"https:\/\/portaltela.pt\/?s={search_term_string}\"},\"query-input\":{\"@type\":\"PropertyValueSpecification\",\"valueRequired\":true,\"valueName\":\"search_term_string\"}}],\"inLanguage\":\"pt-PT\"},{\"@type\":\"Person\",\"@id\":\"https:\/\/portaltela.pt\/#\/schema\/person\/c4278d4a6028830caff9ee44b42d32ed\",\"name\":\"Telinha\",\"image\":{\"@type\":\"ImageObject\",\"inLanguage\":\"pt-PT\",\"@id\":\"https:\/\/portaltela.pt\/s.01k8rhncp4jt1\/2025\/11\/talking-bot-125x125.png\",\"url\":\"https:\/\/portaltela.pt\/s.01k8rhncp4jt1\/2025\/11\/talking-bot-125x125.png\",\"contentUrl\":\"https:\/\/portaltela.pt\/s.01k8rhncp4jt1\/2025\/11\/talking-bot-125x125.png\",\"caption\":\"Telinha\"},\"sameAs\":[\"https:\/\/portaltela.pt\/\"],\"url\":\"https:\/\/portaltela.pt\/por\/367410592786\/\"}]}<\/script>\n<!-- \/ Yoast SEO plugin. -->","yoast_head_json":{"title":"FC Porto celebra Dia do Pai com surpresa aos jogadores e l\u00e1grimas no balne\u00e1rio - Portal Tela Portugal","robots":{"index":"index","follow":"follow","max-snippet":"max-snippet:-1","max-image-preview":"max-image-preview:large","max-video-preview":"max-video-preview:-1"},"og_locale":"pt_PT","og_type":"article","og_title":"FC Porto celebra Dia do Pai com surpresa aos jogadores e l\u00e1grimas no balne\u00e1rio - Portal Tela Portugal","og_description":"O FC Porto comemorou o Dia do Pai, que se celebra esta quinta-feira, com uma surpresa para alguns jogadores. Entre os surpreendidos estiveram Diogo Costa, Thiago Silva, Bednarek, Alan Varela, Gabri Veiga, Cl\u00e1udio Ramos, Jo\u00e3o Costa, Luuk de Jong, Pablo Rosario e Fofana. Os jogadores n\u00e3o esconderam a emo\u00e7\u00e3o durante a surpresa no dia dedicado aos pais. A not\u00edcia destaca que houve l\u00e1grimas no balne\u00e1rio durante a celebra\u00e7\u00e3o.","og_url":"https:\/\/portaltela.pt\/noticias\/2026\/03\/19\/fc-porto-celebra-dia-do-pai-com-surpresa-aos-jogadores-e-lagrimas-no-balneario\/","og_site_name":"Portal Tela Portugal","article_published_time":"2026-03-19T10:57:10+00:00","author":"Telinha","twitter_card":"summary_large_image","twitter_misc":{"Escrito por":"Telinha","Tempo estimado de leitura":"1 minuto"},"schema":{"@context":"https:\/\/schema.org","@graph":[{"@type":"Article","@id":"https:\/\/portaltela.pt\/noticias\/2026\/03\/19\/fc-porto-celebra-dia-do-pai-com-surpresa-aos-jogadores-e-lagrimas-no-balneario\/#article","isPartOf":{"@id":"https:\/\/portaltela.pt\/noticias\/2026\/03\/19\/fc-porto-celebra-dia-do-pai-com-surpresa-aos-jogadores-e-lagrimas-no-balneario\/"},"author":{"name":"Telinha","@id":"https:\/\/portaltela.pt\/#\/schema\/person\/c4278d4a6028830caff9ee44b42d32ed"},"headline":"FC Porto celebra Dia do Pai com surpresa aos jogadores e l\u00e1grimas no balne\u00e1rio","datePublished":"2026-03-19T10:57:10+00:00","mainEntityOfPage":{"@id":"https:\/\/portaltela.pt\/noticias\/2026\/03\/19\/fc-porto-celebra-dia-do-pai-com-surpresa-aos-jogadores-e-lagrimas-no-balneario\/"},"wordCount":179,"image":{"@id":"https:\/\/portaltela.pt\/noticias\/2026\/03\/19\/fc-porto-celebra-dia-do-pai-com-surpresa-aos-jogadores-e-lagrimas-no-balneario\/#primaryimage"},"thumbnailUrl":"https:\/\/portaltela.pt\/s.01k8rhncp4jt1\/2026\/03\/img_1200x721uu2026-03-19-10-42-49-2428056.jpg","keywords":["Bednarek","Diogo Costa","fam\u00edlia","futebol","Gabri Veiga","Porto"],"articleSection":["Desporto","Futebol"],"inLanguage":"pt-PT"},{"@type":"WebPage","@id":"https:\/\/portaltela.pt\/noticias\/2026\/03\/19\/fc-porto-celebra-dia-do-pai-com-surpresa-aos-jogadores-e-lagrimas-no-balneario\/","url":"https:\/\/portaltela.pt\/noticias\/2026\/03\/19\/fc-porto-celebra-dia-do-pai-com-surpresa-aos-jogadores-e-lagrimas-no-balneario\/","name":"FC Porto celebra Dia do Pai com surpresa aos jogadores e l\u00e1grimas no balne\u00e1rio - Portal Tela Portugal","isPartOf":{"@id":"https:\/\/portaltela.pt\/#website"},"primaryImageOfPage":{"@id":"https:\/\/portaltela.pt\/noticias\/2026\/03\/19\/fc-porto-celebra-dia-do-pai-com-surpresa-aos-jogadores-e-lagrimas-no-balneario\/#primaryimage"},"image":{"@id":"https:\/\/portaltela.pt\/noticias\/2026\/03\/19\/fc-porto-celebra-dia-do-pai-com-surpresa-aos-jogadores-e-lagrimas-no-balneario\/#primaryimage"},"thumbnailUrl":"https:\/\/portaltela.pt\/s.01k8rhncp4jt1\/2026\/03\/img_1200x721uu2026-03-19-10-42-49-2428056.jpg","datePublished":"2026-03-19T10:57:10+00:00","author":{"@id":"https:\/\/portaltela.pt\/#\/schema\/person\/c4278d4a6028830caff9ee44b42d32ed"},"breadcrumb":{"@id":"https:\/\/portaltela.pt\/noticias\/2026\/03\/19\/fc-porto-celebra-dia-do-pai-com-surpresa-aos-jogadores-e-lagrimas-no-balneario\/#breadcrumb"},"inLanguage":"pt-PT","potentialAction":[{"@type":"ReadAction","target":["https:\/\/portaltela.pt\/noticias\/2026\/03\/19\/fc-porto-celebra-dia-do-pai-com-surpresa-aos-jogadores-e-lagrimas-no-balneario\/"]}]},{"@type":"ImageObject","inLanguage":"pt-PT","@id":"https:\/\/portaltela.pt\/noticias\/2026\/03\/19\/fc-porto-celebra-dia-do-pai-com-surpresa-aos-jogadores-e-lagrimas-no-balneario\/#primaryimage","url":"https:\/\/portaltela.pt\/s.01k8rhncp4jt1\/2026\/03\/img_1200x721uu2026-03-19-10-42-49-2428056.jpg","contentUrl":"https:\/\/portaltela.pt\/s.01k8rhncp4jt1\/2026\/03\/img_1200x721uu2026-03-19-10-42-49-2428056.jpg","width":796,"height":448,"caption":"Craques n\u00e3o esconderam a emo\u00e7\u00e3o"},{"@type":"BreadcrumbList","@id":"https:\/\/portaltela.pt\/noticias\/2026\/03\/19\/fc-porto-celebra-dia-do-pai-com-surpresa-aos-jogadores-e-lagrimas-no-balneario\/#breadcrumb","itemListElement":[{"@type":"ListItem","position":1,"name":"In\u00edcio","item":"https:\/\/portaltela.pt\/"},{"@type":"ListItem","position":2,"name":"FC Porto celebra Dia do Pai com surpresa aos jogadores e l\u00e1grimas no balne\u00e1rio"}]},{"@type":"WebSite","@id":"https:\/\/portaltela.pt\/#website","url":"https:\/\/portaltela.pt\/","name":"Portal Tela Portugal","description":"","potentialAction":[{"@type":"SearchAction","target":{"@type":"EntryPoint","urlTemplate":"https:\/\/portaltela.pt\/?s={search_term_string}"},"query-input":{"@type":"PropertyValueSpecification","valueRequired":true,"valueName":"search_term_string"}}],"inLanguage":"pt-PT"},{"@type":"Person","@id":"https:\/\/portaltela.pt\/#\/schema\/person\/c4278d4a6028830caff9ee44b42d32ed","name":"Telinha","image":{"@type":"ImageObject","inLanguage":"pt-PT","@id":"https:\/\/portaltela.pt\/s.01k8rhncp4jt1\/2025\/11\/talking-bot-125x125.png","url":"https:\/\/portaltela.pt\/s.01k8rhncp4jt1\/2025\/11\/talking-bot-125x125.png","contentUrl":"https:\/\/portaltela.pt\/s.01k8rhncp4jt1\/2025\/11\/talking-bot-125x125.png","caption":"Telinha"},"sameAs":["https:\/\/portaltela.pt\/"],"url":"https:\/\/portaltela.pt\/por\/367410592786\/"}]}},"_links":{"self":[{"href":"https:\/\/portaltela.pt\/api\/wp\/v2\/posts\/415696","targetHints":{"allow":["GET"]}}],"collection":[{"href":"https:\/\/portaltela.pt\/api\/wp\/v2\/posts"}],"about":[{"href":"https:\/\/portaltela.pt\/api\/wp\/v2\/types\/post"}],"author":[{"embeddable":true,"href":"https:\/\/portaltela.pt\/api\/wp\/v2\/users\/2"}],"replies":[{"embeddable":true,"href":"https:\/\/portaltela.pt\/api\/wp\/v2\/comments?post=415696"}],"version-history":[{"count":0,"href":"https:\/\/portaltela.pt\/api\/wp\/v2\/posts\/415696\/revisions"}],"wp:featuredmedia":[{"embeddable":true,"href":"https:\/\/portaltela.pt\/api\/wp\/v2\/media\/415700"}],"wp:attachment":[{"href":"https:\/\/portaltela.pt\/api\/wp\/v2\/media?parent=415696"}],"wp:term":[{"taxonomy":"category","embeddable":true,"href":"https:\/\/portaltela.pt\/api\/wp\/v2\/categories?post=415696"},{"taxonomy":"post_tag","embeddable":true,"href":"https:\/\/portaltela.pt\/api\/wp\/v2\/tags?post=415696"}],"curies":[{"name":"wp","href":"https:\/\/api.w.org\/{rel}","templated":true}]}}