{"id":415690,"date":"2026-03-19T07:42:00","date_gmt":"2026-03-19T10:42:00","guid":{"rendered":"https:\/\/portaltela.pt\/noticias\/2026\/03\/19\/uso-de-fogo-controlado-no-inverno-reduz-incendios-no-verao\/"},"modified":"2026-03-19T07:42:00","modified_gmt":"2026-03-19T10:42:00","slug":"uso-de-fogo-controlado-no-inverno-reduz-incendios-no-verao","status":"publish","type":"post","link":"https:\/\/portaltela.pt\/meio-ambiente\/2026\/03\/19\/uso-de-fogo-controlado-no-inverno-reduz-incendios-no-verao\/","title":{"rendered":"Uso de fogo controlado no inverno reduz inc\u00eandios no ver\u00e3o"},"content":{"rendered":"<p>O Instituto da Conserva\u00e7\u00e3o da Natureza e das Florestas (ICNF) realiza fogo controlado para prevenir inc\u00eandios e renovar pastagens. Na campanha 2025\/26 j\u00e1 interv\u00eam perto de 800 hectares na zona Norte. Estas a\u00e7\u00f5es combinam gest\u00e3o de combust\u00edvel e cria\u00e7\u00e3o de pasto.<\/p>\n<p>O fogo controlado \u00e9 planificado com objetivos duplos: produzir pasto para gado e abrir mosaicos que funcionem como zona de oportunidade para combate caso haja inc\u00eandio no ver\u00e3o. A Melhoria de t\u00e9cnicas tamb\u00e9m \u00e9 prioridade para os operacionais.<\/p>\n<h3>A\u00e7\u00f5es e \u00e1reas de interven\u00e7\u00e3o<\/h3>\n<p>As campanhas decorrem entre setembro\/outubro e abril, mas este inverno chuvoso limitou as queimadas. Nesta semana, houve a\u00e7\u00f5es em v\u00e1rias regi\u00f5es, de Ponte de Lima a Arouca, com condi\u00e7\u00f5es de humidade entre 30% e 40%.<\/p>\n<h3>Operacional e parceiros<\/h3>\n<p>Em Serra do Mar\u00e3o, Amarante, foram executadas tr\u00eas parcelas em simult\u00e2neo. Equipas incluem bombeiros, gabinetes t\u00e9cnicos municipais, UEPS da GNR e CNAF do ICNF. O treino est\u00e1 vinculado \u00e0 efic\u00e1cia do fogo controlado no ver\u00e3o.<\/p>\n<h3>Perspetivas e planeamento<\/h3>\n<p>At\u00e9 agora, mais de 800 hectares foram tratados na regi\u00e3o norte, com cerca de 400 hectares nas serras do Mar\u00e3o e Montemuro. O planeamento envolve tamb\u00e9m pastores locais para fixar popula\u00e7\u00e3o no territ\u00f3rio.<\/p>\n<h3>Benef\u00edcios e contexto<\/h3>\n<p>Desde 2020, o Norte regista a instala\u00e7\u00e3o de mais de 8 mil hectares de rede prim\u00e1ria de faixas de gest\u00e3o de combust\u00edvel. O fogo controlado cria uma zona tamp\u00e3o que aumenta a seguran\u00e7a no combate a grandes inc\u00eandios.<\/p>\n<h3>Perspectiva de campo<\/h3>\n<p>No Mar\u00e3o, \u00e1rea integrada na Rede Natura 2000, mant\u00eam-se as preocupa\u00e7\u00f5es com esp\u00e9cies e reprodu\u00e7\u00e3o, condicionando o timing das queimadas. O objetivo \u00e9 equilibrar prote\u00e7\u00e3o ambiental e atividade agro-pecu\u00e1ria.<\/p>\n","protected":false},"excerpt":{"rendered":"<ul>\n<li>O ICNF realiza fogo controlado para preven\u00e7\u00e3o de inc\u00eandios e renova\u00e7\u00e3o de pastagens, intervindo cerca de 800 hectares na regi\u00e3o Norte na campanha 2025\/26.<\/li>\n<li>O objetivo \u00e9 criar pasto para gado e um mosaico de terreno que reduza a carga de combust\u00edvel, oferecendo zona de oportunidade de combate no ver\u00e3o; o treino dos operacionais \u00e9 privilegiado.<\/li>\n<li>As a\u00e7\u00f5es destacadas ocorreram na Serra do Mar\u00e3o, em Amarante, e decorrem com condi\u00e7\u00f5es de tempo que permitiram a realiza\u00e7\u00e3o de v\u00e1rias parcelas em diferentes munic\u00edpios.<\/li>\n<li>As equipas envolvem bombeiros, gabinetes t\u00e9cnicos municipais, militares da Unidade de Emerg\u00eancia de Prote\u00e7\u00e3o e Socorro da GNR e Corpo Nacional de Agentes Florestais.<\/li>\n<li>O fogo \u00e9 designado como \u201cbom\u201d por criar uma zona tamp\u00e3o; o planeamento envolve tamb\u00e9m pastores, para manter pessoas e gado no territ\u00f3rio, com t\u00e9rmino dependente do ano hidrol\u00f3gico.<\/li>\n<\/ul>\n","protected":false},"author":2,"featured_media":415692,"comment_status":"closed","ping_status":"closed","sticky":false,"template":"","format":"standard","meta":{"footnotes":""},"categories":[6725],"tags":[4155,971,4880,4576,45,1014],"class_list":["post-415690","post","type-post","status-publish","format-standard","has-post-thumbnail","hentry","category-meio-ambiente","tag-agroflorestal","tag-bombeiros","tag-conservacao-ambiental","tag-florestal","tag-meio-ambiente","tag-portugal"],"yoast_head":"<!-- This site is optimized with the Yoast SEO plugin v27.2 - https:\/\/yoast.com\/product\/yoast-seo-wordpress\/ -->\n<title>Uso de fogo controlado no inverno reduz inc\u00eandios no ver\u00e3o - Portal Tela Portugal<\/title>\n<meta name=\"robots\" content=\"index, follow, max-snippet:-1, max-image-preview:large, max-video-preview:-1\" \/>\n<meta property=\"og:locale\" content=\"pt_PT\" \/>\n<meta property=\"og:type\" content=\"article\" \/>\n<meta property=\"og:title\" content=\"Uso de fogo controlado no inverno reduz inc\u00eandios no ver\u00e3o - Portal Tela Portugal\" \/>\n<meta property=\"og:description\" content=\"O ICNF realiza fogo controlado para preven\u00e7\u00e3o de inc\u00eandios e renova\u00e7\u00e3o de pastagens, intervindo cerca de 800 hectares na regi\u00e3o Norte na campanha 2025\/26. O objetivo \u00e9 criar pasto para gado e um mosaico de terreno que reduza a carga de combust\u00edvel, oferecendo zona de oportunidade de combate no ver\u00e3o; o treino dos operacionais \u00e9 privilegiado. As a\u00e7\u00f5es destacadas ocorreram na Serra do Mar\u00e3o, em Amarante, e decorrem com condi\u00e7\u00f5es de tempo que permitiram a realiza\u00e7\u00e3o de v\u00e1rias parcelas em diferentes munic\u00edpios. As equipas envolvem bombeiros, gabinetes t\u00e9cnicos municipais, militares da Unidade de Emerg\u00eancia de Prote\u00e7\u00e3o e Socorro da GNR e Corpo Nacional de Agentes Florestais. O fogo \u00e9 designado como \u201cbom\u201d por criar uma zona tamp\u00e3o; o planeamento envolve tamb\u00e9m pastores, para manter pessoas e gado no territ\u00f3rio, com t\u00e9rmino dependente do ano hidrol\u00f3gico.\" \/>\n<meta property=\"og:url\" content=\"https:\/\/portaltela.pt\/noticias\/2026\/03\/19\/uso-de-fogo-controlado-no-inverno-reduz-incendios-no-verao\/\" \/>\n<meta property=\"og:site_name\" content=\"Portal Tela Portugal\" \/>\n<meta property=\"article:published_time\" content=\"2026-03-19T10:42:00+00:00\" \/>\n<meta name=\"author\" content=\"Telinha\" \/>\n<meta name=\"twitter:card\" content=\"summary_large_image\" \/>\n<meta name=\"twitter:label1\" content=\"Escrito por\" \/>\n\t<meta name=\"twitter:data1\" content=\"Telinha\" \/>\n\t<meta name=\"twitter:label2\" content=\"Tempo estimado de leitura\" \/>\n\t<meta name=\"twitter:data2\" content=\"1 minuto\" \/>\n<script type=\"application\/ld+json\" class=\"yoast-schema-graph\">{\"@context\":\"https:\/\/schema.org\",\"@graph\":[{\"@type\":\"Article\",\"@id\":\"https:\/\/portaltela.pt\/noticias\/2026\/03\/19\/uso-de-fogo-controlado-no-inverno-reduz-incendios-no-verao\/#article\",\"isPartOf\":{\"@id\":\"https:\/\/portaltela.pt\/noticias\/2026\/03\/19\/uso-de-fogo-controlado-no-inverno-reduz-incendios-no-verao\/\"},\"author\":{\"name\":\"Telinha\",\"@id\":\"https:\/\/portaltela.pt\/#\/schema\/person\/c4278d4a6028830caff9ee44b42d32ed\"},\"headline\":\"Uso de fogo controlado no inverno reduz inc\u00eandios no ver\u00e3o\",\"datePublished\":\"2026-03-19T10:42:00+00:00\",\"mainEntityOfPage\":{\"@id\":\"https:\/\/portaltela.pt\/noticias\/2026\/03\/19\/uso-de-fogo-controlado-no-inverno-reduz-incendios-no-verao\/\"},\"wordCount\":309,\"image\":{\"@id\":\"https:\/\/portaltela.pt\/noticias\/2026\/03\/19\/uso-de-fogo-controlado-no-inverno-reduz-incendios-no-verao\/#primaryimage\"},\"thumbnailUrl\":\"https:\/\/portaltela.pt\/s.01k8rhncp4jt1\/2026\/03\/image-1240.jpg\",\"keywords\":[\"agroflorestal\",\"bombeiros\",\"conserva\u00e7\u00e3o ambiental\",\"florestal\",\"meio-ambiente\",\"Portugal\"],\"articleSection\":[\"Meio Ambiente\"],\"inLanguage\":\"pt-PT\"},{\"@type\":\"WebPage\",\"@id\":\"https:\/\/portaltela.pt\/noticias\/2026\/03\/19\/uso-de-fogo-controlado-no-inverno-reduz-incendios-no-verao\/\",\"url\":\"https:\/\/portaltela.pt\/noticias\/2026\/03\/19\/uso-de-fogo-controlado-no-inverno-reduz-incendios-no-verao\/\",\"name\":\"Uso de fogo controlado no inverno reduz inc\u00eandios no ver\u00e3o - Portal Tela Portugal\",\"isPartOf\":{\"@id\":\"https:\/\/portaltela.pt\/#website\"},\"primaryImageOfPage\":{\"@id\":\"https:\/\/portaltela.pt\/noticias\/2026\/03\/19\/uso-de-fogo-controlado-no-inverno-reduz-incendios-no-verao\/#primaryimage\"},\"image\":{\"@id\":\"https:\/\/portaltela.pt\/noticias\/2026\/03\/19\/uso-de-fogo-controlado-no-inverno-reduz-incendios-no-verao\/#primaryimage\"},\"thumbnailUrl\":\"https:\/\/portaltela.pt\/s.01k8rhncp4jt1\/2026\/03\/image-1240.jpg\",\"datePublished\":\"2026-03-19T10:42:00+00:00\",\"author\":{\"@id\":\"https:\/\/portaltela.pt\/#\/schema\/person\/c4278d4a6028830caff9ee44b42d32ed\"},\"breadcrumb\":{\"@id\":\"https:\/\/portaltela.pt\/noticias\/2026\/03\/19\/uso-de-fogo-controlado-no-inverno-reduz-incendios-no-verao\/#breadcrumb\"},\"inLanguage\":\"pt-PT\",\"potentialAction\":[{\"@type\":\"ReadAction\",\"target\":[\"https:\/\/portaltela.pt\/noticias\/2026\/03\/19\/uso-de-fogo-controlado-no-inverno-reduz-incendios-no-verao\/\"]}]},{\"@type\":\"ImageObject\",\"inLanguage\":\"pt-PT\",\"@id\":\"https:\/\/portaltela.pt\/noticias\/2026\/03\/19\/uso-de-fogo-controlado-no-inverno-reduz-incendios-no-verao\/#primaryimage\",\"url\":\"https:\/\/portaltela.pt\/s.01k8rhncp4jt1\/2026\/03\/image-1240.jpg\",\"contentUrl\":\"https:\/\/portaltela.pt\/s.01k8rhncp4jt1\/2026\/03\/image-1240.jpg\",\"width\":796,\"height\":448,\"caption\":\"O planeamento das \u00e1reas a intervir nas zonas de montanha tamb\u00e9m \u00e9 feito com o envolvimento dos pastores\"},{\"@type\":\"BreadcrumbList\",\"@id\":\"https:\/\/portaltela.pt\/noticias\/2026\/03\/19\/uso-de-fogo-controlado-no-inverno-reduz-incendios-no-verao\/#breadcrumb\",\"itemListElement\":[{\"@type\":\"ListItem\",\"position\":1,\"name\":\"In\u00edcio\",\"item\":\"https:\/\/portaltela.pt\/\"},{\"@type\":\"ListItem\",\"position\":2,\"name\":\"Uso de fogo controlado no inverno reduz inc\u00eandios no ver\u00e3o\"}]},{\"@type\":\"WebSite\",\"@id\":\"https:\/\/portaltela.pt\/#website\",\"url\":\"https:\/\/portaltela.pt\/\",\"name\":\"Portal Tela Portugal\",\"description\":\"\",\"potentialAction\":[{\"@type\":\"SearchAction\",\"target\":{\"@type\":\"EntryPoint\",\"urlTemplate\":\"https:\/\/portaltela.pt\/?s={search_term_string}\"},\"query-input\":{\"@type\":\"PropertyValueSpecification\",\"valueRequired\":true,\"valueName\":\"search_term_string\"}}],\"inLanguage\":\"pt-PT\"},{\"@type\":\"Person\",\"@id\":\"https:\/\/portaltela.pt\/#\/schema\/person\/c4278d4a6028830caff9ee44b42d32ed\",\"name\":\"Telinha\",\"image\":{\"@type\":\"ImageObject\",\"inLanguage\":\"pt-PT\",\"@id\":\"https:\/\/portaltela.pt\/s.01k8rhncp4jt1\/2025\/11\/talking-bot-125x125.png\",\"url\":\"https:\/\/portaltela.pt\/s.01k8rhncp4jt1\/2025\/11\/talking-bot-125x125.png\",\"contentUrl\":\"https:\/\/portaltela.pt\/s.01k8rhncp4jt1\/2025\/11\/talking-bot-125x125.png\",\"caption\":\"Telinha\"},\"sameAs\":[\"https:\/\/portaltela.pt\/\"],\"url\":\"https:\/\/portaltela.pt\/por\/367410592786\/\"}]}<\/script>\n<!-- \/ Yoast SEO plugin. -->","yoast_head_json":{"title":"Uso de fogo controlado no inverno reduz inc\u00eandios no ver\u00e3o - Portal Tela Portugal","robots":{"index":"index","follow":"follow","max-snippet":"max-snippet:-1","max-image-preview":"max-image-preview:large","max-video-preview":"max-video-preview:-1"},"og_locale":"pt_PT","og_type":"article","og_title":"Uso de fogo controlado no inverno reduz inc\u00eandios no ver\u00e3o - Portal Tela Portugal","og_description":"O ICNF realiza fogo controlado para preven\u00e7\u00e3o de inc\u00eandios e renova\u00e7\u00e3o de pastagens, intervindo cerca de 800 hectares na regi\u00e3o Norte na campanha 2025\/26. O objetivo \u00e9 criar pasto para gado e um mosaico de terreno que reduza a carga de combust\u00edvel, oferecendo zona de oportunidade de combate no ver\u00e3o; o treino dos operacionais \u00e9 privilegiado. As a\u00e7\u00f5es destacadas ocorreram na Serra do Mar\u00e3o, em Amarante, e decorrem com condi\u00e7\u00f5es de tempo que permitiram a realiza\u00e7\u00e3o de v\u00e1rias parcelas em diferentes munic\u00edpios. As equipas envolvem bombeiros, gabinetes t\u00e9cnicos municipais, militares da Unidade de Emerg\u00eancia de Prote\u00e7\u00e3o e Socorro da GNR e Corpo Nacional de Agentes Florestais. O fogo \u00e9 designado como \u201cbom\u201d por criar uma zona tamp\u00e3o; o planeamento envolve tamb\u00e9m pastores, para manter pessoas e gado no territ\u00f3rio, com t\u00e9rmino dependente do ano hidrol\u00f3gico.","og_url":"https:\/\/portaltela.pt\/noticias\/2026\/03\/19\/uso-de-fogo-controlado-no-inverno-reduz-incendios-no-verao\/","og_site_name":"Portal Tela Portugal","article_published_time":"2026-03-19T10:42:00+00:00","author":"Telinha","twitter_card":"summary_large_image","twitter_misc":{"Escrito por":"Telinha","Tempo estimado de leitura":"1 minuto"},"schema":{"@context":"https:\/\/schema.org","@graph":[{"@type":"Article","@id":"https:\/\/portaltela.pt\/noticias\/2026\/03\/19\/uso-de-fogo-controlado-no-inverno-reduz-incendios-no-verao\/#article","isPartOf":{"@id":"https:\/\/portaltela.pt\/noticias\/2026\/03\/19\/uso-de-fogo-controlado-no-inverno-reduz-incendios-no-verao\/"},"author":{"name":"Telinha","@id":"https:\/\/portaltela.pt\/#\/schema\/person\/c4278d4a6028830caff9ee44b42d32ed"},"headline":"Uso de fogo controlado no inverno reduz inc\u00eandios no ver\u00e3o","datePublished":"2026-03-19T10:42:00+00:00","mainEntityOfPage":{"@id":"https:\/\/portaltela.pt\/noticias\/2026\/03\/19\/uso-de-fogo-controlado-no-inverno-reduz-incendios-no-verao\/"},"wordCount":309,"image":{"@id":"https:\/\/portaltela.pt\/noticias\/2026\/03\/19\/uso-de-fogo-controlado-no-inverno-reduz-incendios-no-verao\/#primaryimage"},"thumbnailUrl":"https:\/\/portaltela.pt\/s.01k8rhncp4jt1\/2026\/03\/image-1240.jpg","keywords":["agroflorestal","bombeiros","conserva\u00e7\u00e3o ambiental","florestal","meio-ambiente","Portugal"],"articleSection":["Meio Ambiente"],"inLanguage":"pt-PT"},{"@type":"WebPage","@id":"https:\/\/portaltela.pt\/noticias\/2026\/03\/19\/uso-de-fogo-controlado-no-inverno-reduz-incendios-no-verao\/","url":"https:\/\/portaltela.pt\/noticias\/2026\/03\/19\/uso-de-fogo-controlado-no-inverno-reduz-incendios-no-verao\/","name":"Uso de fogo controlado no inverno reduz inc\u00eandios no ver\u00e3o - Portal Tela Portugal","isPartOf":{"@id":"https:\/\/portaltela.pt\/#website"},"primaryImageOfPage":{"@id":"https:\/\/portaltela.pt\/noticias\/2026\/03\/19\/uso-de-fogo-controlado-no-inverno-reduz-incendios-no-verao\/#primaryimage"},"image":{"@id":"https:\/\/portaltela.pt\/noticias\/2026\/03\/19\/uso-de-fogo-controlado-no-inverno-reduz-incendios-no-verao\/#primaryimage"},"thumbnailUrl":"https:\/\/portaltela.pt\/s.01k8rhncp4jt1\/2026\/03\/image-1240.jpg","datePublished":"2026-03-19T10:42:00+00:00","author":{"@id":"https:\/\/portaltela.pt\/#\/schema\/person\/c4278d4a6028830caff9ee44b42d32ed"},"breadcrumb":{"@id":"https:\/\/portaltela.pt\/noticias\/2026\/03\/19\/uso-de-fogo-controlado-no-inverno-reduz-incendios-no-verao\/#breadcrumb"},"inLanguage":"pt-PT","potentialAction":[{"@type":"ReadAction","target":["https:\/\/portaltela.pt\/noticias\/2026\/03\/19\/uso-de-fogo-controlado-no-inverno-reduz-incendios-no-verao\/"]}]},{"@type":"ImageObject","inLanguage":"pt-PT","@id":"https:\/\/portaltela.pt\/noticias\/2026\/03\/19\/uso-de-fogo-controlado-no-inverno-reduz-incendios-no-verao\/#primaryimage","url":"https:\/\/portaltela.pt\/s.01k8rhncp4jt1\/2026\/03\/image-1240.jpg","contentUrl":"https:\/\/portaltela.pt\/s.01k8rhncp4jt1\/2026\/03\/image-1240.jpg","width":796,"height":448,"caption":"O planeamento das \u00e1reas a intervir nas zonas de montanha tamb\u00e9m \u00e9 feito com o envolvimento dos pastores"},{"@type":"BreadcrumbList","@id":"https:\/\/portaltela.pt\/noticias\/2026\/03\/19\/uso-de-fogo-controlado-no-inverno-reduz-incendios-no-verao\/#breadcrumb","itemListElement":[{"@type":"ListItem","position":1,"name":"In\u00edcio","item":"https:\/\/portaltela.pt\/"},{"@type":"ListItem","position":2,"name":"Uso de fogo controlado no inverno reduz inc\u00eandios no ver\u00e3o"}]},{"@type":"WebSite","@id":"https:\/\/portaltela.pt\/#website","url":"https:\/\/portaltela.pt\/","name":"Portal Tela Portugal","description":"","potentialAction":[{"@type":"SearchAction","target":{"@type":"EntryPoint","urlTemplate":"https:\/\/portaltela.pt\/?s={search_term_string}"},"query-input":{"@type":"PropertyValueSpecification","valueRequired":true,"valueName":"search_term_string"}}],"inLanguage":"pt-PT"},{"@type":"Person","@id":"https:\/\/portaltela.pt\/#\/schema\/person\/c4278d4a6028830caff9ee44b42d32ed","name":"Telinha","image":{"@type":"ImageObject","inLanguage":"pt-PT","@id":"https:\/\/portaltela.pt\/s.01k8rhncp4jt1\/2025\/11\/talking-bot-125x125.png","url":"https:\/\/portaltela.pt\/s.01k8rhncp4jt1\/2025\/11\/talking-bot-125x125.png","contentUrl":"https:\/\/portaltela.pt\/s.01k8rhncp4jt1\/2025\/11\/talking-bot-125x125.png","caption":"Telinha"},"sameAs":["https:\/\/portaltela.pt\/"],"url":"https:\/\/portaltela.pt\/por\/367410592786\/"}]}},"_links":{"self":[{"href":"https:\/\/portaltela.pt\/api\/wp\/v2\/posts\/415690","targetHints":{"allow":["GET"]}}],"collection":[{"href":"https:\/\/portaltela.pt\/api\/wp\/v2\/posts"}],"about":[{"href":"https:\/\/portaltela.pt\/api\/wp\/v2\/types\/post"}],"author":[{"embeddable":true,"href":"https:\/\/portaltela.pt\/api\/wp\/v2\/users\/2"}],"replies":[{"embeddable":true,"href":"https:\/\/portaltela.pt\/api\/wp\/v2\/comments?post=415690"}],"version-history":[{"count":0,"href":"https:\/\/portaltela.pt\/api\/wp\/v2\/posts\/415690\/revisions"}],"wp:featuredmedia":[{"embeddable":true,"href":"https:\/\/portaltela.pt\/api\/wp\/v2\/media\/415692"}],"wp:attachment":[{"href":"https:\/\/portaltela.pt\/api\/wp\/v2\/media?parent=415690"}],"wp:term":[{"taxonomy":"category","embeddable":true,"href":"https:\/\/portaltela.pt\/api\/wp\/v2\/categories?post=415690"},{"taxonomy":"post_tag","embeddable":true,"href":"https:\/\/portaltela.pt\/api\/wp\/v2\/tags?post=415690"}],"curies":[{"name":"wp","href":"https:\/\/api.w.org\/{rel}","templated":true}]}}