{"id":415649,"date":"2026-03-19T07:05:24","date_gmt":"2026-03-19T10:05:24","guid":{"rendered":"https:\/\/portaltela.pt\/noticias\/2026\/03\/19\/mourinho-revela-desejo-de-conhecer-todos-os-estadios-da-1-a-divisao\/"},"modified":"2026-03-19T07:05:24","modified_gmt":"2026-03-19T10:05:24","slug":"mourinho-revela-desejo-de-conhecer-todos-os-estadios-da-1-a-divisao","status":"publish","type":"post","link":"https:\/\/portaltela.pt\/desporto\/futebol\/2026\/03\/19\/mourinho-revela-desejo-de-conhecer-todos-os-estadios-da-1-a-divisao\/","title":{"rendered":"Mourinho revela desejo de conhecer todos os est\u00e1dios da 1.\u00aa divis\u00e3o"},"content":{"rendered":"<p>Jos\u00e9 Mourinho concedeu uma entrevista \u00e0 R\u00e1dio Renascen\u00e7a no Dia do Pai, recordando mem\u00f3rias da inf\u00e2ncia ao lado do pai, F\u00e9lix Mourinho, num campo de futebol.<\/p>\n<p>O t\u00e9cnico do Benfica descreveu as primeiras lembran\u00e7as com o pai, que jogou at\u00e9 perto de 1973 e era uma presen\u00e7a constante nos campos de futebol. Ele relembrou momentos no Restelo e jogos contra o Barreirense.<\/p>\n<p>Mourinho contou como, ainda crian\u00e7a, pediu ao pai para conhecer todos os est\u00e1dios da 1.\u00aa divis\u00e3o. Partiram de Set\u00fabal e visitaram est\u00e1dios que desconheciam na altura, incluindo cidades como Sanjoanense, Bessa, Braga e outros.<\/p>\n<p>O relato revelou ainda uma rotina de bancada: n\u00e3o comemorava golos nem defesas, permanecia sereno e rezava, primeiro a Ave Maria, depois o Pai Nosso, at\u00e9 o fim da jogada, sentado junto da av\u00f3 que o acompanhava.<\/p>\n<p>Segundo o treinador, a av\u00f3 materna acompanhava-o a quase todos os jogos, enquanto ele insistia em ver as partidas na companhia de familiares, mantendo a disciplina de n\u00e3o se manifestar nas celebra\u00e7\u00f5es.<\/p>\n","protected":false},"excerpt":{"rendered":"<ul>\n<li>Jos\u00e9 Mourinho, na R\u00e1dio Renascen\u00e7a, recorda mem\u00f3rias da inf\u00e2ncia com o pai F\u00e9lix Mourinho no Dia do Pai.<\/li>\n<li>O treinador do Benfica diz que o pai jogou at\u00e9 perto de 1973 e que tinha cerca de dez anos nessa altura.<\/li>\n<li>Relembra o momento em que viu o pai defender um pen\u00e1lti de Yazalde no Est\u00e1dio do Restelo, e um Barreirense-Belenenses com C\u00e2mpora.<\/li>\n<li>Conta que, ainda crian\u00e7a, quis conhecer todos os est\u00e1dios da primeira divis\u00e3o e, a partir de Set\u00fabal, visitedam v\u00e1rios est\u00e1dios; nunca tinha ido ao Bessa.<\/li>\n<li>Confessa que, quando a jogada chegava \u00e0 \u00e1rea, rezava Ave Maria e Pai Nosso, e assistia aos jogos sentado com a av\u00f3 materna, sem festejar golos.<\/li>\n<\/ul>\n","protected":false},"author":2,"featured_media":415650,"comment_status":"closed","ping_status":"closed","sticky":false,"template":"","format":"standard","meta":{"footnotes":""},"categories":[21,24],"tags":[4059,1416,1946,1207,32,994],"class_list":["post-415649","post","type-post","status-publish","format-standard","has-post-thumbnail","hentry","category-desporto","category-futebol","tag-1-a-liga","tag-barreirense","tag-benfica","tag-braga","tag-futebol","tag-setubal"],"yoast_head":"<!-- This site is optimized with the Yoast SEO plugin v27.2 - https:\/\/yoast.com\/product\/yoast-seo-wordpress\/ -->\n<title>Mourinho revela desejo de conhecer todos os est\u00e1dios da 1.\u00aa divis\u00e3o - Portal Tela Portugal<\/title>\n<meta name=\"robots\" content=\"index, follow, max-snippet:-1, max-image-preview:large, max-video-preview:-1\" \/>\n<meta property=\"og:locale\" content=\"pt_PT\" \/>\n<meta property=\"og:type\" content=\"article\" \/>\n<meta property=\"og:title\" content=\"Mourinho revela desejo de conhecer todos os est\u00e1dios da 1.\u00aa divis\u00e3o - Portal Tela Portugal\" \/>\n<meta property=\"og:description\" content=\"Jos\u00e9 Mourinho, na R\u00e1dio Renascen\u00e7a, recorda mem\u00f3rias da inf\u00e2ncia com o pai F\u00e9lix Mourinho no Dia do Pai. O treinador do Benfica diz que o pai jogou at\u00e9 perto de 1973 e que tinha cerca de dez anos nessa altura. Relembra o momento em que viu o pai defender um pen\u00e1lti de Yazalde no Est\u00e1dio do Restelo, e um Barreirense-Belenenses com C\u00e2mpora. Conta que, ainda crian\u00e7a, quis conhecer todos os est\u00e1dios da primeira divis\u00e3o e, a partir de Set\u00fabal, visitedam v\u00e1rios est\u00e1dios; nunca tinha ido ao Bessa. Confessa que, quando a jogada chegava \u00e0 \u00e1rea, rezava Ave Maria e Pai Nosso, e assistia aos jogos sentado com a av\u00f3 materna, sem festejar golos.\" \/>\n<meta property=\"og:url\" content=\"https:\/\/portaltela.pt\/noticias\/2026\/03\/19\/mourinho-revela-desejo-de-conhecer-todos-os-estadios-da-1-a-divisao\/\" \/>\n<meta property=\"og:site_name\" content=\"Portal Tela Portugal\" \/>\n<meta property=\"article:published_time\" content=\"2026-03-19T10:05:24+00:00\" \/>\n<meta name=\"author\" content=\"Telinha\" \/>\n<meta name=\"twitter:card\" content=\"summary_large_image\" \/>\n<meta name=\"twitter:label1\" content=\"Escrito por\" \/>\n\t<meta name=\"twitter:data1\" content=\"Telinha\" \/>\n\t<meta name=\"twitter:label2\" content=\"Tempo estimado de leitura\" \/>\n\t<meta name=\"twitter:data2\" content=\"1 minuto\" \/>\n<script type=\"application\/ld+json\" class=\"yoast-schema-graph\">{\"@context\":\"https:\/\/schema.org\",\"@graph\":[{\"@type\":\"Article\",\"@id\":\"https:\/\/portaltela.pt\/noticias\/2026\/03\/19\/mourinho-revela-desejo-de-conhecer-todos-os-estadios-da-1-a-divisao\/#article\",\"isPartOf\":{\"@id\":\"https:\/\/portaltela.pt\/noticias\/2026\/03\/19\/mourinho-revela-desejo-de-conhecer-todos-os-estadios-da-1-a-divisao\/\"},\"author\":{\"name\":\"Telinha\",\"@id\":\"https:\/\/portaltela.pt\/#\/schema\/person\/c4278d4a6028830caff9ee44b42d32ed\"},\"headline\":\"Mourinho revela desejo de conhecer todos os est\u00e1dios da 1.\u00aa divis\u00e3o\",\"datePublished\":\"2026-03-19T10:05:24+00:00\",\"mainEntityOfPage\":{\"@id\":\"https:\/\/portaltela.pt\/noticias\/2026\/03\/19\/mourinho-revela-desejo-de-conhecer-todos-os-estadios-da-1-a-divisao\/\"},\"wordCount\":190,\"image\":{\"@id\":\"https:\/\/portaltela.pt\/noticias\/2026\/03\/19\/mourinho-revela-desejo-de-conhecer-todos-os-estadios-da-1-a-divisao\/#primaryimage\"},\"thumbnailUrl\":\"https:\/\/portaltela.pt\/s.01k8rhncp4jt1\/2026\/03\/img_1200x721uu2026-03-19-10-03-53-2428052.jpg\",\"keywords\":[\"1.\u00aa Liga\",\"Barreirense\",\"Benfica\",\"Braga\",\"futebol\",\"Set\u00fabal\"],\"articleSection\":[\"Desporto\",\"Futebol\"],\"inLanguage\":\"pt-PT\"},{\"@type\":\"WebPage\",\"@id\":\"https:\/\/portaltela.pt\/noticias\/2026\/03\/19\/mourinho-revela-desejo-de-conhecer-todos-os-estadios-da-1-a-divisao\/\",\"url\":\"https:\/\/portaltela.pt\/noticias\/2026\/03\/19\/mourinho-revela-desejo-de-conhecer-todos-os-estadios-da-1-a-divisao\/\",\"name\":\"Mourinho revela desejo de conhecer todos os est\u00e1dios da 1.\u00aa divis\u00e3o - Portal Tela Portugal\",\"isPartOf\":{\"@id\":\"https:\/\/portaltela.pt\/#website\"},\"primaryImageOfPage\":{\"@id\":\"https:\/\/portaltela.pt\/noticias\/2026\/03\/19\/mourinho-revela-desejo-de-conhecer-todos-os-estadios-da-1-a-divisao\/#primaryimage\"},\"image\":{\"@id\":\"https:\/\/portaltela.pt\/noticias\/2026\/03\/19\/mourinho-revela-desejo-de-conhecer-todos-os-estadios-da-1-a-divisao\/#primaryimage\"},\"thumbnailUrl\":\"https:\/\/portaltela.pt\/s.01k8rhncp4jt1\/2026\/03\/img_1200x721uu2026-03-19-10-03-53-2428052.jpg\",\"datePublished\":\"2026-03-19T10:05:24+00:00\",\"author\":{\"@id\":\"https:\/\/portaltela.pt\/#\/schema\/person\/c4278d4a6028830caff9ee44b42d32ed\"},\"breadcrumb\":{\"@id\":\"https:\/\/portaltela.pt\/noticias\/2026\/03\/19\/mourinho-revela-desejo-de-conhecer-todos-os-estadios-da-1-a-divisao\/#breadcrumb\"},\"inLanguage\":\"pt-PT\",\"potentialAction\":[{\"@type\":\"ReadAction\",\"target\":[\"https:\/\/portaltela.pt\/noticias\/2026\/03\/19\/mourinho-revela-desejo-de-conhecer-todos-os-estadios-da-1-a-divisao\/\"]}]},{\"@type\":\"ImageObject\",\"inLanguage\":\"pt-PT\",\"@id\":\"https:\/\/portaltela.pt\/noticias\/2026\/03\/19\/mourinho-revela-desejo-de-conhecer-todos-os-estadios-da-1-a-divisao\/#primaryimage\",\"url\":\"https:\/\/portaltela.pt\/s.01k8rhncp4jt1\/2026\/03\/img_1200x721uu2026-03-19-10-03-53-2428052.jpg\",\"contentUrl\":\"https:\/\/portaltela.pt\/s.01k8rhncp4jt1\/2026\/03\/img_1200x721uu2026-03-19-10-03-53-2428052.jpg\",\"width\":796,\"height\":448,\"caption\":\"Jos\u00e9 Mourinho recordou, \u00e0 Radio Renascen\u00e7a, alguns dos epis\u00f3dios que marcaram a sua inf\u00e2ncia\"},{\"@type\":\"BreadcrumbList\",\"@id\":\"https:\/\/portaltela.pt\/noticias\/2026\/03\/19\/mourinho-revela-desejo-de-conhecer-todos-os-estadios-da-1-a-divisao\/#breadcrumb\",\"itemListElement\":[{\"@type\":\"ListItem\",\"position\":1,\"name\":\"In\u00edcio\",\"item\":\"https:\/\/portaltela.pt\/\"},{\"@type\":\"ListItem\",\"position\":2,\"name\":\"Mourinho revela desejo de conhecer todos os est\u00e1dios da 1.\u00aa divis\u00e3o\"}]},{\"@type\":\"WebSite\",\"@id\":\"https:\/\/portaltela.pt\/#website\",\"url\":\"https:\/\/portaltela.pt\/\",\"name\":\"Portal Tela Portugal\",\"description\":\"\",\"potentialAction\":[{\"@type\":\"SearchAction\",\"target\":{\"@type\":\"EntryPoint\",\"urlTemplate\":\"https:\/\/portaltela.pt\/?s={search_term_string}\"},\"query-input\":{\"@type\":\"PropertyValueSpecification\",\"valueRequired\":true,\"valueName\":\"search_term_string\"}}],\"inLanguage\":\"pt-PT\"},{\"@type\":\"Person\",\"@id\":\"https:\/\/portaltela.pt\/#\/schema\/person\/c4278d4a6028830caff9ee44b42d32ed\",\"name\":\"Telinha\",\"image\":{\"@type\":\"ImageObject\",\"inLanguage\":\"pt-PT\",\"@id\":\"https:\/\/portaltela.pt\/s.01k8rhncp4jt1\/2025\/11\/talking-bot-125x125.png\",\"url\":\"https:\/\/portaltela.pt\/s.01k8rhncp4jt1\/2025\/11\/talking-bot-125x125.png\",\"contentUrl\":\"https:\/\/portaltela.pt\/s.01k8rhncp4jt1\/2025\/11\/talking-bot-125x125.png\",\"caption\":\"Telinha\"},\"sameAs\":[\"https:\/\/portaltela.pt\/\"],\"url\":\"https:\/\/portaltela.pt\/por\/367410592786\/\"}]}<\/script>\n<!-- \/ Yoast SEO plugin. -->","yoast_head_json":{"title":"Mourinho revela desejo de conhecer todos os est\u00e1dios da 1.\u00aa divis\u00e3o - Portal Tela Portugal","robots":{"index":"index","follow":"follow","max-snippet":"max-snippet:-1","max-image-preview":"max-image-preview:large","max-video-preview":"max-video-preview:-1"},"og_locale":"pt_PT","og_type":"article","og_title":"Mourinho revela desejo de conhecer todos os est\u00e1dios da 1.\u00aa divis\u00e3o - Portal Tela Portugal","og_description":"Jos\u00e9 Mourinho, na R\u00e1dio Renascen\u00e7a, recorda mem\u00f3rias da inf\u00e2ncia com o pai F\u00e9lix Mourinho no Dia do Pai. O treinador do Benfica diz que o pai jogou at\u00e9 perto de 1973 e que tinha cerca de dez anos nessa altura. Relembra o momento em que viu o pai defender um pen\u00e1lti de Yazalde no Est\u00e1dio do Restelo, e um Barreirense-Belenenses com C\u00e2mpora. Conta que, ainda crian\u00e7a, quis conhecer todos os est\u00e1dios da primeira divis\u00e3o e, a partir de Set\u00fabal, visitedam v\u00e1rios est\u00e1dios; nunca tinha ido ao Bessa. Confessa que, quando a jogada chegava \u00e0 \u00e1rea, rezava Ave Maria e Pai Nosso, e assistia aos jogos sentado com a av\u00f3 materna, sem festejar golos.","og_url":"https:\/\/portaltela.pt\/noticias\/2026\/03\/19\/mourinho-revela-desejo-de-conhecer-todos-os-estadios-da-1-a-divisao\/","og_site_name":"Portal Tela Portugal","article_published_time":"2026-03-19T10:05:24+00:00","author":"Telinha","twitter_card":"summary_large_image","twitter_misc":{"Escrito por":"Telinha","Tempo estimado de leitura":"1 minuto"},"schema":{"@context":"https:\/\/schema.org","@graph":[{"@type":"Article","@id":"https:\/\/portaltela.pt\/noticias\/2026\/03\/19\/mourinho-revela-desejo-de-conhecer-todos-os-estadios-da-1-a-divisao\/#article","isPartOf":{"@id":"https:\/\/portaltela.pt\/noticias\/2026\/03\/19\/mourinho-revela-desejo-de-conhecer-todos-os-estadios-da-1-a-divisao\/"},"author":{"name":"Telinha","@id":"https:\/\/portaltela.pt\/#\/schema\/person\/c4278d4a6028830caff9ee44b42d32ed"},"headline":"Mourinho revela desejo de conhecer todos os est\u00e1dios da 1.\u00aa divis\u00e3o","datePublished":"2026-03-19T10:05:24+00:00","mainEntityOfPage":{"@id":"https:\/\/portaltela.pt\/noticias\/2026\/03\/19\/mourinho-revela-desejo-de-conhecer-todos-os-estadios-da-1-a-divisao\/"},"wordCount":190,"image":{"@id":"https:\/\/portaltela.pt\/noticias\/2026\/03\/19\/mourinho-revela-desejo-de-conhecer-todos-os-estadios-da-1-a-divisao\/#primaryimage"},"thumbnailUrl":"https:\/\/portaltela.pt\/s.01k8rhncp4jt1\/2026\/03\/img_1200x721uu2026-03-19-10-03-53-2428052.jpg","keywords":["1.\u00aa Liga","Barreirense","Benfica","Braga","futebol","Set\u00fabal"],"articleSection":["Desporto","Futebol"],"inLanguage":"pt-PT"},{"@type":"WebPage","@id":"https:\/\/portaltela.pt\/noticias\/2026\/03\/19\/mourinho-revela-desejo-de-conhecer-todos-os-estadios-da-1-a-divisao\/","url":"https:\/\/portaltela.pt\/noticias\/2026\/03\/19\/mourinho-revela-desejo-de-conhecer-todos-os-estadios-da-1-a-divisao\/","name":"Mourinho revela desejo de conhecer todos os est\u00e1dios da 1.\u00aa divis\u00e3o - Portal Tela Portugal","isPartOf":{"@id":"https:\/\/portaltela.pt\/#website"},"primaryImageOfPage":{"@id":"https:\/\/portaltela.pt\/noticias\/2026\/03\/19\/mourinho-revela-desejo-de-conhecer-todos-os-estadios-da-1-a-divisao\/#primaryimage"},"image":{"@id":"https:\/\/portaltela.pt\/noticias\/2026\/03\/19\/mourinho-revela-desejo-de-conhecer-todos-os-estadios-da-1-a-divisao\/#primaryimage"},"thumbnailUrl":"https:\/\/portaltela.pt\/s.01k8rhncp4jt1\/2026\/03\/img_1200x721uu2026-03-19-10-03-53-2428052.jpg","datePublished":"2026-03-19T10:05:24+00:00","author":{"@id":"https:\/\/portaltela.pt\/#\/schema\/person\/c4278d4a6028830caff9ee44b42d32ed"},"breadcrumb":{"@id":"https:\/\/portaltela.pt\/noticias\/2026\/03\/19\/mourinho-revela-desejo-de-conhecer-todos-os-estadios-da-1-a-divisao\/#breadcrumb"},"inLanguage":"pt-PT","potentialAction":[{"@type":"ReadAction","target":["https:\/\/portaltela.pt\/noticias\/2026\/03\/19\/mourinho-revela-desejo-de-conhecer-todos-os-estadios-da-1-a-divisao\/"]}]},{"@type":"ImageObject","inLanguage":"pt-PT","@id":"https:\/\/portaltela.pt\/noticias\/2026\/03\/19\/mourinho-revela-desejo-de-conhecer-todos-os-estadios-da-1-a-divisao\/#primaryimage","url":"https:\/\/portaltela.pt\/s.01k8rhncp4jt1\/2026\/03\/img_1200x721uu2026-03-19-10-03-53-2428052.jpg","contentUrl":"https:\/\/portaltela.pt\/s.01k8rhncp4jt1\/2026\/03\/img_1200x721uu2026-03-19-10-03-53-2428052.jpg","width":796,"height":448,"caption":"Jos\u00e9 Mourinho recordou, \u00e0 Radio Renascen\u00e7a, alguns dos epis\u00f3dios que marcaram a sua inf\u00e2ncia"},{"@type":"BreadcrumbList","@id":"https:\/\/portaltela.pt\/noticias\/2026\/03\/19\/mourinho-revela-desejo-de-conhecer-todos-os-estadios-da-1-a-divisao\/#breadcrumb","itemListElement":[{"@type":"ListItem","position":1,"name":"In\u00edcio","item":"https:\/\/portaltela.pt\/"},{"@type":"ListItem","position":2,"name":"Mourinho revela desejo de conhecer todos os est\u00e1dios da 1.\u00aa divis\u00e3o"}]},{"@type":"WebSite","@id":"https:\/\/portaltela.pt\/#website","url":"https:\/\/portaltela.pt\/","name":"Portal Tela Portugal","description":"","potentialAction":[{"@type":"SearchAction","target":{"@type":"EntryPoint","urlTemplate":"https:\/\/portaltela.pt\/?s={search_term_string}"},"query-input":{"@type":"PropertyValueSpecification","valueRequired":true,"valueName":"search_term_string"}}],"inLanguage":"pt-PT"},{"@type":"Person","@id":"https:\/\/portaltela.pt\/#\/schema\/person\/c4278d4a6028830caff9ee44b42d32ed","name":"Telinha","image":{"@type":"ImageObject","inLanguage":"pt-PT","@id":"https:\/\/portaltela.pt\/s.01k8rhncp4jt1\/2025\/11\/talking-bot-125x125.png","url":"https:\/\/portaltela.pt\/s.01k8rhncp4jt1\/2025\/11\/talking-bot-125x125.png","contentUrl":"https:\/\/portaltela.pt\/s.01k8rhncp4jt1\/2025\/11\/talking-bot-125x125.png","caption":"Telinha"},"sameAs":["https:\/\/portaltela.pt\/"],"url":"https:\/\/portaltela.pt\/por\/367410592786\/"}]}},"_links":{"self":[{"href":"https:\/\/portaltela.pt\/api\/wp\/v2\/posts\/415649","targetHints":{"allow":["GET"]}}],"collection":[{"href":"https:\/\/portaltela.pt\/api\/wp\/v2\/posts"}],"about":[{"href":"https:\/\/portaltela.pt\/api\/wp\/v2\/types\/post"}],"author":[{"embeddable":true,"href":"https:\/\/portaltela.pt\/api\/wp\/v2\/users\/2"}],"replies":[{"embeddable":true,"href":"https:\/\/portaltela.pt\/api\/wp\/v2\/comments?post=415649"}],"version-history":[{"count":0,"href":"https:\/\/portaltela.pt\/api\/wp\/v2\/posts\/415649\/revisions"}],"wp:featuredmedia":[{"embeddable":true,"href":"https:\/\/portaltela.pt\/api\/wp\/v2\/media\/415650"}],"wp:attachment":[{"href":"https:\/\/portaltela.pt\/api\/wp\/v2\/media?parent=415649"}],"wp:term":[{"taxonomy":"category","embeddable":true,"href":"https:\/\/portaltela.pt\/api\/wp\/v2\/categories?post=415649"},{"taxonomy":"post_tag","embeddable":true,"href":"https:\/\/portaltela.pt\/api\/wp\/v2\/tags?post=415649"}],"curies":[{"name":"wp","href":"https:\/\/api.w.org\/{rel}","templated":true}]}}