{"id":415647,"date":"2026-03-19T07:13:44","date_gmt":"2026-03-19T10:13:44","guid":{"rendered":"https:\/\/portaltela.pt\/noticias\/2026\/03\/19\/filme-da-semana-mostra-o-mundo-animado-de-amelie\/"},"modified":"2026-03-19T07:13:44","modified_gmt":"2026-03-19T10:13:44","slug":"filme-da-semana-mostra-o-mundo-animado-de-amelie","status":"publish","type":"post","link":"https:\/\/portaltela.pt\/series-e-filmes\/2026\/03\/19\/filme-da-semana-mostra-o-mundo-animado-de-amelie\/","title":{"rendered":"Filme da semana mostra o mundo animado de Am\u00e9lie"},"content":{"rendered":"<p>A Pequena Am\u00e9lie \u00e9 uma anima\u00e7\u00e3o franco-belga nomeada ao \u00d3scar, na categoria de melhor longa-metragem. A obra acompanha uma menina que aprende a deixar de ser beb\u00e9, num Jap\u00e3o rural dos anos 60.<\/p>\n<p>A narrativa situa-se numa regi\u00e3o rural japonesa durante a d\u00e9cada de 1960, destacando a passagem da inf\u00e2ncia para a adolesc\u00eancia. A produ\u00e7\u00e3o re\u00fane equipas de ambos os pa\u00edses, refor\u00e7ando um estilo visual combinado.<\/p>\n<p>A anima\u00e7\u00e3o tem reconhecimento internacional, tendo sido nomeada para o \u00d3scar. At\u00e9 ao momento, n\u00e3o houve confirma\u00e7\u00e3o de data de estreia em circuitos de cinema globais.<\/p>\n","protected":false},"excerpt":{"rendered":"<ul>\n<li>Filme da semana: A Pequena Am\u00e9lie, anima\u00e7\u00e3o franco-belga, nomeada ao \u00d3scar.<\/li>\n<li>Conta a hist\u00f3ria de uma menina que aprende a deixar de ser beb\u00e9.<\/li>\n<li>Situado no Jap\u00e3o rural dos anos sessenta.<\/li>\n<li>O enredo foca no processo de crescimento e identidade da protagonista.<\/li>\n<\/ul>\n","protected":false},"author":2,"featured_media":415648,"comment_status":"closed","ping_status":"closed","sticky":false,"template":"","format":"standard","meta":{"footnotes":""},"categories":[12,7368],"tags":[5812,5342,112,5242,1856,3430],"class_list":["post-415647","post","type-post","status-publish","format-standard","has-post-thumbnail","hentry","category-entretenimento","category-series-e-filmes","tag-animacao","tag-asia","tag-cinema","tag-filmes","tag-franca","tag-oscares"],"yoast_head":"<!-- This site is optimized with the Yoast SEO plugin v27.2 - https:\/\/yoast.com\/product\/yoast-seo-wordpress\/ -->\n<title>Filme da semana mostra o mundo animado de Am\u00e9lie - Portal Tela Portugal<\/title>\n<meta name=\"robots\" content=\"index, follow, max-snippet:-1, max-image-preview:large, max-video-preview:-1\" \/>\n<meta property=\"og:locale\" content=\"pt_PT\" \/>\n<meta property=\"og:type\" content=\"article\" \/>\n<meta property=\"og:title\" content=\"Filme da semana mostra o mundo animado de Am\u00e9lie - Portal Tela Portugal\" \/>\n<meta property=\"og:description\" content=\"Filme da semana: A Pequena Am\u00e9lie, anima\u00e7\u00e3o franco-belga, nomeada ao \u00d3scar. Conta a hist\u00f3ria de uma menina que aprende a deixar de ser beb\u00e9. Situado no Jap\u00e3o rural dos anos sessenta. O enredo foca no processo de crescimento e identidade da protagonista.\" \/>\n<meta property=\"og:url\" content=\"https:\/\/portaltela.pt\/noticias\/2026\/03\/19\/filme-da-semana-mostra-o-mundo-animado-de-amelie\/\" \/>\n<meta property=\"og:site_name\" content=\"Portal Tela Portugal\" \/>\n<meta property=\"article:published_time\" content=\"2026-03-19T10:13:44+00:00\" \/>\n<meta name=\"author\" content=\"Telinha\" \/>\n<meta name=\"twitter:card\" content=\"summary_large_image\" \/>\n<meta name=\"twitter:label1\" content=\"Escrito por\" \/>\n\t<meta name=\"twitter:data1\" content=\"Telinha\" \/>\n\t<meta name=\"twitter:label2\" content=\"Tempo estimado de leitura\" \/>\n\t<meta name=\"twitter:data2\" content=\"1 minuto\" \/>\n<script type=\"application\/ld+json\" class=\"yoast-schema-graph\">{\"@context\":\"https:\/\/schema.org\",\"@graph\":[{\"@type\":\"Article\",\"@id\":\"https:\/\/portaltela.pt\/noticias\/2026\/03\/19\/filme-da-semana-mostra-o-mundo-animado-de-amelie\/#article\",\"isPartOf\":{\"@id\":\"https:\/\/portaltela.pt\/noticias\/2026\/03\/19\/filme-da-semana-mostra-o-mundo-animado-de-amelie\/\"},\"author\":{\"name\":\"Telinha\",\"@id\":\"https:\/\/portaltela.pt\/#\/schema\/person\/c4278d4a6028830caff9ee44b42d32ed\"},\"headline\":\"Filme da semana mostra o mundo animado de Am\u00e9lie\",\"datePublished\":\"2026-03-19T10:13:44+00:00\",\"mainEntityOfPage\":{\"@id\":\"https:\/\/portaltela.pt\/noticias\/2026\/03\/19\/filme-da-semana-mostra-o-mundo-animado-de-amelie\/\"},\"wordCount\":113,\"image\":{\"@id\":\"https:\/\/portaltela.pt\/noticias\/2026\/03\/19\/filme-da-semana-mostra-o-mundo-animado-de-amelie\/#primaryimage\"},\"thumbnailUrl\":\"https:\/\/portaltela.pt\/s.01k8rhncp4jt1\/2026\/03\/img_1280x722uu2026-03-19-10-10-24-2273357.jpg\",\"keywords\":[\"anima\u00e7\u00e3o\",\"\u00c1sia\",\"cinema\",\"filmes\",\"Fran\u00e7a\",\"\u00d3scares\"],\"articleSection\":[\"Entretenimento\",\"S\u00e9ries e filmes\"],\"inLanguage\":\"pt-PT\"},{\"@type\":\"WebPage\",\"@id\":\"https:\/\/portaltela.pt\/noticias\/2026\/03\/19\/filme-da-semana-mostra-o-mundo-animado-de-amelie\/\",\"url\":\"https:\/\/portaltela.pt\/noticias\/2026\/03\/19\/filme-da-semana-mostra-o-mundo-animado-de-amelie\/\",\"name\":\"Filme da semana mostra o mundo animado de Am\u00e9lie - Portal Tela Portugal\",\"isPartOf\":{\"@id\":\"https:\/\/portaltela.pt\/#website\"},\"primaryImageOfPage\":{\"@id\":\"https:\/\/portaltela.pt\/noticias\/2026\/03\/19\/filme-da-semana-mostra-o-mundo-animado-de-amelie\/#primaryimage\"},\"image\":{\"@id\":\"https:\/\/portaltela.pt\/noticias\/2026\/03\/19\/filme-da-semana-mostra-o-mundo-animado-de-amelie\/#primaryimage\"},\"thumbnailUrl\":\"https:\/\/portaltela.pt\/s.01k8rhncp4jt1\/2026\/03\/img_1280x722uu2026-03-19-10-10-24-2273357.jpg\",\"datePublished\":\"2026-03-19T10:13:44+00:00\",\"author\":{\"@id\":\"https:\/\/portaltela.pt\/#\/schema\/person\/c4278d4a6028830caff9ee44b42d32ed\"},\"breadcrumb\":{\"@id\":\"https:\/\/portaltela.pt\/noticias\/2026\/03\/19\/filme-da-semana-mostra-o-mundo-animado-de-amelie\/#breadcrumb\"},\"inLanguage\":\"pt-PT\",\"potentialAction\":[{\"@type\":\"ReadAction\",\"target\":[\"https:\/\/portaltela.pt\/noticias\/2026\/03\/19\/filme-da-semana-mostra-o-mundo-animado-de-amelie\/\"]}]},{\"@type\":\"ImageObject\",\"inLanguage\":\"pt-PT\",\"@id\":\"https:\/\/portaltela.pt\/noticias\/2026\/03\/19\/filme-da-semana-mostra-o-mundo-animado-de-amelie\/#primaryimage\",\"url\":\"https:\/\/portaltela.pt\/s.01k8rhncp4jt1\/2026\/03\/img_1280x722uu2026-03-19-10-10-24-2273357.jpg\",\"contentUrl\":\"https:\/\/portaltela.pt\/s.01k8rhncp4jt1\/2026\/03\/img_1280x722uu2026-03-19-10-10-24-2273357.jpg\",\"width\":796,\"height\":448,\"caption\":\"Photo\"},{\"@type\":\"BreadcrumbList\",\"@id\":\"https:\/\/portaltela.pt\/noticias\/2026\/03\/19\/filme-da-semana-mostra-o-mundo-animado-de-amelie\/#breadcrumb\",\"itemListElement\":[{\"@type\":\"ListItem\",\"position\":1,\"name\":\"In\u00edcio\",\"item\":\"https:\/\/portaltela.pt\/\"},{\"@type\":\"ListItem\",\"position\":2,\"name\":\"Filme da semana mostra o mundo animado de Am\u00e9lie\"}]},{\"@type\":\"WebSite\",\"@id\":\"https:\/\/portaltela.pt\/#website\",\"url\":\"https:\/\/portaltela.pt\/\",\"name\":\"Portal Tela Portugal\",\"description\":\"\",\"potentialAction\":[{\"@type\":\"SearchAction\",\"target\":{\"@type\":\"EntryPoint\",\"urlTemplate\":\"https:\/\/portaltela.pt\/?s={search_term_string}\"},\"query-input\":{\"@type\":\"PropertyValueSpecification\",\"valueRequired\":true,\"valueName\":\"search_term_string\"}}],\"inLanguage\":\"pt-PT\"},{\"@type\":\"Person\",\"@id\":\"https:\/\/portaltela.pt\/#\/schema\/person\/c4278d4a6028830caff9ee44b42d32ed\",\"name\":\"Telinha\",\"image\":{\"@type\":\"ImageObject\",\"inLanguage\":\"pt-PT\",\"@id\":\"https:\/\/portaltela.pt\/s.01k8rhncp4jt1\/2025\/11\/talking-bot-125x125.png\",\"url\":\"https:\/\/portaltela.pt\/s.01k8rhncp4jt1\/2025\/11\/talking-bot-125x125.png\",\"contentUrl\":\"https:\/\/portaltela.pt\/s.01k8rhncp4jt1\/2025\/11\/talking-bot-125x125.png\",\"caption\":\"Telinha\"},\"sameAs\":[\"https:\/\/portaltela.pt\/\"],\"url\":\"https:\/\/portaltela.pt\/por\/367410592786\/\"}]}<\/script>\n<!-- \/ Yoast SEO plugin. -->","yoast_head_json":{"title":"Filme da semana mostra o mundo animado de Am\u00e9lie - Portal Tela Portugal","robots":{"index":"index","follow":"follow","max-snippet":"max-snippet:-1","max-image-preview":"max-image-preview:large","max-video-preview":"max-video-preview:-1"},"og_locale":"pt_PT","og_type":"article","og_title":"Filme da semana mostra o mundo animado de Am\u00e9lie - Portal Tela Portugal","og_description":"Filme da semana: A Pequena Am\u00e9lie, anima\u00e7\u00e3o franco-belga, nomeada ao \u00d3scar. Conta a hist\u00f3ria de uma menina que aprende a deixar de ser beb\u00e9. Situado no Jap\u00e3o rural dos anos sessenta. O enredo foca no processo de crescimento e identidade da protagonista.","og_url":"https:\/\/portaltela.pt\/noticias\/2026\/03\/19\/filme-da-semana-mostra-o-mundo-animado-de-amelie\/","og_site_name":"Portal Tela Portugal","article_published_time":"2026-03-19T10:13:44+00:00","author":"Telinha","twitter_card":"summary_large_image","twitter_misc":{"Escrito por":"Telinha","Tempo estimado de leitura":"1 minuto"},"schema":{"@context":"https:\/\/schema.org","@graph":[{"@type":"Article","@id":"https:\/\/portaltela.pt\/noticias\/2026\/03\/19\/filme-da-semana-mostra-o-mundo-animado-de-amelie\/#article","isPartOf":{"@id":"https:\/\/portaltela.pt\/noticias\/2026\/03\/19\/filme-da-semana-mostra-o-mundo-animado-de-amelie\/"},"author":{"name":"Telinha","@id":"https:\/\/portaltela.pt\/#\/schema\/person\/c4278d4a6028830caff9ee44b42d32ed"},"headline":"Filme da semana mostra o mundo animado de Am\u00e9lie","datePublished":"2026-03-19T10:13:44+00:00","mainEntityOfPage":{"@id":"https:\/\/portaltela.pt\/noticias\/2026\/03\/19\/filme-da-semana-mostra-o-mundo-animado-de-amelie\/"},"wordCount":113,"image":{"@id":"https:\/\/portaltela.pt\/noticias\/2026\/03\/19\/filme-da-semana-mostra-o-mundo-animado-de-amelie\/#primaryimage"},"thumbnailUrl":"https:\/\/portaltela.pt\/s.01k8rhncp4jt1\/2026\/03\/img_1280x722uu2026-03-19-10-10-24-2273357.jpg","keywords":["anima\u00e7\u00e3o","\u00c1sia","cinema","filmes","Fran\u00e7a","\u00d3scares"],"articleSection":["Entretenimento","S\u00e9ries e filmes"],"inLanguage":"pt-PT"},{"@type":"WebPage","@id":"https:\/\/portaltela.pt\/noticias\/2026\/03\/19\/filme-da-semana-mostra-o-mundo-animado-de-amelie\/","url":"https:\/\/portaltela.pt\/noticias\/2026\/03\/19\/filme-da-semana-mostra-o-mundo-animado-de-amelie\/","name":"Filme da semana mostra o mundo animado de Am\u00e9lie - Portal Tela Portugal","isPartOf":{"@id":"https:\/\/portaltela.pt\/#website"},"primaryImageOfPage":{"@id":"https:\/\/portaltela.pt\/noticias\/2026\/03\/19\/filme-da-semana-mostra-o-mundo-animado-de-amelie\/#primaryimage"},"image":{"@id":"https:\/\/portaltela.pt\/noticias\/2026\/03\/19\/filme-da-semana-mostra-o-mundo-animado-de-amelie\/#primaryimage"},"thumbnailUrl":"https:\/\/portaltela.pt\/s.01k8rhncp4jt1\/2026\/03\/img_1280x722uu2026-03-19-10-10-24-2273357.jpg","datePublished":"2026-03-19T10:13:44+00:00","author":{"@id":"https:\/\/portaltela.pt\/#\/schema\/person\/c4278d4a6028830caff9ee44b42d32ed"},"breadcrumb":{"@id":"https:\/\/portaltela.pt\/noticias\/2026\/03\/19\/filme-da-semana-mostra-o-mundo-animado-de-amelie\/#breadcrumb"},"inLanguage":"pt-PT","potentialAction":[{"@type":"ReadAction","target":["https:\/\/portaltela.pt\/noticias\/2026\/03\/19\/filme-da-semana-mostra-o-mundo-animado-de-amelie\/"]}]},{"@type":"ImageObject","inLanguage":"pt-PT","@id":"https:\/\/portaltela.pt\/noticias\/2026\/03\/19\/filme-da-semana-mostra-o-mundo-animado-de-amelie\/#primaryimage","url":"https:\/\/portaltela.pt\/s.01k8rhncp4jt1\/2026\/03\/img_1280x722uu2026-03-19-10-10-24-2273357.jpg","contentUrl":"https:\/\/portaltela.pt\/s.01k8rhncp4jt1\/2026\/03\/img_1280x722uu2026-03-19-10-10-24-2273357.jpg","width":796,"height":448,"caption":"Photo"},{"@type":"BreadcrumbList","@id":"https:\/\/portaltela.pt\/noticias\/2026\/03\/19\/filme-da-semana-mostra-o-mundo-animado-de-amelie\/#breadcrumb","itemListElement":[{"@type":"ListItem","position":1,"name":"In\u00edcio","item":"https:\/\/portaltela.pt\/"},{"@type":"ListItem","position":2,"name":"Filme da semana mostra o mundo animado de Am\u00e9lie"}]},{"@type":"WebSite","@id":"https:\/\/portaltela.pt\/#website","url":"https:\/\/portaltela.pt\/","name":"Portal Tela Portugal","description":"","potentialAction":[{"@type":"SearchAction","target":{"@type":"EntryPoint","urlTemplate":"https:\/\/portaltela.pt\/?s={search_term_string}"},"query-input":{"@type":"PropertyValueSpecification","valueRequired":true,"valueName":"search_term_string"}}],"inLanguage":"pt-PT"},{"@type":"Person","@id":"https:\/\/portaltela.pt\/#\/schema\/person\/c4278d4a6028830caff9ee44b42d32ed","name":"Telinha","image":{"@type":"ImageObject","inLanguage":"pt-PT","@id":"https:\/\/portaltela.pt\/s.01k8rhncp4jt1\/2025\/11\/talking-bot-125x125.png","url":"https:\/\/portaltela.pt\/s.01k8rhncp4jt1\/2025\/11\/talking-bot-125x125.png","contentUrl":"https:\/\/portaltela.pt\/s.01k8rhncp4jt1\/2025\/11\/talking-bot-125x125.png","caption":"Telinha"},"sameAs":["https:\/\/portaltela.pt\/"],"url":"https:\/\/portaltela.pt\/por\/367410592786\/"}]}},"_links":{"self":[{"href":"https:\/\/portaltela.pt\/api\/wp\/v2\/posts\/415647","targetHints":{"allow":["GET"]}}],"collection":[{"href":"https:\/\/portaltela.pt\/api\/wp\/v2\/posts"}],"about":[{"href":"https:\/\/portaltela.pt\/api\/wp\/v2\/types\/post"}],"author":[{"embeddable":true,"href":"https:\/\/portaltela.pt\/api\/wp\/v2\/users\/2"}],"replies":[{"embeddable":true,"href":"https:\/\/portaltela.pt\/api\/wp\/v2\/comments?post=415647"}],"version-history":[{"count":0,"href":"https:\/\/portaltela.pt\/api\/wp\/v2\/posts\/415647\/revisions"}],"wp:featuredmedia":[{"embeddable":true,"href":"https:\/\/portaltela.pt\/api\/wp\/v2\/media\/415648"}],"wp:attachment":[{"href":"https:\/\/portaltela.pt\/api\/wp\/v2\/media?parent=415647"}],"wp:term":[{"taxonomy":"category","embeddable":true,"href":"https:\/\/portaltela.pt\/api\/wp\/v2\/categories?post=415647"},{"taxonomy":"post_tag","embeddable":true,"href":"https:\/\/portaltela.pt\/api\/wp\/v2\/tags?post=415647"}],"curies":[{"name":"wp","href":"https:\/\/api.w.org\/{rel}","templated":true}]}}