{"id":415567,"date":"2026-03-19T06:00:00","date_gmt":"2026-03-19T09:00:00","guid":{"rendered":"https:\/\/portaltela.pt\/noticias\/2026\/03\/19\/pz-estreia-sou-pai-de-filhos-no-dia-do-pai-no-album-de-familia\/"},"modified":"2026-03-19T06:00:00","modified_gmt":"2026-03-19T09:00:00","slug":"pz-estreia-sou-pai-de-filhos-no-dia-do-pai-no-album-de-familia","status":"publish","type":"post","link":"https:\/\/portaltela.pt\/musica\/2026\/03\/19\/pz-estreia-sou-pai-de-filhos-no-dia-do-pai-no-album-de-familia\/","title":{"rendered":"PZ estreia Sou pai de filhos no Dia do Pai, no \u00c1lbum de Fam\u00edlia"},"content":{"rendered":"<p>PZ escolhe o Dia do Pai para estrear Sou pai de filhos, o terceiro cap\u00edtulo do projeto \u00c1lbum de Fam\u00edlia. A m\u00fasica chega a 19 de Mar\u00e7o, data simb\u00f3lica para a tem\u00e1tica da faixa. O lan\u00e7amento acompanha a perspetiva do quotidiano familiar com humor e amor.<\/p>\n<p>O projeto \u00c1lbum de Fam\u00edlia prev\u00ea 12 lan\u00e7amentos ao longo do ano, um por m\u00eas, com 12 convidados. Depois de Todo o santo dia (Janeiro) e Quem \u00e9 que vai lavar a banca (Fevereiro), chega Sou pai de filhos, interpretada pelo pr\u00f3prio PZ com os Retimbrar.<\/p>\n<h3>Detalhes da faixa<\/h3>\n<p>Sou pai de filhos inclui a letra, voz, m\u00fasica e produ\u00e7\u00e3o de PZ, com a participa\u00e7\u00e3o dos Retimbrar. Ant\u00f3nio Serginho assume bateria e percuss\u00e3o, Sara Yasmine toca cavaquinho, trancanholas e vozes, e Beatriz Rola violiniza e canta. Z\u00e9 Nando Pimenta cuidou da grava\u00e7\u00e3o e mistura, enquanto Vasco Mendes realizou o v\u00eddeo.<\/p>\n<h3>Contexto art\u00edstico<\/h3>\n<p>O \u00e1lbum \u00c1lbum de Fam\u00edlia resulta de uma carreira que inclui t\u00edtulos como Rude Sofisticado (2012) e Selfie-Destruction (2020). Entre singles de destaque, Cara de Chewbacca ganhou popularidade em 2013, e participou no Festival da Can\u00e7\u00e3o 2021 com Ao lado de mim, sob o projeto O Vampiro Submarino.<\/p>\n<h3>Perspetivas futuras<\/h3>\n<p>O \u00c1lbum de Fam\u00edlia deve terminar com o lan\u00e7amento de um vinil em 11 de Dezembro. O conjunto de 12 faixas promete continuar a explorar temas familiares com uma abordagem musical e textual consolidada de PZ. O alinhamento de colaboradores refor\u00e7a a versatilidade do projeto.<\/p>\n","protected":false},"excerpt":{"rendered":"<ul>\n<li>PZ escolhe o Dia do Pai, 19 de mar\u00e7o, para lan\u00e7ar Sou pai de filhos, o terceiro single do seu \u00c1lbum de Fam\u00edlia, com lan\u00e7amento mensal ao longo do ano.<\/li>\n<li>J\u00e1 tinham sa\u00eddo Todo o santo dia, em janeiro, com Samuel \u00daria, e Quem \u00e9 que vai lavar a banca, em fevereiro, com Joana Espadinha.<\/li>\n<li>A can\u00e7\u00e3o aborda o quotidiano familiar entre humor e amor paternal, com imagens do ambiente dom\u00e9stico e da vida com crian\u00e7as.<\/li>\n<li>A grava\u00e7\u00e3o contou com os Retimbrar na produ\u00e7\u00e3o, destacando Ant\u00f3nio Serginho na bateria, Sara Yasmine (cavaquinho), Beatriz Rola (violino) e vozes, com a mistura de Z\u00e9 Nando Pimenta e o v\u00eddeo de Vasco Mendes.<\/li>\n<li>O \u00c1lbum de Fam\u00edlia ter\u00e1 doze m\u00fasicas, em doze meses, com doze convidados, e dever\u00e1 ser editado em vinil a 11 de dezembro.<\/li>\n<\/ul>\n","protected":false},"author":2,"featured_media":415570,"comment_status":"closed","ping_status":"closed","sticky":false,"template":"","format":"standard","meta":{"footnotes":""},"categories":[6676],"tags":[762,6163,64,3674,122,4363],"class_list":["post-415567","post","type-post","status-publish","format-standard","has-post-thumbnail","hentry","category-musica","tag-artistas","tag-cantores","tag-familia","tag-festival","tag-musica","tag-musicos"],"yoast_head":"<!-- This site is optimized with the Yoast SEO plugin v27.2 - https:\/\/yoast.com\/product\/yoast-seo-wordpress\/ -->\n<title>PZ estreia Sou pai de filhos no Dia do Pai, no \u00c1lbum de Fam\u00edlia - Portal Tela Portugal<\/title>\n<meta name=\"robots\" content=\"index, follow, max-snippet:-1, max-image-preview:large, max-video-preview:-1\" \/>\n<meta property=\"og:locale\" content=\"pt_PT\" \/>\n<meta property=\"og:type\" content=\"article\" \/>\n<meta property=\"og:title\" content=\"PZ estreia Sou pai de filhos no Dia do Pai, no \u00c1lbum de Fam\u00edlia - Portal Tela Portugal\" \/>\n<meta property=\"og:description\" content=\"PZ escolhe o Dia do Pai, 19 de mar\u00e7o, para lan\u00e7ar Sou pai de filhos, o terceiro single do seu \u00c1lbum de Fam\u00edlia, com lan\u00e7amento mensal ao longo do ano. J\u00e1 tinham sa\u00eddo Todo o santo dia, em janeiro, com Samuel \u00daria, e Quem \u00e9 que vai lavar a banca, em fevereiro, com Joana Espadinha. A can\u00e7\u00e3o aborda o quotidiano familiar entre humor e amor paternal, com imagens do ambiente dom\u00e9stico e da vida com crian\u00e7as. A grava\u00e7\u00e3o contou com os Retimbrar na produ\u00e7\u00e3o, destacando Ant\u00f3nio Serginho na bateria, Sara Yasmine (cavaquinho), Beatriz Rola (violino) e vozes, com a mistura de Z\u00e9 Nando Pimenta e o v\u00eddeo de Vasco Mendes. O \u00c1lbum de Fam\u00edlia ter\u00e1 doze m\u00fasicas, em doze meses, com doze convidados, e dever\u00e1 ser editado em vinil a 11 de dezembro.\" \/>\n<meta property=\"og:url\" content=\"https:\/\/portaltela.pt\/noticias\/2026\/03\/19\/pz-estreia-sou-pai-de-filhos-no-dia-do-pai-no-album-de-familia\/\" \/>\n<meta property=\"og:site_name\" content=\"Portal Tela Portugal\" \/>\n<meta property=\"article:published_time\" content=\"2026-03-19T09:00:00+00:00\" \/>\n<meta name=\"author\" content=\"Telinha\" \/>\n<meta name=\"twitter:card\" content=\"summary_large_image\" \/>\n<meta name=\"twitter:label1\" content=\"Escrito por\" \/>\n\t<meta name=\"twitter:data1\" content=\"Telinha\" \/>\n\t<meta name=\"twitter:label2\" content=\"Tempo estimado de leitura\" \/>\n\t<meta name=\"twitter:data2\" content=\"1 minuto\" \/>\n<script type=\"application\/ld+json\" class=\"yoast-schema-graph\">{\"@context\":\"https:\/\/schema.org\",\"@graph\":[{\"@type\":\"Article\",\"@id\":\"https:\/\/portaltela.pt\/noticias\/2026\/03\/19\/pz-estreia-sou-pai-de-filhos-no-dia-do-pai-no-album-de-familia\/#article\",\"isPartOf\":{\"@id\":\"https:\/\/portaltela.pt\/noticias\/2026\/03\/19\/pz-estreia-sou-pai-de-filhos-no-dia-do-pai-no-album-de-familia\/\"},\"author\":{\"name\":\"Telinha\",\"@id\":\"https:\/\/portaltela.pt\/#\/schema\/person\/c4278d4a6028830caff9ee44b42d32ed\"},\"headline\":\"PZ estreia Sou pai de filhos no Dia do Pai, no \u00c1lbum de Fam\u00edlia\",\"datePublished\":\"2026-03-19T09:00:00+00:00\",\"mainEntityOfPage\":{\"@id\":\"https:\/\/portaltela.pt\/noticias\/2026\/03\/19\/pz-estreia-sou-pai-de-filhos-no-dia-do-pai-no-album-de-familia\/\"},\"wordCount\":273,\"image\":{\"@id\":\"https:\/\/portaltela.pt\/noticias\/2026\/03\/19\/pz-estreia-sou-pai-de-filhos-no-dia-do-pai-no-album-de-familia\/#primaryimage\"},\"thumbnailUrl\":\"https:\/\/portaltela.pt\/s.01k8rhncp4jt1\/2026\/03\/PZfoto0397738.jpg\",\"keywords\":[\"artistas\",\"cantores\",\"fam\u00edlia\",\"festival\",\"m\u00fasica\",\"m\u00fasicos\"],\"articleSection\":[\"M\u00fasica\"],\"inLanguage\":\"pt-PT\"},{\"@type\":\"WebPage\",\"@id\":\"https:\/\/portaltela.pt\/noticias\/2026\/03\/19\/pz-estreia-sou-pai-de-filhos-no-dia-do-pai-no-album-de-familia\/\",\"url\":\"https:\/\/portaltela.pt\/noticias\/2026\/03\/19\/pz-estreia-sou-pai-de-filhos-no-dia-do-pai-no-album-de-familia\/\",\"name\":\"PZ estreia Sou pai de filhos no Dia do Pai, no \u00c1lbum de Fam\u00edlia - Portal Tela Portugal\",\"isPartOf\":{\"@id\":\"https:\/\/portaltela.pt\/#website\"},\"primaryImageOfPage\":{\"@id\":\"https:\/\/portaltela.pt\/noticias\/2026\/03\/19\/pz-estreia-sou-pai-de-filhos-no-dia-do-pai-no-album-de-familia\/#primaryimage\"},\"image\":{\"@id\":\"https:\/\/portaltela.pt\/noticias\/2026\/03\/19\/pz-estreia-sou-pai-de-filhos-no-dia-do-pai-no-album-de-familia\/#primaryimage\"},\"thumbnailUrl\":\"https:\/\/portaltela.pt\/s.01k8rhncp4jt1\/2026\/03\/PZfoto0397738.jpg\",\"datePublished\":\"2026-03-19T09:00:00+00:00\",\"author\":{\"@id\":\"https:\/\/portaltela.pt\/#\/schema\/person\/c4278d4a6028830caff9ee44b42d32ed\"},\"breadcrumb\":{\"@id\":\"https:\/\/portaltela.pt\/noticias\/2026\/03\/19\/pz-estreia-sou-pai-de-filhos-no-dia-do-pai-no-album-de-familia\/#breadcrumb\"},\"inLanguage\":\"pt-PT\",\"potentialAction\":[{\"@type\":\"ReadAction\",\"target\":[\"https:\/\/portaltela.pt\/noticias\/2026\/03\/19\/pz-estreia-sou-pai-de-filhos-no-dia-do-pai-no-album-de-familia\/\"]}]},{\"@type\":\"ImageObject\",\"inLanguage\":\"pt-PT\",\"@id\":\"https:\/\/portaltela.pt\/noticias\/2026\/03\/19\/pz-estreia-sou-pai-de-filhos-no-dia-do-pai-no-album-de-familia\/#primaryimage\",\"url\":\"https:\/\/portaltela.pt\/s.01k8rhncp4jt1\/2026\/03\/PZfoto0397738.jpg\",\"contentUrl\":\"https:\/\/portaltela.pt\/s.01k8rhncp4jt1\/2026\/03\/PZfoto0397738.jpg\",\"width\":796,\"height\":448,\"caption\":\"Photo\"},{\"@type\":\"BreadcrumbList\",\"@id\":\"https:\/\/portaltela.pt\/noticias\/2026\/03\/19\/pz-estreia-sou-pai-de-filhos-no-dia-do-pai-no-album-de-familia\/#breadcrumb\",\"itemListElement\":[{\"@type\":\"ListItem\",\"position\":1,\"name\":\"In\u00edcio\",\"item\":\"https:\/\/portaltela.pt\/\"},{\"@type\":\"ListItem\",\"position\":2,\"name\":\"PZ estreia Sou pai de filhos no Dia do Pai, no \u00c1lbum de Fam\u00edlia\"}]},{\"@type\":\"WebSite\",\"@id\":\"https:\/\/portaltela.pt\/#website\",\"url\":\"https:\/\/portaltela.pt\/\",\"name\":\"Portal Tela Portugal\",\"description\":\"\",\"potentialAction\":[{\"@type\":\"SearchAction\",\"target\":{\"@type\":\"EntryPoint\",\"urlTemplate\":\"https:\/\/portaltela.pt\/?s={search_term_string}\"},\"query-input\":{\"@type\":\"PropertyValueSpecification\",\"valueRequired\":true,\"valueName\":\"search_term_string\"}}],\"inLanguage\":\"pt-PT\"},{\"@type\":\"Person\",\"@id\":\"https:\/\/portaltela.pt\/#\/schema\/person\/c4278d4a6028830caff9ee44b42d32ed\",\"name\":\"Telinha\",\"image\":{\"@type\":\"ImageObject\",\"inLanguage\":\"pt-PT\",\"@id\":\"https:\/\/portaltela.pt\/s.01k8rhncp4jt1\/2025\/11\/talking-bot-125x125.png\",\"url\":\"https:\/\/portaltela.pt\/s.01k8rhncp4jt1\/2025\/11\/talking-bot-125x125.png\",\"contentUrl\":\"https:\/\/portaltela.pt\/s.01k8rhncp4jt1\/2025\/11\/talking-bot-125x125.png\",\"caption\":\"Telinha\"},\"sameAs\":[\"https:\/\/portaltela.pt\/\"],\"url\":\"https:\/\/portaltela.pt\/por\/367410592786\/\"}]}<\/script>\n<!-- \/ Yoast SEO plugin. -->","yoast_head_json":{"title":"PZ estreia Sou pai de filhos no Dia do Pai, no \u00c1lbum de Fam\u00edlia - Portal Tela Portugal","robots":{"index":"index","follow":"follow","max-snippet":"max-snippet:-1","max-image-preview":"max-image-preview:large","max-video-preview":"max-video-preview:-1"},"og_locale":"pt_PT","og_type":"article","og_title":"PZ estreia Sou pai de filhos no Dia do Pai, no \u00c1lbum de Fam\u00edlia - Portal Tela Portugal","og_description":"PZ escolhe o Dia do Pai, 19 de mar\u00e7o, para lan\u00e7ar Sou pai de filhos, o terceiro single do seu \u00c1lbum de Fam\u00edlia, com lan\u00e7amento mensal ao longo do ano. J\u00e1 tinham sa\u00eddo Todo o santo dia, em janeiro, com Samuel \u00daria, e Quem \u00e9 que vai lavar a banca, em fevereiro, com Joana Espadinha. A can\u00e7\u00e3o aborda o quotidiano familiar entre humor e amor paternal, com imagens do ambiente dom\u00e9stico e da vida com crian\u00e7as. A grava\u00e7\u00e3o contou com os Retimbrar na produ\u00e7\u00e3o, destacando Ant\u00f3nio Serginho na bateria, Sara Yasmine (cavaquinho), Beatriz Rola (violino) e vozes, com a mistura de Z\u00e9 Nando Pimenta e o v\u00eddeo de Vasco Mendes. O \u00c1lbum de Fam\u00edlia ter\u00e1 doze m\u00fasicas, em doze meses, com doze convidados, e dever\u00e1 ser editado em vinil a 11 de dezembro.","og_url":"https:\/\/portaltela.pt\/noticias\/2026\/03\/19\/pz-estreia-sou-pai-de-filhos-no-dia-do-pai-no-album-de-familia\/","og_site_name":"Portal Tela Portugal","article_published_time":"2026-03-19T09:00:00+00:00","author":"Telinha","twitter_card":"summary_large_image","twitter_misc":{"Escrito por":"Telinha","Tempo estimado de leitura":"1 minuto"},"schema":{"@context":"https:\/\/schema.org","@graph":[{"@type":"Article","@id":"https:\/\/portaltela.pt\/noticias\/2026\/03\/19\/pz-estreia-sou-pai-de-filhos-no-dia-do-pai-no-album-de-familia\/#article","isPartOf":{"@id":"https:\/\/portaltela.pt\/noticias\/2026\/03\/19\/pz-estreia-sou-pai-de-filhos-no-dia-do-pai-no-album-de-familia\/"},"author":{"name":"Telinha","@id":"https:\/\/portaltela.pt\/#\/schema\/person\/c4278d4a6028830caff9ee44b42d32ed"},"headline":"PZ estreia Sou pai de filhos no Dia do Pai, no \u00c1lbum de Fam\u00edlia","datePublished":"2026-03-19T09:00:00+00:00","mainEntityOfPage":{"@id":"https:\/\/portaltela.pt\/noticias\/2026\/03\/19\/pz-estreia-sou-pai-de-filhos-no-dia-do-pai-no-album-de-familia\/"},"wordCount":273,"image":{"@id":"https:\/\/portaltela.pt\/noticias\/2026\/03\/19\/pz-estreia-sou-pai-de-filhos-no-dia-do-pai-no-album-de-familia\/#primaryimage"},"thumbnailUrl":"https:\/\/portaltela.pt\/s.01k8rhncp4jt1\/2026\/03\/PZfoto0397738.jpg","keywords":["artistas","cantores","fam\u00edlia","festival","m\u00fasica","m\u00fasicos"],"articleSection":["M\u00fasica"],"inLanguage":"pt-PT"},{"@type":"WebPage","@id":"https:\/\/portaltela.pt\/noticias\/2026\/03\/19\/pz-estreia-sou-pai-de-filhos-no-dia-do-pai-no-album-de-familia\/","url":"https:\/\/portaltela.pt\/noticias\/2026\/03\/19\/pz-estreia-sou-pai-de-filhos-no-dia-do-pai-no-album-de-familia\/","name":"PZ estreia Sou pai de filhos no Dia do Pai, no \u00c1lbum de Fam\u00edlia - Portal Tela Portugal","isPartOf":{"@id":"https:\/\/portaltela.pt\/#website"},"primaryImageOfPage":{"@id":"https:\/\/portaltela.pt\/noticias\/2026\/03\/19\/pz-estreia-sou-pai-de-filhos-no-dia-do-pai-no-album-de-familia\/#primaryimage"},"image":{"@id":"https:\/\/portaltela.pt\/noticias\/2026\/03\/19\/pz-estreia-sou-pai-de-filhos-no-dia-do-pai-no-album-de-familia\/#primaryimage"},"thumbnailUrl":"https:\/\/portaltela.pt\/s.01k8rhncp4jt1\/2026\/03\/PZfoto0397738.jpg","datePublished":"2026-03-19T09:00:00+00:00","author":{"@id":"https:\/\/portaltela.pt\/#\/schema\/person\/c4278d4a6028830caff9ee44b42d32ed"},"breadcrumb":{"@id":"https:\/\/portaltela.pt\/noticias\/2026\/03\/19\/pz-estreia-sou-pai-de-filhos-no-dia-do-pai-no-album-de-familia\/#breadcrumb"},"inLanguage":"pt-PT","potentialAction":[{"@type":"ReadAction","target":["https:\/\/portaltela.pt\/noticias\/2026\/03\/19\/pz-estreia-sou-pai-de-filhos-no-dia-do-pai-no-album-de-familia\/"]}]},{"@type":"ImageObject","inLanguage":"pt-PT","@id":"https:\/\/portaltela.pt\/noticias\/2026\/03\/19\/pz-estreia-sou-pai-de-filhos-no-dia-do-pai-no-album-de-familia\/#primaryimage","url":"https:\/\/portaltela.pt\/s.01k8rhncp4jt1\/2026\/03\/PZfoto0397738.jpg","contentUrl":"https:\/\/portaltela.pt\/s.01k8rhncp4jt1\/2026\/03\/PZfoto0397738.jpg","width":796,"height":448,"caption":"Photo"},{"@type":"BreadcrumbList","@id":"https:\/\/portaltela.pt\/noticias\/2026\/03\/19\/pz-estreia-sou-pai-de-filhos-no-dia-do-pai-no-album-de-familia\/#breadcrumb","itemListElement":[{"@type":"ListItem","position":1,"name":"In\u00edcio","item":"https:\/\/portaltela.pt\/"},{"@type":"ListItem","position":2,"name":"PZ estreia Sou pai de filhos no Dia do Pai, no \u00c1lbum de Fam\u00edlia"}]},{"@type":"WebSite","@id":"https:\/\/portaltela.pt\/#website","url":"https:\/\/portaltela.pt\/","name":"Portal Tela Portugal","description":"","potentialAction":[{"@type":"SearchAction","target":{"@type":"EntryPoint","urlTemplate":"https:\/\/portaltela.pt\/?s={search_term_string}"},"query-input":{"@type":"PropertyValueSpecification","valueRequired":true,"valueName":"search_term_string"}}],"inLanguage":"pt-PT"},{"@type":"Person","@id":"https:\/\/portaltela.pt\/#\/schema\/person\/c4278d4a6028830caff9ee44b42d32ed","name":"Telinha","image":{"@type":"ImageObject","inLanguage":"pt-PT","@id":"https:\/\/portaltela.pt\/s.01k8rhncp4jt1\/2025\/11\/talking-bot-125x125.png","url":"https:\/\/portaltela.pt\/s.01k8rhncp4jt1\/2025\/11\/talking-bot-125x125.png","contentUrl":"https:\/\/portaltela.pt\/s.01k8rhncp4jt1\/2025\/11\/talking-bot-125x125.png","caption":"Telinha"},"sameAs":["https:\/\/portaltela.pt\/"],"url":"https:\/\/portaltela.pt\/por\/367410592786\/"}]}},"_links":{"self":[{"href":"https:\/\/portaltela.pt\/api\/wp\/v2\/posts\/415567","targetHints":{"allow":["GET"]}}],"collection":[{"href":"https:\/\/portaltela.pt\/api\/wp\/v2\/posts"}],"about":[{"href":"https:\/\/portaltela.pt\/api\/wp\/v2\/types\/post"}],"author":[{"embeddable":true,"href":"https:\/\/portaltela.pt\/api\/wp\/v2\/users\/2"}],"replies":[{"embeddable":true,"href":"https:\/\/portaltela.pt\/api\/wp\/v2\/comments?post=415567"}],"version-history":[{"count":0,"href":"https:\/\/portaltela.pt\/api\/wp\/v2\/posts\/415567\/revisions"}],"wp:featuredmedia":[{"embeddable":true,"href":"https:\/\/portaltela.pt\/api\/wp\/v2\/media\/415570"}],"wp:attachment":[{"href":"https:\/\/portaltela.pt\/api\/wp\/v2\/media?parent=415567"}],"wp:term":[{"taxonomy":"category","embeddable":true,"href":"https:\/\/portaltela.pt\/api\/wp\/v2\/categories?post=415567"},{"taxonomy":"post_tag","embeddable":true,"href":"https:\/\/portaltela.pt\/api\/wp\/v2\/tags?post=415567"}],"curies":[{"name":"wp","href":"https:\/\/api.w.org\/{rel}","templated":true}]}}