{"id":415562,"date":"2026-03-19T06:00:00","date_gmt":"2026-03-19T09:00:00","guid":{"rendered":"https:\/\/portaltela.pt\/noticias\/2026\/03\/19\/presidentes-acompanhados-pelo-cm-desde-o-inicio-da-sua-historia\/"},"modified":"2026-03-19T06:00:00","modified_gmt":"2026-03-19T09:00:00","slug":"presidentes-acompanhados-pelo-cm-desde-o-inicio-da-sua-historia","status":"publish","type":"post","link":"https:\/\/portaltela.pt\/noticias\/politica\/2026\/03\/19\/presidentes-acompanhados-pelo-cm-desde-o-inicio-da-sua-historia\/","title":{"rendered":"Presidentes acompanhados pelo CM desde o in\u00edcio da sua hist\u00f3ria"},"content":{"rendered":"<p>O Correio da Manh\u00e3 acompanhou, ao longo de 47 anos, a passagem de belos inquilinos de Bel\u00e9m: Eanes, Soares, Sampaio, Cavaco e Marcelo. O jornal nasceu num momento de crise pol\u00edtica, em mar\u00e7o de 1979, com uma linha editorial que procurou marcar independ\u00eancia face ao PS.<\/p>\n<p>O CM foi fundado por V\u00edtor Direito, que vinha de A Luta, jornal oficioso do PS. Ao destacar a atua\u00e7\u00e3o de Ant\u00f3nio Ramalho Eanes, o CM procurou evidenciar a sua autonomia face aos l\u00edderes socialistas, como M\u00e1rio Soares, ent\u00e3o figura de oposi\u00e7\u00e3o. A mudan\u00e7a de rumo refletiu tamb\u00e9m a nova fase da imprensa privada em Portugal.<\/p>\n<p>A declara\u00e7\u00e3o de princ\u00edpios do CM, no primeiro n\u00famero, refor\u00e7ou esse posicionamento. O peri\u00f3dico afirmava no \u201cBilhete postal de apresenta\u00e7\u00e3o\u201d a import\u00e2ncia da comunica\u00e7\u00e3o social privada num contexto de predom\u00ednio estatal. Ramalho Eanes elogiou o modelo, defendendo democracia plural e informa\u00e7\u00e3o respons\u00e1vel.<\/p>\n<h3>O papel de Ramalho Eanes e o in\u00edcio do CM<\/h3>\n<p>Ramalho Eanes, hoje com 91 anos, foi eleito para dois mandatos (1976-1986). Defendeu a independ\u00eancia dos \u00f3rg\u00e3os de comunica\u00e7\u00e3o social como base de uma democracia aberta. O CM associou-se, assim, a uma vis\u00e3o de imprensa livre no per\u00edodo p\u00f3s-revolucion\u00e1rio.<\/p>\n<h3>M\u00e1rio Soares e a dist\u00e2ncia entre projetos<\/h3>\n<p>V\u00edtor Direito, ex-chefe de Reda\u00e7\u00e3o de Rep\u00fablica e de A Luta, deu o salto para um di\u00e1rio de grande p\u00fablico. Soares, que liderou dois governos e venceu a elei\u00e7\u00e3o presidencial de 1986, tornou-se uma figura de refer\u00eancia para o CM, que cobriu a sua carreira de forma contundente. O jornal acompanhou a sua passagem pela Presid\u00eancia e pela integra\u00e7\u00e3o de Portugal na Uni\u00e3o Europeia.<\/p>\n<h3>Jorge Sampaio e uma edi\u00e7\u00e3o solid\u00e1ria<\/h3>\n<p>Jo\u00e3o Marcelino entregou a dire\u00e7\u00e3o do CM a Jorge Sampaio para uma edi\u00e7\u00e3o especial dedicada \u00e0 luta contra a tuberculose, em 13 de outubro de 2006. A edi\u00e7\u00e3o 10 000 reuniu 30 p\u00e1ginas com informa\u00e7\u00f5es, testemunhos e parcerias que mobilizaram apoios para a causa. Sampaio marcou presen\u00e7a com uma atua\u00e7\u00e3o direta na redac\u00e7\u00e3o.<\/p>\n<h3>Cavaco Silva e a vis\u00e3o de isen\u00e7\u00e3o<\/h3>\n<p>An\u00edbal Cavaco Silva, presidente entre 2006 e 2016, elogiou, em 2009, a isen\u00e7\u00e3o e a independ\u00eancia do CM. O jornal procurou manter uma linha informativa clara, acess\u00edvel ao grande p\u00fablico, destacando a relev\u00e2ncia da comunica\u00e7\u00e3o social livre para o debate p\u00fablico.<\/p>\n<h3>Marcelo Rebelo de Sousa e o entendimento medi\u00e1tico<\/h3>\n<p>Marcelo Rebelo de Sousa, presidente desde 2016, tem uma rela\u00e7\u00e3o pr\u00f3xima com o CM. Em 2023, durante o 44.\u00ba anivers\u00e1rio do jornal, mostrou como avalia as manchetes e a leitura das consequ\u00eancias das not\u00edcias. Rebelo de Sousa destacou o papel do CM na transi\u00e7\u00e3o democr\u00e1tica, enriquecido pela vis\u00e3o de quem conhece bem o meio jornal\u00edstico.<\/p>\n","protected":false},"excerpt":{"rendered":"<ul>\n<li>O Correio da Manh\u00e3 acompanhou, ao longo de 47 anos, cinco presidentes da Rep\u00fablica: Eanes, Soares, Sampaio, Cavaco e Marcelo Rebelo de Sousa.<\/li>\n<li>A estreia do CM em 1979 destacou a independ\u00eancia face ao PS e a M\u00e1rio Soares, apoiando Ant\u00f3nio Ramalho Eanes e a sua vis\u00e3o de jornalismo independente.<\/li>\n<li>M\u00e1rio Soares teve uma rela\u00e7\u00e3o marcada por caminhos separados com o CM, destacando-se como presidente entre 1986 e 1996 e tendo j\u00e1 sido primeiro\u2011ministro antes.<\/li>\n<li>Jorge Sampaio participou, em 2006, numa edi\u00e7\u00e3o especial do CM para apoiar a miss\u00e3o da ONU contra a tuberculose, como Enviado Especial da Organiza\u00e7\u00e3o das Na\u00e7\u00f5es Unidas.<\/li>\n<li>Cavaco Silva elogiou a isen\u00e7\u00e3o do CM e a sua independ\u00eancia na pol\u00edtica; Marcelo Rebelo de Sousa, tamb\u00e9m antigo jornalista, j\u00e1 comentou publicamente sobre a rela\u00e7\u00e3o entre o CM e o poder durante a hist\u00f3ria do jornal.<\/li>\n<\/ul>\n","protected":false},"author":2,"featured_media":415564,"comment_status":"closed","ping_status":"closed","sticky":false,"template":"","format":"standard","meta":{"footnotes":""},"categories":[1,5],"tags":[6901,2795,506,2877,3086,2055],"class_list":["post-415562","post","type-post","status-publish","format-standard","has-post-thumbnail","hentry","category-noticias","category-politica","tag-anibal-cavaco-silva","tag-democracia","tag-imprensa","tag-marcelo-rebelo-de-sousa","tag-ramalho-eanes","tag-uniao-europeia"],"yoast_head":"<!-- This site is optimized with the Yoast SEO plugin v27.2 - https:\/\/yoast.com\/product\/yoast-seo-wordpress\/ -->\n<title>Presidentes acompanhados pelo CM desde o in\u00edcio da sua hist\u00f3ria - Portal Tela Portugal<\/title>\n<meta name=\"robots\" content=\"index, follow, max-snippet:-1, max-image-preview:large, max-video-preview:-1\" \/>\n<meta property=\"og:locale\" content=\"pt_PT\" \/>\n<meta property=\"og:type\" content=\"article\" \/>\n<meta property=\"og:title\" content=\"Presidentes acompanhados pelo CM desde o in\u00edcio da sua hist\u00f3ria - Portal Tela Portugal\" \/>\n<meta property=\"og:description\" content=\"O Correio da Manh\u00e3 acompanhou, ao longo de 47 anos, cinco presidentes da Rep\u00fablica: Eanes, Soares, Sampaio, Cavaco e Marcelo Rebelo de Sousa. A estreia do CM em 1979 destacou a independ\u00eancia face ao PS e a M\u00e1rio Soares, apoiando Ant\u00f3nio Ramalho Eanes e a sua vis\u00e3o de jornalismo independente. M\u00e1rio Soares teve uma rela\u00e7\u00e3o marcada por caminhos separados com o CM, destacando-se como presidente entre 1986 e 1996 e tendo j\u00e1 sido primeiro\u2011ministro antes. Jorge Sampaio participou, em 2006, numa edi\u00e7\u00e3o especial do CM para apoiar a miss\u00e3o da ONU contra a tuberculose, como Enviado Especial da Organiza\u00e7\u00e3o das Na\u00e7\u00f5es Unidas. Cavaco Silva elogiou a isen\u00e7\u00e3o do CM e a sua independ\u00eancia na pol\u00edtica; Marcelo Rebelo de Sousa, tamb\u00e9m antigo jornalista, j\u00e1 comentou publicamente sobre a rela\u00e7\u00e3o entre o CM e o poder durante a hist\u00f3ria do jornal.\" \/>\n<meta property=\"og:url\" content=\"https:\/\/portaltela.pt\/noticias\/2026\/03\/19\/presidentes-acompanhados-pelo-cm-desde-o-inicio-da-sua-historia\/\" \/>\n<meta property=\"og:site_name\" content=\"Portal Tela Portugal\" \/>\n<meta property=\"article:published_time\" content=\"2026-03-19T09:00:00+00:00\" \/>\n<meta name=\"author\" content=\"Telinha\" \/>\n<meta name=\"twitter:card\" content=\"summary_large_image\" \/>\n<meta name=\"twitter:label1\" content=\"Escrito por\" \/>\n\t<meta name=\"twitter:data1\" content=\"Telinha\" \/>\n\t<meta name=\"twitter:label2\" content=\"Tempo estimado de leitura\" \/>\n\t<meta name=\"twitter:data2\" content=\"2 minutos\" \/>\n<script type=\"application\/ld+json\" class=\"yoast-schema-graph\">{\"@context\":\"https:\/\/schema.org\",\"@graph\":[{\"@type\":\"Article\",\"@id\":\"https:\/\/portaltela.pt\/noticias\/2026\/03\/19\/presidentes-acompanhados-pelo-cm-desde-o-inicio-da-sua-historia\/#article\",\"isPartOf\":{\"@id\":\"https:\/\/portaltela.pt\/noticias\/2026\/03\/19\/presidentes-acompanhados-pelo-cm-desde-o-inicio-da-sua-historia\/\"},\"author\":{\"name\":\"Telinha\",\"@id\":\"https:\/\/portaltela.pt\/#\/schema\/person\/c4278d4a6028830caff9ee44b42d32ed\"},\"headline\":\"Presidentes acompanhados pelo CM desde o in\u00edcio da sua hist\u00f3ria\",\"datePublished\":\"2026-03-19T09:00:00+00:00\",\"mainEntityOfPage\":{\"@id\":\"https:\/\/portaltela.pt\/noticias\/2026\/03\/19\/presidentes-acompanhados-pelo-cm-desde-o-inicio-da-sua-historia\/\"},\"wordCount\":505,\"image\":{\"@id\":\"https:\/\/portaltela.pt\/noticias\/2026\/03\/19\/presidentes-acompanhados-pelo-cm-desde-o-inicio-da-sua-historia\/#primaryimage\"},\"thumbnailUrl\":\"https:\/\/portaltela.pt\/s.01k8rhncp4jt1\/2026\/03\/img_1280x721uu2026-03-18-10-25-08-2273102.jpg\",\"keywords\":[\"An\u00edbal Cavaco Silva\",\"democracia\",\"imprensa\",\"Marcelo Rebelo de Sousa\",\"Ramalho Eanes\",\"Uni\u00e3o Europeia\"],\"articleSection\":[\"Not\u00edcias\",\"Pol\u00edtica\"],\"inLanguage\":\"pt-PT\"},{\"@type\":\"WebPage\",\"@id\":\"https:\/\/portaltela.pt\/noticias\/2026\/03\/19\/presidentes-acompanhados-pelo-cm-desde-o-inicio-da-sua-historia\/\",\"url\":\"https:\/\/portaltela.pt\/noticias\/2026\/03\/19\/presidentes-acompanhados-pelo-cm-desde-o-inicio-da-sua-historia\/\",\"name\":\"Presidentes acompanhados pelo CM desde o in\u00edcio da sua hist\u00f3ria - Portal Tela Portugal\",\"isPartOf\":{\"@id\":\"https:\/\/portaltela.pt\/#website\"},\"primaryImageOfPage\":{\"@id\":\"https:\/\/portaltela.pt\/noticias\/2026\/03\/19\/presidentes-acompanhados-pelo-cm-desde-o-inicio-da-sua-historia\/#primaryimage\"},\"image\":{\"@id\":\"https:\/\/portaltela.pt\/noticias\/2026\/03\/19\/presidentes-acompanhados-pelo-cm-desde-o-inicio-da-sua-historia\/#primaryimage\"},\"thumbnailUrl\":\"https:\/\/portaltela.pt\/s.01k8rhncp4jt1\/2026\/03\/img_1280x721uu2026-03-18-10-25-08-2273102.jpg\",\"datePublished\":\"2026-03-19T09:00:00+00:00\",\"author\":{\"@id\":\"https:\/\/portaltela.pt\/#\/schema\/person\/c4278d4a6028830caff9ee44b42d32ed\"},\"breadcrumb\":{\"@id\":\"https:\/\/portaltela.pt\/noticias\/2026\/03\/19\/presidentes-acompanhados-pelo-cm-desde-o-inicio-da-sua-historia\/#breadcrumb\"},\"inLanguage\":\"pt-PT\",\"potentialAction\":[{\"@type\":\"ReadAction\",\"target\":[\"https:\/\/portaltela.pt\/noticias\/2026\/03\/19\/presidentes-acompanhados-pelo-cm-desde-o-inicio-da-sua-historia\/\"]}]},{\"@type\":\"ImageObject\",\"inLanguage\":\"pt-PT\",\"@id\":\"https:\/\/portaltela.pt\/noticias\/2026\/03\/19\/presidentes-acompanhados-pelo-cm-desde-o-inicio-da-sua-historia\/#primaryimage\",\"url\":\"https:\/\/portaltela.pt\/s.01k8rhncp4jt1\/2026\/03\/img_1280x721uu2026-03-18-10-25-08-2273102.jpg\",\"contentUrl\":\"https:\/\/portaltela.pt\/s.01k8rhncp4jt1\/2026\/03\/img_1280x721uu2026-03-18-10-25-08-2273102.jpg\",\"width\":1280,\"height\":721,\"caption\":\"O general Ramalho Eanes, hoje com 91 anos, ganhou elei\u00e7\u00f5es para dois mandatos (1976-1986) com objetivos desafiantes\"},{\"@type\":\"BreadcrumbList\",\"@id\":\"https:\/\/portaltela.pt\/noticias\/2026\/03\/19\/presidentes-acompanhados-pelo-cm-desde-o-inicio-da-sua-historia\/#breadcrumb\",\"itemListElement\":[{\"@type\":\"ListItem\",\"position\":1,\"name\":\"In\u00edcio\",\"item\":\"https:\/\/portaltela.pt\/\"},{\"@type\":\"ListItem\",\"position\":2,\"name\":\"Presidentes acompanhados pelo CM desde o in\u00edcio da sua hist\u00f3ria\"}]},{\"@type\":\"WebSite\",\"@id\":\"https:\/\/portaltela.pt\/#website\",\"url\":\"https:\/\/portaltela.pt\/\",\"name\":\"Portal Tela Portugal\",\"description\":\"\",\"potentialAction\":[{\"@type\":\"SearchAction\",\"target\":{\"@type\":\"EntryPoint\",\"urlTemplate\":\"https:\/\/portaltela.pt\/?s={search_term_string}\"},\"query-input\":{\"@type\":\"PropertyValueSpecification\",\"valueRequired\":true,\"valueName\":\"search_term_string\"}}],\"inLanguage\":\"pt-PT\"},{\"@type\":\"Person\",\"@id\":\"https:\/\/portaltela.pt\/#\/schema\/person\/c4278d4a6028830caff9ee44b42d32ed\",\"name\":\"Telinha\",\"image\":{\"@type\":\"ImageObject\",\"inLanguage\":\"pt-PT\",\"@id\":\"https:\/\/portaltela.pt\/s.01k8rhncp4jt1\/2025\/11\/talking-bot-125x125.png\",\"url\":\"https:\/\/portaltela.pt\/s.01k8rhncp4jt1\/2025\/11\/talking-bot-125x125.png\",\"contentUrl\":\"https:\/\/portaltela.pt\/s.01k8rhncp4jt1\/2025\/11\/talking-bot-125x125.png\",\"caption\":\"Telinha\"},\"sameAs\":[\"https:\/\/portaltela.pt\/\"],\"url\":\"https:\/\/portaltela.pt\/por\/367410592786\/\"}]}<\/script>\n<!-- \/ Yoast SEO plugin. -->","yoast_head_json":{"title":"Presidentes acompanhados pelo CM desde o in\u00edcio da sua hist\u00f3ria - Portal Tela Portugal","robots":{"index":"index","follow":"follow","max-snippet":"max-snippet:-1","max-image-preview":"max-image-preview:large","max-video-preview":"max-video-preview:-1"},"og_locale":"pt_PT","og_type":"article","og_title":"Presidentes acompanhados pelo CM desde o in\u00edcio da sua hist\u00f3ria - Portal Tela Portugal","og_description":"O Correio da Manh\u00e3 acompanhou, ao longo de 47 anos, cinco presidentes da Rep\u00fablica: Eanes, Soares, Sampaio, Cavaco e Marcelo Rebelo de Sousa. A estreia do CM em 1979 destacou a independ\u00eancia face ao PS e a M\u00e1rio Soares, apoiando Ant\u00f3nio Ramalho Eanes e a sua vis\u00e3o de jornalismo independente. M\u00e1rio Soares teve uma rela\u00e7\u00e3o marcada por caminhos separados com o CM, destacando-se como presidente entre 1986 e 1996 e tendo j\u00e1 sido primeiro\u2011ministro antes. Jorge Sampaio participou, em 2006, numa edi\u00e7\u00e3o especial do CM para apoiar a miss\u00e3o da ONU contra a tuberculose, como Enviado Especial da Organiza\u00e7\u00e3o das Na\u00e7\u00f5es Unidas. Cavaco Silva elogiou a isen\u00e7\u00e3o do CM e a sua independ\u00eancia na pol\u00edtica; Marcelo Rebelo de Sousa, tamb\u00e9m antigo jornalista, j\u00e1 comentou publicamente sobre a rela\u00e7\u00e3o entre o CM e o poder durante a hist\u00f3ria do jornal.","og_url":"https:\/\/portaltela.pt\/noticias\/2026\/03\/19\/presidentes-acompanhados-pelo-cm-desde-o-inicio-da-sua-historia\/","og_site_name":"Portal Tela Portugal","article_published_time":"2026-03-19T09:00:00+00:00","author":"Telinha","twitter_card":"summary_large_image","twitter_misc":{"Escrito por":"Telinha","Tempo estimado de leitura":"2 minutos"},"schema":{"@context":"https:\/\/schema.org","@graph":[{"@type":"Article","@id":"https:\/\/portaltela.pt\/noticias\/2026\/03\/19\/presidentes-acompanhados-pelo-cm-desde-o-inicio-da-sua-historia\/#article","isPartOf":{"@id":"https:\/\/portaltela.pt\/noticias\/2026\/03\/19\/presidentes-acompanhados-pelo-cm-desde-o-inicio-da-sua-historia\/"},"author":{"name":"Telinha","@id":"https:\/\/portaltela.pt\/#\/schema\/person\/c4278d4a6028830caff9ee44b42d32ed"},"headline":"Presidentes acompanhados pelo CM desde o in\u00edcio da sua hist\u00f3ria","datePublished":"2026-03-19T09:00:00+00:00","mainEntityOfPage":{"@id":"https:\/\/portaltela.pt\/noticias\/2026\/03\/19\/presidentes-acompanhados-pelo-cm-desde-o-inicio-da-sua-historia\/"},"wordCount":505,"image":{"@id":"https:\/\/portaltela.pt\/noticias\/2026\/03\/19\/presidentes-acompanhados-pelo-cm-desde-o-inicio-da-sua-historia\/#primaryimage"},"thumbnailUrl":"https:\/\/portaltela.pt\/s.01k8rhncp4jt1\/2026\/03\/img_1280x721uu2026-03-18-10-25-08-2273102.jpg","keywords":["An\u00edbal Cavaco Silva","democracia","imprensa","Marcelo Rebelo de Sousa","Ramalho Eanes","Uni\u00e3o Europeia"],"articleSection":["Not\u00edcias","Pol\u00edtica"],"inLanguage":"pt-PT"},{"@type":"WebPage","@id":"https:\/\/portaltela.pt\/noticias\/2026\/03\/19\/presidentes-acompanhados-pelo-cm-desde-o-inicio-da-sua-historia\/","url":"https:\/\/portaltela.pt\/noticias\/2026\/03\/19\/presidentes-acompanhados-pelo-cm-desde-o-inicio-da-sua-historia\/","name":"Presidentes acompanhados pelo CM desde o in\u00edcio da sua hist\u00f3ria - Portal Tela Portugal","isPartOf":{"@id":"https:\/\/portaltela.pt\/#website"},"primaryImageOfPage":{"@id":"https:\/\/portaltela.pt\/noticias\/2026\/03\/19\/presidentes-acompanhados-pelo-cm-desde-o-inicio-da-sua-historia\/#primaryimage"},"image":{"@id":"https:\/\/portaltela.pt\/noticias\/2026\/03\/19\/presidentes-acompanhados-pelo-cm-desde-o-inicio-da-sua-historia\/#primaryimage"},"thumbnailUrl":"https:\/\/portaltela.pt\/s.01k8rhncp4jt1\/2026\/03\/img_1280x721uu2026-03-18-10-25-08-2273102.jpg","datePublished":"2026-03-19T09:00:00+00:00","author":{"@id":"https:\/\/portaltela.pt\/#\/schema\/person\/c4278d4a6028830caff9ee44b42d32ed"},"breadcrumb":{"@id":"https:\/\/portaltela.pt\/noticias\/2026\/03\/19\/presidentes-acompanhados-pelo-cm-desde-o-inicio-da-sua-historia\/#breadcrumb"},"inLanguage":"pt-PT","potentialAction":[{"@type":"ReadAction","target":["https:\/\/portaltela.pt\/noticias\/2026\/03\/19\/presidentes-acompanhados-pelo-cm-desde-o-inicio-da-sua-historia\/"]}]},{"@type":"ImageObject","inLanguage":"pt-PT","@id":"https:\/\/portaltela.pt\/noticias\/2026\/03\/19\/presidentes-acompanhados-pelo-cm-desde-o-inicio-da-sua-historia\/#primaryimage","url":"https:\/\/portaltela.pt\/s.01k8rhncp4jt1\/2026\/03\/img_1280x721uu2026-03-18-10-25-08-2273102.jpg","contentUrl":"https:\/\/portaltela.pt\/s.01k8rhncp4jt1\/2026\/03\/img_1280x721uu2026-03-18-10-25-08-2273102.jpg","width":1280,"height":721,"caption":"O general Ramalho Eanes, hoje com 91 anos, ganhou elei\u00e7\u00f5es para dois mandatos (1976-1986) com objetivos desafiantes"},{"@type":"BreadcrumbList","@id":"https:\/\/portaltela.pt\/noticias\/2026\/03\/19\/presidentes-acompanhados-pelo-cm-desde-o-inicio-da-sua-historia\/#breadcrumb","itemListElement":[{"@type":"ListItem","position":1,"name":"In\u00edcio","item":"https:\/\/portaltela.pt\/"},{"@type":"ListItem","position":2,"name":"Presidentes acompanhados pelo CM desde o in\u00edcio da sua hist\u00f3ria"}]},{"@type":"WebSite","@id":"https:\/\/portaltela.pt\/#website","url":"https:\/\/portaltela.pt\/","name":"Portal Tela Portugal","description":"","potentialAction":[{"@type":"SearchAction","target":{"@type":"EntryPoint","urlTemplate":"https:\/\/portaltela.pt\/?s={search_term_string}"},"query-input":{"@type":"PropertyValueSpecification","valueRequired":true,"valueName":"search_term_string"}}],"inLanguage":"pt-PT"},{"@type":"Person","@id":"https:\/\/portaltela.pt\/#\/schema\/person\/c4278d4a6028830caff9ee44b42d32ed","name":"Telinha","image":{"@type":"ImageObject","inLanguage":"pt-PT","@id":"https:\/\/portaltela.pt\/s.01k8rhncp4jt1\/2025\/11\/talking-bot-125x125.png","url":"https:\/\/portaltela.pt\/s.01k8rhncp4jt1\/2025\/11\/talking-bot-125x125.png","contentUrl":"https:\/\/portaltela.pt\/s.01k8rhncp4jt1\/2025\/11\/talking-bot-125x125.png","caption":"Telinha"},"sameAs":["https:\/\/portaltela.pt\/"],"url":"https:\/\/portaltela.pt\/por\/367410592786\/"}]}},"_links":{"self":[{"href":"https:\/\/portaltela.pt\/api\/wp\/v2\/posts\/415562","targetHints":{"allow":["GET"]}}],"collection":[{"href":"https:\/\/portaltela.pt\/api\/wp\/v2\/posts"}],"about":[{"href":"https:\/\/portaltela.pt\/api\/wp\/v2\/types\/post"}],"author":[{"embeddable":true,"href":"https:\/\/portaltela.pt\/api\/wp\/v2\/users\/2"}],"replies":[{"embeddable":true,"href":"https:\/\/portaltela.pt\/api\/wp\/v2\/comments?post=415562"}],"version-history":[{"count":0,"href":"https:\/\/portaltela.pt\/api\/wp\/v2\/posts\/415562\/revisions"}],"wp:featuredmedia":[{"embeddable":true,"href":"https:\/\/portaltela.pt\/api\/wp\/v2\/media\/415564"}],"wp:attachment":[{"href":"https:\/\/portaltela.pt\/api\/wp\/v2\/media?parent=415562"}],"wp:term":[{"taxonomy":"category","embeddable":true,"href":"https:\/\/portaltela.pt\/api\/wp\/v2\/categories?post=415562"},{"taxonomy":"post_tag","embeddable":true,"href":"https:\/\/portaltela.pt\/api\/wp\/v2\/tags?post=415562"}],"curies":[{"name":"wp","href":"https:\/\/api.w.org\/{rel}","templated":true}]}}