{"id":415464,"date":"2026-03-19T04:12:36","date_gmt":"2026-03-19T07:12:36","guid":{"rendered":"https:\/\/portaltela.pt\/noticias\/2026\/03\/19\/uso-excessivo-das-redes-sociais-associa-se-ao-mal-estar-em-adolescentes\/"},"modified":"2026-03-19T04:12:36","modified_gmt":"2026-03-19T07:12:36","slug":"uso-excessivo-das-redes-sociais-associa-se-ao-mal-estar-em-adolescentes","status":"publish","type":"post","link":"https:\/\/portaltela.pt\/sociedade\/2026\/03\/19\/uso-excessivo-das-redes-sociais-associa-se-ao-mal-estar-em-adolescentes\/","title":{"rendered":"Uso excessivo das redes sociais associa-se ao mal-estar em adolescentes"},"content":{"rendered":"<p>O uso compulsivo das redes sociais est\u00e1 ligado ao mal-estar psicol\u00f3gico entre adolescentes, segundo estudo da Universitat Aut\u00f2noma de Barcelona (UAB) e do Centre d&#8217;Estudis Demogr\u00e0fics (CED). A an\u00e1lise integra o Relat\u00f3rio Mundial da Felicidade da ONU.<\/p>\n<p>A investiga\u00e7\u00e3o baseia-se em dados de mais de 330 mil adolescentes de 43 Estados, reunidos para o relat\u00f3rio divulgado recentemente.<\/p>\n<p>Conclui que o mau uso das redes sociais est\u00e1 associado a mal-estar psicol\u00f3gico e a uma opini\u00e3o negativa sobre as condi\u00e7\u00f5es de vida.<\/p>\n<p>O problema \u00e9 mais acentuado em Estados anglo-c\u00e9lticos, como Canad\u00e1, Irlanda e Reino Unido, e menos intenso na regi\u00e3o do C\u00e1ucaso e Mar Negro, incluindo Arm\u00e9nia, Ge\u00f3rgia, Azerbaij\u00e3o e Turquia.<\/p>\n<p>A distribui\u00e7\u00e3o das consequ\u00eancias varia conforme as desigualdades sociais, com os mais pobres a serem mais vulner\u00e1veis.<\/p>\n<p>Liderado por Pablo Gracia, o estudo aponta uma deteriora\u00e7\u00e3o geral do contexto digital entre 2018 e 2022.<\/p>\n<p>A investiga\u00e7\u00e3o faz parte do projeto DIGINEQ, financiado pelo European Research Council, que analisa a rela\u00e7\u00e3o entre uso digital, bem-estar adolescente e desigualdades sociais.<\/p>\n","protected":false},"excerpt":{"rendered":"<ul>\n<li>Um estudo liderado pela Universidade Aut\u00f3noma de Barcelona (UAB) e pelo Centre d&#8217;Estudis Demogr\u00e0fics (CED) alerta que o uso compulsivo das redes sociais piora o bem-estar psicol\u00f3gico de adolescentes.<\/li>\n<li>A an\u00e1lise integra o Relat\u00f3rio Mundial da Felicidade da ONU, com dados de mais de 330 mil adolescentes de 43 Estados.<\/li>\n<li>As conclus\u00f5es associam o mau uso das redes sociais a mal-estar psicol\u00f3gico e a uma vis\u00e3o negativa das condi\u00e7\u00f5es de vida.<\/li>\n<li>Os impactos s\u00e3o mais acentuados em Estados anglo-c\u00e9lticos (Canad\u00e1, Irlanda e Reino Unido) e mais baixos na regi\u00e3o do C\u00e1ucaso e Mar Negro (Arm\u00eania, Ge\u00f3rgia, Azerbaij\u00e3o e Turquia), variando ainda com as desigualdades sociais.<\/li>\n<li>O estudo, liderado por Pablo Gracia, mostra deteriora\u00e7\u00e3o do contexto digital entre 2018 e 2022 e integra o projeto DIGINEQ, financiado pelo European Research Council.<\/li>\n<\/ul>\n","protected":false},"author":2,"featured_media":415468,"comment_status":"closed","ping_status":"closed","sticky":false,"template":"","format":"standard","meta":{"footnotes":""},"categories":[6745,6871],"tags":[5437,1867,2917,2844,2629,55],"class_list":["post-415464","post","type-post","status-publish","format-standard","has-post-thumbnail","hentry","category-saude","category-sociedade","tag-desigualdades-sociais","tag-digitalizacao","tag-educacao-digital","tag-jovens","tag-literacia-digital","tag-saude-mental"],"yoast_head":"<!-- This site is optimized with the Yoast SEO plugin v27.2 - https:\/\/yoast.com\/product\/yoast-seo-wordpress\/ -->\n<title>Uso excessivo das redes sociais associa-se ao mal-estar em adolescentes - Portal Tela Portugal<\/title>\n<meta name=\"robots\" content=\"index, follow, max-snippet:-1, max-image-preview:large, max-video-preview:-1\" \/>\n<meta property=\"og:locale\" content=\"pt_PT\" \/>\n<meta property=\"og:type\" content=\"article\" \/>\n<meta property=\"og:title\" content=\"Uso excessivo das redes sociais associa-se ao mal-estar em adolescentes - Portal Tela Portugal\" \/>\n<meta property=\"og:description\" content=\"Um estudo liderado pela Universidade Aut\u00f3noma de Barcelona (UAB) e pelo Centre d&#039;Estudis Demogr\u00e0fics (CED) alerta que o uso compulsivo das redes sociais piora o bem-estar psicol\u00f3gico de adolescentes. A an\u00e1lise integra o Relat\u00f3rio Mundial da Felicidade da ONU, com dados de mais de 330 mil adolescentes de 43 Estados. As conclus\u00f5es associam o mau uso das redes sociais a mal-estar psicol\u00f3gico e a uma vis\u00e3o negativa das condi\u00e7\u00f5es de vida. Os impactos s\u00e3o mais acentuados em Estados anglo-c\u00e9lticos (Canad\u00e1, Irlanda e Reino Unido) e mais baixos na regi\u00e3o do C\u00e1ucaso e Mar Negro (Arm\u00eania, Ge\u00f3rgia, Azerbaij\u00e3o e Turquia), variando ainda com as desigualdades sociais. O estudo, liderado por Pablo Gracia, mostra deteriora\u00e7\u00e3o do contexto digital entre 2018 e 2022 e integra o projeto DIGINEQ, financiado pelo European Research Council.\" \/>\n<meta property=\"og:url\" content=\"https:\/\/portaltela.pt\/noticias\/2026\/03\/19\/uso-excessivo-das-redes-sociais-associa-se-ao-mal-estar-em-adolescentes\/\" \/>\n<meta property=\"og:site_name\" content=\"Portal Tela Portugal\" \/>\n<meta property=\"article:published_time\" content=\"2026-03-19T07:12:36+00:00\" \/>\n<meta name=\"author\" content=\"Telinha\" \/>\n<meta name=\"twitter:card\" content=\"summary_large_image\" \/>\n<meta name=\"twitter:label1\" content=\"Escrito por\" \/>\n\t<meta name=\"twitter:data1\" content=\"Telinha\" \/>\n\t<meta name=\"twitter:label2\" content=\"Tempo estimado de leitura\" \/>\n\t<meta name=\"twitter:data2\" content=\"1 minuto\" \/>\n<script type=\"application\/ld+json\" class=\"yoast-schema-graph\">{\"@context\":\"https:\/\/schema.org\",\"@graph\":[{\"@type\":\"Article\",\"@id\":\"https:\/\/portaltela.pt\/noticias\/2026\/03\/19\/uso-excessivo-das-redes-sociais-associa-se-ao-mal-estar-em-adolescentes\/#article\",\"isPartOf\":{\"@id\":\"https:\/\/portaltela.pt\/noticias\/2026\/03\/19\/uso-excessivo-das-redes-sociais-associa-se-ao-mal-estar-em-adolescentes\/\"},\"author\":{\"name\":\"Telinha\",\"@id\":\"https:\/\/portaltela.pt\/#\/schema\/person\/c4278d4a6028830caff9ee44b42d32ed\"},\"headline\":\"Uso excessivo das redes sociais associa-se ao mal-estar em adolescentes\",\"datePublished\":\"2026-03-19T07:12:36+00:00\",\"mainEntityOfPage\":{\"@id\":\"https:\/\/portaltela.pt\/noticias\/2026\/03\/19\/uso-excessivo-das-redes-sociais-associa-se-ao-mal-estar-em-adolescentes\/\"},\"wordCount\":196,\"image\":{\"@id\":\"https:\/\/portaltela.pt\/noticias\/2026\/03\/19\/uso-excessivo-das-redes-sociais-associa-se-ao-mal-estar-em-adolescentes\/#primaryimage\"},\"thumbnailUrl\":\"https:\/\/portaltela.pt\/s.01k8rhncp4jt1\/2026\/03\/img_1280x721uu2026-02-02-17-18-02-2264262.jpg\",\"keywords\":[\"desigualdades sociais\",\"digitaliza\u00e7\u00e3o\",\"educa\u00e7\u00e3o digital\",\"jovens\",\"literacia digital\",\"sa\u00fade mental\"],\"articleSection\":[\"Sa\u00fade\",\"Sociedade\"],\"inLanguage\":\"pt-PT\"},{\"@type\":\"WebPage\",\"@id\":\"https:\/\/portaltela.pt\/noticias\/2026\/03\/19\/uso-excessivo-das-redes-sociais-associa-se-ao-mal-estar-em-adolescentes\/\",\"url\":\"https:\/\/portaltela.pt\/noticias\/2026\/03\/19\/uso-excessivo-das-redes-sociais-associa-se-ao-mal-estar-em-adolescentes\/\",\"name\":\"Uso excessivo das redes sociais associa-se ao mal-estar em adolescentes - Portal Tela Portugal\",\"isPartOf\":{\"@id\":\"https:\/\/portaltela.pt\/#website\"},\"primaryImageOfPage\":{\"@id\":\"https:\/\/portaltela.pt\/noticias\/2026\/03\/19\/uso-excessivo-das-redes-sociais-associa-se-ao-mal-estar-em-adolescentes\/#primaryimage\"},\"image\":{\"@id\":\"https:\/\/portaltela.pt\/noticias\/2026\/03\/19\/uso-excessivo-das-redes-sociais-associa-se-ao-mal-estar-em-adolescentes\/#primaryimage\"},\"thumbnailUrl\":\"https:\/\/portaltela.pt\/s.01k8rhncp4jt1\/2026\/03\/img_1280x721uu2026-02-02-17-18-02-2264262.jpg\",\"datePublished\":\"2026-03-19T07:12:36+00:00\",\"author\":{\"@id\":\"https:\/\/portaltela.pt\/#\/schema\/person\/c4278d4a6028830caff9ee44b42d32ed\"},\"breadcrumb\":{\"@id\":\"https:\/\/portaltela.pt\/noticias\/2026\/03\/19\/uso-excessivo-das-redes-sociais-associa-se-ao-mal-estar-em-adolescentes\/#breadcrumb\"},\"inLanguage\":\"pt-PT\",\"potentialAction\":[{\"@type\":\"ReadAction\",\"target\":[\"https:\/\/portaltela.pt\/noticias\/2026\/03\/19\/uso-excessivo-das-redes-sociais-associa-se-ao-mal-estar-em-adolescentes\/\"]}]},{\"@type\":\"ImageObject\",\"inLanguage\":\"pt-PT\",\"@id\":\"https:\/\/portaltela.pt\/noticias\/2026\/03\/19\/uso-excessivo-das-redes-sociais-associa-se-ao-mal-estar-em-adolescentes\/#primaryimage\",\"url\":\"https:\/\/portaltela.pt\/s.01k8rhncp4jt1\/2026\/03\/img_1280x721uu2026-02-02-17-18-02-2264262.jpg\",\"contentUrl\":\"https:\/\/portaltela.pt\/s.01k8rhncp4jt1\/2026\/03\/img_1280x721uu2026-02-02-17-18-02-2264262.jpg\",\"width\":796,\"height\":448,\"caption\":\"Jovens recorrem \u00e0s redes sociais\"},{\"@type\":\"BreadcrumbList\",\"@id\":\"https:\/\/portaltela.pt\/noticias\/2026\/03\/19\/uso-excessivo-das-redes-sociais-associa-se-ao-mal-estar-em-adolescentes\/#breadcrumb\",\"itemListElement\":[{\"@type\":\"ListItem\",\"position\":1,\"name\":\"In\u00edcio\",\"item\":\"https:\/\/portaltela.pt\/\"},{\"@type\":\"ListItem\",\"position\":2,\"name\":\"Uso excessivo das redes sociais associa-se ao mal-estar em adolescentes\"}]},{\"@type\":\"WebSite\",\"@id\":\"https:\/\/portaltela.pt\/#website\",\"url\":\"https:\/\/portaltela.pt\/\",\"name\":\"Portal Tela Portugal\",\"description\":\"\",\"potentialAction\":[{\"@type\":\"SearchAction\",\"target\":{\"@type\":\"EntryPoint\",\"urlTemplate\":\"https:\/\/portaltela.pt\/?s={search_term_string}\"},\"query-input\":{\"@type\":\"PropertyValueSpecification\",\"valueRequired\":true,\"valueName\":\"search_term_string\"}}],\"inLanguage\":\"pt-PT\"},{\"@type\":\"Person\",\"@id\":\"https:\/\/portaltela.pt\/#\/schema\/person\/c4278d4a6028830caff9ee44b42d32ed\",\"name\":\"Telinha\",\"image\":{\"@type\":\"ImageObject\",\"inLanguage\":\"pt-PT\",\"@id\":\"https:\/\/portaltela.pt\/s.01k8rhncp4jt1\/2025\/11\/talking-bot-125x125.png\",\"url\":\"https:\/\/portaltela.pt\/s.01k8rhncp4jt1\/2025\/11\/talking-bot-125x125.png\",\"contentUrl\":\"https:\/\/portaltela.pt\/s.01k8rhncp4jt1\/2025\/11\/talking-bot-125x125.png\",\"caption\":\"Telinha\"},\"sameAs\":[\"https:\/\/portaltela.pt\/\"],\"url\":\"https:\/\/portaltela.pt\/por\/367410592786\/\"}]}<\/script>\n<!-- \/ Yoast SEO plugin. -->","yoast_head_json":{"title":"Uso excessivo das redes sociais associa-se ao mal-estar em adolescentes - Portal Tela Portugal","robots":{"index":"index","follow":"follow","max-snippet":"max-snippet:-1","max-image-preview":"max-image-preview:large","max-video-preview":"max-video-preview:-1"},"og_locale":"pt_PT","og_type":"article","og_title":"Uso excessivo das redes sociais associa-se ao mal-estar em adolescentes - Portal Tela Portugal","og_description":"Um estudo liderado pela Universidade Aut\u00f3noma de Barcelona (UAB) e pelo Centre d'Estudis Demogr\u00e0fics (CED) alerta que o uso compulsivo das redes sociais piora o bem-estar psicol\u00f3gico de adolescentes. A an\u00e1lise integra o Relat\u00f3rio Mundial da Felicidade da ONU, com dados de mais de 330 mil adolescentes de 43 Estados. As conclus\u00f5es associam o mau uso das redes sociais a mal-estar psicol\u00f3gico e a uma vis\u00e3o negativa das condi\u00e7\u00f5es de vida. Os impactos s\u00e3o mais acentuados em Estados anglo-c\u00e9lticos (Canad\u00e1, Irlanda e Reino Unido) e mais baixos na regi\u00e3o do C\u00e1ucaso e Mar Negro (Arm\u00eania, Ge\u00f3rgia, Azerbaij\u00e3o e Turquia), variando ainda com as desigualdades sociais. O estudo, liderado por Pablo Gracia, mostra deteriora\u00e7\u00e3o do contexto digital entre 2018 e 2022 e integra o projeto DIGINEQ, financiado pelo European Research Council.","og_url":"https:\/\/portaltela.pt\/noticias\/2026\/03\/19\/uso-excessivo-das-redes-sociais-associa-se-ao-mal-estar-em-adolescentes\/","og_site_name":"Portal Tela Portugal","article_published_time":"2026-03-19T07:12:36+00:00","author":"Telinha","twitter_card":"summary_large_image","twitter_misc":{"Escrito por":"Telinha","Tempo estimado de leitura":"1 minuto"},"schema":{"@context":"https:\/\/schema.org","@graph":[{"@type":"Article","@id":"https:\/\/portaltela.pt\/noticias\/2026\/03\/19\/uso-excessivo-das-redes-sociais-associa-se-ao-mal-estar-em-adolescentes\/#article","isPartOf":{"@id":"https:\/\/portaltela.pt\/noticias\/2026\/03\/19\/uso-excessivo-das-redes-sociais-associa-se-ao-mal-estar-em-adolescentes\/"},"author":{"name":"Telinha","@id":"https:\/\/portaltela.pt\/#\/schema\/person\/c4278d4a6028830caff9ee44b42d32ed"},"headline":"Uso excessivo das redes sociais associa-se ao mal-estar em adolescentes","datePublished":"2026-03-19T07:12:36+00:00","mainEntityOfPage":{"@id":"https:\/\/portaltela.pt\/noticias\/2026\/03\/19\/uso-excessivo-das-redes-sociais-associa-se-ao-mal-estar-em-adolescentes\/"},"wordCount":196,"image":{"@id":"https:\/\/portaltela.pt\/noticias\/2026\/03\/19\/uso-excessivo-das-redes-sociais-associa-se-ao-mal-estar-em-adolescentes\/#primaryimage"},"thumbnailUrl":"https:\/\/portaltela.pt\/s.01k8rhncp4jt1\/2026\/03\/img_1280x721uu2026-02-02-17-18-02-2264262.jpg","keywords":["desigualdades sociais","digitaliza\u00e7\u00e3o","educa\u00e7\u00e3o digital","jovens","literacia digital","sa\u00fade mental"],"articleSection":["Sa\u00fade","Sociedade"],"inLanguage":"pt-PT"},{"@type":"WebPage","@id":"https:\/\/portaltela.pt\/noticias\/2026\/03\/19\/uso-excessivo-das-redes-sociais-associa-se-ao-mal-estar-em-adolescentes\/","url":"https:\/\/portaltela.pt\/noticias\/2026\/03\/19\/uso-excessivo-das-redes-sociais-associa-se-ao-mal-estar-em-adolescentes\/","name":"Uso excessivo das redes sociais associa-se ao mal-estar em adolescentes - Portal Tela Portugal","isPartOf":{"@id":"https:\/\/portaltela.pt\/#website"},"primaryImageOfPage":{"@id":"https:\/\/portaltela.pt\/noticias\/2026\/03\/19\/uso-excessivo-das-redes-sociais-associa-se-ao-mal-estar-em-adolescentes\/#primaryimage"},"image":{"@id":"https:\/\/portaltela.pt\/noticias\/2026\/03\/19\/uso-excessivo-das-redes-sociais-associa-se-ao-mal-estar-em-adolescentes\/#primaryimage"},"thumbnailUrl":"https:\/\/portaltela.pt\/s.01k8rhncp4jt1\/2026\/03\/img_1280x721uu2026-02-02-17-18-02-2264262.jpg","datePublished":"2026-03-19T07:12:36+00:00","author":{"@id":"https:\/\/portaltela.pt\/#\/schema\/person\/c4278d4a6028830caff9ee44b42d32ed"},"breadcrumb":{"@id":"https:\/\/portaltela.pt\/noticias\/2026\/03\/19\/uso-excessivo-das-redes-sociais-associa-se-ao-mal-estar-em-adolescentes\/#breadcrumb"},"inLanguage":"pt-PT","potentialAction":[{"@type":"ReadAction","target":["https:\/\/portaltela.pt\/noticias\/2026\/03\/19\/uso-excessivo-das-redes-sociais-associa-se-ao-mal-estar-em-adolescentes\/"]}]},{"@type":"ImageObject","inLanguage":"pt-PT","@id":"https:\/\/portaltela.pt\/noticias\/2026\/03\/19\/uso-excessivo-das-redes-sociais-associa-se-ao-mal-estar-em-adolescentes\/#primaryimage","url":"https:\/\/portaltela.pt\/s.01k8rhncp4jt1\/2026\/03\/img_1280x721uu2026-02-02-17-18-02-2264262.jpg","contentUrl":"https:\/\/portaltela.pt\/s.01k8rhncp4jt1\/2026\/03\/img_1280x721uu2026-02-02-17-18-02-2264262.jpg","width":796,"height":448,"caption":"Jovens recorrem \u00e0s redes sociais"},{"@type":"BreadcrumbList","@id":"https:\/\/portaltela.pt\/noticias\/2026\/03\/19\/uso-excessivo-das-redes-sociais-associa-se-ao-mal-estar-em-adolescentes\/#breadcrumb","itemListElement":[{"@type":"ListItem","position":1,"name":"In\u00edcio","item":"https:\/\/portaltela.pt\/"},{"@type":"ListItem","position":2,"name":"Uso excessivo das redes sociais associa-se ao mal-estar em adolescentes"}]},{"@type":"WebSite","@id":"https:\/\/portaltela.pt\/#website","url":"https:\/\/portaltela.pt\/","name":"Portal Tela Portugal","description":"","potentialAction":[{"@type":"SearchAction","target":{"@type":"EntryPoint","urlTemplate":"https:\/\/portaltela.pt\/?s={search_term_string}"},"query-input":{"@type":"PropertyValueSpecification","valueRequired":true,"valueName":"search_term_string"}}],"inLanguage":"pt-PT"},{"@type":"Person","@id":"https:\/\/portaltela.pt\/#\/schema\/person\/c4278d4a6028830caff9ee44b42d32ed","name":"Telinha","image":{"@type":"ImageObject","inLanguage":"pt-PT","@id":"https:\/\/portaltela.pt\/s.01k8rhncp4jt1\/2025\/11\/talking-bot-125x125.png","url":"https:\/\/portaltela.pt\/s.01k8rhncp4jt1\/2025\/11\/talking-bot-125x125.png","contentUrl":"https:\/\/portaltela.pt\/s.01k8rhncp4jt1\/2025\/11\/talking-bot-125x125.png","caption":"Telinha"},"sameAs":["https:\/\/portaltela.pt\/"],"url":"https:\/\/portaltela.pt\/por\/367410592786\/"}]}},"_links":{"self":[{"href":"https:\/\/portaltela.pt\/api\/wp\/v2\/posts\/415464","targetHints":{"allow":["GET"]}}],"collection":[{"href":"https:\/\/portaltela.pt\/api\/wp\/v2\/posts"}],"about":[{"href":"https:\/\/portaltela.pt\/api\/wp\/v2\/types\/post"}],"author":[{"embeddable":true,"href":"https:\/\/portaltela.pt\/api\/wp\/v2\/users\/2"}],"replies":[{"embeddable":true,"href":"https:\/\/portaltela.pt\/api\/wp\/v2\/comments?post=415464"}],"version-history":[{"count":0,"href":"https:\/\/portaltela.pt\/api\/wp\/v2\/posts\/415464\/revisions"}],"wp:featuredmedia":[{"embeddable":true,"href":"https:\/\/portaltela.pt\/api\/wp\/v2\/media\/415468"}],"wp:attachment":[{"href":"https:\/\/portaltela.pt\/api\/wp\/v2\/media?parent=415464"}],"wp:term":[{"taxonomy":"category","embeddable":true,"href":"https:\/\/portaltela.pt\/api\/wp\/v2\/categories?post=415464"},{"taxonomy":"post_tag","embeddable":true,"href":"https:\/\/portaltela.pt\/api\/wp\/v2\/tags?post=415464"}],"curies":[{"name":"wp","href":"https:\/\/api.w.org\/{rel}","templated":true}]}}