{"id":415462,"date":"2026-03-19T04:16:55","date_gmt":"2026-03-19T07:16:55","guid":{"rendered":"https:\/\/portaltela.pt\/noticias\/2026\/03\/19\/lideres-da-ue-reunem-se-em-bruxelas-numa-cimeira-tensa-e-decisiva\/"},"modified":"2026-03-19T04:16:55","modified_gmt":"2026-03-19T07:16:55","slug":"lideres-da-ue-reunem-se-em-bruxelas-numa-cimeira-tensa-e-decisiva","status":"publish","type":"post","link":"https:\/\/portaltela.pt\/noticias\/internacional\/2026\/03\/19\/lideres-da-ue-reunem-se-em-bruxelas-numa-cimeira-tensa-e-decisiva\/","title":{"rendered":"L\u00edderes da UE re\u00fanem-se em Bruxelas numa cimeira tensa e decisiva"},"content":{"rendered":"<p>Em Bruxelas, os l\u00edderes da Uni\u00e3o Europeia re\u00fanem-se numa cimeira que promete ser tensa e decisiva. O foco principal \u00e9 a Ucr\u00e2nia e a guerra no Ir\u00e3o, com v\u00e1rias vertentes a serem discutidas ao longo do encontro. A sess\u00e3o decorre no Conselho Europeu e envolve decis\u00f5es sobre apoio e san\u00e7\u00f5es.<\/p>\n<p>A reuni\u00e3o acontece numa fase cr\u00edtica, em que o veto de alguns Estados, como a Hungria, pode influenciar o montante de ajuda financeira \u00e0 Ucr\u00e2nia. A tens\u00e3o \u00e9 alimentada pela necessidade de respostas coordenadas e por perspetivas divergentes entre os 27.<\/p>\n<p>Al\u00e9m do debate sobre a Ucr\u00e2nia, a c\u00fapula aborda a situa\u00e7\u00e3o no Ir\u00e3o, com aten\u00e7\u00f5es \u00e0s consequ\u00eancias regionais e ao impacto global. Observadores e jornalistas acompanham de perto os desdobramentos que emergem das negocia\u00e7\u00f5es entre os pa\u00edses-membros.<\/p>\n<h3>D\u00edvida ucraniana e veto ucraniano<\/h3>\n<p>O veto de Viktor Orb\u00e1n ao empr\u00e9stimo de 90 mil milh\u00f5es de euros \u00e0 Ucr\u00e2nia \u00e9 um tema-chave na agenda. Analistas destacam que a posi\u00e7\u00e3o h\u00fangara complica o financiamento de ajuda europeia ao Governo ucraniano, dificultando avan\u00e7os r\u00e1pidos.<\/p>\n<p>A cobertura em direto da Euronews aponta para rea\u00e7\u00f5es variadas entre os Estados\u2011Membros e para a press\u00e3o sobre a lideran\u00e7a h\u00fangara, que sustenta a sua posi\u00e7\u00e3o com argumentos de controle or\u00e7amental e de condi\u00e7\u00f5es pol\u00edticas.<\/p>\n<p>Paralelamente, a imprensa observa como as negocia\u00e7\u00f5es evoluem, com diferentes perspetivas sobre o ritmo e a forma de apoio financeiro. A tem\u00e1tica \u00e9 central para a continuidade do suporte europeu \u00e0 Ucr\u00e2nia.<\/p>\n<h3>Observa\u00e7\u00e3o internacional e perspetivas<\/h3>\n<p>A jornalista em Dubai reporta sobre as rea\u00e7\u00f5es \u00e0 guerra no Ir\u00e3o, que entrou no 20.\u00ba dia. As informa\u00e7\u00f5es destacam evolu\u00e7\u00f5es no terreno, decis\u00f5es diplom\u00e1ticas e respostas internacionais.<\/p>\n<p>Entrevistas com autoridades estrangeiras, como a ministra dos Neg\u00f3cios Estrangeiros da Isl\u00e2ndia, acrescentam contexto sobre rela\u00e7\u00f5es transfronteiras e pol\u00edticas de seguran\u00e7a europeias. A an\u00e1lise da liga\u00e7\u00e3o entre Ucr\u00e2nia e Ir\u00e3o tamb\u00e9m \u00e9 abordada.<\/p>\n<p>O jornalismo em direto inclui contributos de especialistas que explicam as interliga\u00e7\u00f5es entre os conflitos e o impacto global, com foco na estabilidade europeia e na seguran\u00e7a regional. As atualiza\u00e7\u00f5es refor\u00e7am a necessidade de coordena\u00e7\u00e3o entre os membros.<\/p>\n<h3>Como seguir<\/h3>\n<p>A pe\u00e7a principal \u00e9 acompanhada pela equipa da Euronews, incluindo M\u00e9abh Mc Mahon e Maria Tadeo, que gerem a cobertura em direto. A transmiss\u00e3o est\u00e1 dispon\u00edvel na televis\u00e3o, no site e nas plataformas digitais, de segunda a sexta-feira.<\/p>\n<p>O formato atual combina acontecimentos-chave e an\u00e1lise essencial sobre a Uni\u00e3o Europeia e o mundo, com op\u00e7\u00f5es em newsletter e podcast para leitura e consulta r\u00e1pida.<\/p>\n","protected":false},"excerpt":{"rendered":"<ul>\n<li>L\u00edderes da Uni\u00e3o Europeia re\u00fanem-se em Bruxelas para uma cimeira tensa sobre a Ucr\u00e2nia e a guerra no Ir\u00e3o.<\/li>\n<li>O veto de Viktor Orb\u00e1n ao empr\u00e9stimo da UE de 90 mil milh\u00f5es de euros \u00e0 Ucr\u00e2nia \u00e9 um ponto-chave do debate.<\/li>\n<li>Em Dubai, a equipa da Euronews acompanha os \u00faltimos desenvolvimentos e as rea\u00e7\u00f5es \u00e0 guerra no Ir\u00e3o, que hoje entra no 20.\u00ba dia.<\/li>\n<li>H\u00e1 entrevista com \u00deorger\u00f0ur Katr\u00edn Gunnarsd\u00f3ttir, ministra dos Neg\u00f3cios Estrangeiros da Isl\u00e2ndia, a contribuir para a cobertura.<\/li>\n<li>A an\u00e1lise explica como as guerras na Ucr\u00e2nia e no Ir\u00e3o est\u00e3o interligadas; transmiss\u00e3o dispon\u00edvel na televis\u00e3o, site, newsletter e podcast, de segunda a sexta.<\/li>\n<\/ul>\n","protected":false},"author":2,"featured_media":415463,"comment_status":"closed","ping_status":"closed","sticky":false,"template":"","format":"standard","meta":{"footnotes":""},"categories":[6814,4],"tags":[2502,3153,2084,6371,2134,2055],"class_list":["post-415462","post","type-post","status-publish","format-standard","has-post-thumbnail","hentry","category-geopolitica","category-internacional","tag-conselho-europeu","tag-ira","tag-reunioes-internacionais","tag-sancoes","tag-ucrania","tag-uniao-europeia"],"yoast_head":"<!-- This site is optimized with the Yoast SEO plugin v27.2 - https:\/\/yoast.com\/product\/yoast-seo-wordpress\/ -->\n<title>L\u00edderes da UE re\u00fanem-se em Bruxelas numa cimeira tensa e decisiva - Portal Tela Portugal<\/title>\n<meta name=\"robots\" content=\"index, follow, max-snippet:-1, max-image-preview:large, max-video-preview:-1\" \/>\n<meta property=\"og:locale\" content=\"pt_PT\" \/>\n<meta property=\"og:type\" content=\"article\" \/>\n<meta property=\"og:title\" content=\"L\u00edderes da UE re\u00fanem-se em Bruxelas numa cimeira tensa e decisiva - Portal Tela Portugal\" \/>\n<meta property=\"og:description\" content=\"L\u00edderes da Uni\u00e3o Europeia re\u00fanem-se em Bruxelas para uma cimeira tensa sobre a Ucr\u00e2nia e a guerra no Ir\u00e3o. O veto de Viktor Orb\u00e1n ao empr\u00e9stimo da UE de 90 mil milh\u00f5es de euros \u00e0 Ucr\u00e2nia \u00e9 um ponto-chave do debate. Em Dubai, a equipa da Euronews acompanha os \u00faltimos desenvolvimentos e as rea\u00e7\u00f5es \u00e0 guerra no Ir\u00e3o, que hoje entra no 20.\u00ba dia. H\u00e1 entrevista com \u00deorger\u00f0ur Katr\u00edn Gunnarsd\u00f3ttir, ministra dos Neg\u00f3cios Estrangeiros da Isl\u00e2ndia, a contribuir para a cobertura. A an\u00e1lise explica como as guerras na Ucr\u00e2nia e no Ir\u00e3o est\u00e3o interligadas; transmiss\u00e3o dispon\u00edvel na televis\u00e3o, site, newsletter e podcast, de segunda a sexta.\" \/>\n<meta property=\"og:url\" content=\"https:\/\/portaltela.pt\/noticias\/2026\/03\/19\/lideres-da-ue-reunem-se-em-bruxelas-numa-cimeira-tensa-e-decisiva\/\" \/>\n<meta property=\"og:site_name\" content=\"Portal Tela Portugal\" \/>\n<meta property=\"article:published_time\" content=\"2026-03-19T07:16:55+00:00\" \/>\n<meta name=\"author\" content=\"Telinha\" \/>\n<meta name=\"twitter:card\" content=\"summary_large_image\" \/>\n<meta name=\"twitter:label1\" content=\"Escrito por\" \/>\n\t<meta name=\"twitter:data1\" content=\"Telinha\" \/>\n\t<meta name=\"twitter:label2\" content=\"Tempo estimado de leitura\" \/>\n\t<meta name=\"twitter:data2\" content=\"2 minutos\" \/>\n<script type=\"application\/ld+json\" class=\"yoast-schema-graph\">{\"@context\":\"https:\/\/schema.org\",\"@graph\":[{\"@type\":\"Article\",\"@id\":\"https:\/\/portaltela.pt\/noticias\/2026\/03\/19\/lideres-da-ue-reunem-se-em-bruxelas-numa-cimeira-tensa-e-decisiva\/#article\",\"isPartOf\":{\"@id\":\"https:\/\/portaltela.pt\/noticias\/2026\/03\/19\/lideres-da-ue-reunem-se-em-bruxelas-numa-cimeira-tensa-e-decisiva\/\"},\"author\":{\"name\":\"Telinha\",\"@id\":\"https:\/\/portaltela.pt\/#\/schema\/person\/c4278d4a6028830caff9ee44b42d32ed\"},\"headline\":\"L\u00edderes da UE re\u00fanem-se em Bruxelas numa cimeira tensa e decisiva\",\"datePublished\":\"2026-03-19T07:16:55+00:00\",\"mainEntityOfPage\":{\"@id\":\"https:\/\/portaltela.pt\/noticias\/2026\/03\/19\/lideres-da-ue-reunem-se-em-bruxelas-numa-cimeira-tensa-e-decisiva\/\"},\"wordCount\":481,\"image\":{\"@id\":\"https:\/\/portaltela.pt\/noticias\/2026\/03\/19\/lideres-da-ue-reunem-se-em-bruxelas-numa-cimeira-tensa-e-decisiva\/#primaryimage\"},\"thumbnailUrl\":\"https:\/\/portaltela.pt\/s.01k8rhncp4jt1\/2026\/03\/1536x864_cmsv2_d81e4d6c-8ee8-5a51-83ee-1fdb979d914f-9684253.jpg\",\"keywords\":[\"Conselho Europeu\",\"Ir\u00e3\",\"reuni\u00f5es internacionais\",\"san\u00e7\u00f5es\",\"Ucr\u00e2nia\",\"Uni\u00e3o Europeia\"],\"articleSection\":[\"Geopol\u00edtica\",\"Internacional\"],\"inLanguage\":\"pt-PT\"},{\"@type\":\"WebPage\",\"@id\":\"https:\/\/portaltela.pt\/noticias\/2026\/03\/19\/lideres-da-ue-reunem-se-em-bruxelas-numa-cimeira-tensa-e-decisiva\/\",\"url\":\"https:\/\/portaltela.pt\/noticias\/2026\/03\/19\/lideres-da-ue-reunem-se-em-bruxelas-numa-cimeira-tensa-e-decisiva\/\",\"name\":\"L\u00edderes da UE re\u00fanem-se em Bruxelas numa cimeira tensa e decisiva - Portal Tela Portugal\",\"isPartOf\":{\"@id\":\"https:\/\/portaltela.pt\/#website\"},\"primaryImageOfPage\":{\"@id\":\"https:\/\/portaltela.pt\/noticias\/2026\/03\/19\/lideres-da-ue-reunem-se-em-bruxelas-numa-cimeira-tensa-e-decisiva\/#primaryimage\"},\"image\":{\"@id\":\"https:\/\/portaltela.pt\/noticias\/2026\/03\/19\/lideres-da-ue-reunem-se-em-bruxelas-numa-cimeira-tensa-e-decisiva\/#primaryimage\"},\"thumbnailUrl\":\"https:\/\/portaltela.pt\/s.01k8rhncp4jt1\/2026\/03\/1536x864_cmsv2_d81e4d6c-8ee8-5a51-83ee-1fdb979d914f-9684253.jpg\",\"datePublished\":\"2026-03-19T07:16:55+00:00\",\"author\":{\"@id\":\"https:\/\/portaltela.pt\/#\/schema\/person\/c4278d4a6028830caff9ee44b42d32ed\"},\"breadcrumb\":{\"@id\":\"https:\/\/portaltela.pt\/noticias\/2026\/03\/19\/lideres-da-ue-reunem-se-em-bruxelas-numa-cimeira-tensa-e-decisiva\/#breadcrumb\"},\"inLanguage\":\"pt-PT\",\"potentialAction\":[{\"@type\":\"ReadAction\",\"target\":[\"https:\/\/portaltela.pt\/noticias\/2026\/03\/19\/lideres-da-ue-reunem-se-em-bruxelas-numa-cimeira-tensa-e-decisiva\/\"]}]},{\"@type\":\"ImageObject\",\"inLanguage\":\"pt-PT\",\"@id\":\"https:\/\/portaltela.pt\/noticias\/2026\/03\/19\/lideres-da-ue-reunem-se-em-bruxelas-numa-cimeira-tensa-e-decisiva\/#primaryimage\",\"url\":\"https:\/\/portaltela.pt\/s.01k8rhncp4jt1\/2026\/03\/1536x864_cmsv2_d81e4d6c-8ee8-5a51-83ee-1fdb979d914f-9684253.jpg\",\"contentUrl\":\"https:\/\/portaltela.pt\/s.01k8rhncp4jt1\/2026\/03\/1536x864_cmsv2_d81e4d6c-8ee8-5a51-83ee-1fdb979d914f-9684253.jpg\",\"width\":796,\"height\":448,\"caption\":\"Europa hoje, 20 de mar\u00e7o\"},{\"@type\":\"BreadcrumbList\",\"@id\":\"https:\/\/portaltela.pt\/noticias\/2026\/03\/19\/lideres-da-ue-reunem-se-em-bruxelas-numa-cimeira-tensa-e-decisiva\/#breadcrumb\",\"itemListElement\":[{\"@type\":\"ListItem\",\"position\":1,\"name\":\"In\u00edcio\",\"item\":\"https:\/\/portaltela.pt\/\"},{\"@type\":\"ListItem\",\"position\":2,\"name\":\"L\u00edderes da UE re\u00fanem-se em Bruxelas numa cimeira tensa e decisiva\"}]},{\"@type\":\"WebSite\",\"@id\":\"https:\/\/portaltela.pt\/#website\",\"url\":\"https:\/\/portaltela.pt\/\",\"name\":\"Portal Tela Portugal\",\"description\":\"\",\"potentialAction\":[{\"@type\":\"SearchAction\",\"target\":{\"@type\":\"EntryPoint\",\"urlTemplate\":\"https:\/\/portaltela.pt\/?s={search_term_string}\"},\"query-input\":{\"@type\":\"PropertyValueSpecification\",\"valueRequired\":true,\"valueName\":\"search_term_string\"}}],\"inLanguage\":\"pt-PT\"},{\"@type\":\"Person\",\"@id\":\"https:\/\/portaltela.pt\/#\/schema\/person\/c4278d4a6028830caff9ee44b42d32ed\",\"name\":\"Telinha\",\"image\":{\"@type\":\"ImageObject\",\"inLanguage\":\"pt-PT\",\"@id\":\"https:\/\/portaltela.pt\/s.01k8rhncp4jt1\/2025\/11\/talking-bot-125x125.png\",\"url\":\"https:\/\/portaltela.pt\/s.01k8rhncp4jt1\/2025\/11\/talking-bot-125x125.png\",\"contentUrl\":\"https:\/\/portaltela.pt\/s.01k8rhncp4jt1\/2025\/11\/talking-bot-125x125.png\",\"caption\":\"Telinha\"},\"sameAs\":[\"https:\/\/portaltela.pt\/\"],\"url\":\"https:\/\/portaltela.pt\/por\/367410592786\/\"}]}<\/script>\n<!-- \/ Yoast SEO plugin. -->","yoast_head_json":{"title":"L\u00edderes da UE re\u00fanem-se em Bruxelas numa cimeira tensa e decisiva - Portal Tela Portugal","robots":{"index":"index","follow":"follow","max-snippet":"max-snippet:-1","max-image-preview":"max-image-preview:large","max-video-preview":"max-video-preview:-1"},"og_locale":"pt_PT","og_type":"article","og_title":"L\u00edderes da UE re\u00fanem-se em Bruxelas numa cimeira tensa e decisiva - Portal Tela Portugal","og_description":"L\u00edderes da Uni\u00e3o Europeia re\u00fanem-se em Bruxelas para uma cimeira tensa sobre a Ucr\u00e2nia e a guerra no Ir\u00e3o. O veto de Viktor Orb\u00e1n ao empr\u00e9stimo da UE de 90 mil milh\u00f5es de euros \u00e0 Ucr\u00e2nia \u00e9 um ponto-chave do debate. Em Dubai, a equipa da Euronews acompanha os \u00faltimos desenvolvimentos e as rea\u00e7\u00f5es \u00e0 guerra no Ir\u00e3o, que hoje entra no 20.\u00ba dia. H\u00e1 entrevista com \u00deorger\u00f0ur Katr\u00edn Gunnarsd\u00f3ttir, ministra dos Neg\u00f3cios Estrangeiros da Isl\u00e2ndia, a contribuir para a cobertura. A an\u00e1lise explica como as guerras na Ucr\u00e2nia e no Ir\u00e3o est\u00e3o interligadas; transmiss\u00e3o dispon\u00edvel na televis\u00e3o, site, newsletter e podcast, de segunda a sexta.","og_url":"https:\/\/portaltela.pt\/noticias\/2026\/03\/19\/lideres-da-ue-reunem-se-em-bruxelas-numa-cimeira-tensa-e-decisiva\/","og_site_name":"Portal Tela Portugal","article_published_time":"2026-03-19T07:16:55+00:00","author":"Telinha","twitter_card":"summary_large_image","twitter_misc":{"Escrito por":"Telinha","Tempo estimado de leitura":"2 minutos"},"schema":{"@context":"https:\/\/schema.org","@graph":[{"@type":"Article","@id":"https:\/\/portaltela.pt\/noticias\/2026\/03\/19\/lideres-da-ue-reunem-se-em-bruxelas-numa-cimeira-tensa-e-decisiva\/#article","isPartOf":{"@id":"https:\/\/portaltela.pt\/noticias\/2026\/03\/19\/lideres-da-ue-reunem-se-em-bruxelas-numa-cimeira-tensa-e-decisiva\/"},"author":{"name":"Telinha","@id":"https:\/\/portaltela.pt\/#\/schema\/person\/c4278d4a6028830caff9ee44b42d32ed"},"headline":"L\u00edderes da UE re\u00fanem-se em Bruxelas numa cimeira tensa e decisiva","datePublished":"2026-03-19T07:16:55+00:00","mainEntityOfPage":{"@id":"https:\/\/portaltela.pt\/noticias\/2026\/03\/19\/lideres-da-ue-reunem-se-em-bruxelas-numa-cimeira-tensa-e-decisiva\/"},"wordCount":481,"image":{"@id":"https:\/\/portaltela.pt\/noticias\/2026\/03\/19\/lideres-da-ue-reunem-se-em-bruxelas-numa-cimeira-tensa-e-decisiva\/#primaryimage"},"thumbnailUrl":"https:\/\/portaltela.pt\/s.01k8rhncp4jt1\/2026\/03\/1536x864_cmsv2_d81e4d6c-8ee8-5a51-83ee-1fdb979d914f-9684253.jpg","keywords":["Conselho Europeu","Ir\u00e3","reuni\u00f5es internacionais","san\u00e7\u00f5es","Ucr\u00e2nia","Uni\u00e3o Europeia"],"articleSection":["Geopol\u00edtica","Internacional"],"inLanguage":"pt-PT"},{"@type":"WebPage","@id":"https:\/\/portaltela.pt\/noticias\/2026\/03\/19\/lideres-da-ue-reunem-se-em-bruxelas-numa-cimeira-tensa-e-decisiva\/","url":"https:\/\/portaltela.pt\/noticias\/2026\/03\/19\/lideres-da-ue-reunem-se-em-bruxelas-numa-cimeira-tensa-e-decisiva\/","name":"L\u00edderes da UE re\u00fanem-se em Bruxelas numa cimeira tensa e decisiva - Portal Tela Portugal","isPartOf":{"@id":"https:\/\/portaltela.pt\/#website"},"primaryImageOfPage":{"@id":"https:\/\/portaltela.pt\/noticias\/2026\/03\/19\/lideres-da-ue-reunem-se-em-bruxelas-numa-cimeira-tensa-e-decisiva\/#primaryimage"},"image":{"@id":"https:\/\/portaltela.pt\/noticias\/2026\/03\/19\/lideres-da-ue-reunem-se-em-bruxelas-numa-cimeira-tensa-e-decisiva\/#primaryimage"},"thumbnailUrl":"https:\/\/portaltela.pt\/s.01k8rhncp4jt1\/2026\/03\/1536x864_cmsv2_d81e4d6c-8ee8-5a51-83ee-1fdb979d914f-9684253.jpg","datePublished":"2026-03-19T07:16:55+00:00","author":{"@id":"https:\/\/portaltela.pt\/#\/schema\/person\/c4278d4a6028830caff9ee44b42d32ed"},"breadcrumb":{"@id":"https:\/\/portaltela.pt\/noticias\/2026\/03\/19\/lideres-da-ue-reunem-se-em-bruxelas-numa-cimeira-tensa-e-decisiva\/#breadcrumb"},"inLanguage":"pt-PT","potentialAction":[{"@type":"ReadAction","target":["https:\/\/portaltela.pt\/noticias\/2026\/03\/19\/lideres-da-ue-reunem-se-em-bruxelas-numa-cimeira-tensa-e-decisiva\/"]}]},{"@type":"ImageObject","inLanguage":"pt-PT","@id":"https:\/\/portaltela.pt\/noticias\/2026\/03\/19\/lideres-da-ue-reunem-se-em-bruxelas-numa-cimeira-tensa-e-decisiva\/#primaryimage","url":"https:\/\/portaltela.pt\/s.01k8rhncp4jt1\/2026\/03\/1536x864_cmsv2_d81e4d6c-8ee8-5a51-83ee-1fdb979d914f-9684253.jpg","contentUrl":"https:\/\/portaltela.pt\/s.01k8rhncp4jt1\/2026\/03\/1536x864_cmsv2_d81e4d6c-8ee8-5a51-83ee-1fdb979d914f-9684253.jpg","width":796,"height":448,"caption":"Europa hoje, 20 de mar\u00e7o"},{"@type":"BreadcrumbList","@id":"https:\/\/portaltela.pt\/noticias\/2026\/03\/19\/lideres-da-ue-reunem-se-em-bruxelas-numa-cimeira-tensa-e-decisiva\/#breadcrumb","itemListElement":[{"@type":"ListItem","position":1,"name":"In\u00edcio","item":"https:\/\/portaltela.pt\/"},{"@type":"ListItem","position":2,"name":"L\u00edderes da UE re\u00fanem-se em Bruxelas numa cimeira tensa e decisiva"}]},{"@type":"WebSite","@id":"https:\/\/portaltela.pt\/#website","url":"https:\/\/portaltela.pt\/","name":"Portal Tela Portugal","description":"","potentialAction":[{"@type":"SearchAction","target":{"@type":"EntryPoint","urlTemplate":"https:\/\/portaltela.pt\/?s={search_term_string}"},"query-input":{"@type":"PropertyValueSpecification","valueRequired":true,"valueName":"search_term_string"}}],"inLanguage":"pt-PT"},{"@type":"Person","@id":"https:\/\/portaltela.pt\/#\/schema\/person\/c4278d4a6028830caff9ee44b42d32ed","name":"Telinha","image":{"@type":"ImageObject","inLanguage":"pt-PT","@id":"https:\/\/portaltela.pt\/s.01k8rhncp4jt1\/2025\/11\/talking-bot-125x125.png","url":"https:\/\/portaltela.pt\/s.01k8rhncp4jt1\/2025\/11\/talking-bot-125x125.png","contentUrl":"https:\/\/portaltela.pt\/s.01k8rhncp4jt1\/2025\/11\/talking-bot-125x125.png","caption":"Telinha"},"sameAs":["https:\/\/portaltela.pt\/"],"url":"https:\/\/portaltela.pt\/por\/367410592786\/"}]}},"_links":{"self":[{"href":"https:\/\/portaltela.pt\/api\/wp\/v2\/posts\/415462","targetHints":{"allow":["GET"]}}],"collection":[{"href":"https:\/\/portaltela.pt\/api\/wp\/v2\/posts"}],"about":[{"href":"https:\/\/portaltela.pt\/api\/wp\/v2\/types\/post"}],"author":[{"embeddable":true,"href":"https:\/\/portaltela.pt\/api\/wp\/v2\/users\/2"}],"replies":[{"embeddable":true,"href":"https:\/\/portaltela.pt\/api\/wp\/v2\/comments?post=415462"}],"version-history":[{"count":0,"href":"https:\/\/portaltela.pt\/api\/wp\/v2\/posts\/415462\/revisions"}],"wp:featuredmedia":[{"embeddable":true,"href":"https:\/\/portaltela.pt\/api\/wp\/v2\/media\/415463"}],"wp:attachment":[{"href":"https:\/\/portaltela.pt\/api\/wp\/v2\/media?parent=415462"}],"wp:term":[{"taxonomy":"category","embeddable":true,"href":"https:\/\/portaltela.pt\/api\/wp\/v2\/categories?post=415462"},{"taxonomy":"post_tag","embeddable":true,"href":"https:\/\/portaltela.pt\/api\/wp\/v2\/tags?post=415462"}],"curies":[{"name":"wp","href":"https:\/\/api.w.org\/{rel}","templated":true}]}}