{"id":415460,"date":"2026-03-19T04:00:31","date_gmt":"2026-03-19T07:00:31","guid":{"rendered":"https:\/\/portaltela.pt\/noticias\/2026\/03\/19\/farmacos-para-emagrecer-reduzem-risco-de-depressao-ansiedade-e-autoagressao\/"},"modified":"2026-03-19T04:00:31","modified_gmt":"2026-03-19T07:00:31","slug":"farmacos-para-emagrecer-reduzem-risco-de-depressao-ansiedade-e-autoagressao","status":"publish","type":"post","link":"https:\/\/portaltela.pt\/saude\/2026\/03\/19\/farmacos-para-emagrecer-reduzem-risco-de-depressao-ansiedade-e-autoagressao\/","title":{"rendered":"F\u00e1rmacos para emagrecer reduzem risco de depress\u00e3o, ansiedade e autoagress\u00e3o"},"content":{"rendered":"<p>O estudo aponta que f\u00e1rmacos para emagrecer \u00e0 base de GLP-1, nomeadamente semaglutida, associam-se a um menor risco de agravamento de perturba\u00e7\u00f5es mentais entre pessoas com obesidade ou diabetes. A pesquisa foi publicada na revista The Lancet Psychiatry.<\/p>\n<p>Cientistas da Universidade da Finl\u00e2ndia Oriental, do Instituto Karolinska e da Universidade Griffith analisaram dados de mais de 95 mil adultos, com idade m\u00e9dia de 50,6 anos, que usaram antidiab\u00e9ticos entre 2009 e 2022. Os resultados indicam redu\u00e7\u00f5es significativas no acesso a cuidados psiqui\u00e1tricos.<\/p>\n<p>Entre os resultados, a semaglutida teve rela\u00e7\u00e3o com um risco 42% inferior de agravamento de doen\u00e7a mental, e a liraglutida, 18% inferior. Depress\u00e3o caiu 44% e ansiedade, 38% em pessoas com estes tratamentos.<\/p>\n<h3>Efeitos sobre depend\u00eancia e comportamento<\/h3>\n<p>O estudo tamb\u00e9m mostrou menos hospitaliza\u00e7\u00f5es e baixas associadas ao consumo de subst\u00e2ncias entre utilizadores de semaglutida (47% menos frequentes). O risco de comportamentos autolesivos tamb\u00e9m foi menor neste grupo.<\/p>\n<h3>Sobre as subst\u00e2ncias GLP-1<\/h3>\n<p>Semaglutida e liraglutida s\u00e3o ativadores de GLP-1, simulando a hormona que regula o apetite e o a\u00e7\u00facar no sangue. Os autores reiteram que n\u00e3o se pode provar causalidade entre perda de peso, medica\u00e7\u00e3o e sa\u00fade mental.<\/p>\n<h3>Limites e futuro da investiga\u00e7\u00e3o<\/h3>\n<p>Os autores sublinham que o estudo observacional n\u00e3o estabelece causalidade. Contudo, consideram que os achados abrem caminho para ensaios cl\u00ednicos futuros que clarifiquem a rela\u00e7\u00e3o entre f\u00e1rmacos GLP-1, peso e bem-estar mental.<\/p>\n<h3>Contexto europeu de sa\u00fade mental e diabetes<\/h3>\n<p>A OMS estima que cerca de 140 milh\u00f5es de europeus vivem com perturba\u00e7\u00f5es de sa\u00fade mental. A diabetes e a obesidade elevam esse risco, com depress\u00e3o significativamente mais frequente entre adultos com diabetes, conforme a IDF.<\/p>\n<p>A rela\u00e7\u00e3o entre sa\u00fade mental e diabetes \u00e9 bidirecional: perturba\u00e7\u00f5es psicol\u00f3gicas podem aumentar o risco de diabetes, e vice-versa, alimentando um ciclo desafiante de gerir.<\/p>\n","protected":false},"excerpt":{"rendered":"<ul>\n<li>Estudo publicado na Lancet Psychiatry associa f\u00e1rmacos GLP-\u20111 para emagrecimento \u00e0 redu\u00e7\u00e3o do risco de perturba\u00e7\u00f5es mentais entre pessoas com diabetes ou obesidade que usam semaglutida.<\/li>\n<li>Asemaglutida mostrou 42 por cento menos risco de agravamento da doen\u00e7a mental; o valor foi de 18 por cento para quem utilizava liraglutida.<\/li>\n<li>O risco de depress\u00e3o caiu 44 por cento e o de ansiedade 38 por cento entre quem tomava semaglutida.<\/li>\n<li>Al\u00e9m disso, houve menos hospitaliza\u00e7\u00f5es e baixas m\u00e9dicas ligadas ao consumo de subst\u00e2ncias, com queda de 47 por cento nesses atendimentos.<\/li>\n<li>O estudo, que envolveu mais de 95 mil pessoas entre 2009 e 2022, n\u00e3o estabelece causalidade, mas indica possibilidade de ensaios cl\u00ednicos futuros.<\/li>\n<\/ul>\n","protected":false},"author":2,"featured_media":415461,"comment_status":"closed","ping_status":"closed","sticky":false,"template":"","format":"standard","meta":{"footnotes":""},"categories":[6745],"tags":[5814,3407,215,5649,1404,55],"class_list":["post-415460","post","type-post","status-publish","format-standard","has-post-thumbnail","hentry","category-saude","tag-diabetes","tag-ensaios-clinicos","tag-investigacao","tag-obesidade","tag-psiquiatria","tag-saude-mental"],"yoast_head":"<!-- This site is optimized with the Yoast SEO plugin v27.2 - https:\/\/yoast.com\/product\/yoast-seo-wordpress\/ -->\n<title>F\u00e1rmacos para emagrecer reduzem risco de depress\u00e3o, ansiedade e autoagress\u00e3o - Portal Tela Portugal<\/title>\n<meta name=\"robots\" content=\"index, follow, max-snippet:-1, max-image-preview:large, max-video-preview:-1\" \/>\n<meta property=\"og:locale\" content=\"pt_PT\" \/>\n<meta property=\"og:type\" content=\"article\" \/>\n<meta property=\"og:title\" content=\"F\u00e1rmacos para emagrecer reduzem risco de depress\u00e3o, ansiedade e autoagress\u00e3o - Portal Tela Portugal\" \/>\n<meta property=\"og:description\" content=\"Estudo publicado na Lancet Psychiatry associa f\u00e1rmacos GLP-\u20111 para emagrecimento \u00e0 redu\u00e7\u00e3o do risco de perturba\u00e7\u00f5es mentais entre pessoas com diabetes ou obesidade que usam semaglutida. Asemaglutida mostrou 42 por cento menos risco de agravamento da doen\u00e7a mental; o valor foi de 18 por cento para quem utilizava liraglutida. O risco de depress\u00e3o caiu 44 por cento e o de ansiedade 38 por cento entre quem tomava semaglutida. Al\u00e9m disso, houve menos hospitaliza\u00e7\u00f5es e baixas m\u00e9dicas ligadas ao consumo de subst\u00e2ncias, com queda de 47 por cento nesses atendimentos. O estudo, que envolveu mais de 95 mil pessoas entre 2009 e 2022, n\u00e3o estabelece causalidade, mas indica possibilidade de ensaios cl\u00ednicos futuros.\" \/>\n<meta property=\"og:url\" content=\"https:\/\/portaltela.pt\/noticias\/2026\/03\/19\/farmacos-para-emagrecer-reduzem-risco-de-depressao-ansiedade-e-autoagressao\/\" \/>\n<meta property=\"og:site_name\" content=\"Portal Tela Portugal\" \/>\n<meta property=\"article:published_time\" content=\"2026-03-19T07:00:31+00:00\" \/>\n<meta name=\"author\" content=\"Telinha\" \/>\n<meta name=\"twitter:card\" content=\"summary_large_image\" \/>\n<meta name=\"twitter:label1\" content=\"Escrito por\" \/>\n\t<meta name=\"twitter:data1\" content=\"Telinha\" \/>\n\t<meta name=\"twitter:label2\" content=\"Tempo estimado de leitura\" \/>\n\t<meta name=\"twitter:data2\" content=\"2 minutos\" \/>\n<script type=\"application\/ld+json\" class=\"yoast-schema-graph\">{\"@context\":\"https:\/\/schema.org\",\"@graph\":[{\"@type\":\"Article\",\"@id\":\"https:\/\/portaltela.pt\/noticias\/2026\/03\/19\/farmacos-para-emagrecer-reduzem-risco-de-depressao-ansiedade-e-autoagressao\/#article\",\"isPartOf\":{\"@id\":\"https:\/\/portaltela.pt\/noticias\/2026\/03\/19\/farmacos-para-emagrecer-reduzem-risco-de-depressao-ansiedade-e-autoagressao\/\"},\"author\":{\"name\":\"Telinha\",\"@id\":\"https:\/\/portaltela.pt\/#\/schema\/person\/c4278d4a6028830caff9ee44b42d32ed\"},\"headline\":\"F\u00e1rmacos para emagrecer reduzem risco de depress\u00e3o, ansiedade e autoagress\u00e3o\",\"datePublished\":\"2026-03-19T07:00:31+00:00\",\"mainEntityOfPage\":{\"@id\":\"https:\/\/portaltela.pt\/noticias\/2026\/03\/19\/farmacos-para-emagrecer-reduzem-risco-de-depressao-ansiedade-e-autoagressao\/\"},\"wordCount\":331,\"image\":{\"@id\":\"https:\/\/portaltela.pt\/noticias\/2026\/03\/19\/farmacos-para-emagrecer-reduzem-risco-de-depressao-ansiedade-e-autoagressao\/#primaryimage\"},\"thumbnailUrl\":\"https:\/\/portaltela.pt\/s.01k8rhncp4jt1\/2026\/03\/1536x864_cmsv2_6cdbb72b-06f5-5f40-b3c4-43ea872eb2c2-9690035.jpg\",\"keywords\":[\"diabetes\",\"ensaios cl\u00ednicos\",\"investiga\u00e7\u00e3o\",\"obesidade\",\"Psiquiatria\",\"sa\u00fade mental\"],\"articleSection\":[\"Sa\u00fade\"],\"inLanguage\":\"pt-PT\"},{\"@type\":\"WebPage\",\"@id\":\"https:\/\/portaltela.pt\/noticias\/2026\/03\/19\/farmacos-para-emagrecer-reduzem-risco-de-depressao-ansiedade-e-autoagressao\/\",\"url\":\"https:\/\/portaltela.pt\/noticias\/2026\/03\/19\/farmacos-para-emagrecer-reduzem-risco-de-depressao-ansiedade-e-autoagressao\/\",\"name\":\"F\u00e1rmacos para emagrecer reduzem risco de depress\u00e3o, ansiedade e autoagress\u00e3o - Portal Tela Portugal\",\"isPartOf\":{\"@id\":\"https:\/\/portaltela.pt\/#website\"},\"primaryImageOfPage\":{\"@id\":\"https:\/\/portaltela.pt\/noticias\/2026\/03\/19\/farmacos-para-emagrecer-reduzem-risco-de-depressao-ansiedade-e-autoagressao\/#primaryimage\"},\"image\":{\"@id\":\"https:\/\/portaltela.pt\/noticias\/2026\/03\/19\/farmacos-para-emagrecer-reduzem-risco-de-depressao-ansiedade-e-autoagressao\/#primaryimage\"},\"thumbnailUrl\":\"https:\/\/portaltela.pt\/s.01k8rhncp4jt1\/2026\/03\/1536x864_cmsv2_6cdbb72b-06f5-5f40-b3c4-43ea872eb2c2-9690035.jpg\",\"datePublished\":\"2026-03-19T07:00:31+00:00\",\"author\":{\"@id\":\"https:\/\/portaltela.pt\/#\/schema\/person\/c4278d4a6028830caff9ee44b42d32ed\"},\"breadcrumb\":{\"@id\":\"https:\/\/portaltela.pt\/noticias\/2026\/03\/19\/farmacos-para-emagrecer-reduzem-risco-de-depressao-ansiedade-e-autoagressao\/#breadcrumb\"},\"inLanguage\":\"pt-PT\",\"potentialAction\":[{\"@type\":\"ReadAction\",\"target\":[\"https:\/\/portaltela.pt\/noticias\/2026\/03\/19\/farmacos-para-emagrecer-reduzem-risco-de-depressao-ansiedade-e-autoagressao\/\"]}]},{\"@type\":\"ImageObject\",\"inLanguage\":\"pt-PT\",\"@id\":\"https:\/\/portaltela.pt\/noticias\/2026\/03\/19\/farmacos-para-emagrecer-reduzem-risco-de-depressao-ansiedade-e-autoagressao\/#primaryimage\",\"url\":\"https:\/\/portaltela.pt\/s.01k8rhncp4jt1\/2026\/03\/1536x864_cmsv2_6cdbb72b-06f5-5f40-b3c4-43ea872eb2c2-9690035.jpg\",\"contentUrl\":\"https:\/\/portaltela.pt\/s.01k8rhncp4jt1\/2026\/03\/1536x864_cmsv2_6cdbb72b-06f5-5f40-b3c4-43ea872eb2c2-9690035.jpg\",\"width\":796,\"height\":448,\"caption\":\"Medicamentos para perda de peso associados a menor risco de depress\u00e3o e ansiedade\"},{\"@type\":\"BreadcrumbList\",\"@id\":\"https:\/\/portaltela.pt\/noticias\/2026\/03\/19\/farmacos-para-emagrecer-reduzem-risco-de-depressao-ansiedade-e-autoagressao\/#breadcrumb\",\"itemListElement\":[{\"@type\":\"ListItem\",\"position\":1,\"name\":\"In\u00edcio\",\"item\":\"https:\/\/portaltela.pt\/\"},{\"@type\":\"ListItem\",\"position\":2,\"name\":\"F\u00e1rmacos para emagrecer reduzem risco de depress\u00e3o, ansiedade e autoagress\u00e3o\"}]},{\"@type\":\"WebSite\",\"@id\":\"https:\/\/portaltela.pt\/#website\",\"url\":\"https:\/\/portaltela.pt\/\",\"name\":\"Portal Tela Portugal\",\"description\":\"\",\"potentialAction\":[{\"@type\":\"SearchAction\",\"target\":{\"@type\":\"EntryPoint\",\"urlTemplate\":\"https:\/\/portaltela.pt\/?s={search_term_string}\"},\"query-input\":{\"@type\":\"PropertyValueSpecification\",\"valueRequired\":true,\"valueName\":\"search_term_string\"}}],\"inLanguage\":\"pt-PT\"},{\"@type\":\"Person\",\"@id\":\"https:\/\/portaltela.pt\/#\/schema\/person\/c4278d4a6028830caff9ee44b42d32ed\",\"name\":\"Telinha\",\"image\":{\"@type\":\"ImageObject\",\"inLanguage\":\"pt-PT\",\"@id\":\"https:\/\/portaltela.pt\/s.01k8rhncp4jt1\/2025\/11\/talking-bot-125x125.png\",\"url\":\"https:\/\/portaltela.pt\/s.01k8rhncp4jt1\/2025\/11\/talking-bot-125x125.png\",\"contentUrl\":\"https:\/\/portaltela.pt\/s.01k8rhncp4jt1\/2025\/11\/talking-bot-125x125.png\",\"caption\":\"Telinha\"},\"sameAs\":[\"https:\/\/portaltela.pt\/\"],\"url\":\"https:\/\/portaltela.pt\/por\/367410592786\/\"}]}<\/script>\n<!-- \/ Yoast SEO plugin. -->","yoast_head_json":{"title":"F\u00e1rmacos para emagrecer reduzem risco de depress\u00e3o, ansiedade e autoagress\u00e3o - Portal Tela Portugal","robots":{"index":"index","follow":"follow","max-snippet":"max-snippet:-1","max-image-preview":"max-image-preview:large","max-video-preview":"max-video-preview:-1"},"og_locale":"pt_PT","og_type":"article","og_title":"F\u00e1rmacos para emagrecer reduzem risco de depress\u00e3o, ansiedade e autoagress\u00e3o - Portal Tela Portugal","og_description":"Estudo publicado na Lancet Psychiatry associa f\u00e1rmacos GLP-\u20111 para emagrecimento \u00e0 redu\u00e7\u00e3o do risco de perturba\u00e7\u00f5es mentais entre pessoas com diabetes ou obesidade que usam semaglutida. Asemaglutida mostrou 42 por cento menos risco de agravamento da doen\u00e7a mental; o valor foi de 18 por cento para quem utilizava liraglutida. O risco de depress\u00e3o caiu 44 por cento e o de ansiedade 38 por cento entre quem tomava semaglutida. Al\u00e9m disso, houve menos hospitaliza\u00e7\u00f5es e baixas m\u00e9dicas ligadas ao consumo de subst\u00e2ncias, com queda de 47 por cento nesses atendimentos. O estudo, que envolveu mais de 95 mil pessoas entre 2009 e 2022, n\u00e3o estabelece causalidade, mas indica possibilidade de ensaios cl\u00ednicos futuros.","og_url":"https:\/\/portaltela.pt\/noticias\/2026\/03\/19\/farmacos-para-emagrecer-reduzem-risco-de-depressao-ansiedade-e-autoagressao\/","og_site_name":"Portal Tela Portugal","article_published_time":"2026-03-19T07:00:31+00:00","author":"Telinha","twitter_card":"summary_large_image","twitter_misc":{"Escrito por":"Telinha","Tempo estimado de leitura":"2 minutos"},"schema":{"@context":"https:\/\/schema.org","@graph":[{"@type":"Article","@id":"https:\/\/portaltela.pt\/noticias\/2026\/03\/19\/farmacos-para-emagrecer-reduzem-risco-de-depressao-ansiedade-e-autoagressao\/#article","isPartOf":{"@id":"https:\/\/portaltela.pt\/noticias\/2026\/03\/19\/farmacos-para-emagrecer-reduzem-risco-de-depressao-ansiedade-e-autoagressao\/"},"author":{"name":"Telinha","@id":"https:\/\/portaltela.pt\/#\/schema\/person\/c4278d4a6028830caff9ee44b42d32ed"},"headline":"F\u00e1rmacos para emagrecer reduzem risco de depress\u00e3o, ansiedade e autoagress\u00e3o","datePublished":"2026-03-19T07:00:31+00:00","mainEntityOfPage":{"@id":"https:\/\/portaltela.pt\/noticias\/2026\/03\/19\/farmacos-para-emagrecer-reduzem-risco-de-depressao-ansiedade-e-autoagressao\/"},"wordCount":331,"image":{"@id":"https:\/\/portaltela.pt\/noticias\/2026\/03\/19\/farmacos-para-emagrecer-reduzem-risco-de-depressao-ansiedade-e-autoagressao\/#primaryimage"},"thumbnailUrl":"https:\/\/portaltela.pt\/s.01k8rhncp4jt1\/2026\/03\/1536x864_cmsv2_6cdbb72b-06f5-5f40-b3c4-43ea872eb2c2-9690035.jpg","keywords":["diabetes","ensaios cl\u00ednicos","investiga\u00e7\u00e3o","obesidade","Psiquiatria","sa\u00fade mental"],"articleSection":["Sa\u00fade"],"inLanguage":"pt-PT"},{"@type":"WebPage","@id":"https:\/\/portaltela.pt\/noticias\/2026\/03\/19\/farmacos-para-emagrecer-reduzem-risco-de-depressao-ansiedade-e-autoagressao\/","url":"https:\/\/portaltela.pt\/noticias\/2026\/03\/19\/farmacos-para-emagrecer-reduzem-risco-de-depressao-ansiedade-e-autoagressao\/","name":"F\u00e1rmacos para emagrecer reduzem risco de depress\u00e3o, ansiedade e autoagress\u00e3o - Portal Tela Portugal","isPartOf":{"@id":"https:\/\/portaltela.pt\/#website"},"primaryImageOfPage":{"@id":"https:\/\/portaltela.pt\/noticias\/2026\/03\/19\/farmacos-para-emagrecer-reduzem-risco-de-depressao-ansiedade-e-autoagressao\/#primaryimage"},"image":{"@id":"https:\/\/portaltela.pt\/noticias\/2026\/03\/19\/farmacos-para-emagrecer-reduzem-risco-de-depressao-ansiedade-e-autoagressao\/#primaryimage"},"thumbnailUrl":"https:\/\/portaltela.pt\/s.01k8rhncp4jt1\/2026\/03\/1536x864_cmsv2_6cdbb72b-06f5-5f40-b3c4-43ea872eb2c2-9690035.jpg","datePublished":"2026-03-19T07:00:31+00:00","author":{"@id":"https:\/\/portaltela.pt\/#\/schema\/person\/c4278d4a6028830caff9ee44b42d32ed"},"breadcrumb":{"@id":"https:\/\/portaltela.pt\/noticias\/2026\/03\/19\/farmacos-para-emagrecer-reduzem-risco-de-depressao-ansiedade-e-autoagressao\/#breadcrumb"},"inLanguage":"pt-PT","potentialAction":[{"@type":"ReadAction","target":["https:\/\/portaltela.pt\/noticias\/2026\/03\/19\/farmacos-para-emagrecer-reduzem-risco-de-depressao-ansiedade-e-autoagressao\/"]}]},{"@type":"ImageObject","inLanguage":"pt-PT","@id":"https:\/\/portaltela.pt\/noticias\/2026\/03\/19\/farmacos-para-emagrecer-reduzem-risco-de-depressao-ansiedade-e-autoagressao\/#primaryimage","url":"https:\/\/portaltela.pt\/s.01k8rhncp4jt1\/2026\/03\/1536x864_cmsv2_6cdbb72b-06f5-5f40-b3c4-43ea872eb2c2-9690035.jpg","contentUrl":"https:\/\/portaltela.pt\/s.01k8rhncp4jt1\/2026\/03\/1536x864_cmsv2_6cdbb72b-06f5-5f40-b3c4-43ea872eb2c2-9690035.jpg","width":796,"height":448,"caption":"Medicamentos para perda de peso associados a menor risco de depress\u00e3o e ansiedade"},{"@type":"BreadcrumbList","@id":"https:\/\/portaltela.pt\/noticias\/2026\/03\/19\/farmacos-para-emagrecer-reduzem-risco-de-depressao-ansiedade-e-autoagressao\/#breadcrumb","itemListElement":[{"@type":"ListItem","position":1,"name":"In\u00edcio","item":"https:\/\/portaltela.pt\/"},{"@type":"ListItem","position":2,"name":"F\u00e1rmacos para emagrecer reduzem risco de depress\u00e3o, ansiedade e autoagress\u00e3o"}]},{"@type":"WebSite","@id":"https:\/\/portaltela.pt\/#website","url":"https:\/\/portaltela.pt\/","name":"Portal Tela Portugal","description":"","potentialAction":[{"@type":"SearchAction","target":{"@type":"EntryPoint","urlTemplate":"https:\/\/portaltela.pt\/?s={search_term_string}"},"query-input":{"@type":"PropertyValueSpecification","valueRequired":true,"valueName":"search_term_string"}}],"inLanguage":"pt-PT"},{"@type":"Person","@id":"https:\/\/portaltela.pt\/#\/schema\/person\/c4278d4a6028830caff9ee44b42d32ed","name":"Telinha","image":{"@type":"ImageObject","inLanguage":"pt-PT","@id":"https:\/\/portaltela.pt\/s.01k8rhncp4jt1\/2025\/11\/talking-bot-125x125.png","url":"https:\/\/portaltela.pt\/s.01k8rhncp4jt1\/2025\/11\/talking-bot-125x125.png","contentUrl":"https:\/\/portaltela.pt\/s.01k8rhncp4jt1\/2025\/11\/talking-bot-125x125.png","caption":"Telinha"},"sameAs":["https:\/\/portaltela.pt\/"],"url":"https:\/\/portaltela.pt\/por\/367410592786\/"}]}},"_links":{"self":[{"href":"https:\/\/portaltela.pt\/api\/wp\/v2\/posts\/415460","targetHints":{"allow":["GET"]}}],"collection":[{"href":"https:\/\/portaltela.pt\/api\/wp\/v2\/posts"}],"about":[{"href":"https:\/\/portaltela.pt\/api\/wp\/v2\/types\/post"}],"author":[{"embeddable":true,"href":"https:\/\/portaltela.pt\/api\/wp\/v2\/users\/2"}],"replies":[{"embeddable":true,"href":"https:\/\/portaltela.pt\/api\/wp\/v2\/comments?post=415460"}],"version-history":[{"count":0,"href":"https:\/\/portaltela.pt\/api\/wp\/v2\/posts\/415460\/revisions"}],"wp:featuredmedia":[{"embeddable":true,"href":"https:\/\/portaltela.pt\/api\/wp\/v2\/media\/415461"}],"wp:attachment":[{"href":"https:\/\/portaltela.pt\/api\/wp\/v2\/media?parent=415460"}],"wp:term":[{"taxonomy":"category","embeddable":true,"href":"https:\/\/portaltela.pt\/api\/wp\/v2\/categories?post=415460"},{"taxonomy":"post_tag","embeddable":true,"href":"https:\/\/portaltela.pt\/api\/wp\/v2\/tags?post=415460"}],"curies":[{"name":"wp","href":"https:\/\/api.w.org\/{rel}","templated":true}]}}