{"id":415270,"date":"2026-03-18T18:46:00","date_gmt":"2026-03-18T21:46:00","guid":{"rendered":"https:\/\/portaltela.pt\/noticias\/2026\/03\/18\/alexandre-estrela-apresenta-instalacao-que-levara-a-bienal-de-veneza\/"},"modified":"2026-03-18T18:46:00","modified_gmt":"2026-03-18T21:46:00","slug":"alexandre-estrela-apresenta-instalacao-que-levara-a-bienal-de-veneza","status":"publish","type":"post","link":"https:\/\/portaltela.pt\/noticias\/2026\/03\/18\/alexandre-estrela-apresenta-instalacao-que-levara-a-bienal-de-veneza\/","title":{"rendered":"Alexandre Estrela apresenta instala\u00e7\u00e3o que levar\u00e1 \u00e0 Bienal de Veneza"},"content":{"rendered":"<p>O artista Alexandre Estrela revelou hoje a instala\u00e7\u00e3o RedSkyFalls, que far\u00e1 parte da participa\u00e7\u00e3o de Portugal na Bienal de Arte de Veneza 2026. A apresenta\u00e7\u00e3o ganhou o formato de happening, apostando na demonstra\u00e7\u00e3o em direto do que ser\u00e1 levado \u00e0 mostra internacional, com a abertura marcada para 9 de Maio.<\/p>\n<p>A iniciativa refor\u00e7a o estilo elusivo do artista, que n\u00e3o costuma falar longamente da pr\u00f3pria obra. A proposta valoriza a experi\u00eancia sensorial e o impacto direto sobre o p\u00fablico, em linha com a promessa de trazer novas leituras para o evento.<\/p>\n<h3>A instala\u00e7\u00e3o RedSkyFalls<\/h3>\n<p>A obra, inspirada em \u201csismos que abalam o planeta\u201d, \u00e9 apresentada como uma experi\u00eancia que une som, imagem e movimento. Estrela representa Portugal na Bienal de Veneza, cuja exposi\u00e7\u00e3o est\u00e1 planeada para abrir em Maio, conforme anunciada pela organiza\u00e7\u00e3o.<\/p>\n","protected":false},"excerpt":{"rendered":"<ul>\n<li>Alexandre Estrela apresentou, com estrondo, a instala\u00e7\u00e3o que vai integrar a Bienal de Arte de Veneza, onde representar\u00e1 Portugal.<\/li>\n<li>A apresenta\u00e7\u00e3o teve como elemento central o som descrito como ru\u00eddo de sismos que abalou o p\u00fablico.<\/li>\n<li>O artista transformou a apresenta\u00e7\u00e3o num happening, mostrando diretamente o que ser\u00e1 levado \u00e0 exposi\u00e7\u00e3o.<\/li>\n<li>Estrela \u00e9 descrito como elusivo e n\u00e3o aprecia falar da sua obra.<\/li>\n<li>A Bienal de Veneza de arte abre portas a 9 de maio.<\/li>\n<\/ul>\n","protected":false},"author":2,"featured_media":415271,"comment_status":"closed","ping_status":"closed","sticky":false,"template":"","format":"standard","meta":{"footnotes":""},"categories":[7375,1],"tags":[70,4435,145,249,81,1014],"class_list":["post-415270","post","type-post","status-publish","format-standard","has-post-thumbnail","hentry","category-cultura","category-noticias","tag-arte","tag-artes","tag-cultura","tag-escultura","tag-internacionais","tag-portugal"],"yoast_head":"<!-- This site is optimized with the Yoast SEO plugin v27.2 - https:\/\/yoast.com\/product\/yoast-seo-wordpress\/ -->\n<title>Alexandre Estrela apresenta instala\u00e7\u00e3o que levar\u00e1 \u00e0 Bienal de Veneza - Portal Tela Portugal<\/title>\n<meta name=\"robots\" content=\"index, follow, max-snippet:-1, max-image-preview:large, max-video-preview:-1\" \/>\n<meta property=\"og:locale\" content=\"pt_PT\" \/>\n<meta property=\"og:type\" content=\"article\" \/>\n<meta property=\"og:title\" content=\"Alexandre Estrela apresenta instala\u00e7\u00e3o que levar\u00e1 \u00e0 Bienal de Veneza - Portal Tela Portugal\" \/>\n<meta property=\"og:description\" content=\"Alexandre Estrela apresentou, com estrondo, a instala\u00e7\u00e3o que vai integrar a Bienal de Arte de Veneza, onde representar\u00e1 Portugal. A apresenta\u00e7\u00e3o teve como elemento central o som descrito como ru\u00eddo de sismos que abalou o p\u00fablico. O artista transformou a apresenta\u00e7\u00e3o num happening, mostrando diretamente o que ser\u00e1 levado \u00e0 exposi\u00e7\u00e3o. Estrela \u00e9 descrito como elusivo e n\u00e3o aprecia falar da sua obra. A Bienal de Veneza de arte abre portas a 9 de maio.\" \/>\n<meta property=\"og:url\" content=\"https:\/\/portaltela.pt\/noticias\/2026\/03\/18\/alexandre-estrela-apresenta-instalacao-que-levara-a-bienal-de-veneza\/\" \/>\n<meta property=\"og:site_name\" content=\"Portal Tela Portugal\" \/>\n<meta property=\"article:published_time\" content=\"2026-03-18T21:46:00+00:00\" \/>\n<meta name=\"author\" content=\"Telinha\" \/>\n<meta name=\"twitter:card\" content=\"summary_large_image\" \/>\n<meta name=\"twitter:label1\" content=\"Escrito por\" \/>\n\t<meta name=\"twitter:data1\" content=\"Telinha\" \/>\n\t<meta name=\"twitter:label2\" content=\"Tempo estimado de leitura\" \/>\n\t<meta name=\"twitter:data2\" content=\"1 minuto\" \/>\n<script type=\"application\/ld+json\" class=\"yoast-schema-graph\">{\"@context\":\"https:\/\/schema.org\",\"@graph\":[{\"@type\":\"Article\",\"@id\":\"https:\/\/portaltela.pt\/noticias\/2026\/03\/18\/alexandre-estrela-apresenta-instalacao-que-levara-a-bienal-de-veneza\/#article\",\"isPartOf\":{\"@id\":\"https:\/\/portaltela.pt\/noticias\/2026\/03\/18\/alexandre-estrela-apresenta-instalacao-que-levara-a-bienal-de-veneza\/\"},\"author\":{\"name\":\"Telinha\",\"@id\":\"https:\/\/portaltela.pt\/#\/schema\/person\/c4278d4a6028830caff9ee44b42d32ed\"},\"headline\":\"Alexandre Estrela apresenta instala\u00e7\u00e3o que levar\u00e1 \u00e0 Bienal de Veneza\",\"datePublished\":\"2026-03-18T21:46:00+00:00\",\"mainEntityOfPage\":{\"@id\":\"https:\/\/portaltela.pt\/noticias\/2026\/03\/18\/alexandre-estrela-apresenta-instalacao-que-levara-a-bienal-de-veneza\/\"},\"wordCount\":152,\"image\":{\"@id\":\"https:\/\/portaltela.pt\/noticias\/2026\/03\/18\/alexandre-estrela-apresenta-instalacao-que-levara-a-bienal-de-veneza\/#primaryimage\"},\"thumbnailUrl\":\"https:\/\/portaltela.pt\/s.01k8rhncp4jt1\/2026\/03\/2075448.jpg\",\"keywords\":[\"arte\",\"artes\",\"cultura\",\"escultura\",\"internacionais\",\"Portugal\"],\"articleSection\":[\"Cultura\",\"Not\u00edcias\"],\"inLanguage\":\"pt-PT\"},{\"@type\":\"WebPage\",\"@id\":\"https:\/\/portaltela.pt\/noticias\/2026\/03\/18\/alexandre-estrela-apresenta-instalacao-que-levara-a-bienal-de-veneza\/\",\"url\":\"https:\/\/portaltela.pt\/noticias\/2026\/03\/18\/alexandre-estrela-apresenta-instalacao-que-levara-a-bienal-de-veneza\/\",\"name\":\"Alexandre Estrela apresenta instala\u00e7\u00e3o que levar\u00e1 \u00e0 Bienal de Veneza - Portal Tela Portugal\",\"isPartOf\":{\"@id\":\"https:\/\/portaltela.pt\/#website\"},\"primaryImageOfPage\":{\"@id\":\"https:\/\/portaltela.pt\/noticias\/2026\/03\/18\/alexandre-estrela-apresenta-instalacao-que-levara-a-bienal-de-veneza\/#primaryimage\"},\"image\":{\"@id\":\"https:\/\/portaltela.pt\/noticias\/2026\/03\/18\/alexandre-estrela-apresenta-instalacao-que-levara-a-bienal-de-veneza\/#primaryimage\"},\"thumbnailUrl\":\"https:\/\/portaltela.pt\/s.01k8rhncp4jt1\/2026\/03\/2075448.jpg\",\"datePublished\":\"2026-03-18T21:46:00+00:00\",\"author\":{\"@id\":\"https:\/\/portaltela.pt\/#\/schema\/person\/c4278d4a6028830caff9ee44b42d32ed\"},\"breadcrumb\":{\"@id\":\"https:\/\/portaltela.pt\/noticias\/2026\/03\/18\/alexandre-estrela-apresenta-instalacao-que-levara-a-bienal-de-veneza\/#breadcrumb\"},\"inLanguage\":\"pt-PT\",\"potentialAction\":[{\"@type\":\"ReadAction\",\"target\":[\"https:\/\/portaltela.pt\/noticias\/2026\/03\/18\/alexandre-estrela-apresenta-instalacao-que-levara-a-bienal-de-veneza\/\"]}]},{\"@type\":\"ImageObject\",\"inLanguage\":\"pt-PT\",\"@id\":\"https:\/\/portaltela.pt\/noticias\/2026\/03\/18\/alexandre-estrela-apresenta-instalacao-que-levara-a-bienal-de-veneza\/#primaryimage\",\"url\":\"https:\/\/portaltela.pt\/s.01k8rhncp4jt1\/2026\/03\/2075448.jpg\",\"contentUrl\":\"https:\/\/portaltela.pt\/s.01k8rhncp4jt1\/2026\/03\/2075448.jpg\",\"width\":796,\"height\":448,\"caption\":\"A ministra da Cultura, Margarida Balseiro Lopes, acompanhada pelo director-geral das Artes, Am\u00e9rico Rodrigues, pelo artista Alexandre Estrela e pelos curadores na apresenta\u00e7\u00e3o desta quarta-feira\"},{\"@type\":\"BreadcrumbList\",\"@id\":\"https:\/\/portaltela.pt\/noticias\/2026\/03\/18\/alexandre-estrela-apresenta-instalacao-que-levara-a-bienal-de-veneza\/#breadcrumb\",\"itemListElement\":[{\"@type\":\"ListItem\",\"position\":1,\"name\":\"In\u00edcio\",\"item\":\"https:\/\/portaltela.pt\/\"},{\"@type\":\"ListItem\",\"position\":2,\"name\":\"Alexandre Estrela apresenta instala\u00e7\u00e3o que levar\u00e1 \u00e0 Bienal de Veneza\"}]},{\"@type\":\"WebSite\",\"@id\":\"https:\/\/portaltela.pt\/#website\",\"url\":\"https:\/\/portaltela.pt\/\",\"name\":\"Portal Tela Portugal\",\"description\":\"\",\"potentialAction\":[{\"@type\":\"SearchAction\",\"target\":{\"@type\":\"EntryPoint\",\"urlTemplate\":\"https:\/\/portaltela.pt\/?s={search_term_string}\"},\"query-input\":{\"@type\":\"PropertyValueSpecification\",\"valueRequired\":true,\"valueName\":\"search_term_string\"}}],\"inLanguage\":\"pt-PT\"},{\"@type\":\"Person\",\"@id\":\"https:\/\/portaltela.pt\/#\/schema\/person\/c4278d4a6028830caff9ee44b42d32ed\",\"name\":\"Telinha\",\"image\":{\"@type\":\"ImageObject\",\"inLanguage\":\"pt-PT\",\"@id\":\"https:\/\/portaltela.pt\/s.01k8rhncp4jt1\/2025\/11\/talking-bot-125x125.png\",\"url\":\"https:\/\/portaltela.pt\/s.01k8rhncp4jt1\/2025\/11\/talking-bot-125x125.png\",\"contentUrl\":\"https:\/\/portaltela.pt\/s.01k8rhncp4jt1\/2025\/11\/talking-bot-125x125.png\",\"caption\":\"Telinha\"},\"sameAs\":[\"https:\/\/portaltela.pt\/\"],\"url\":\"https:\/\/portaltela.pt\/por\/367410592786\/\"}]}<\/script>\n<!-- \/ Yoast SEO plugin. -->","yoast_head_json":{"title":"Alexandre Estrela apresenta instala\u00e7\u00e3o que levar\u00e1 \u00e0 Bienal de Veneza - Portal Tela Portugal","robots":{"index":"index","follow":"follow","max-snippet":"max-snippet:-1","max-image-preview":"max-image-preview:large","max-video-preview":"max-video-preview:-1"},"og_locale":"pt_PT","og_type":"article","og_title":"Alexandre Estrela apresenta instala\u00e7\u00e3o que levar\u00e1 \u00e0 Bienal de Veneza - Portal Tela Portugal","og_description":"Alexandre Estrela apresentou, com estrondo, a instala\u00e7\u00e3o que vai integrar a Bienal de Arte de Veneza, onde representar\u00e1 Portugal. A apresenta\u00e7\u00e3o teve como elemento central o som descrito como ru\u00eddo de sismos que abalou o p\u00fablico. O artista transformou a apresenta\u00e7\u00e3o num happening, mostrando diretamente o que ser\u00e1 levado \u00e0 exposi\u00e7\u00e3o. Estrela \u00e9 descrito como elusivo e n\u00e3o aprecia falar da sua obra. A Bienal de Veneza de arte abre portas a 9 de maio.","og_url":"https:\/\/portaltela.pt\/noticias\/2026\/03\/18\/alexandre-estrela-apresenta-instalacao-que-levara-a-bienal-de-veneza\/","og_site_name":"Portal Tela Portugal","article_published_time":"2026-03-18T21:46:00+00:00","author":"Telinha","twitter_card":"summary_large_image","twitter_misc":{"Escrito por":"Telinha","Tempo estimado de leitura":"1 minuto"},"schema":{"@context":"https:\/\/schema.org","@graph":[{"@type":"Article","@id":"https:\/\/portaltela.pt\/noticias\/2026\/03\/18\/alexandre-estrela-apresenta-instalacao-que-levara-a-bienal-de-veneza\/#article","isPartOf":{"@id":"https:\/\/portaltela.pt\/noticias\/2026\/03\/18\/alexandre-estrela-apresenta-instalacao-que-levara-a-bienal-de-veneza\/"},"author":{"name":"Telinha","@id":"https:\/\/portaltela.pt\/#\/schema\/person\/c4278d4a6028830caff9ee44b42d32ed"},"headline":"Alexandre Estrela apresenta instala\u00e7\u00e3o que levar\u00e1 \u00e0 Bienal de Veneza","datePublished":"2026-03-18T21:46:00+00:00","mainEntityOfPage":{"@id":"https:\/\/portaltela.pt\/noticias\/2026\/03\/18\/alexandre-estrela-apresenta-instalacao-que-levara-a-bienal-de-veneza\/"},"wordCount":152,"image":{"@id":"https:\/\/portaltela.pt\/noticias\/2026\/03\/18\/alexandre-estrela-apresenta-instalacao-que-levara-a-bienal-de-veneza\/#primaryimage"},"thumbnailUrl":"https:\/\/portaltela.pt\/s.01k8rhncp4jt1\/2026\/03\/2075448.jpg","keywords":["arte","artes","cultura","escultura","internacionais","Portugal"],"articleSection":["Cultura","Not\u00edcias"],"inLanguage":"pt-PT"},{"@type":"WebPage","@id":"https:\/\/portaltela.pt\/noticias\/2026\/03\/18\/alexandre-estrela-apresenta-instalacao-que-levara-a-bienal-de-veneza\/","url":"https:\/\/portaltela.pt\/noticias\/2026\/03\/18\/alexandre-estrela-apresenta-instalacao-que-levara-a-bienal-de-veneza\/","name":"Alexandre Estrela apresenta instala\u00e7\u00e3o que levar\u00e1 \u00e0 Bienal de Veneza - Portal Tela Portugal","isPartOf":{"@id":"https:\/\/portaltela.pt\/#website"},"primaryImageOfPage":{"@id":"https:\/\/portaltela.pt\/noticias\/2026\/03\/18\/alexandre-estrela-apresenta-instalacao-que-levara-a-bienal-de-veneza\/#primaryimage"},"image":{"@id":"https:\/\/portaltela.pt\/noticias\/2026\/03\/18\/alexandre-estrela-apresenta-instalacao-que-levara-a-bienal-de-veneza\/#primaryimage"},"thumbnailUrl":"https:\/\/portaltela.pt\/s.01k8rhncp4jt1\/2026\/03\/2075448.jpg","datePublished":"2026-03-18T21:46:00+00:00","author":{"@id":"https:\/\/portaltela.pt\/#\/schema\/person\/c4278d4a6028830caff9ee44b42d32ed"},"breadcrumb":{"@id":"https:\/\/portaltela.pt\/noticias\/2026\/03\/18\/alexandre-estrela-apresenta-instalacao-que-levara-a-bienal-de-veneza\/#breadcrumb"},"inLanguage":"pt-PT","potentialAction":[{"@type":"ReadAction","target":["https:\/\/portaltela.pt\/noticias\/2026\/03\/18\/alexandre-estrela-apresenta-instalacao-que-levara-a-bienal-de-veneza\/"]}]},{"@type":"ImageObject","inLanguage":"pt-PT","@id":"https:\/\/portaltela.pt\/noticias\/2026\/03\/18\/alexandre-estrela-apresenta-instalacao-que-levara-a-bienal-de-veneza\/#primaryimage","url":"https:\/\/portaltela.pt\/s.01k8rhncp4jt1\/2026\/03\/2075448.jpg","contentUrl":"https:\/\/portaltela.pt\/s.01k8rhncp4jt1\/2026\/03\/2075448.jpg","width":796,"height":448,"caption":"A ministra da Cultura, Margarida Balseiro Lopes, acompanhada pelo director-geral das Artes, Am\u00e9rico Rodrigues, pelo artista Alexandre Estrela e pelos curadores na apresenta\u00e7\u00e3o desta quarta-feira"},{"@type":"BreadcrumbList","@id":"https:\/\/portaltela.pt\/noticias\/2026\/03\/18\/alexandre-estrela-apresenta-instalacao-que-levara-a-bienal-de-veneza\/#breadcrumb","itemListElement":[{"@type":"ListItem","position":1,"name":"In\u00edcio","item":"https:\/\/portaltela.pt\/"},{"@type":"ListItem","position":2,"name":"Alexandre Estrela apresenta instala\u00e7\u00e3o que levar\u00e1 \u00e0 Bienal de Veneza"}]},{"@type":"WebSite","@id":"https:\/\/portaltela.pt\/#website","url":"https:\/\/portaltela.pt\/","name":"Portal Tela Portugal","description":"","potentialAction":[{"@type":"SearchAction","target":{"@type":"EntryPoint","urlTemplate":"https:\/\/portaltela.pt\/?s={search_term_string}"},"query-input":{"@type":"PropertyValueSpecification","valueRequired":true,"valueName":"search_term_string"}}],"inLanguage":"pt-PT"},{"@type":"Person","@id":"https:\/\/portaltela.pt\/#\/schema\/person\/c4278d4a6028830caff9ee44b42d32ed","name":"Telinha","image":{"@type":"ImageObject","inLanguage":"pt-PT","@id":"https:\/\/portaltela.pt\/s.01k8rhncp4jt1\/2025\/11\/talking-bot-125x125.png","url":"https:\/\/portaltela.pt\/s.01k8rhncp4jt1\/2025\/11\/talking-bot-125x125.png","contentUrl":"https:\/\/portaltela.pt\/s.01k8rhncp4jt1\/2025\/11\/talking-bot-125x125.png","caption":"Telinha"},"sameAs":["https:\/\/portaltela.pt\/"],"url":"https:\/\/portaltela.pt\/por\/367410592786\/"}]}},"_links":{"self":[{"href":"https:\/\/portaltela.pt\/api\/wp\/v2\/posts\/415270","targetHints":{"allow":["GET"]}}],"collection":[{"href":"https:\/\/portaltela.pt\/api\/wp\/v2\/posts"}],"about":[{"href":"https:\/\/portaltela.pt\/api\/wp\/v2\/types\/post"}],"author":[{"embeddable":true,"href":"https:\/\/portaltela.pt\/api\/wp\/v2\/users\/2"}],"replies":[{"embeddable":true,"href":"https:\/\/portaltela.pt\/api\/wp\/v2\/comments?post=415270"}],"version-history":[{"count":0,"href":"https:\/\/portaltela.pt\/api\/wp\/v2\/posts\/415270\/revisions"}],"wp:featuredmedia":[{"embeddable":true,"href":"https:\/\/portaltela.pt\/api\/wp\/v2\/media\/415271"}],"wp:attachment":[{"href":"https:\/\/portaltela.pt\/api\/wp\/v2\/media?parent=415270"}],"wp:term":[{"taxonomy":"category","embeddable":true,"href":"https:\/\/portaltela.pt\/api\/wp\/v2\/categories?post=415270"},{"taxonomy":"post_tag","embeddable":true,"href":"https:\/\/portaltela.pt\/api\/wp\/v2\/tags?post=415270"}],"curies":[{"name":"wp","href":"https:\/\/api.w.org\/{rel}","templated":true}]}}