{"id":415173,"date":"2026-03-18T17:24:24","date_gmt":"2026-03-18T20:24:24","guid":{"rendered":"https:\/\/portaltela.pt\/noticias\/2026\/03\/18\/joao-ferreira-lidera-rally-raid-portugal\/"},"modified":"2026-03-18T17:24:24","modified_gmt":"2026-03-18T20:24:24","slug":"joao-ferreira-lidera-rally-raid-portugal","status":"publish","type":"post","link":"https:\/\/portaltela.pt\/desporto\/copa-do-mundo\/2026\/03\/18\/joao-ferreira-lidera-rally-raid-portugal\/","title":{"rendered":"Jo\u00e3o Ferreira lidera Rally Raid Portugal"},"content":{"rendered":"<p>Jo\u00e3o Ferreira e Filipe Palmeiro, em Toyota, lideram ao fim do primeiro dia do bp Ultimate Rally-Raid Portugal, segunda ronda do Mundial de todo-o-terreno. A prova decorre at\u00e9 domingo entre Portugal e Espanha, com Gr\u00e2ndola como base.<\/p>\n<p>A dupla portuguesa ficou 17 segundos \u00e0 frente dos americanos Seth Quintero e Andrew Short (Toyota) e 28 segundos \u00e0 frente dos franceses S\u00e9bastien Loeb e Edouard Boulanger (Dacia), que fecham o p\u00f3dio.<\/p>\n<p>O evento continua em territ\u00f3rio luso, com as pr\u00f3ximas etapas a manterem-se na regi\u00e3o entre Gr\u00e2ndola e \u00e1reas vizinhas, at\u00e9 a chegada final no domingo.<\/p>\n<p>Resultados nas motos destacam-se pelo dom\u00ednio de Daniel Sanders (KTM), que foi o mais r\u00e1pido no primeiro setor seletivo ap\u00f3s vencer o pr\u00f3logo de ontem. O tempo dele foi de 1h32m01s.<\/p>\n<p>A 2m10s ficou Tosha Schareina (Honda), na segunda posi\u00e7\u00e3o da geral, seguido por Adrien Van Beveren (Honda) em terceiro. Bruno Santos (Husqvarna) aparece em quinto na geral, l\u00edder da Rally2, enquanto Gon\u00e7alo Amaral (Honda) fecha o dia na frente da Rally3.<\/p>\n","protected":false},"excerpt":{"rendered":"<ul>\n<li>Jo\u00e3o Ferreira e Filipe Palmeiro (Toyota) lideram ao fim do primeiro dia dos autom\u00f3veis no bp Ultimate Rally-Raid Portugal, segunda ronda do Mundial de todo-o-terreno, em Gr\u00e2ndola, com a prova a decorrer at\u00e9 domingo entre Portugal e Espanha.<\/li>\n<li>Segundos classificados s\u00e3o Seth Quintero e Andrew Short (Toyota), a 17 segundos, enquanto S\u00e9bastien Loeb e Edouard Boulanger (Dacia) fecham o p\u00f3dio a 28 segundos.<\/li>\n<li>Nas motos, Daniel Sanders (KTM) foi o mais r\u00e1pido no primeiro setor seletivo, ap\u00f3s vencer o pr\u00f3logo, com 1h32m01s.<\/li>\n<li>Tosha Schareina (Honda) fica a 2m10s de Sanders; Adrien Van Beveren (Honda) ocupa o terceiro posto da classifica\u00e7\u00e3o geral.<\/li>\n<li>Bruno Santos (Husqvarna) \u00e9 o quinto na geral e l\u00edder na Rally2, enquanto Gon\u00e7alo Amaral (Honda) lidera a Rally3.<\/li>\n<\/ul>\n","protected":false},"author":2,"featured_media":415175,"comment_status":"closed","ping_status":"closed","sticky":false,"template":"","format":"standard","meta":{"footnotes":""},"categories":[6695,21],"tags":[3504,152,186,2031,2465,1014],"class_list":["post-415173","post","type-post","status-publish","format-standard","has-post-thumbnail","hentry","category-copa-do-mundo","category-desporto","tag-corridas","tag-desporto","tag-desportos","tag-espanha","tag-grandola","tag-portugal"],"yoast_head":"<!-- This site is optimized with the Yoast SEO plugin v27.2 - https:\/\/yoast.com\/product\/yoast-seo-wordpress\/ -->\n<title>Jo\u00e3o Ferreira lidera Rally Raid Portugal - Portal Tela Portugal<\/title>\n<meta name=\"robots\" content=\"index, follow, max-snippet:-1, max-image-preview:large, max-video-preview:-1\" \/>\n<meta property=\"og:locale\" content=\"pt_PT\" \/>\n<meta property=\"og:type\" content=\"article\" \/>\n<meta property=\"og:title\" content=\"Jo\u00e3o Ferreira lidera Rally Raid Portugal - Portal Tela Portugal\" \/>\n<meta property=\"og:description\" content=\"Jo\u00e3o Ferreira e Filipe Palmeiro (Toyota) lideram ao fim do primeiro dia dos autom\u00f3veis no bp Ultimate Rally-Raid Portugal, segunda ronda do Mundial de todo-o-terreno, em Gr\u00e2ndola, com a prova a decorrer at\u00e9 domingo entre Portugal e Espanha. Segundos classificados s\u00e3o Seth Quintero e Andrew Short (Toyota), a 17 segundos, enquanto S\u00e9bastien Loeb e Edouard Boulanger (Dacia) fecham o p\u00f3dio a 28 segundos. Nas motos, Daniel Sanders (KTM) foi o mais r\u00e1pido no primeiro setor seletivo, ap\u00f3s vencer o pr\u00f3logo, com 1h32m01s. Tosha Schareina (Honda) fica a 2m10s de Sanders; Adrien Van Beveren (Honda) ocupa o terceiro posto da classifica\u00e7\u00e3o geral. Bruno Santos (Husqvarna) \u00e9 o quinto na geral e l\u00edder na Rally2, enquanto Gon\u00e7alo Amaral (Honda) lidera a Rally3.\" \/>\n<meta property=\"og:url\" content=\"https:\/\/portaltela.pt\/noticias\/2026\/03\/18\/joao-ferreira-lidera-rally-raid-portugal\/\" \/>\n<meta property=\"og:site_name\" content=\"Portal Tela Portugal\" \/>\n<meta property=\"article:published_time\" content=\"2026-03-18T20:24:24+00:00\" \/>\n<meta name=\"author\" content=\"Telinha\" \/>\n<meta name=\"twitter:card\" content=\"summary_large_image\" \/>\n<meta name=\"twitter:label1\" content=\"Escrito por\" \/>\n\t<meta name=\"twitter:data1\" content=\"Telinha\" \/>\n\t<meta name=\"twitter:label2\" content=\"Tempo estimado de leitura\" \/>\n\t<meta name=\"twitter:data2\" content=\"1 minuto\" \/>\n<script type=\"application\/ld+json\" class=\"yoast-schema-graph\">{\"@context\":\"https:\/\/schema.org\",\"@graph\":[{\"@type\":\"Article\",\"@id\":\"https:\/\/portaltela.pt\/noticias\/2026\/03\/18\/joao-ferreira-lidera-rally-raid-portugal\/#article\",\"isPartOf\":{\"@id\":\"https:\/\/portaltela.pt\/noticias\/2026\/03\/18\/joao-ferreira-lidera-rally-raid-portugal\/\"},\"author\":{\"name\":\"Telinha\",\"@id\":\"https:\/\/portaltela.pt\/#\/schema\/person\/c4278d4a6028830caff9ee44b42d32ed\"},\"headline\":\"Jo\u00e3o Ferreira lidera Rally Raid Portugal\",\"datePublished\":\"2026-03-18T20:24:24+00:00\",\"mainEntityOfPage\":{\"@id\":\"https:\/\/portaltela.pt\/noticias\/2026\/03\/18\/joao-ferreira-lidera-rally-raid-portugal\/\"},\"wordCount\":188,\"image\":{\"@id\":\"https:\/\/portaltela.pt\/noticias\/2026\/03\/18\/joao-ferreira-lidera-rally-raid-portugal\/#primaryimage\"},\"thumbnailUrl\":\"https:\/\/portaltela.pt\/s.01k8rhncp4jt1\/2026\/03\/img_920x518uu2026-03-18-20-22-07-2427961.jpg\",\"keywords\":[\"corridas\",\"desporto\",\"desportos\",\"Espanha\",\"Gr\u00e2ndola\",\"Portugal\"],\"articleSection\":[\"Copa do Mundo\",\"Desporto\"],\"inLanguage\":\"pt-PT\"},{\"@type\":\"WebPage\",\"@id\":\"https:\/\/portaltela.pt\/noticias\/2026\/03\/18\/joao-ferreira-lidera-rally-raid-portugal\/\",\"url\":\"https:\/\/portaltela.pt\/noticias\/2026\/03\/18\/joao-ferreira-lidera-rally-raid-portugal\/\",\"name\":\"Jo\u00e3o Ferreira lidera Rally Raid Portugal - Portal Tela Portugal\",\"isPartOf\":{\"@id\":\"https:\/\/portaltela.pt\/#website\"},\"primaryImageOfPage\":{\"@id\":\"https:\/\/portaltela.pt\/noticias\/2026\/03\/18\/joao-ferreira-lidera-rally-raid-portugal\/#primaryimage\"},\"image\":{\"@id\":\"https:\/\/portaltela.pt\/noticias\/2026\/03\/18\/joao-ferreira-lidera-rally-raid-portugal\/#primaryimage\"},\"thumbnailUrl\":\"https:\/\/portaltela.pt\/s.01k8rhncp4jt1\/2026\/03\/img_920x518uu2026-03-18-20-22-07-2427961.jpg\",\"datePublished\":\"2026-03-18T20:24:24+00:00\",\"author\":{\"@id\":\"https:\/\/portaltela.pt\/#\/schema\/person\/c4278d4a6028830caff9ee44b42d32ed\"},\"breadcrumb\":{\"@id\":\"https:\/\/portaltela.pt\/noticias\/2026\/03\/18\/joao-ferreira-lidera-rally-raid-portugal\/#breadcrumb\"},\"inLanguage\":\"pt-PT\",\"potentialAction\":[{\"@type\":\"ReadAction\",\"target\":[\"https:\/\/portaltela.pt\/noticias\/2026\/03\/18\/joao-ferreira-lidera-rally-raid-portugal\/\"]}]},{\"@type\":\"ImageObject\",\"inLanguage\":\"pt-PT\",\"@id\":\"https:\/\/portaltela.pt\/noticias\/2026\/03\/18\/joao-ferreira-lidera-rally-raid-portugal\/#primaryimage\",\"url\":\"https:\/\/portaltela.pt\/s.01k8rhncp4jt1\/2026\/03\/img_920x518uu2026-03-18-20-22-07-2427961.jpg\",\"contentUrl\":\"https:\/\/portaltela.pt\/s.01k8rhncp4jt1\/2026\/03\/img_920x518uu2026-03-18-20-22-07-2427961.jpg\",\"width\":796,\"height\":448,\"caption\":\"Jo\u00e3o Ferreira lidera\"},{\"@type\":\"BreadcrumbList\",\"@id\":\"https:\/\/portaltela.pt\/noticias\/2026\/03\/18\/joao-ferreira-lidera-rally-raid-portugal\/#breadcrumb\",\"itemListElement\":[{\"@type\":\"ListItem\",\"position\":1,\"name\":\"In\u00edcio\",\"item\":\"https:\/\/portaltela.pt\/\"},{\"@type\":\"ListItem\",\"position\":2,\"name\":\"Jo\u00e3o Ferreira lidera Rally Raid Portugal\"}]},{\"@type\":\"WebSite\",\"@id\":\"https:\/\/portaltela.pt\/#website\",\"url\":\"https:\/\/portaltela.pt\/\",\"name\":\"Portal Tela Portugal\",\"description\":\"\",\"potentialAction\":[{\"@type\":\"SearchAction\",\"target\":{\"@type\":\"EntryPoint\",\"urlTemplate\":\"https:\/\/portaltela.pt\/?s={search_term_string}\"},\"query-input\":{\"@type\":\"PropertyValueSpecification\",\"valueRequired\":true,\"valueName\":\"search_term_string\"}}],\"inLanguage\":\"pt-PT\"},{\"@type\":\"Person\",\"@id\":\"https:\/\/portaltela.pt\/#\/schema\/person\/c4278d4a6028830caff9ee44b42d32ed\",\"name\":\"Telinha\",\"image\":{\"@type\":\"ImageObject\",\"inLanguage\":\"pt-PT\",\"@id\":\"https:\/\/portaltela.pt\/s.01k8rhncp4jt1\/2025\/11\/talking-bot-125x125.png\",\"url\":\"https:\/\/portaltela.pt\/s.01k8rhncp4jt1\/2025\/11\/talking-bot-125x125.png\",\"contentUrl\":\"https:\/\/portaltela.pt\/s.01k8rhncp4jt1\/2025\/11\/talking-bot-125x125.png\",\"caption\":\"Telinha\"},\"sameAs\":[\"https:\/\/portaltela.pt\/\"],\"url\":\"https:\/\/portaltela.pt\/por\/367410592786\/\"}]}<\/script>\n<!-- \/ Yoast SEO plugin. -->","yoast_head_json":{"title":"Jo\u00e3o Ferreira lidera Rally Raid Portugal - Portal Tela Portugal","robots":{"index":"index","follow":"follow","max-snippet":"max-snippet:-1","max-image-preview":"max-image-preview:large","max-video-preview":"max-video-preview:-1"},"og_locale":"pt_PT","og_type":"article","og_title":"Jo\u00e3o Ferreira lidera Rally Raid Portugal - Portal Tela Portugal","og_description":"Jo\u00e3o Ferreira e Filipe Palmeiro (Toyota) lideram ao fim do primeiro dia dos autom\u00f3veis no bp Ultimate Rally-Raid Portugal, segunda ronda do Mundial de todo-o-terreno, em Gr\u00e2ndola, com a prova a decorrer at\u00e9 domingo entre Portugal e Espanha. Segundos classificados s\u00e3o Seth Quintero e Andrew Short (Toyota), a 17 segundos, enquanto S\u00e9bastien Loeb e Edouard Boulanger (Dacia) fecham o p\u00f3dio a 28 segundos. Nas motos, Daniel Sanders (KTM) foi o mais r\u00e1pido no primeiro setor seletivo, ap\u00f3s vencer o pr\u00f3logo, com 1h32m01s. Tosha Schareina (Honda) fica a 2m10s de Sanders; Adrien Van Beveren (Honda) ocupa o terceiro posto da classifica\u00e7\u00e3o geral. Bruno Santos (Husqvarna) \u00e9 o quinto na geral e l\u00edder na Rally2, enquanto Gon\u00e7alo Amaral (Honda) lidera a Rally3.","og_url":"https:\/\/portaltela.pt\/noticias\/2026\/03\/18\/joao-ferreira-lidera-rally-raid-portugal\/","og_site_name":"Portal Tela Portugal","article_published_time":"2026-03-18T20:24:24+00:00","author":"Telinha","twitter_card":"summary_large_image","twitter_misc":{"Escrito por":"Telinha","Tempo estimado de leitura":"1 minuto"},"schema":{"@context":"https:\/\/schema.org","@graph":[{"@type":"Article","@id":"https:\/\/portaltela.pt\/noticias\/2026\/03\/18\/joao-ferreira-lidera-rally-raid-portugal\/#article","isPartOf":{"@id":"https:\/\/portaltela.pt\/noticias\/2026\/03\/18\/joao-ferreira-lidera-rally-raid-portugal\/"},"author":{"name":"Telinha","@id":"https:\/\/portaltela.pt\/#\/schema\/person\/c4278d4a6028830caff9ee44b42d32ed"},"headline":"Jo\u00e3o Ferreira lidera Rally Raid Portugal","datePublished":"2026-03-18T20:24:24+00:00","mainEntityOfPage":{"@id":"https:\/\/portaltela.pt\/noticias\/2026\/03\/18\/joao-ferreira-lidera-rally-raid-portugal\/"},"wordCount":188,"image":{"@id":"https:\/\/portaltela.pt\/noticias\/2026\/03\/18\/joao-ferreira-lidera-rally-raid-portugal\/#primaryimage"},"thumbnailUrl":"https:\/\/portaltela.pt\/s.01k8rhncp4jt1\/2026\/03\/img_920x518uu2026-03-18-20-22-07-2427961.jpg","keywords":["corridas","desporto","desportos","Espanha","Gr\u00e2ndola","Portugal"],"articleSection":["Copa do Mundo","Desporto"],"inLanguage":"pt-PT"},{"@type":"WebPage","@id":"https:\/\/portaltela.pt\/noticias\/2026\/03\/18\/joao-ferreira-lidera-rally-raid-portugal\/","url":"https:\/\/portaltela.pt\/noticias\/2026\/03\/18\/joao-ferreira-lidera-rally-raid-portugal\/","name":"Jo\u00e3o Ferreira lidera Rally Raid Portugal - Portal Tela Portugal","isPartOf":{"@id":"https:\/\/portaltela.pt\/#website"},"primaryImageOfPage":{"@id":"https:\/\/portaltela.pt\/noticias\/2026\/03\/18\/joao-ferreira-lidera-rally-raid-portugal\/#primaryimage"},"image":{"@id":"https:\/\/portaltela.pt\/noticias\/2026\/03\/18\/joao-ferreira-lidera-rally-raid-portugal\/#primaryimage"},"thumbnailUrl":"https:\/\/portaltela.pt\/s.01k8rhncp4jt1\/2026\/03\/img_920x518uu2026-03-18-20-22-07-2427961.jpg","datePublished":"2026-03-18T20:24:24+00:00","author":{"@id":"https:\/\/portaltela.pt\/#\/schema\/person\/c4278d4a6028830caff9ee44b42d32ed"},"breadcrumb":{"@id":"https:\/\/portaltela.pt\/noticias\/2026\/03\/18\/joao-ferreira-lidera-rally-raid-portugal\/#breadcrumb"},"inLanguage":"pt-PT","potentialAction":[{"@type":"ReadAction","target":["https:\/\/portaltela.pt\/noticias\/2026\/03\/18\/joao-ferreira-lidera-rally-raid-portugal\/"]}]},{"@type":"ImageObject","inLanguage":"pt-PT","@id":"https:\/\/portaltela.pt\/noticias\/2026\/03\/18\/joao-ferreira-lidera-rally-raid-portugal\/#primaryimage","url":"https:\/\/portaltela.pt\/s.01k8rhncp4jt1\/2026\/03\/img_920x518uu2026-03-18-20-22-07-2427961.jpg","contentUrl":"https:\/\/portaltela.pt\/s.01k8rhncp4jt1\/2026\/03\/img_920x518uu2026-03-18-20-22-07-2427961.jpg","width":796,"height":448,"caption":"Jo\u00e3o Ferreira lidera"},{"@type":"BreadcrumbList","@id":"https:\/\/portaltela.pt\/noticias\/2026\/03\/18\/joao-ferreira-lidera-rally-raid-portugal\/#breadcrumb","itemListElement":[{"@type":"ListItem","position":1,"name":"In\u00edcio","item":"https:\/\/portaltela.pt\/"},{"@type":"ListItem","position":2,"name":"Jo\u00e3o Ferreira lidera Rally Raid Portugal"}]},{"@type":"WebSite","@id":"https:\/\/portaltela.pt\/#website","url":"https:\/\/portaltela.pt\/","name":"Portal Tela Portugal","description":"","potentialAction":[{"@type":"SearchAction","target":{"@type":"EntryPoint","urlTemplate":"https:\/\/portaltela.pt\/?s={search_term_string}"},"query-input":{"@type":"PropertyValueSpecification","valueRequired":true,"valueName":"search_term_string"}}],"inLanguage":"pt-PT"},{"@type":"Person","@id":"https:\/\/portaltela.pt\/#\/schema\/person\/c4278d4a6028830caff9ee44b42d32ed","name":"Telinha","image":{"@type":"ImageObject","inLanguage":"pt-PT","@id":"https:\/\/portaltela.pt\/s.01k8rhncp4jt1\/2025\/11\/talking-bot-125x125.png","url":"https:\/\/portaltela.pt\/s.01k8rhncp4jt1\/2025\/11\/talking-bot-125x125.png","contentUrl":"https:\/\/portaltela.pt\/s.01k8rhncp4jt1\/2025\/11\/talking-bot-125x125.png","caption":"Telinha"},"sameAs":["https:\/\/portaltela.pt\/"],"url":"https:\/\/portaltela.pt\/por\/367410592786\/"}]}},"_links":{"self":[{"href":"https:\/\/portaltela.pt\/api\/wp\/v2\/posts\/415173","targetHints":{"allow":["GET"]}}],"collection":[{"href":"https:\/\/portaltela.pt\/api\/wp\/v2\/posts"}],"about":[{"href":"https:\/\/portaltela.pt\/api\/wp\/v2\/types\/post"}],"author":[{"embeddable":true,"href":"https:\/\/portaltela.pt\/api\/wp\/v2\/users\/2"}],"replies":[{"embeddable":true,"href":"https:\/\/portaltela.pt\/api\/wp\/v2\/comments?post=415173"}],"version-history":[{"count":0,"href":"https:\/\/portaltela.pt\/api\/wp\/v2\/posts\/415173\/revisions"}],"wp:featuredmedia":[{"embeddable":true,"href":"https:\/\/portaltela.pt\/api\/wp\/v2\/media\/415175"}],"wp:attachment":[{"href":"https:\/\/portaltela.pt\/api\/wp\/v2\/media?parent=415173"}],"wp:term":[{"taxonomy":"category","embeddable":true,"href":"https:\/\/portaltela.pt\/api\/wp\/v2\/categories?post=415173"},{"taxonomy":"post_tag","embeddable":true,"href":"https:\/\/portaltela.pt\/api\/wp\/v2\/tags?post=415173"}],"curies":[{"name":"wp","href":"https:\/\/api.w.org\/{rel}","templated":true}]}}