{"id":415150,"date":"2026-03-18T17:04:43","date_gmt":"2026-03-18T20:04:43","guid":{"rendered":"https:\/\/portaltela.pt\/noticias\/2026\/03\/18\/pj-investiga-desaparecimento-de-diretor-de-restaurante-de-luxo-em-vale-do-lobo\/"},"modified":"2026-03-18T17:04:43","modified_gmt":"2026-03-18T20:04:43","slug":"pj-investiga-desaparecimento-de-diretor-de-restaurante-de-luxo-em-vale-do-lobo","status":"publish","type":"post","link":"https:\/\/portaltela.pt\/policia\/2026\/03\/18\/pj-investiga-desaparecimento-de-diretor-de-restaurante-de-luxo-em-vale-do-lobo\/","title":{"rendered":"PJ investiga desaparecimento de diretor de restaurante de luxo em Vale do Lobo"},"content":{"rendered":"<p>A Pol\u00edcia Judici\u00e1ria est\u00e1 a investigar o desaparecimento de Ricardo Claro, diretor administrativo do restaurante Well, em Vale do Lobo, no concelho de Loul\u00e9. A ocorr\u00eancia passa a ser acompanhada pela PJ, que n\u00e3o adianta prazos.<\/p>\n<p>A \u00faltima vez que foi visto ocorreu na sexta-feira. Ricardo Claro ter\u00e1 jantado na casa da m\u00e3e, na zona de Faro, deixando o local por volta das 21h00 e n\u00e3o mais regressando.<\/p>\n<p>A fam\u00edlia e colegas est\u00e3o apreensivos, com a PJ a seguir v\u00e1rias pistas. O telem\u00f3vel do diretor encontrava-se desligado desde segunda-feira, o que complicou a recolha de informa\u00e7\u00f5es.<\/p>\n<p>Desaparecimento e investiga\u00e7\u00e3o<\/p>\n<p>O diretor conduzia um Peugeot 2008 branco, com a matr\u00edcula BT-36-UM, que tamb\u00e9m est\u00e1 desaparecido. O \u00faltimo sinal do telem\u00f3vel ter\u00e1 sido registado na regi\u00e3o de Olh\u00e3o.<\/p>\n<p>A irm\u00e3, Sandra Primitivo, afirmou que as contas banc\u00e1rias foram movimentadas, levando-a a perceber poss\u00edvel agress\u00e3o ou roubo. Apela \u00e0 vigil\u00e2ncia nas estradas, ravinas ou locais de dif\u00edcil acesso.<\/p>\n<p>A fam\u00edlia e os colegas j\u00e1 foram ouvidos pela Pol\u00edcia Judici\u00e1ria, e as autoridades mant\u00eam v\u00e1rias hip\u00f3teses em an\u00e1lise, sem descartar nenhuma pista. A investiga\u00e7\u00e3o continua em curso.<\/p>\n","protected":false},"excerpt":{"rendered":"<ul>\n<li>A Pol\u00edcia Judici\u00e1ria est\u00e1 a investigar o desaparecimento de Ricardo Claro, diretor administrativo do restaurante Well, em Vale do Lobo, Loul\u00e9.<\/li>\n<li>O \u00faltimo registo indica que foi visto na sexta-feira, quando jantou na casa da m\u00e3e, na zona de Faro, e saiu por volta das 21h.<\/li>\n<li>Desde ent\u00e3o n\u00e3o foi visto; o telem\u00f3vel est\u00e1 desligado desde segunda-feira e o \u00faltimo sinal indica a zona de Olh\u00e3o.<\/li>\n<li>O ve\u00edculo associado \u00e9 um Peugeot 2008 branco, com matr\u00edcula BT-36-UM, que tamb\u00e9m est\u00e1 desaparecido.<\/li>\n<li>A irm\u00e3 diz que as contas banc\u00e1rias foram mexidas e acredita num assalto; familiares e colegas j\u00e1 foram ouvidos e todas as hip\u00f3teses est\u00e3o a ser avaliadas.<\/li>\n<\/ul>\n","protected":false},"author":2,"featured_media":415153,"comment_status":"closed","ping_status":"closed","sticky":false,"template":"","format":"standard","meta":{"footnotes":""},"categories":[6907,6781],"tags":[2079,2302,1802,203,6199],"class_list":["post-415150","post","type-post","status-publish","format-standard","has-post-thumbnail","hentry","category-crime","category-policia","tag-agressoes","tag-loule","tag-policia-judiciaria","tag-roubo","tag-vale-do-tejo"],"yoast_head":"<!-- This site is optimized with the Yoast SEO plugin v27.2 - https:\/\/yoast.com\/product\/yoast-seo-wordpress\/ -->\n<title>PJ investiga desaparecimento de diretor de restaurante de luxo em Vale do Lobo - Portal Tela Portugal<\/title>\n<meta name=\"robots\" content=\"index, follow, max-snippet:-1, max-image-preview:large, max-video-preview:-1\" \/>\n<meta property=\"og:locale\" content=\"pt_PT\" \/>\n<meta property=\"og:type\" content=\"article\" \/>\n<meta property=\"og:title\" content=\"PJ investiga desaparecimento de diretor de restaurante de luxo em Vale do Lobo - Portal Tela Portugal\" \/>\n<meta property=\"og:description\" content=\"A Pol\u00edcia Judici\u00e1ria est\u00e1 a investigar o desaparecimento de Ricardo Claro, diretor administrativo do restaurante Well, em Vale do Lobo, Loul\u00e9. O \u00faltimo registo indica que foi visto na sexta-feira, quando jantou na casa da m\u00e3e, na zona de Faro, e saiu por volta das 21h. Desde ent\u00e3o n\u00e3o foi visto; o telem\u00f3vel est\u00e1 desligado desde segunda-feira e o \u00faltimo sinal indica a zona de Olh\u00e3o. O ve\u00edculo associado \u00e9 um Peugeot 2008 branco, com matr\u00edcula BT-36-UM, que tamb\u00e9m est\u00e1 desaparecido. A irm\u00e3 diz que as contas banc\u00e1rias foram mexidas e acredita num assalto; familiares e colegas j\u00e1 foram ouvidos e todas as hip\u00f3teses est\u00e3o a ser avaliadas.\" \/>\n<meta property=\"og:url\" content=\"https:\/\/portaltela.pt\/noticias\/2026\/03\/18\/pj-investiga-desaparecimento-de-diretor-de-restaurante-de-luxo-em-vale-do-lobo\/\" \/>\n<meta property=\"og:site_name\" content=\"Portal Tela Portugal\" \/>\n<meta property=\"article:published_time\" content=\"2026-03-18T20:04:43+00:00\" \/>\n<meta name=\"author\" content=\"Telinha\" \/>\n<meta name=\"twitter:card\" content=\"summary_large_image\" \/>\n<meta name=\"twitter:label1\" content=\"Escrito por\" \/>\n\t<meta name=\"twitter:data1\" content=\"Telinha\" \/>\n\t<meta name=\"twitter:label2\" content=\"Tempo estimado de leitura\" \/>\n\t<meta name=\"twitter:data2\" content=\"1 minuto\" \/>\n<script type=\"application\/ld+json\" class=\"yoast-schema-graph\">{\"@context\":\"https:\/\/schema.org\",\"@graph\":[{\"@type\":\"Article\",\"@id\":\"https:\/\/portaltela.pt\/noticias\/2026\/03\/18\/pj-investiga-desaparecimento-de-diretor-de-restaurante-de-luxo-em-vale-do-lobo\/#article\",\"isPartOf\":{\"@id\":\"https:\/\/portaltela.pt\/noticias\/2026\/03\/18\/pj-investiga-desaparecimento-de-diretor-de-restaurante-de-luxo-em-vale-do-lobo\/\"},\"author\":{\"name\":\"Telinha\",\"@id\":\"https:\/\/portaltela.pt\/#\/schema\/person\/c4278d4a6028830caff9ee44b42d32ed\"},\"headline\":\"PJ investiga desaparecimento de diretor de restaurante de luxo em Vale do Lobo\",\"datePublished\":\"2026-03-18T20:04:43+00:00\",\"mainEntityOfPage\":{\"@id\":\"https:\/\/portaltela.pt\/noticias\/2026\/03\/18\/pj-investiga-desaparecimento-de-diretor-de-restaurante-de-luxo-em-vale-do-lobo\/\"},\"wordCount\":225,\"image\":{\"@id\":\"https:\/\/portaltela.pt\/noticias\/2026\/03\/18\/pj-investiga-desaparecimento-de-diretor-de-restaurante-de-luxo-em-vale-do-lobo\/#primaryimage\"},\"thumbnailUrl\":\"https:\/\/portaltela.pt\/s.01k8rhncp4jt1\/2026\/03\/img_1280x721uu2026-03-18-19-59-08-2273264.jpg\",\"keywords\":[\"agress\u00f5es\",\"Loul\u00e9\",\"Pol\u00edcia Judici\u00e1ria\",\"roubo\",\"Vale do Tejo\"],\"articleSection\":[\"Crime\",\"Pol\u00edcia\"],\"inLanguage\":\"pt-PT\"},{\"@type\":\"WebPage\",\"@id\":\"https:\/\/portaltela.pt\/noticias\/2026\/03\/18\/pj-investiga-desaparecimento-de-diretor-de-restaurante-de-luxo-em-vale-do-lobo\/\",\"url\":\"https:\/\/portaltela.pt\/noticias\/2026\/03\/18\/pj-investiga-desaparecimento-de-diretor-de-restaurante-de-luxo-em-vale-do-lobo\/\",\"name\":\"PJ investiga desaparecimento de diretor de restaurante de luxo em Vale do Lobo - Portal Tela Portugal\",\"isPartOf\":{\"@id\":\"https:\/\/portaltela.pt\/#website\"},\"primaryImageOfPage\":{\"@id\":\"https:\/\/portaltela.pt\/noticias\/2026\/03\/18\/pj-investiga-desaparecimento-de-diretor-de-restaurante-de-luxo-em-vale-do-lobo\/#primaryimage\"},\"image\":{\"@id\":\"https:\/\/portaltela.pt\/noticias\/2026\/03\/18\/pj-investiga-desaparecimento-de-diretor-de-restaurante-de-luxo-em-vale-do-lobo\/#primaryimage\"},\"thumbnailUrl\":\"https:\/\/portaltela.pt\/s.01k8rhncp4jt1\/2026\/03\/img_1280x721uu2026-03-18-19-59-08-2273264.jpg\",\"datePublished\":\"2026-03-18T20:04:43+00:00\",\"author\":{\"@id\":\"https:\/\/portaltela.pt\/#\/schema\/person\/c4278d4a6028830caff9ee44b42d32ed\"},\"breadcrumb\":{\"@id\":\"https:\/\/portaltela.pt\/noticias\/2026\/03\/18\/pj-investiga-desaparecimento-de-diretor-de-restaurante-de-luxo-em-vale-do-lobo\/#breadcrumb\"},\"inLanguage\":\"pt-PT\",\"potentialAction\":[{\"@type\":\"ReadAction\",\"target\":[\"https:\/\/portaltela.pt\/noticias\/2026\/03\/18\/pj-investiga-desaparecimento-de-diretor-de-restaurante-de-luxo-em-vale-do-lobo\/\"]}]},{\"@type\":\"ImageObject\",\"inLanguage\":\"pt-PT\",\"@id\":\"https:\/\/portaltela.pt\/noticias\/2026\/03\/18\/pj-investiga-desaparecimento-de-diretor-de-restaurante-de-luxo-em-vale-do-lobo\/#primaryimage\",\"url\":\"https:\/\/portaltela.pt\/s.01k8rhncp4jt1\/2026\/03\/img_1280x721uu2026-03-18-19-59-08-2273264.jpg\",\"contentUrl\":\"https:\/\/portaltela.pt\/s.01k8rhncp4jt1\/2026\/03\/img_1280x721uu2026-03-18-19-59-08-2273264.jpg\",\"width\":796,\"height\":448,\"caption\":\"Ricardo Claro \u00e9 diretor administrativo do espa\u00e7o Well em Vale do Lobo\"},{\"@type\":\"BreadcrumbList\",\"@id\":\"https:\/\/portaltela.pt\/noticias\/2026\/03\/18\/pj-investiga-desaparecimento-de-diretor-de-restaurante-de-luxo-em-vale-do-lobo\/#breadcrumb\",\"itemListElement\":[{\"@type\":\"ListItem\",\"position\":1,\"name\":\"In\u00edcio\",\"item\":\"https:\/\/portaltela.pt\/\"},{\"@type\":\"ListItem\",\"position\":2,\"name\":\"PJ investiga desaparecimento de diretor de restaurante de luxo em Vale do Lobo\"}]},{\"@type\":\"WebSite\",\"@id\":\"https:\/\/portaltela.pt\/#website\",\"url\":\"https:\/\/portaltela.pt\/\",\"name\":\"Portal Tela Portugal\",\"description\":\"\",\"potentialAction\":[{\"@type\":\"SearchAction\",\"target\":{\"@type\":\"EntryPoint\",\"urlTemplate\":\"https:\/\/portaltela.pt\/?s={search_term_string}\"},\"query-input\":{\"@type\":\"PropertyValueSpecification\",\"valueRequired\":true,\"valueName\":\"search_term_string\"}}],\"inLanguage\":\"pt-PT\"},{\"@type\":\"Person\",\"@id\":\"https:\/\/portaltela.pt\/#\/schema\/person\/c4278d4a6028830caff9ee44b42d32ed\",\"name\":\"Telinha\",\"image\":{\"@type\":\"ImageObject\",\"inLanguage\":\"pt-PT\",\"@id\":\"https:\/\/portaltela.pt\/s.01k8rhncp4jt1\/2025\/11\/talking-bot-125x125.png\",\"url\":\"https:\/\/portaltela.pt\/s.01k8rhncp4jt1\/2025\/11\/talking-bot-125x125.png\",\"contentUrl\":\"https:\/\/portaltela.pt\/s.01k8rhncp4jt1\/2025\/11\/talking-bot-125x125.png\",\"caption\":\"Telinha\"},\"sameAs\":[\"https:\/\/portaltela.pt\/\"],\"url\":\"https:\/\/portaltela.pt\/por\/367410592786\/\"}]}<\/script>\n<!-- \/ Yoast SEO plugin. -->","yoast_head_json":{"title":"PJ investiga desaparecimento de diretor de restaurante de luxo em Vale do Lobo - Portal Tela Portugal","robots":{"index":"index","follow":"follow","max-snippet":"max-snippet:-1","max-image-preview":"max-image-preview:large","max-video-preview":"max-video-preview:-1"},"og_locale":"pt_PT","og_type":"article","og_title":"PJ investiga desaparecimento de diretor de restaurante de luxo em Vale do Lobo - Portal Tela Portugal","og_description":"A Pol\u00edcia Judici\u00e1ria est\u00e1 a investigar o desaparecimento de Ricardo Claro, diretor administrativo do restaurante Well, em Vale do Lobo, Loul\u00e9. O \u00faltimo registo indica que foi visto na sexta-feira, quando jantou na casa da m\u00e3e, na zona de Faro, e saiu por volta das 21h. Desde ent\u00e3o n\u00e3o foi visto; o telem\u00f3vel est\u00e1 desligado desde segunda-feira e o \u00faltimo sinal indica a zona de Olh\u00e3o. O ve\u00edculo associado \u00e9 um Peugeot 2008 branco, com matr\u00edcula BT-36-UM, que tamb\u00e9m est\u00e1 desaparecido. A irm\u00e3 diz que as contas banc\u00e1rias foram mexidas e acredita num assalto; familiares e colegas j\u00e1 foram ouvidos e todas as hip\u00f3teses est\u00e3o a ser avaliadas.","og_url":"https:\/\/portaltela.pt\/noticias\/2026\/03\/18\/pj-investiga-desaparecimento-de-diretor-de-restaurante-de-luxo-em-vale-do-lobo\/","og_site_name":"Portal Tela Portugal","article_published_time":"2026-03-18T20:04:43+00:00","author":"Telinha","twitter_card":"summary_large_image","twitter_misc":{"Escrito por":"Telinha","Tempo estimado de leitura":"1 minuto"},"schema":{"@context":"https:\/\/schema.org","@graph":[{"@type":"Article","@id":"https:\/\/portaltela.pt\/noticias\/2026\/03\/18\/pj-investiga-desaparecimento-de-diretor-de-restaurante-de-luxo-em-vale-do-lobo\/#article","isPartOf":{"@id":"https:\/\/portaltela.pt\/noticias\/2026\/03\/18\/pj-investiga-desaparecimento-de-diretor-de-restaurante-de-luxo-em-vale-do-lobo\/"},"author":{"name":"Telinha","@id":"https:\/\/portaltela.pt\/#\/schema\/person\/c4278d4a6028830caff9ee44b42d32ed"},"headline":"PJ investiga desaparecimento de diretor de restaurante de luxo em Vale do Lobo","datePublished":"2026-03-18T20:04:43+00:00","mainEntityOfPage":{"@id":"https:\/\/portaltela.pt\/noticias\/2026\/03\/18\/pj-investiga-desaparecimento-de-diretor-de-restaurante-de-luxo-em-vale-do-lobo\/"},"wordCount":225,"image":{"@id":"https:\/\/portaltela.pt\/noticias\/2026\/03\/18\/pj-investiga-desaparecimento-de-diretor-de-restaurante-de-luxo-em-vale-do-lobo\/#primaryimage"},"thumbnailUrl":"https:\/\/portaltela.pt\/s.01k8rhncp4jt1\/2026\/03\/img_1280x721uu2026-03-18-19-59-08-2273264.jpg","keywords":["agress\u00f5es","Loul\u00e9","Pol\u00edcia Judici\u00e1ria","roubo","Vale do Tejo"],"articleSection":["Crime","Pol\u00edcia"],"inLanguage":"pt-PT"},{"@type":"WebPage","@id":"https:\/\/portaltela.pt\/noticias\/2026\/03\/18\/pj-investiga-desaparecimento-de-diretor-de-restaurante-de-luxo-em-vale-do-lobo\/","url":"https:\/\/portaltela.pt\/noticias\/2026\/03\/18\/pj-investiga-desaparecimento-de-diretor-de-restaurante-de-luxo-em-vale-do-lobo\/","name":"PJ investiga desaparecimento de diretor de restaurante de luxo em Vale do Lobo - Portal Tela Portugal","isPartOf":{"@id":"https:\/\/portaltela.pt\/#website"},"primaryImageOfPage":{"@id":"https:\/\/portaltela.pt\/noticias\/2026\/03\/18\/pj-investiga-desaparecimento-de-diretor-de-restaurante-de-luxo-em-vale-do-lobo\/#primaryimage"},"image":{"@id":"https:\/\/portaltela.pt\/noticias\/2026\/03\/18\/pj-investiga-desaparecimento-de-diretor-de-restaurante-de-luxo-em-vale-do-lobo\/#primaryimage"},"thumbnailUrl":"https:\/\/portaltela.pt\/s.01k8rhncp4jt1\/2026\/03\/img_1280x721uu2026-03-18-19-59-08-2273264.jpg","datePublished":"2026-03-18T20:04:43+00:00","author":{"@id":"https:\/\/portaltela.pt\/#\/schema\/person\/c4278d4a6028830caff9ee44b42d32ed"},"breadcrumb":{"@id":"https:\/\/portaltela.pt\/noticias\/2026\/03\/18\/pj-investiga-desaparecimento-de-diretor-de-restaurante-de-luxo-em-vale-do-lobo\/#breadcrumb"},"inLanguage":"pt-PT","potentialAction":[{"@type":"ReadAction","target":["https:\/\/portaltela.pt\/noticias\/2026\/03\/18\/pj-investiga-desaparecimento-de-diretor-de-restaurante-de-luxo-em-vale-do-lobo\/"]}]},{"@type":"ImageObject","inLanguage":"pt-PT","@id":"https:\/\/portaltela.pt\/noticias\/2026\/03\/18\/pj-investiga-desaparecimento-de-diretor-de-restaurante-de-luxo-em-vale-do-lobo\/#primaryimage","url":"https:\/\/portaltela.pt\/s.01k8rhncp4jt1\/2026\/03\/img_1280x721uu2026-03-18-19-59-08-2273264.jpg","contentUrl":"https:\/\/portaltela.pt\/s.01k8rhncp4jt1\/2026\/03\/img_1280x721uu2026-03-18-19-59-08-2273264.jpg","width":796,"height":448,"caption":"Ricardo Claro \u00e9 diretor administrativo do espa\u00e7o Well em Vale do Lobo"},{"@type":"BreadcrumbList","@id":"https:\/\/portaltela.pt\/noticias\/2026\/03\/18\/pj-investiga-desaparecimento-de-diretor-de-restaurante-de-luxo-em-vale-do-lobo\/#breadcrumb","itemListElement":[{"@type":"ListItem","position":1,"name":"In\u00edcio","item":"https:\/\/portaltela.pt\/"},{"@type":"ListItem","position":2,"name":"PJ investiga desaparecimento de diretor de restaurante de luxo em Vale do Lobo"}]},{"@type":"WebSite","@id":"https:\/\/portaltela.pt\/#website","url":"https:\/\/portaltela.pt\/","name":"Portal Tela Portugal","description":"","potentialAction":[{"@type":"SearchAction","target":{"@type":"EntryPoint","urlTemplate":"https:\/\/portaltela.pt\/?s={search_term_string}"},"query-input":{"@type":"PropertyValueSpecification","valueRequired":true,"valueName":"search_term_string"}}],"inLanguage":"pt-PT"},{"@type":"Person","@id":"https:\/\/portaltela.pt\/#\/schema\/person\/c4278d4a6028830caff9ee44b42d32ed","name":"Telinha","image":{"@type":"ImageObject","inLanguage":"pt-PT","@id":"https:\/\/portaltela.pt\/s.01k8rhncp4jt1\/2025\/11\/talking-bot-125x125.png","url":"https:\/\/portaltela.pt\/s.01k8rhncp4jt1\/2025\/11\/talking-bot-125x125.png","contentUrl":"https:\/\/portaltela.pt\/s.01k8rhncp4jt1\/2025\/11\/talking-bot-125x125.png","caption":"Telinha"},"sameAs":["https:\/\/portaltela.pt\/"],"url":"https:\/\/portaltela.pt\/por\/367410592786\/"}]}},"_links":{"self":[{"href":"https:\/\/portaltela.pt\/api\/wp\/v2\/posts\/415150","targetHints":{"allow":["GET"]}}],"collection":[{"href":"https:\/\/portaltela.pt\/api\/wp\/v2\/posts"}],"about":[{"href":"https:\/\/portaltela.pt\/api\/wp\/v2\/types\/post"}],"author":[{"embeddable":true,"href":"https:\/\/portaltela.pt\/api\/wp\/v2\/users\/2"}],"replies":[{"embeddable":true,"href":"https:\/\/portaltela.pt\/api\/wp\/v2\/comments?post=415150"}],"version-history":[{"count":0,"href":"https:\/\/portaltela.pt\/api\/wp\/v2\/posts\/415150\/revisions"}],"wp:featuredmedia":[{"embeddable":true,"href":"https:\/\/portaltela.pt\/api\/wp\/v2\/media\/415153"}],"wp:attachment":[{"href":"https:\/\/portaltela.pt\/api\/wp\/v2\/media?parent=415150"}],"wp:term":[{"taxonomy":"category","embeddable":true,"href":"https:\/\/portaltela.pt\/api\/wp\/v2\/categories?post=415150"},{"taxonomy":"post_tag","embeddable":true,"href":"https:\/\/portaltela.pt\/api\/wp\/v2\/tags?post=415150"}],"curies":[{"name":"wp","href":"https:\/\/api.w.org\/{rel}","templated":true}]}}