{"id":415148,"date":"2026-03-18T16:42:00","date_gmt":"2026-03-18T19:42:00","guid":{"rendered":"https:\/\/portaltela.pt\/noticias\/2026\/03\/18\/jd-vance-afasta-guerra-com-irao-e-apoia-demissao-do-chefe-de-contraterrorismo\/"},"modified":"2026-03-18T16:42:00","modified_gmt":"2026-03-18T19:42:00","slug":"jd-vance-afasta-guerra-com-irao-e-apoia-demissao-do-chefe-de-contraterrorismo","status":"publish","type":"post","link":"https:\/\/portaltela.pt\/geopolitica\/2026\/03\/18\/jd-vance-afasta-guerra-com-irao-e-apoia-demissao-do-chefe-de-contraterrorismo\/","title":{"rendered":"JD Vance afasta guerra com Ir\u00e3o e apoia demiss\u00e3o do chefe de contraterrorismo"},"content":{"rendered":"<p>O senador JD Vance afirmou a necessidade de afastar uma guerra prolongada com o Ir\u00e3o, sinalizando uma mudan\u00e7a de abordagem na pol\u00edtica externa. A posi\u00e7\u00e3o foi apresentada num contexto de discuss\u00f5es estrat\u00e9gicas internas.<\/p>\n<p>Paralelamente, Vance manifestou apoio a Donald Trump numa demiss\u00e3o vinculada \u00e0 lideran\u00e7a de contraterrorismo, segundo a narrativa do mesmo movimento pol\u00edtico. A medida envolve o respons\u00e1vel pela \u00e1rea e \u00e9 apresentada como parte de reajustes institucionais.<\/p>\n<p>N\u00e3o foram divulgados detalhes adicionais sobre o timing, o local ou as raz\u00f5es espec\u00edficas que sustentem as decis\u00f5es. As informa\u00e7\u00f5es dispon\u00edveis baseiam-se em declara\u00e7\u00f5es recentes relacionadas com a linha defendida pelos apoiantes.<\/p>\n","protected":false},"excerpt":{"rendered":"<ul>\n<li>JD Vance afirma evitar uma guerra prolongada com o Ir\u00e3o.<\/li>\n<li>O senador apoia Trump na demiss\u00e3o do l\u00edder da \u00e1rea de contraterrorismo.<\/li>\n<li>A posi\u00e7\u00e3o de Vance alinha-se com a gest\u00e3o de Trump em quest\u00f5es de seguran\u00e7a nacional.<\/li>\n<li>A not\u00edcia n\u00e3o detalha motivos espec\u00edficos para a demiss\u00e3o nem as implica\u00e7\u00f5es pol\u00edticas.<\/li>\n<\/ul>\n","protected":false},"author":2,"featured_media":415152,"comment_status":"closed","ping_status":"closed","sticky":false,"template":"","format":"standard","meta":{"footnotes":""},"categories":[6814],"tags":[2198,5757,4953,3153,2832,5698],"class_list":["post-415148","post","type-post","status-publish","format-standard","has-post-thumbnail","hentry","category-geopolitica","tag-conflitos-internacionais","tag-demissao","tag-donald-trump","tag-ira","tag-politica","tag-politica-internacional"],"yoast_head":"<!-- This site is optimized with the Yoast SEO plugin v27.2 - https:\/\/yoast.com\/product\/yoast-seo-wordpress\/ -->\n<title>JD Vance afasta guerra com Ir\u00e3o e apoia demiss\u00e3o do chefe de contraterrorismo - Portal Tela Portugal<\/title>\n<meta name=\"robots\" content=\"index, follow, max-snippet:-1, max-image-preview:large, max-video-preview:-1\" \/>\n<meta property=\"og:locale\" content=\"pt_PT\" \/>\n<meta property=\"og:type\" content=\"article\" \/>\n<meta property=\"og:title\" content=\"JD Vance afasta guerra com Ir\u00e3o e apoia demiss\u00e3o do chefe de contraterrorismo - Portal Tela Portugal\" \/>\n<meta property=\"og:description\" content=\"JD Vance afirma evitar uma guerra prolongada com o Ir\u00e3o. O senador apoia Trump na demiss\u00e3o do l\u00edder da \u00e1rea de contraterrorismo. A posi\u00e7\u00e3o de Vance alinha-se com a gest\u00e3o de Trump em quest\u00f5es de seguran\u00e7a nacional. A not\u00edcia n\u00e3o detalha motivos espec\u00edficos para a demiss\u00e3o nem as implica\u00e7\u00f5es pol\u00edticas.\" \/>\n<meta property=\"og:url\" content=\"https:\/\/portaltela.pt\/noticias\/2026\/03\/18\/jd-vance-afasta-guerra-com-irao-e-apoia-demissao-do-chefe-de-contraterrorismo\/\" \/>\n<meta property=\"og:site_name\" content=\"Portal Tela Portugal\" \/>\n<meta property=\"article:published_time\" content=\"2026-03-18T19:42:00+00:00\" \/>\n<meta name=\"author\" content=\"Telinha\" \/>\n<meta name=\"twitter:card\" content=\"summary_large_image\" \/>\n<meta name=\"twitter:label1\" content=\"Escrito por\" \/>\n\t<meta name=\"twitter:data1\" content=\"Telinha\" \/>\n\t<meta name=\"twitter:label2\" content=\"Tempo estimado de leitura\" \/>\n\t<meta name=\"twitter:data2\" content=\"1 minuto\" \/>\n<script type=\"application\/ld+json\" class=\"yoast-schema-graph\">{\"@context\":\"https:\/\/schema.org\",\"@graph\":[{\"@type\":\"Article\",\"@id\":\"https:\/\/portaltela.pt\/noticias\/2026\/03\/18\/jd-vance-afasta-guerra-com-irao-e-apoia-demissao-do-chefe-de-contraterrorismo\/#article\",\"isPartOf\":{\"@id\":\"https:\/\/portaltela.pt\/noticias\/2026\/03\/18\/jd-vance-afasta-guerra-com-irao-e-apoia-demissao-do-chefe-de-contraterrorismo\/\"},\"author\":{\"name\":\"Telinha\",\"@id\":\"https:\/\/portaltela.pt\/#\/schema\/person\/c4278d4a6028830caff9ee44b42d32ed\"},\"headline\":\"JD Vance afasta guerra com Ir\u00e3o e apoia demiss\u00e3o do chefe de contraterrorismo\",\"datePublished\":\"2026-03-18T19:42:00+00:00\",\"mainEntityOfPage\":{\"@id\":\"https:\/\/portaltela.pt\/noticias\/2026\/03\/18\/jd-vance-afasta-guerra-com-irao-e-apoia-demissao-do-chefe-de-contraterrorismo\/\"},\"wordCount\":131,\"image\":{\"@id\":\"https:\/\/portaltela.pt\/noticias\/2026\/03\/18\/jd-vance-afasta-guerra-com-irao-e-apoia-demissao-do-chefe-de-contraterrorismo\/#primaryimage\"},\"thumbnailUrl\":\"https:\/\/portaltela.pt\/s.01k8rhncp4jt1\/2026\/03\/CACHE_780X1200_ANALOG_WATERMARKED_46766982_1640226049766477-1.jpg\",\"keywords\":[\"conflitos internacionais\",\"demiss\u00e3o\",\"Donald Trump\",\"Ir\u00e3\",\"pol\u00edtica\",\"pol\u00edtica internacional\"],\"articleSection\":[\"Geopol\u00edtica\"],\"inLanguage\":\"pt-PT\"},{\"@type\":\"WebPage\",\"@id\":\"https:\/\/portaltela.pt\/noticias\/2026\/03\/18\/jd-vance-afasta-guerra-com-irao-e-apoia-demissao-do-chefe-de-contraterrorismo\/\",\"url\":\"https:\/\/portaltela.pt\/noticias\/2026\/03\/18\/jd-vance-afasta-guerra-com-irao-e-apoia-demissao-do-chefe-de-contraterrorismo\/\",\"name\":\"JD Vance afasta guerra com Ir\u00e3o e apoia demiss\u00e3o do chefe de contraterrorismo - Portal Tela Portugal\",\"isPartOf\":{\"@id\":\"https:\/\/portaltela.pt\/#website\"},\"primaryImageOfPage\":{\"@id\":\"https:\/\/portaltela.pt\/noticias\/2026\/03\/18\/jd-vance-afasta-guerra-com-irao-e-apoia-demissao-do-chefe-de-contraterrorismo\/#primaryimage\"},\"image\":{\"@id\":\"https:\/\/portaltela.pt\/noticias\/2026\/03\/18\/jd-vance-afasta-guerra-com-irao-e-apoia-demissao-do-chefe-de-contraterrorismo\/#primaryimage\"},\"thumbnailUrl\":\"https:\/\/portaltela.pt\/s.01k8rhncp4jt1\/2026\/03\/CACHE_780X1200_ANALOG_WATERMARKED_46766982_1640226049766477-1.jpg\",\"datePublished\":\"2026-03-18T19:42:00+00:00\",\"author\":{\"@id\":\"https:\/\/portaltela.pt\/#\/schema\/person\/c4278d4a6028830caff9ee44b42d32ed\"},\"breadcrumb\":{\"@id\":\"https:\/\/portaltela.pt\/noticias\/2026\/03\/18\/jd-vance-afasta-guerra-com-irao-e-apoia-demissao-do-chefe-de-contraterrorismo\/#breadcrumb\"},\"inLanguage\":\"pt-PT\",\"potentialAction\":[{\"@type\":\"ReadAction\",\"target\":[\"https:\/\/portaltela.pt\/noticias\/2026\/03\/18\/jd-vance-afasta-guerra-com-irao-e-apoia-demissao-do-chefe-de-contraterrorismo\/\"]}]},{\"@type\":\"ImageObject\",\"inLanguage\":\"pt-PT\",\"@id\":\"https:\/\/portaltela.pt\/noticias\/2026\/03\/18\/jd-vance-afasta-guerra-com-irao-e-apoia-demissao-do-chefe-de-contraterrorismo\/#primaryimage\",\"url\":\"https:\/\/portaltela.pt\/s.01k8rhncp4jt1\/2026\/03\/CACHE_780X1200_ANALOG_WATERMARKED_46766982_1640226049766477-1.jpg\",\"contentUrl\":\"https:\/\/portaltela.pt\/s.01k8rhncp4jt1\/2026\/03\/CACHE_780X1200_ANALOG_WATERMARKED_46766982_1640226049766477-1.jpg\",\"width\":796,\"height\":448,\"caption\":\"JD Vance afasta guerra prolongada com Ir\u00e3o e apoia Trump na demiss\u00e3o de l\u00edder de contraterrorismo\"},{\"@type\":\"BreadcrumbList\",\"@id\":\"https:\/\/portaltela.pt\/noticias\/2026\/03\/18\/jd-vance-afasta-guerra-com-irao-e-apoia-demissao-do-chefe-de-contraterrorismo\/#breadcrumb\",\"itemListElement\":[{\"@type\":\"ListItem\",\"position\":1,\"name\":\"In\u00edcio\",\"item\":\"https:\/\/portaltela.pt\/\"},{\"@type\":\"ListItem\",\"position\":2,\"name\":\"JD Vance afasta guerra com Ir\u00e3o e apoia demiss\u00e3o do chefe de contraterrorismo\"}]},{\"@type\":\"WebSite\",\"@id\":\"https:\/\/portaltela.pt\/#website\",\"url\":\"https:\/\/portaltela.pt\/\",\"name\":\"Portal Tela Portugal\",\"description\":\"\",\"potentialAction\":[{\"@type\":\"SearchAction\",\"target\":{\"@type\":\"EntryPoint\",\"urlTemplate\":\"https:\/\/portaltela.pt\/?s={search_term_string}\"},\"query-input\":{\"@type\":\"PropertyValueSpecification\",\"valueRequired\":true,\"valueName\":\"search_term_string\"}}],\"inLanguage\":\"pt-PT\"},{\"@type\":\"Person\",\"@id\":\"https:\/\/portaltela.pt\/#\/schema\/person\/c4278d4a6028830caff9ee44b42d32ed\",\"name\":\"Telinha\",\"image\":{\"@type\":\"ImageObject\",\"inLanguage\":\"pt-PT\",\"@id\":\"https:\/\/portaltela.pt\/s.01k8rhncp4jt1\/2025\/11\/talking-bot-125x125.png\",\"url\":\"https:\/\/portaltela.pt\/s.01k8rhncp4jt1\/2025\/11\/talking-bot-125x125.png\",\"contentUrl\":\"https:\/\/portaltela.pt\/s.01k8rhncp4jt1\/2025\/11\/talking-bot-125x125.png\",\"caption\":\"Telinha\"},\"sameAs\":[\"https:\/\/portaltela.pt\/\"],\"url\":\"https:\/\/portaltela.pt\/por\/367410592786\/\"}]}<\/script>\n<!-- \/ Yoast SEO plugin. -->","yoast_head_json":{"title":"JD Vance afasta guerra com Ir\u00e3o e apoia demiss\u00e3o do chefe de contraterrorismo - Portal Tela Portugal","robots":{"index":"index","follow":"follow","max-snippet":"max-snippet:-1","max-image-preview":"max-image-preview:large","max-video-preview":"max-video-preview:-1"},"og_locale":"pt_PT","og_type":"article","og_title":"JD Vance afasta guerra com Ir\u00e3o e apoia demiss\u00e3o do chefe de contraterrorismo - Portal Tela Portugal","og_description":"JD Vance afirma evitar uma guerra prolongada com o Ir\u00e3o. O senador apoia Trump na demiss\u00e3o do l\u00edder da \u00e1rea de contraterrorismo. A posi\u00e7\u00e3o de Vance alinha-se com a gest\u00e3o de Trump em quest\u00f5es de seguran\u00e7a nacional. A not\u00edcia n\u00e3o detalha motivos espec\u00edficos para a demiss\u00e3o nem as implica\u00e7\u00f5es pol\u00edticas.","og_url":"https:\/\/portaltela.pt\/noticias\/2026\/03\/18\/jd-vance-afasta-guerra-com-irao-e-apoia-demissao-do-chefe-de-contraterrorismo\/","og_site_name":"Portal Tela Portugal","article_published_time":"2026-03-18T19:42:00+00:00","author":"Telinha","twitter_card":"summary_large_image","twitter_misc":{"Escrito por":"Telinha","Tempo estimado de leitura":"1 minuto"},"schema":{"@context":"https:\/\/schema.org","@graph":[{"@type":"Article","@id":"https:\/\/portaltela.pt\/noticias\/2026\/03\/18\/jd-vance-afasta-guerra-com-irao-e-apoia-demissao-do-chefe-de-contraterrorismo\/#article","isPartOf":{"@id":"https:\/\/portaltela.pt\/noticias\/2026\/03\/18\/jd-vance-afasta-guerra-com-irao-e-apoia-demissao-do-chefe-de-contraterrorismo\/"},"author":{"name":"Telinha","@id":"https:\/\/portaltela.pt\/#\/schema\/person\/c4278d4a6028830caff9ee44b42d32ed"},"headline":"JD Vance afasta guerra com Ir\u00e3o e apoia demiss\u00e3o do chefe de contraterrorismo","datePublished":"2026-03-18T19:42:00+00:00","mainEntityOfPage":{"@id":"https:\/\/portaltela.pt\/noticias\/2026\/03\/18\/jd-vance-afasta-guerra-com-irao-e-apoia-demissao-do-chefe-de-contraterrorismo\/"},"wordCount":131,"image":{"@id":"https:\/\/portaltela.pt\/noticias\/2026\/03\/18\/jd-vance-afasta-guerra-com-irao-e-apoia-demissao-do-chefe-de-contraterrorismo\/#primaryimage"},"thumbnailUrl":"https:\/\/portaltela.pt\/s.01k8rhncp4jt1\/2026\/03\/CACHE_780X1200_ANALOG_WATERMARKED_46766982_1640226049766477-1.jpg","keywords":["conflitos internacionais","demiss\u00e3o","Donald Trump","Ir\u00e3","pol\u00edtica","pol\u00edtica internacional"],"articleSection":["Geopol\u00edtica"],"inLanguage":"pt-PT"},{"@type":"WebPage","@id":"https:\/\/portaltela.pt\/noticias\/2026\/03\/18\/jd-vance-afasta-guerra-com-irao-e-apoia-demissao-do-chefe-de-contraterrorismo\/","url":"https:\/\/portaltela.pt\/noticias\/2026\/03\/18\/jd-vance-afasta-guerra-com-irao-e-apoia-demissao-do-chefe-de-contraterrorismo\/","name":"JD Vance afasta guerra com Ir\u00e3o e apoia demiss\u00e3o do chefe de contraterrorismo - Portal Tela Portugal","isPartOf":{"@id":"https:\/\/portaltela.pt\/#website"},"primaryImageOfPage":{"@id":"https:\/\/portaltela.pt\/noticias\/2026\/03\/18\/jd-vance-afasta-guerra-com-irao-e-apoia-demissao-do-chefe-de-contraterrorismo\/#primaryimage"},"image":{"@id":"https:\/\/portaltela.pt\/noticias\/2026\/03\/18\/jd-vance-afasta-guerra-com-irao-e-apoia-demissao-do-chefe-de-contraterrorismo\/#primaryimage"},"thumbnailUrl":"https:\/\/portaltela.pt\/s.01k8rhncp4jt1\/2026\/03\/CACHE_780X1200_ANALOG_WATERMARKED_46766982_1640226049766477-1.jpg","datePublished":"2026-03-18T19:42:00+00:00","author":{"@id":"https:\/\/portaltela.pt\/#\/schema\/person\/c4278d4a6028830caff9ee44b42d32ed"},"breadcrumb":{"@id":"https:\/\/portaltela.pt\/noticias\/2026\/03\/18\/jd-vance-afasta-guerra-com-irao-e-apoia-demissao-do-chefe-de-contraterrorismo\/#breadcrumb"},"inLanguage":"pt-PT","potentialAction":[{"@type":"ReadAction","target":["https:\/\/portaltela.pt\/noticias\/2026\/03\/18\/jd-vance-afasta-guerra-com-irao-e-apoia-demissao-do-chefe-de-contraterrorismo\/"]}]},{"@type":"ImageObject","inLanguage":"pt-PT","@id":"https:\/\/portaltela.pt\/noticias\/2026\/03\/18\/jd-vance-afasta-guerra-com-irao-e-apoia-demissao-do-chefe-de-contraterrorismo\/#primaryimage","url":"https:\/\/portaltela.pt\/s.01k8rhncp4jt1\/2026\/03\/CACHE_780X1200_ANALOG_WATERMARKED_46766982_1640226049766477-1.jpg","contentUrl":"https:\/\/portaltela.pt\/s.01k8rhncp4jt1\/2026\/03\/CACHE_780X1200_ANALOG_WATERMARKED_46766982_1640226049766477-1.jpg","width":796,"height":448,"caption":"JD Vance afasta guerra prolongada com Ir\u00e3o e apoia Trump na demiss\u00e3o de l\u00edder de contraterrorismo"},{"@type":"BreadcrumbList","@id":"https:\/\/portaltela.pt\/noticias\/2026\/03\/18\/jd-vance-afasta-guerra-com-irao-e-apoia-demissao-do-chefe-de-contraterrorismo\/#breadcrumb","itemListElement":[{"@type":"ListItem","position":1,"name":"In\u00edcio","item":"https:\/\/portaltela.pt\/"},{"@type":"ListItem","position":2,"name":"JD Vance afasta guerra com Ir\u00e3o e apoia demiss\u00e3o do chefe de contraterrorismo"}]},{"@type":"WebSite","@id":"https:\/\/portaltela.pt\/#website","url":"https:\/\/portaltela.pt\/","name":"Portal Tela Portugal","description":"","potentialAction":[{"@type":"SearchAction","target":{"@type":"EntryPoint","urlTemplate":"https:\/\/portaltela.pt\/?s={search_term_string}"},"query-input":{"@type":"PropertyValueSpecification","valueRequired":true,"valueName":"search_term_string"}}],"inLanguage":"pt-PT"},{"@type":"Person","@id":"https:\/\/portaltela.pt\/#\/schema\/person\/c4278d4a6028830caff9ee44b42d32ed","name":"Telinha","image":{"@type":"ImageObject","inLanguage":"pt-PT","@id":"https:\/\/portaltela.pt\/s.01k8rhncp4jt1\/2025\/11\/talking-bot-125x125.png","url":"https:\/\/portaltela.pt\/s.01k8rhncp4jt1\/2025\/11\/talking-bot-125x125.png","contentUrl":"https:\/\/portaltela.pt\/s.01k8rhncp4jt1\/2025\/11\/talking-bot-125x125.png","caption":"Telinha"},"sameAs":["https:\/\/portaltela.pt\/"],"url":"https:\/\/portaltela.pt\/por\/367410592786\/"}]}},"_links":{"self":[{"href":"https:\/\/portaltela.pt\/api\/wp\/v2\/posts\/415148","targetHints":{"allow":["GET"]}}],"collection":[{"href":"https:\/\/portaltela.pt\/api\/wp\/v2\/posts"}],"about":[{"href":"https:\/\/portaltela.pt\/api\/wp\/v2\/types\/post"}],"author":[{"embeddable":true,"href":"https:\/\/portaltela.pt\/api\/wp\/v2\/users\/2"}],"replies":[{"embeddable":true,"href":"https:\/\/portaltela.pt\/api\/wp\/v2\/comments?post=415148"}],"version-history":[{"count":0,"href":"https:\/\/portaltela.pt\/api\/wp\/v2\/posts\/415148\/revisions"}],"wp:featuredmedia":[{"embeddable":true,"href":"https:\/\/portaltela.pt\/api\/wp\/v2\/media\/415152"}],"wp:attachment":[{"href":"https:\/\/portaltela.pt\/api\/wp\/v2\/media?parent=415148"}],"wp:term":[{"taxonomy":"category","embeddable":true,"href":"https:\/\/portaltela.pt\/api\/wp\/v2\/categories?post=415148"},{"taxonomy":"post_tag","embeddable":true,"href":"https:\/\/portaltela.pt\/api\/wp\/v2\/tags?post=415148"}],"curies":[{"name":"wp","href":"https:\/\/api.w.org\/{rel}","templated":true}]}}