{"id":415031,"date":"2026-03-18T15:56:08","date_gmt":"2026-03-18T18:56:08","guid":{"rendered":"https:\/\/portaltela.pt\/noticias\/2026\/03\/18\/portugal-mira-podio-com-pelo-menos-cinco-atletas-nos-mundiais-indoor-de-torun\/"},"modified":"2026-03-18T15:56:08","modified_gmt":"2026-03-18T18:56:08","slug":"portugal-mira-podio-com-pelo-menos-cinco-atletas-nos-mundiais-indoor-de-torun","status":"publish","type":"post","link":"https:\/\/portaltela.pt\/desporto\/copa-do-mundo\/2026\/03\/18\/portugal-mira-podio-com-pelo-menos-cinco-atletas-nos-mundiais-indoor-de-torun\/","title":{"rendered":"Portugal mira p\u00f3dio com pelo menos cinco atletas nos Mundiais indoor de Torun"},"content":{"rendered":"<p>O diretor t\u00e9cnico nacional da Federa\u00e7\u00e3o Portuguesa de Atletismo (FPA) afirmou que Portugal pode ter pelo menos cinco atletas no p\u00f3dio nos Mundiais indoor de Torun 2026, entre sexta-feira e domingo. A comitiva, a mais numerosa de sempre, entra em pista para competir em pista coberta.<\/p>\n<p>A sele\u00e7\u00e3o, composta por 19 atletas, \u00e9 a maior j\u00e1 repetida para Mundiais indoor. Entre os nomeados, Isaac Nader e Salom\u00e9 Afonso disputam os 1.500 m, Agate Sousa e Gerson Bald\u00e9 atuam no salto em comprimento, e Auriol Dongmo compete no peso. Os t\u00e9cnicos consideram que h\u00e1 v\u00e1rias hip\u00f3teses de medalha.<\/p>\n<p>A aposta principal recai sobre os atuais recordistas nacionais: Nader surge com o t\u00edtulo absoluto na dist\u00e2ncia e melhor marca do ano entre os participantes; Sousa situa-se entre os melhores no comprimento; Bald\u00e9 apresenta o terceiro melhor salto da temporada. Dongmo, medalha de bronze no Europeu indoor, est\u00e1 na linha de favoritismo para o peso.<\/p>\n<h3>Comitiva e aus\u00eancias<\/h3>\n<p>O DTN lamentou a les\u00e3o de Lorene Bazolo, que fica de fora, e destacou a aus\u00eancia de Patr\u00edcia Silva, Jos\u00e9 Carlos Pinto, Tiago Lu\u00eds Pereira e, em especial, Pedro Pablo Pichardo. Al\u00e9m disso, Valentino, Tajiana Pinto estreia-se na competi\u00e7\u00e3o internacional, acrescentando experi\u00eancia \u00e0 equipa.<\/p>\n<p>Para al\u00e9m das estrelas, o foco tamb\u00e9m recai sobre os atletas que v\u00e3o disputar 400 metros e estafetas, considerados entre a nata mundial. O objetivo nacional \u00e9 discutir medalhas, mantendo o foco no alto n\u00edvel e no planeamento para o ver\u00e3o, quando decorrem os Europeus em Birmingham.<\/p>\n<p>O respons\u00e1vel salientou que alguns atletas chegam preparados para vencer, ainda que o resultado dependa de condi\u00e7\u00f5es do dia. Mesmo assim, assegurou que a equipa vai lutar por medalhas e manter\u00e1 o apoio da FPA para as oportunidades seguintes, incluindo os Mundiais ao ar livre.<\/p>\n","protected":false},"excerpt":{"rendered":"<ul>\n<li>O Diretor T\u00e9cnico Nacional da Federa\u00e7\u00e3o Portuguesa de Atletismo afirmou que Portugal leva pelo menos cinco atletas para lutar por medalhas nos Mundiais indoor em Torun 2026.<\/li>\n<li>A comitiva lusa \u00e9 a maior de sempre para Mundiais indoor, com 19 atletas.<\/li>\n<li>Isaac Nader e Salom\u00e9 Afonso competem nos 1.500 metros; Agate Sousa e Gerson Bald\u00e9 disputam o salto em comprimento; Auriol Dongmo participa no peso.<\/li>\n<li>Nader chega com o t\u00edtulo absoluto da dist\u00e2ncia e a melhor marca do ano entre os inscritos; Sousa tem tamb\u00e9m a melhor marca de entre os candidatos; Bald\u00e9 apresenta o terceiro salto da temporada; Dongmo \u00e9 a atual campe\u00e3 mundial em Belgrado 2022.<\/li>\n<li>O objetivo nacional \u00e9 vencer medalhas, com a finalidade de preparar evolu\u00e7\u00e3o para os Europeus ao ar livre em Birmingham, agosto.<\/li>\n<\/ul>\n","protected":false},"author":2,"featured_media":415040,"comment_status":"closed","ping_status":"closed","sticky":false,"template":"","format":"standard","meta":{"footnotes":""},"categories":[6695,21],"tags":[137,152,4566,120,1014,2057],"class_list":["post-415031","post","type-post","status-publish","format-standard","has-post-thumbnail","hentry","category-copa-do-mundo","category-desporto","tag-atletismo","tag-desporto","tag-federacao-portuguesa-de-atletismo","tag-medalhas","tag-portugal","tag-selecao-nacional"],"yoast_head":"<!-- This site is optimized with the Yoast SEO plugin v27.2 - https:\/\/yoast.com\/product\/yoast-seo-wordpress\/ -->\n<title>Portugal mira p\u00f3dio com pelo menos cinco atletas nos Mundiais indoor de Torun - Portal Tela Portugal<\/title>\n<meta name=\"robots\" content=\"index, follow, max-snippet:-1, max-image-preview:large, max-video-preview:-1\" \/>\n<meta property=\"og:locale\" content=\"pt_PT\" \/>\n<meta property=\"og:type\" content=\"article\" \/>\n<meta property=\"og:title\" content=\"Portugal mira p\u00f3dio com pelo menos cinco atletas nos Mundiais indoor de Torun - Portal Tela Portugal\" \/>\n<meta property=\"og:description\" content=\"O Diretor T\u00e9cnico Nacional da Federa\u00e7\u00e3o Portuguesa de Atletismo afirmou que Portugal leva pelo menos cinco atletas para lutar por medalhas nos Mundiais indoor em Torun 2026. A comitiva lusa \u00e9 a maior de sempre para Mundiais indoor, com 19 atletas. Isaac Nader e Salom\u00e9 Afonso competem nos 1.500 metros; Agate Sousa e Gerson Bald\u00e9 disputam o salto em comprimento; Auriol Dongmo participa no peso. Nader chega com o t\u00edtulo absoluto da dist\u00e2ncia e a melhor marca do ano entre os inscritos; Sousa tem tamb\u00e9m a melhor marca de entre os candidatos; Bald\u00e9 apresenta o terceiro salto da temporada; Dongmo \u00e9 a atual campe\u00e3 mundial em Belgrado 2022. O objetivo nacional \u00e9 vencer medalhas, com a finalidade de preparar evolu\u00e7\u00e3o para os Europeus ao ar livre em Birmingham, agosto.\" \/>\n<meta property=\"og:url\" content=\"https:\/\/portaltela.pt\/noticias\/2026\/03\/18\/portugal-mira-podio-com-pelo-menos-cinco-atletas-nos-mundiais-indoor-de-torun\/\" \/>\n<meta property=\"og:site_name\" content=\"Portal Tela Portugal\" \/>\n<meta property=\"article:published_time\" content=\"2026-03-18T18:56:08+00:00\" \/>\n<meta name=\"author\" content=\"Telinha\" \/>\n<meta name=\"twitter:card\" content=\"summary_large_image\" \/>\n<meta name=\"twitter:label1\" content=\"Escrito por\" \/>\n\t<meta name=\"twitter:data1\" content=\"Telinha\" \/>\n\t<meta name=\"twitter:label2\" content=\"Tempo estimado de leitura\" \/>\n\t<meta name=\"twitter:data2\" content=\"2 minutos\" \/>\n<script type=\"application\/ld+json\" class=\"yoast-schema-graph\">{\"@context\":\"https:\/\/schema.org\",\"@graph\":[{\"@type\":\"Article\",\"@id\":\"https:\/\/portaltela.pt\/noticias\/2026\/03\/18\/portugal-mira-podio-com-pelo-menos-cinco-atletas-nos-mundiais-indoor-de-torun\/#article\",\"isPartOf\":{\"@id\":\"https:\/\/portaltela.pt\/noticias\/2026\/03\/18\/portugal-mira-podio-com-pelo-menos-cinco-atletas-nos-mundiais-indoor-de-torun\/\"},\"author\":{\"name\":\"Telinha\",\"@id\":\"https:\/\/portaltela.pt\/#\/schema\/person\/c4278d4a6028830caff9ee44b42d32ed\"},\"headline\":\"Portugal mira p\u00f3dio com pelo menos cinco atletas nos Mundiais indoor de Torun\",\"datePublished\":\"2026-03-18T18:56:08+00:00\",\"mainEntityOfPage\":{\"@id\":\"https:\/\/portaltela.pt\/noticias\/2026\/03\/18\/portugal-mira-podio-com-pelo-menos-cinco-atletas-nos-mundiais-indoor-de-torun\/\"},\"wordCount\":322,\"image\":{\"@id\":\"https:\/\/portaltela.pt\/noticias\/2026\/03\/18\/portugal-mira-podio-com-pelo-menos-cinco-atletas-nos-mundiais-indoor-de-torun\/#primaryimage\"},\"thumbnailUrl\":\"https:\/\/portaltela.pt\/s.01k8rhncp4jt1\/2026\/03\/img_920x518uu2026-03-18-18-55-54-2427912.jpg\",\"keywords\":[\"atletismo\",\"desporto\",\"Federa\u00e7\u00e3o Portuguesa de Atletismo\",\"medalhas\",\"Portugal\",\"Sele\u00e7\u00e3o Nacional\"],\"articleSection\":[\"Copa do Mundo\",\"Desporto\"],\"inLanguage\":\"pt-PT\"},{\"@type\":\"WebPage\",\"@id\":\"https:\/\/portaltela.pt\/noticias\/2026\/03\/18\/portugal-mira-podio-com-pelo-menos-cinco-atletas-nos-mundiais-indoor-de-torun\/\",\"url\":\"https:\/\/portaltela.pt\/noticias\/2026\/03\/18\/portugal-mira-podio-com-pelo-menos-cinco-atletas-nos-mundiais-indoor-de-torun\/\",\"name\":\"Portugal mira p\u00f3dio com pelo menos cinco atletas nos Mundiais indoor de Torun - Portal Tela Portugal\",\"isPartOf\":{\"@id\":\"https:\/\/portaltela.pt\/#website\"},\"primaryImageOfPage\":{\"@id\":\"https:\/\/portaltela.pt\/noticias\/2026\/03\/18\/portugal-mira-podio-com-pelo-menos-cinco-atletas-nos-mundiais-indoor-de-torun\/#primaryimage\"},\"image\":{\"@id\":\"https:\/\/portaltela.pt\/noticias\/2026\/03\/18\/portugal-mira-podio-com-pelo-menos-cinco-atletas-nos-mundiais-indoor-de-torun\/#primaryimage\"},\"thumbnailUrl\":\"https:\/\/portaltela.pt\/s.01k8rhncp4jt1\/2026\/03\/img_920x518uu2026-03-18-18-55-54-2427912.jpg\",\"datePublished\":\"2026-03-18T18:56:08+00:00\",\"author\":{\"@id\":\"https:\/\/portaltela.pt\/#\/schema\/person\/c4278d4a6028830caff9ee44b42d32ed\"},\"breadcrumb\":{\"@id\":\"https:\/\/portaltela.pt\/noticias\/2026\/03\/18\/portugal-mira-podio-com-pelo-menos-cinco-atletas-nos-mundiais-indoor-de-torun\/#breadcrumb\"},\"inLanguage\":\"pt-PT\",\"potentialAction\":[{\"@type\":\"ReadAction\",\"target\":[\"https:\/\/portaltela.pt\/noticias\/2026\/03\/18\/portugal-mira-podio-com-pelo-menos-cinco-atletas-nos-mundiais-indoor-de-torun\/\"]}]},{\"@type\":\"ImageObject\",\"inLanguage\":\"pt-PT\",\"@id\":\"https:\/\/portaltela.pt\/noticias\/2026\/03\/18\/portugal-mira-podio-com-pelo-menos-cinco-atletas-nos-mundiais-indoor-de-torun\/#primaryimage\",\"url\":\"https:\/\/portaltela.pt\/s.01k8rhncp4jt1\/2026\/03\/img_920x518uu2026-03-18-18-55-54-2427912.jpg\",\"contentUrl\":\"https:\/\/portaltela.pt\/s.01k8rhncp4jt1\/2026\/03\/img_920x518uu2026-03-18-18-55-54-2427912.jpg\",\"width\":796,\"height\":448,\"caption\":\"Atletas portugueses rumo aos Mundiais indoor de Torun\"},{\"@type\":\"BreadcrumbList\",\"@id\":\"https:\/\/portaltela.pt\/noticias\/2026\/03\/18\/portugal-mira-podio-com-pelo-menos-cinco-atletas-nos-mundiais-indoor-de-torun\/#breadcrumb\",\"itemListElement\":[{\"@type\":\"ListItem\",\"position\":1,\"name\":\"In\u00edcio\",\"item\":\"https:\/\/portaltela.pt\/\"},{\"@type\":\"ListItem\",\"position\":2,\"name\":\"Portugal mira p\u00f3dio com pelo menos cinco atletas nos Mundiais indoor de Torun\"}]},{\"@type\":\"WebSite\",\"@id\":\"https:\/\/portaltela.pt\/#website\",\"url\":\"https:\/\/portaltela.pt\/\",\"name\":\"Portal Tela Portugal\",\"description\":\"\",\"potentialAction\":[{\"@type\":\"SearchAction\",\"target\":{\"@type\":\"EntryPoint\",\"urlTemplate\":\"https:\/\/portaltela.pt\/?s={search_term_string}\"},\"query-input\":{\"@type\":\"PropertyValueSpecification\",\"valueRequired\":true,\"valueName\":\"search_term_string\"}}],\"inLanguage\":\"pt-PT\"},{\"@type\":\"Person\",\"@id\":\"https:\/\/portaltela.pt\/#\/schema\/person\/c4278d4a6028830caff9ee44b42d32ed\",\"name\":\"Telinha\",\"image\":{\"@type\":\"ImageObject\",\"inLanguage\":\"pt-PT\",\"@id\":\"https:\/\/portaltela.pt\/s.01k8rhncp4jt1\/2025\/11\/talking-bot-125x125.png\",\"url\":\"https:\/\/portaltela.pt\/s.01k8rhncp4jt1\/2025\/11\/talking-bot-125x125.png\",\"contentUrl\":\"https:\/\/portaltela.pt\/s.01k8rhncp4jt1\/2025\/11\/talking-bot-125x125.png\",\"caption\":\"Telinha\"},\"sameAs\":[\"https:\/\/portaltela.pt\/\"],\"url\":\"https:\/\/portaltela.pt\/por\/367410592786\/\"}]}<\/script>\n<!-- \/ Yoast SEO plugin. -->","yoast_head_json":{"title":"Portugal mira p\u00f3dio com pelo menos cinco atletas nos Mundiais indoor de Torun - Portal Tela Portugal","robots":{"index":"index","follow":"follow","max-snippet":"max-snippet:-1","max-image-preview":"max-image-preview:large","max-video-preview":"max-video-preview:-1"},"og_locale":"pt_PT","og_type":"article","og_title":"Portugal mira p\u00f3dio com pelo menos cinco atletas nos Mundiais indoor de Torun - Portal Tela Portugal","og_description":"O Diretor T\u00e9cnico Nacional da Federa\u00e7\u00e3o Portuguesa de Atletismo afirmou que Portugal leva pelo menos cinco atletas para lutar por medalhas nos Mundiais indoor em Torun 2026. A comitiva lusa \u00e9 a maior de sempre para Mundiais indoor, com 19 atletas. Isaac Nader e Salom\u00e9 Afonso competem nos 1.500 metros; Agate Sousa e Gerson Bald\u00e9 disputam o salto em comprimento; Auriol Dongmo participa no peso. Nader chega com o t\u00edtulo absoluto da dist\u00e2ncia e a melhor marca do ano entre os inscritos; Sousa tem tamb\u00e9m a melhor marca de entre os candidatos; Bald\u00e9 apresenta o terceiro salto da temporada; Dongmo \u00e9 a atual campe\u00e3 mundial em Belgrado 2022. O objetivo nacional \u00e9 vencer medalhas, com a finalidade de preparar evolu\u00e7\u00e3o para os Europeus ao ar livre em Birmingham, agosto.","og_url":"https:\/\/portaltela.pt\/noticias\/2026\/03\/18\/portugal-mira-podio-com-pelo-menos-cinco-atletas-nos-mundiais-indoor-de-torun\/","og_site_name":"Portal Tela Portugal","article_published_time":"2026-03-18T18:56:08+00:00","author":"Telinha","twitter_card":"summary_large_image","twitter_misc":{"Escrito por":"Telinha","Tempo estimado de leitura":"2 minutos"},"schema":{"@context":"https:\/\/schema.org","@graph":[{"@type":"Article","@id":"https:\/\/portaltela.pt\/noticias\/2026\/03\/18\/portugal-mira-podio-com-pelo-menos-cinco-atletas-nos-mundiais-indoor-de-torun\/#article","isPartOf":{"@id":"https:\/\/portaltela.pt\/noticias\/2026\/03\/18\/portugal-mira-podio-com-pelo-menos-cinco-atletas-nos-mundiais-indoor-de-torun\/"},"author":{"name":"Telinha","@id":"https:\/\/portaltela.pt\/#\/schema\/person\/c4278d4a6028830caff9ee44b42d32ed"},"headline":"Portugal mira p\u00f3dio com pelo menos cinco atletas nos Mundiais indoor de Torun","datePublished":"2026-03-18T18:56:08+00:00","mainEntityOfPage":{"@id":"https:\/\/portaltela.pt\/noticias\/2026\/03\/18\/portugal-mira-podio-com-pelo-menos-cinco-atletas-nos-mundiais-indoor-de-torun\/"},"wordCount":322,"image":{"@id":"https:\/\/portaltela.pt\/noticias\/2026\/03\/18\/portugal-mira-podio-com-pelo-menos-cinco-atletas-nos-mundiais-indoor-de-torun\/#primaryimage"},"thumbnailUrl":"https:\/\/portaltela.pt\/s.01k8rhncp4jt1\/2026\/03\/img_920x518uu2026-03-18-18-55-54-2427912.jpg","keywords":["atletismo","desporto","Federa\u00e7\u00e3o Portuguesa de Atletismo","medalhas","Portugal","Sele\u00e7\u00e3o Nacional"],"articleSection":["Copa do Mundo","Desporto"],"inLanguage":"pt-PT"},{"@type":"WebPage","@id":"https:\/\/portaltela.pt\/noticias\/2026\/03\/18\/portugal-mira-podio-com-pelo-menos-cinco-atletas-nos-mundiais-indoor-de-torun\/","url":"https:\/\/portaltela.pt\/noticias\/2026\/03\/18\/portugal-mira-podio-com-pelo-menos-cinco-atletas-nos-mundiais-indoor-de-torun\/","name":"Portugal mira p\u00f3dio com pelo menos cinco atletas nos Mundiais indoor de Torun - Portal Tela Portugal","isPartOf":{"@id":"https:\/\/portaltela.pt\/#website"},"primaryImageOfPage":{"@id":"https:\/\/portaltela.pt\/noticias\/2026\/03\/18\/portugal-mira-podio-com-pelo-menos-cinco-atletas-nos-mundiais-indoor-de-torun\/#primaryimage"},"image":{"@id":"https:\/\/portaltela.pt\/noticias\/2026\/03\/18\/portugal-mira-podio-com-pelo-menos-cinco-atletas-nos-mundiais-indoor-de-torun\/#primaryimage"},"thumbnailUrl":"https:\/\/portaltela.pt\/s.01k8rhncp4jt1\/2026\/03\/img_920x518uu2026-03-18-18-55-54-2427912.jpg","datePublished":"2026-03-18T18:56:08+00:00","author":{"@id":"https:\/\/portaltela.pt\/#\/schema\/person\/c4278d4a6028830caff9ee44b42d32ed"},"breadcrumb":{"@id":"https:\/\/portaltela.pt\/noticias\/2026\/03\/18\/portugal-mira-podio-com-pelo-menos-cinco-atletas-nos-mundiais-indoor-de-torun\/#breadcrumb"},"inLanguage":"pt-PT","potentialAction":[{"@type":"ReadAction","target":["https:\/\/portaltela.pt\/noticias\/2026\/03\/18\/portugal-mira-podio-com-pelo-menos-cinco-atletas-nos-mundiais-indoor-de-torun\/"]}]},{"@type":"ImageObject","inLanguage":"pt-PT","@id":"https:\/\/portaltela.pt\/noticias\/2026\/03\/18\/portugal-mira-podio-com-pelo-menos-cinco-atletas-nos-mundiais-indoor-de-torun\/#primaryimage","url":"https:\/\/portaltela.pt\/s.01k8rhncp4jt1\/2026\/03\/img_920x518uu2026-03-18-18-55-54-2427912.jpg","contentUrl":"https:\/\/portaltela.pt\/s.01k8rhncp4jt1\/2026\/03\/img_920x518uu2026-03-18-18-55-54-2427912.jpg","width":796,"height":448,"caption":"Atletas portugueses rumo aos Mundiais indoor de Torun"},{"@type":"BreadcrumbList","@id":"https:\/\/portaltela.pt\/noticias\/2026\/03\/18\/portugal-mira-podio-com-pelo-menos-cinco-atletas-nos-mundiais-indoor-de-torun\/#breadcrumb","itemListElement":[{"@type":"ListItem","position":1,"name":"In\u00edcio","item":"https:\/\/portaltela.pt\/"},{"@type":"ListItem","position":2,"name":"Portugal mira p\u00f3dio com pelo menos cinco atletas nos Mundiais indoor de Torun"}]},{"@type":"WebSite","@id":"https:\/\/portaltela.pt\/#website","url":"https:\/\/portaltela.pt\/","name":"Portal Tela Portugal","description":"","potentialAction":[{"@type":"SearchAction","target":{"@type":"EntryPoint","urlTemplate":"https:\/\/portaltela.pt\/?s={search_term_string}"},"query-input":{"@type":"PropertyValueSpecification","valueRequired":true,"valueName":"search_term_string"}}],"inLanguage":"pt-PT"},{"@type":"Person","@id":"https:\/\/portaltela.pt\/#\/schema\/person\/c4278d4a6028830caff9ee44b42d32ed","name":"Telinha","image":{"@type":"ImageObject","inLanguage":"pt-PT","@id":"https:\/\/portaltela.pt\/s.01k8rhncp4jt1\/2025\/11\/talking-bot-125x125.png","url":"https:\/\/portaltela.pt\/s.01k8rhncp4jt1\/2025\/11\/talking-bot-125x125.png","contentUrl":"https:\/\/portaltela.pt\/s.01k8rhncp4jt1\/2025\/11\/talking-bot-125x125.png","caption":"Telinha"},"sameAs":["https:\/\/portaltela.pt\/"],"url":"https:\/\/portaltela.pt\/por\/367410592786\/"}]}},"_links":{"self":[{"href":"https:\/\/portaltela.pt\/api\/wp\/v2\/posts\/415031","targetHints":{"allow":["GET"]}}],"collection":[{"href":"https:\/\/portaltela.pt\/api\/wp\/v2\/posts"}],"about":[{"href":"https:\/\/portaltela.pt\/api\/wp\/v2\/types\/post"}],"author":[{"embeddable":true,"href":"https:\/\/portaltela.pt\/api\/wp\/v2\/users\/2"}],"replies":[{"embeddable":true,"href":"https:\/\/portaltela.pt\/api\/wp\/v2\/comments?post=415031"}],"version-history":[{"count":0,"href":"https:\/\/portaltela.pt\/api\/wp\/v2\/posts\/415031\/revisions"}],"wp:featuredmedia":[{"embeddable":true,"href":"https:\/\/portaltela.pt\/api\/wp\/v2\/media\/415040"}],"wp:attachment":[{"href":"https:\/\/portaltela.pt\/api\/wp\/v2\/media?parent=415031"}],"wp:term":[{"taxonomy":"category","embeddable":true,"href":"https:\/\/portaltela.pt\/api\/wp\/v2\/categories?post=415031"},{"taxonomy":"post_tag","embeddable":true,"href":"https:\/\/portaltela.pt\/api\/wp\/v2\/tags?post=415031"}],"curies":[{"name":"wp","href":"https:\/\/api.w.org\/{rel}","templated":true}]}}