{"id":415019,"date":"2026-03-18T15:50:05","date_gmt":"2026-03-18T18:50:05","guid":{"rendered":"https:\/\/portaltela.pt\/noticias\/2026\/03\/18\/seca-de-elisor-nao-abala-confianca-da-sad-do-famalicao\/"},"modified":"2026-03-18T15:50:05","modified_gmt":"2026-03-18T18:50:05","slug":"seca-de-elisor-nao-abala-confianca-da-sad-do-famalicao","status":"publish","type":"post","link":"https:\/\/portaltela.pt\/desporto\/futebol\/2026\/03\/18\/seca-de-elisor-nao-abala-confianca-da-sad-do-famalicao\/","title":{"rendered":"Seca de Elisor n\u00e3o abala confian\u00e7a da SAD do Famalic\u00e3o"},"content":{"rendered":"<p>Desde a sa\u00edda de Yassir Zabiri no mercado de janeiro, Elisor voltou a assumir o papel de refer\u00eancia no ataque do Famalic\u00e3o. O avan\u00e7ado franc\u00eas tem enfrentado dificuldades para marcar desde ent\u00e3o, com impacto na produ\u00e7\u00e3o ofensiva.<\/p>\n<p>O ponta-de-lan\u00e7a foi titular em seis jogos, estando suplente utilizado nas restantes partidas. Ao todo, soma uma assist\u00eancia e tr\u00eas contributos para golo nesta temporada: um golo e duas assist\u00eancias.<\/p>\n<p>A explica\u00e7\u00e3o para a seca de golos envolve fatores m\u00faltiplos, incluindo a din\u00e2mica ofensiva do conjunto, adapta\u00e7\u00e3o ao sistema e a concorr\u00eancia interna pela posi\u00e7\u00e3o. A equipa n\u00e3o revelou detalhes oficiais sobre medidas a tomar.<\/p>\n","protected":false},"excerpt":{"rendered":"<ul>\n<li>Desde a sa\u00edda de Yassir Zabiri no mercado de janeiro, Simon Elisor voltou a ser a principal op\u00e7\u00e3o de ataque do Famalic\u00e3o.<\/li>\n<li>O avan\u00e7ado franc\u00eas foi titular em seis jogos e entrou como suplente nas restantes partidas.<\/li>\n<li>Nesta temporada, soma tr\u00eas contribui\u00e7\u00f5es para golo: um golo e duas assist\u00eancias.<\/li>\n<li>A performance ocorre num contexto de seca de golos por parte de Elisor.<\/li>\n<li>Os dados refletem a situa\u00e7\u00e3o atual da equipa na competi\u00e7\u00e3o.<\/li>\n<\/ul>\n","protected":false},"author":2,"featured_media":415023,"comment_status":"closed","ping_status":"closed","sticky":false,"template":"","format":"standard","meta":{"footnotes":""},"categories":[21,24],"tags":[4059,2068,152,1396,32,48],"class_list":["post-415019","post","type-post","status-publish","format-standard","has-post-thumbnail","hentry","category-desporto","category-futebol","tag-1-a-liga","tag-assistencias","tag-desporto","tag-famalicao","tag-futebol","tag-gols"],"yoast_head":"<!-- This site is optimized with the Yoast SEO plugin v27.2 - https:\/\/yoast.com\/product\/yoast-seo-wordpress\/ -->\n<title>Seca de Elisor n\u00e3o abala confian\u00e7a da SAD do Famalic\u00e3o - Portal Tela Portugal<\/title>\n<meta name=\"robots\" content=\"index, follow, max-snippet:-1, max-image-preview:large, max-video-preview:-1\" \/>\n<meta property=\"og:locale\" content=\"pt_PT\" \/>\n<meta property=\"og:type\" content=\"article\" \/>\n<meta property=\"og:title\" content=\"Seca de Elisor n\u00e3o abala confian\u00e7a da SAD do Famalic\u00e3o - Portal Tela Portugal\" \/>\n<meta property=\"og:description\" content=\"Desde a sa\u00edda de Yassir Zabiri no mercado de janeiro, Simon Elisor voltou a ser a principal op\u00e7\u00e3o de ataque do Famalic\u00e3o. O avan\u00e7ado franc\u00eas foi titular em seis jogos e entrou como suplente nas restantes partidas. Nesta temporada, soma tr\u00eas contribui\u00e7\u00f5es para golo: um golo e duas assist\u00eancias. A performance ocorre num contexto de seca de golos por parte de Elisor. Os dados refletem a situa\u00e7\u00e3o atual da equipa na competi\u00e7\u00e3o.\" \/>\n<meta property=\"og:url\" content=\"https:\/\/portaltela.pt\/noticias\/2026\/03\/18\/seca-de-elisor-nao-abala-confianca-da-sad-do-famalicao\/\" \/>\n<meta property=\"og:site_name\" content=\"Portal Tela Portugal\" \/>\n<meta property=\"article:published_time\" content=\"2026-03-18T18:50:05+00:00\" \/>\n<meta name=\"author\" content=\"Telinha\" \/>\n<meta name=\"twitter:card\" content=\"summary_large_image\" \/>\n<meta name=\"twitter:label1\" content=\"Escrito por\" \/>\n\t<meta name=\"twitter:data1\" content=\"Telinha\" \/>\n\t<meta name=\"twitter:label2\" content=\"Tempo estimado de leitura\" \/>\n\t<meta name=\"twitter:data2\" content=\"1 minuto\" \/>\n<script type=\"application\/ld+json\" class=\"yoast-schema-graph\">{\"@context\":\"https:\/\/schema.org\",\"@graph\":[{\"@type\":\"Article\",\"@id\":\"https:\/\/portaltela.pt\/noticias\/2026\/03\/18\/seca-de-elisor-nao-abala-confianca-da-sad-do-famalicao\/#article\",\"isPartOf\":{\"@id\":\"https:\/\/portaltela.pt\/noticias\/2026\/03\/18\/seca-de-elisor-nao-abala-confianca-da-sad-do-famalicao\/\"},\"author\":{\"name\":\"Telinha\",\"@id\":\"https:\/\/portaltela.pt\/#\/schema\/person\/c4278d4a6028830caff9ee44b42d32ed\"},\"headline\":\"Seca de Elisor n\u00e3o abala confian\u00e7a da SAD do Famalic\u00e3o\",\"datePublished\":\"2026-03-18T18:50:05+00:00\",\"mainEntityOfPage\":{\"@id\":\"https:\/\/portaltela.pt\/noticias\/2026\/03\/18\/seca-de-elisor-nao-abala-confianca-da-sad-do-famalicao\/\"},\"wordCount\":133,\"image\":{\"@id\":\"https:\/\/portaltela.pt\/noticias\/2026\/03\/18\/seca-de-elisor-nao-abala-confianca-da-sad-do-famalicao\/#primaryimage\"},\"thumbnailUrl\":\"https:\/\/portaltela.pt\/s.01k8rhncp4jt1\/2026\/03\/img_920x518uu2026-03-18-18-44-35-2427906-im-639094563035212626.jpg\",\"keywords\":[\"1.\u00aa Liga\",\"assist\u00eancias\",\"desporto\",\"Famalic\u00e3o\",\"futebol\",\"gols\"],\"articleSection\":[\"Desporto\",\"Futebol\"],\"inLanguage\":\"pt-PT\"},{\"@type\":\"WebPage\",\"@id\":\"https:\/\/portaltela.pt\/noticias\/2026\/03\/18\/seca-de-elisor-nao-abala-confianca-da-sad-do-famalicao\/\",\"url\":\"https:\/\/portaltela.pt\/noticias\/2026\/03\/18\/seca-de-elisor-nao-abala-confianca-da-sad-do-famalicao\/\",\"name\":\"Seca de Elisor n\u00e3o abala confian\u00e7a da SAD do Famalic\u00e3o - Portal Tela Portugal\",\"isPartOf\":{\"@id\":\"https:\/\/portaltela.pt\/#website\"},\"primaryImageOfPage\":{\"@id\":\"https:\/\/portaltela.pt\/noticias\/2026\/03\/18\/seca-de-elisor-nao-abala-confianca-da-sad-do-famalicao\/#primaryimage\"},\"image\":{\"@id\":\"https:\/\/portaltela.pt\/noticias\/2026\/03\/18\/seca-de-elisor-nao-abala-confianca-da-sad-do-famalicao\/#primaryimage\"},\"thumbnailUrl\":\"https:\/\/portaltela.pt\/s.01k8rhncp4jt1\/2026\/03\/img_920x518uu2026-03-18-18-44-35-2427906-im-639094563035212626.jpg\",\"datePublished\":\"2026-03-18T18:50:05+00:00\",\"author\":{\"@id\":\"https:\/\/portaltela.pt\/#\/schema\/person\/c4278d4a6028830caff9ee44b42d32ed\"},\"breadcrumb\":{\"@id\":\"https:\/\/portaltela.pt\/noticias\/2026\/03\/18\/seca-de-elisor-nao-abala-confianca-da-sad-do-famalicao\/#breadcrumb\"},\"inLanguage\":\"pt-PT\",\"potentialAction\":[{\"@type\":\"ReadAction\",\"target\":[\"https:\/\/portaltela.pt\/noticias\/2026\/03\/18\/seca-de-elisor-nao-abala-confianca-da-sad-do-famalicao\/\"]}]},{\"@type\":\"ImageObject\",\"inLanguage\":\"pt-PT\",\"@id\":\"https:\/\/portaltela.pt\/noticias\/2026\/03\/18\/seca-de-elisor-nao-abala-confianca-da-sad-do-famalicao\/#primaryimage\",\"url\":\"https:\/\/portaltela.pt\/s.01k8rhncp4jt1\/2026\/03\/img_920x518uu2026-03-18-18-44-35-2427906-im-639094563035212626.jpg\",\"contentUrl\":\"https:\/\/portaltela.pt\/s.01k8rhncp4jt1\/2026\/03\/img_920x518uu2026-03-18-18-44-35-2427906-im-639094563035212626.jpg\",\"width\":796,\"height\":448,\"caption\":\"Elisor, do Famalic\u00e3o, enfrenta dificuldades com a seca de golos\"},{\"@type\":\"BreadcrumbList\",\"@id\":\"https:\/\/portaltela.pt\/noticias\/2026\/03\/18\/seca-de-elisor-nao-abala-confianca-da-sad-do-famalicao\/#breadcrumb\",\"itemListElement\":[{\"@type\":\"ListItem\",\"position\":1,\"name\":\"In\u00edcio\",\"item\":\"https:\/\/portaltela.pt\/\"},{\"@type\":\"ListItem\",\"position\":2,\"name\":\"Seca de Elisor n\u00e3o abala confian\u00e7a da SAD do Famalic\u00e3o\"}]},{\"@type\":\"WebSite\",\"@id\":\"https:\/\/portaltela.pt\/#website\",\"url\":\"https:\/\/portaltela.pt\/\",\"name\":\"Portal Tela Portugal\",\"description\":\"\",\"potentialAction\":[{\"@type\":\"SearchAction\",\"target\":{\"@type\":\"EntryPoint\",\"urlTemplate\":\"https:\/\/portaltela.pt\/?s={search_term_string}\"},\"query-input\":{\"@type\":\"PropertyValueSpecification\",\"valueRequired\":true,\"valueName\":\"search_term_string\"}}],\"inLanguage\":\"pt-PT\"},{\"@type\":\"Person\",\"@id\":\"https:\/\/portaltela.pt\/#\/schema\/person\/c4278d4a6028830caff9ee44b42d32ed\",\"name\":\"Telinha\",\"image\":{\"@type\":\"ImageObject\",\"inLanguage\":\"pt-PT\",\"@id\":\"https:\/\/portaltela.pt\/s.01k8rhncp4jt1\/2025\/11\/talking-bot-125x125.png\",\"url\":\"https:\/\/portaltela.pt\/s.01k8rhncp4jt1\/2025\/11\/talking-bot-125x125.png\",\"contentUrl\":\"https:\/\/portaltela.pt\/s.01k8rhncp4jt1\/2025\/11\/talking-bot-125x125.png\",\"caption\":\"Telinha\"},\"sameAs\":[\"https:\/\/portaltela.pt\/\"],\"url\":\"https:\/\/portaltela.pt\/por\/367410592786\/\"}]}<\/script>\n<!-- \/ Yoast SEO plugin. -->","yoast_head_json":{"title":"Seca de Elisor n\u00e3o abala confian\u00e7a da SAD do Famalic\u00e3o - Portal Tela Portugal","robots":{"index":"index","follow":"follow","max-snippet":"max-snippet:-1","max-image-preview":"max-image-preview:large","max-video-preview":"max-video-preview:-1"},"og_locale":"pt_PT","og_type":"article","og_title":"Seca de Elisor n\u00e3o abala confian\u00e7a da SAD do Famalic\u00e3o - Portal Tela Portugal","og_description":"Desde a sa\u00edda de Yassir Zabiri no mercado de janeiro, Simon Elisor voltou a ser a principal op\u00e7\u00e3o de ataque do Famalic\u00e3o. O avan\u00e7ado franc\u00eas foi titular em seis jogos e entrou como suplente nas restantes partidas. Nesta temporada, soma tr\u00eas contribui\u00e7\u00f5es para golo: um golo e duas assist\u00eancias. A performance ocorre num contexto de seca de golos por parte de Elisor. Os dados refletem a situa\u00e7\u00e3o atual da equipa na competi\u00e7\u00e3o.","og_url":"https:\/\/portaltela.pt\/noticias\/2026\/03\/18\/seca-de-elisor-nao-abala-confianca-da-sad-do-famalicao\/","og_site_name":"Portal Tela Portugal","article_published_time":"2026-03-18T18:50:05+00:00","author":"Telinha","twitter_card":"summary_large_image","twitter_misc":{"Escrito por":"Telinha","Tempo estimado de leitura":"1 minuto"},"schema":{"@context":"https:\/\/schema.org","@graph":[{"@type":"Article","@id":"https:\/\/portaltela.pt\/noticias\/2026\/03\/18\/seca-de-elisor-nao-abala-confianca-da-sad-do-famalicao\/#article","isPartOf":{"@id":"https:\/\/portaltela.pt\/noticias\/2026\/03\/18\/seca-de-elisor-nao-abala-confianca-da-sad-do-famalicao\/"},"author":{"name":"Telinha","@id":"https:\/\/portaltela.pt\/#\/schema\/person\/c4278d4a6028830caff9ee44b42d32ed"},"headline":"Seca de Elisor n\u00e3o abala confian\u00e7a da SAD do Famalic\u00e3o","datePublished":"2026-03-18T18:50:05+00:00","mainEntityOfPage":{"@id":"https:\/\/portaltela.pt\/noticias\/2026\/03\/18\/seca-de-elisor-nao-abala-confianca-da-sad-do-famalicao\/"},"wordCount":133,"image":{"@id":"https:\/\/portaltela.pt\/noticias\/2026\/03\/18\/seca-de-elisor-nao-abala-confianca-da-sad-do-famalicao\/#primaryimage"},"thumbnailUrl":"https:\/\/portaltela.pt\/s.01k8rhncp4jt1\/2026\/03\/img_920x518uu2026-03-18-18-44-35-2427906-im-639094563035212626.jpg","keywords":["1.\u00aa Liga","assist\u00eancias","desporto","Famalic\u00e3o","futebol","gols"],"articleSection":["Desporto","Futebol"],"inLanguage":"pt-PT"},{"@type":"WebPage","@id":"https:\/\/portaltela.pt\/noticias\/2026\/03\/18\/seca-de-elisor-nao-abala-confianca-da-sad-do-famalicao\/","url":"https:\/\/portaltela.pt\/noticias\/2026\/03\/18\/seca-de-elisor-nao-abala-confianca-da-sad-do-famalicao\/","name":"Seca de Elisor n\u00e3o abala confian\u00e7a da SAD do Famalic\u00e3o - Portal Tela Portugal","isPartOf":{"@id":"https:\/\/portaltela.pt\/#website"},"primaryImageOfPage":{"@id":"https:\/\/portaltela.pt\/noticias\/2026\/03\/18\/seca-de-elisor-nao-abala-confianca-da-sad-do-famalicao\/#primaryimage"},"image":{"@id":"https:\/\/portaltela.pt\/noticias\/2026\/03\/18\/seca-de-elisor-nao-abala-confianca-da-sad-do-famalicao\/#primaryimage"},"thumbnailUrl":"https:\/\/portaltela.pt\/s.01k8rhncp4jt1\/2026\/03\/img_920x518uu2026-03-18-18-44-35-2427906-im-639094563035212626.jpg","datePublished":"2026-03-18T18:50:05+00:00","author":{"@id":"https:\/\/portaltela.pt\/#\/schema\/person\/c4278d4a6028830caff9ee44b42d32ed"},"breadcrumb":{"@id":"https:\/\/portaltela.pt\/noticias\/2026\/03\/18\/seca-de-elisor-nao-abala-confianca-da-sad-do-famalicao\/#breadcrumb"},"inLanguage":"pt-PT","potentialAction":[{"@type":"ReadAction","target":["https:\/\/portaltela.pt\/noticias\/2026\/03\/18\/seca-de-elisor-nao-abala-confianca-da-sad-do-famalicao\/"]}]},{"@type":"ImageObject","inLanguage":"pt-PT","@id":"https:\/\/portaltela.pt\/noticias\/2026\/03\/18\/seca-de-elisor-nao-abala-confianca-da-sad-do-famalicao\/#primaryimage","url":"https:\/\/portaltela.pt\/s.01k8rhncp4jt1\/2026\/03\/img_920x518uu2026-03-18-18-44-35-2427906-im-639094563035212626.jpg","contentUrl":"https:\/\/portaltela.pt\/s.01k8rhncp4jt1\/2026\/03\/img_920x518uu2026-03-18-18-44-35-2427906-im-639094563035212626.jpg","width":796,"height":448,"caption":"Elisor, do Famalic\u00e3o, enfrenta dificuldades com a seca de golos"},{"@type":"BreadcrumbList","@id":"https:\/\/portaltela.pt\/noticias\/2026\/03\/18\/seca-de-elisor-nao-abala-confianca-da-sad-do-famalicao\/#breadcrumb","itemListElement":[{"@type":"ListItem","position":1,"name":"In\u00edcio","item":"https:\/\/portaltela.pt\/"},{"@type":"ListItem","position":2,"name":"Seca de Elisor n\u00e3o abala confian\u00e7a da SAD do Famalic\u00e3o"}]},{"@type":"WebSite","@id":"https:\/\/portaltela.pt\/#website","url":"https:\/\/portaltela.pt\/","name":"Portal Tela Portugal","description":"","potentialAction":[{"@type":"SearchAction","target":{"@type":"EntryPoint","urlTemplate":"https:\/\/portaltela.pt\/?s={search_term_string}"},"query-input":{"@type":"PropertyValueSpecification","valueRequired":true,"valueName":"search_term_string"}}],"inLanguage":"pt-PT"},{"@type":"Person","@id":"https:\/\/portaltela.pt\/#\/schema\/person\/c4278d4a6028830caff9ee44b42d32ed","name":"Telinha","image":{"@type":"ImageObject","inLanguage":"pt-PT","@id":"https:\/\/portaltela.pt\/s.01k8rhncp4jt1\/2025\/11\/talking-bot-125x125.png","url":"https:\/\/portaltela.pt\/s.01k8rhncp4jt1\/2025\/11\/talking-bot-125x125.png","contentUrl":"https:\/\/portaltela.pt\/s.01k8rhncp4jt1\/2025\/11\/talking-bot-125x125.png","caption":"Telinha"},"sameAs":["https:\/\/portaltela.pt\/"],"url":"https:\/\/portaltela.pt\/por\/367410592786\/"}]}},"_links":{"self":[{"href":"https:\/\/portaltela.pt\/api\/wp\/v2\/posts\/415019","targetHints":{"allow":["GET"]}}],"collection":[{"href":"https:\/\/portaltela.pt\/api\/wp\/v2\/posts"}],"about":[{"href":"https:\/\/portaltela.pt\/api\/wp\/v2\/types\/post"}],"author":[{"embeddable":true,"href":"https:\/\/portaltela.pt\/api\/wp\/v2\/users\/2"}],"replies":[{"embeddable":true,"href":"https:\/\/portaltela.pt\/api\/wp\/v2\/comments?post=415019"}],"version-history":[{"count":0,"href":"https:\/\/portaltela.pt\/api\/wp\/v2\/posts\/415019\/revisions"}],"wp:featuredmedia":[{"embeddable":true,"href":"https:\/\/portaltela.pt\/api\/wp\/v2\/media\/415023"}],"wp:attachment":[{"href":"https:\/\/portaltela.pt\/api\/wp\/v2\/media?parent=415019"}],"wp:term":[{"taxonomy":"category","embeddable":true,"href":"https:\/\/portaltela.pt\/api\/wp\/v2\/categories?post=415019"},{"taxonomy":"post_tag","embeddable":true,"href":"https:\/\/portaltela.pt\/api\/wp\/v2\/tags?post=415019"}],"curies":[{"name":"wp","href":"https:\/\/api.w.org\/{rel}","templated":true}]}}