{"id":415002,"date":"2026-03-18T15:13:00","date_gmt":"2026-03-18T18:13:00","guid":{"rendered":"https:\/\/portaltela.pt\/noticias\/2026\/03\/18\/centro-do-porto-ganha-mais-espaco-para-peoes-aos-domingos\/"},"modified":"2026-03-18T15:13:00","modified_gmt":"2026-03-18T18:13:00","slug":"centro-do-porto-ganha-mais-espaco-para-peoes-aos-domingos","status":"publish","type":"post","link":"https:\/\/portaltela.pt\/sociedade\/2026\/03\/18\/centro-do-porto-ganha-mais-espaco-para-peoes-aos-domingos\/","title":{"rendered":"Centro do Porto ganha mais espa\u00e7o para pe\u00f5es aos domingos"},"content":{"rendered":"<p>Foi anunciado o arranque, no dia 29 de mar\u00e7o, do projeto Porto na Pra\u00e7a, em que a zona pedonal tempor\u00e1ria se estende entre a Batalha, a Rua 31 de Janeiro e Santa Catarina, aos domingos. A iniciativa decorre das 9h \u00e0s 19h e prev\u00ea tamb\u00e9m alargar a \u00e1rea a Rua da Madeira, com atividades ao ar livre ainda a anunciar.<\/p>\n<p>A C\u00e2mara do Porto afirma que a experi\u00eancia visa substituir o tr\u00e1fego de autom\u00f3veis por espa\u00e7o para pe\u00f5es, reduzindo ru\u00eddo e emiss\u00f5es. O objetivo \u00e9 melhorar a qualidade de vida dos residentes e oferecer uma experi\u00eancia mais atractiva para visitantes, com impacto positivo nas atividades econ\u00f3micas locais.<\/p>\n<p>O projeto \u00e9 descrito pela autarquia como uma liga\u00e7\u00e3o cont\u00ednua entre zonas de acesso autom\u00f3vel condicionado e \u00e1reas pedonais j\u00e1 existentes, criando um eixo dominante para circula\u00e7\u00e3o pedonal numa \u00e1rea muito movimentada da cidade. A carrinha\u00e7\u00e3o autom\u00f3vel ficar\u00e1 condicionada durante o per\u00edodo do evento.<\/p>\n<h3>O que muda ao domingo<\/h3>\n<p>Durante o funcionamento, o acesso a propriedades e garagens para residentes e h\u00f3spedes de unidades hoteleiras permanece garantido. As opera\u00e7\u00f5es log\u00edsticas devem ocorrer fora do intervalo das 9h \u00e0s 19h, assegura a C\u00e2mara do Porto.<\/p>\n<p>Quanto ao enquadramento do programa, a autarquia indica que a iniciativa re\u00fane mun\u00edcipes, comerciantes e visitantes em torno de uma cidade mais activa e sustent\u00e1vel, promovendo melhores condi\u00e7\u00f5es de mobilidade suave e a frui\u00e7\u00e3o do espa\u00e7o p\u00fablico.<\/p>\n<h3>Contexto e perspetivas<\/h3>\n<p>Em fevereiro, o presidente da C\u00e2mara, Pedro Duarte, referiu que a redu\u00e7\u00e3o progressiva do tr\u00e2nsito no centro deve ocorrer de forma ordeira e gradual, permitindo que a popula\u00e7\u00e3o se habitue a novas din\u00e2micas de mobilidade. A autarquia j\u00e1 tem experi\u00eancias anteriores de zonas pedonais aos domingos e de altera\u00e7\u00f5es tempor\u00e1rias para testar o impacto.<\/p>\n","protected":false},"excerpt":{"rendered":"<ul>\n<li>O projeto Porto na Pra\u00e7a arranca no dia 29 de mar\u00e7o e cria, aos domingos, uma zona pedonal tempor\u00e1ria entre a Batalha, a Rua 31 de Janeiro e Santa Catarina, contemplando tamb\u00e9m a Rua da Madeira.<\/li>\n<li>A iniciativa decorre entre as 9h e as 19h, com hor\u00e1rios condicionados para opera\u00e7\u00f5es log\u00edsticas e acesso a propriedades e garagens mantido para residentes e h\u00f3spedes de unidades hoteleiras.<\/li>\n<li>O objetivo \u00e9 reduzir tr\u00e1fego autom\u00f3vel, ru\u00eddo e emiss\u00f5es poluentes, promovendo qualidade de vida para residentes e atraindo visitantes com atividades ao ar livre.<\/li>\n<li>A zona pedonal visa ligar a \u00e1rea de acesso autom\u00f3vel condicionado de Santa Catarina \u00e0 zona de Santo Ildefonso e \u00e0 futura \u00e1rea do Cativo, fortalecendo a circula\u00e7\u00e3o pedonal no centro.<\/li>\n<li>A C\u00e2mara do Porto promete divulgar em breve toda a programa\u00e7\u00e3o da iniciativa, que tamb\u00e9m incentiva comerciantes e mun\u00edcipes a utilizarem o espa\u00e7o p\u00fablico de forma mais ativa e sustent\u00e1vel.<\/li>\n<\/ul>\n","protected":false},"author":2,"featured_media":415006,"comment_status":"closed","ping_status":"closed","sticky":false,"template":"","format":"standard","meta":{"footnotes":""},"categories":[6725,6871],"tags":[1697,45,2110,3263,982,189],"class_list":["post-415002","post","type-post","status-publish","format-standard","has-post-thumbnail","hentry","category-meio-ambiente","category-sociedade","tag-espaco-publico","tag-meio-ambiente","tag-mobilidade","tag-mobilidade-urbana","tag-porto","tag-urbanismo"],"yoast_head":"<!-- This site is optimized with the Yoast SEO plugin v27.2 - https:\/\/yoast.com\/product\/yoast-seo-wordpress\/ -->\n<title>Centro do Porto ganha mais espa\u00e7o para pe\u00f5es aos domingos - Portal Tela Portugal<\/title>\n<meta name=\"robots\" content=\"index, follow, max-snippet:-1, max-image-preview:large, max-video-preview:-1\" \/>\n<meta property=\"og:locale\" content=\"pt_PT\" \/>\n<meta property=\"og:type\" content=\"article\" \/>\n<meta property=\"og:title\" content=\"Centro do Porto ganha mais espa\u00e7o para pe\u00f5es aos domingos - Portal Tela Portugal\" \/>\n<meta property=\"og:description\" content=\"O projeto Porto na Pra\u00e7a arranca no dia 29 de mar\u00e7o e cria, aos domingos, uma zona pedonal tempor\u00e1ria entre a Batalha, a Rua 31 de Janeiro e Santa Catarina, contemplando tamb\u00e9m a Rua da Madeira. A iniciativa decorre entre as 9h e as 19h, com hor\u00e1rios condicionados para opera\u00e7\u00f5es log\u00edsticas e acesso a propriedades e garagens mantido para residentes e h\u00f3spedes de unidades hoteleiras. O objetivo \u00e9 reduzir tr\u00e1fego autom\u00f3vel, ru\u00eddo e emiss\u00f5es poluentes, promovendo qualidade de vida para residentes e atraindo visitantes com atividades ao ar livre. A zona pedonal visa ligar a \u00e1rea de acesso autom\u00f3vel condicionado de Santa Catarina \u00e0 zona de Santo Ildefonso e \u00e0 futura \u00e1rea do Cativo, fortalecendo a circula\u00e7\u00e3o pedonal no centro. A C\u00e2mara do Porto promete divulgar em breve toda a programa\u00e7\u00e3o da iniciativa, que tamb\u00e9m incentiva comerciantes e mun\u00edcipes a utilizarem o espa\u00e7o p\u00fablico de forma mais ativa e sustent\u00e1vel.\" \/>\n<meta property=\"og:url\" content=\"https:\/\/portaltela.pt\/noticias\/2026\/03\/18\/centro-do-porto-ganha-mais-espaco-para-peoes-aos-domingos\/\" \/>\n<meta property=\"og:site_name\" content=\"Portal Tela Portugal\" \/>\n<meta property=\"article:published_time\" content=\"2026-03-18T18:13:00+00:00\" \/>\n<meta name=\"author\" content=\"Telinha\" \/>\n<meta name=\"twitter:card\" content=\"summary_large_image\" \/>\n<meta name=\"twitter:label1\" content=\"Escrito por\" \/>\n\t<meta name=\"twitter:data1\" content=\"Telinha\" \/>\n\t<meta name=\"twitter:label2\" content=\"Tempo estimado de leitura\" \/>\n\t<meta name=\"twitter:data2\" content=\"2 minutos\" \/>\n<script type=\"application\/ld+json\" class=\"yoast-schema-graph\">{\"@context\":\"https:\/\/schema.org\",\"@graph\":[{\"@type\":\"Article\",\"@id\":\"https:\/\/portaltela.pt\/noticias\/2026\/03\/18\/centro-do-porto-ganha-mais-espaco-para-peoes-aos-domingos\/#article\",\"isPartOf\":{\"@id\":\"https:\/\/portaltela.pt\/noticias\/2026\/03\/18\/centro-do-porto-ganha-mais-espaco-para-peoes-aos-domingos\/\"},\"author\":{\"name\":\"Telinha\",\"@id\":\"https:\/\/portaltela.pt\/#\/schema\/person\/c4278d4a6028830caff9ee44b42d32ed\"},\"headline\":\"Centro do Porto ganha mais espa\u00e7o para pe\u00f5es aos domingos\",\"datePublished\":\"2026-03-18T18:13:00+00:00\",\"mainEntityOfPage\":{\"@id\":\"https:\/\/portaltela.pt\/noticias\/2026\/03\/18\/centro-do-porto-ganha-mais-espaco-para-peoes-aos-domingos\/\"},\"wordCount\":333,\"image\":{\"@id\":\"https:\/\/portaltela.pt\/noticias\/2026\/03\/18\/centro-do-porto-ganha-mais-espaco-para-peoes-aos-domingos\/#primaryimage\"},\"thumbnailUrl\":\"https:\/\/portaltela.pt\/s.01k8rhncp4jt1\/2026\/03\/2075373.jpg\",\"keywords\":[\"Espa\u00e7o P\u00fablico\",\"meio-ambiente\",\"mobilidade\",\"mobilidade urbana\",\"Porto\",\"urbanismo\"],\"articleSection\":[\"Meio Ambiente\",\"Sociedade\"],\"inLanguage\":\"pt-PT\"},{\"@type\":\"WebPage\",\"@id\":\"https:\/\/portaltela.pt\/noticias\/2026\/03\/18\/centro-do-porto-ganha-mais-espaco-para-peoes-aos-domingos\/\",\"url\":\"https:\/\/portaltela.pt\/noticias\/2026\/03\/18\/centro-do-porto-ganha-mais-espaco-para-peoes-aos-domingos\/\",\"name\":\"Centro do Porto ganha mais espa\u00e7o para pe\u00f5es aos domingos - Portal Tela Portugal\",\"isPartOf\":{\"@id\":\"https:\/\/portaltela.pt\/#website\"},\"primaryImageOfPage\":{\"@id\":\"https:\/\/portaltela.pt\/noticias\/2026\/03\/18\/centro-do-porto-ganha-mais-espaco-para-peoes-aos-domingos\/#primaryimage\"},\"image\":{\"@id\":\"https:\/\/portaltela.pt\/noticias\/2026\/03\/18\/centro-do-porto-ganha-mais-espaco-para-peoes-aos-domingos\/#primaryimage\"},\"thumbnailUrl\":\"https:\/\/portaltela.pt\/s.01k8rhncp4jt1\/2026\/03\/2075373.jpg\",\"datePublished\":\"2026-03-18T18:13:00+00:00\",\"author\":{\"@id\":\"https:\/\/portaltela.pt\/#\/schema\/person\/c4278d4a6028830caff9ee44b42d32ed\"},\"breadcrumb\":{\"@id\":\"https:\/\/portaltela.pt\/noticias\/2026\/03\/18\/centro-do-porto-ganha-mais-espaco-para-peoes-aos-domingos\/#breadcrumb\"},\"inLanguage\":\"pt-PT\",\"potentialAction\":[{\"@type\":\"ReadAction\",\"target\":[\"https:\/\/portaltela.pt\/noticias\/2026\/03\/18\/centro-do-porto-ganha-mais-espaco-para-peoes-aos-domingos\/\"]}]},{\"@type\":\"ImageObject\",\"inLanguage\":\"pt-PT\",\"@id\":\"https:\/\/portaltela.pt\/noticias\/2026\/03\/18\/centro-do-porto-ganha-mais-espaco-para-peoes-aos-domingos\/#primaryimage\",\"url\":\"https:\/\/portaltela.pt\/s.01k8rhncp4jt1\/2026\/03\/2075373.jpg\",\"contentUrl\":\"https:\/\/portaltela.pt\/s.01k8rhncp4jt1\/2026\/03\/2075373.jpg\",\"width\":796,\"height\":448,\"caption\":\"A Batalha ser\u00e1 uma das zonas com tr\u00e2nsito condicionado\"},{\"@type\":\"BreadcrumbList\",\"@id\":\"https:\/\/portaltela.pt\/noticias\/2026\/03\/18\/centro-do-porto-ganha-mais-espaco-para-peoes-aos-domingos\/#breadcrumb\",\"itemListElement\":[{\"@type\":\"ListItem\",\"position\":1,\"name\":\"In\u00edcio\",\"item\":\"https:\/\/portaltela.pt\/\"},{\"@type\":\"ListItem\",\"position\":2,\"name\":\"Centro do Porto ganha mais espa\u00e7o para pe\u00f5es aos domingos\"}]},{\"@type\":\"WebSite\",\"@id\":\"https:\/\/portaltela.pt\/#website\",\"url\":\"https:\/\/portaltela.pt\/\",\"name\":\"Portal Tela Portugal\",\"description\":\"\",\"potentialAction\":[{\"@type\":\"SearchAction\",\"target\":{\"@type\":\"EntryPoint\",\"urlTemplate\":\"https:\/\/portaltela.pt\/?s={search_term_string}\"},\"query-input\":{\"@type\":\"PropertyValueSpecification\",\"valueRequired\":true,\"valueName\":\"search_term_string\"}}],\"inLanguage\":\"pt-PT\"},{\"@type\":\"Person\",\"@id\":\"https:\/\/portaltela.pt\/#\/schema\/person\/c4278d4a6028830caff9ee44b42d32ed\",\"name\":\"Telinha\",\"image\":{\"@type\":\"ImageObject\",\"inLanguage\":\"pt-PT\",\"@id\":\"https:\/\/portaltela.pt\/s.01k8rhncp4jt1\/2025\/11\/talking-bot-125x125.png\",\"url\":\"https:\/\/portaltela.pt\/s.01k8rhncp4jt1\/2025\/11\/talking-bot-125x125.png\",\"contentUrl\":\"https:\/\/portaltela.pt\/s.01k8rhncp4jt1\/2025\/11\/talking-bot-125x125.png\",\"caption\":\"Telinha\"},\"sameAs\":[\"https:\/\/portaltela.pt\/\"],\"url\":\"https:\/\/portaltela.pt\/por\/367410592786\/\"}]}<\/script>\n<!-- \/ Yoast SEO plugin. -->","yoast_head_json":{"title":"Centro do Porto ganha mais espa\u00e7o para pe\u00f5es aos domingos - Portal Tela Portugal","robots":{"index":"index","follow":"follow","max-snippet":"max-snippet:-1","max-image-preview":"max-image-preview:large","max-video-preview":"max-video-preview:-1"},"og_locale":"pt_PT","og_type":"article","og_title":"Centro do Porto ganha mais espa\u00e7o para pe\u00f5es aos domingos - Portal Tela Portugal","og_description":"O projeto Porto na Pra\u00e7a arranca no dia 29 de mar\u00e7o e cria, aos domingos, uma zona pedonal tempor\u00e1ria entre a Batalha, a Rua 31 de Janeiro e Santa Catarina, contemplando tamb\u00e9m a Rua da Madeira. A iniciativa decorre entre as 9h e as 19h, com hor\u00e1rios condicionados para opera\u00e7\u00f5es log\u00edsticas e acesso a propriedades e garagens mantido para residentes e h\u00f3spedes de unidades hoteleiras. O objetivo \u00e9 reduzir tr\u00e1fego autom\u00f3vel, ru\u00eddo e emiss\u00f5es poluentes, promovendo qualidade de vida para residentes e atraindo visitantes com atividades ao ar livre. A zona pedonal visa ligar a \u00e1rea de acesso autom\u00f3vel condicionado de Santa Catarina \u00e0 zona de Santo Ildefonso e \u00e0 futura \u00e1rea do Cativo, fortalecendo a circula\u00e7\u00e3o pedonal no centro. A C\u00e2mara do Porto promete divulgar em breve toda a programa\u00e7\u00e3o da iniciativa, que tamb\u00e9m incentiva comerciantes e mun\u00edcipes a utilizarem o espa\u00e7o p\u00fablico de forma mais ativa e sustent\u00e1vel.","og_url":"https:\/\/portaltela.pt\/noticias\/2026\/03\/18\/centro-do-porto-ganha-mais-espaco-para-peoes-aos-domingos\/","og_site_name":"Portal Tela Portugal","article_published_time":"2026-03-18T18:13:00+00:00","author":"Telinha","twitter_card":"summary_large_image","twitter_misc":{"Escrito por":"Telinha","Tempo estimado de leitura":"2 minutos"},"schema":{"@context":"https:\/\/schema.org","@graph":[{"@type":"Article","@id":"https:\/\/portaltela.pt\/noticias\/2026\/03\/18\/centro-do-porto-ganha-mais-espaco-para-peoes-aos-domingos\/#article","isPartOf":{"@id":"https:\/\/portaltela.pt\/noticias\/2026\/03\/18\/centro-do-porto-ganha-mais-espaco-para-peoes-aos-domingos\/"},"author":{"name":"Telinha","@id":"https:\/\/portaltela.pt\/#\/schema\/person\/c4278d4a6028830caff9ee44b42d32ed"},"headline":"Centro do Porto ganha mais espa\u00e7o para pe\u00f5es aos domingos","datePublished":"2026-03-18T18:13:00+00:00","mainEntityOfPage":{"@id":"https:\/\/portaltela.pt\/noticias\/2026\/03\/18\/centro-do-porto-ganha-mais-espaco-para-peoes-aos-domingos\/"},"wordCount":333,"image":{"@id":"https:\/\/portaltela.pt\/noticias\/2026\/03\/18\/centro-do-porto-ganha-mais-espaco-para-peoes-aos-domingos\/#primaryimage"},"thumbnailUrl":"https:\/\/portaltela.pt\/s.01k8rhncp4jt1\/2026\/03\/2075373.jpg","keywords":["Espa\u00e7o P\u00fablico","meio-ambiente","mobilidade","mobilidade urbana","Porto","urbanismo"],"articleSection":["Meio Ambiente","Sociedade"],"inLanguage":"pt-PT"},{"@type":"WebPage","@id":"https:\/\/portaltela.pt\/noticias\/2026\/03\/18\/centro-do-porto-ganha-mais-espaco-para-peoes-aos-domingos\/","url":"https:\/\/portaltela.pt\/noticias\/2026\/03\/18\/centro-do-porto-ganha-mais-espaco-para-peoes-aos-domingos\/","name":"Centro do Porto ganha mais espa\u00e7o para pe\u00f5es aos domingos - Portal Tela Portugal","isPartOf":{"@id":"https:\/\/portaltela.pt\/#website"},"primaryImageOfPage":{"@id":"https:\/\/portaltela.pt\/noticias\/2026\/03\/18\/centro-do-porto-ganha-mais-espaco-para-peoes-aos-domingos\/#primaryimage"},"image":{"@id":"https:\/\/portaltela.pt\/noticias\/2026\/03\/18\/centro-do-porto-ganha-mais-espaco-para-peoes-aos-domingos\/#primaryimage"},"thumbnailUrl":"https:\/\/portaltela.pt\/s.01k8rhncp4jt1\/2026\/03\/2075373.jpg","datePublished":"2026-03-18T18:13:00+00:00","author":{"@id":"https:\/\/portaltela.pt\/#\/schema\/person\/c4278d4a6028830caff9ee44b42d32ed"},"breadcrumb":{"@id":"https:\/\/portaltela.pt\/noticias\/2026\/03\/18\/centro-do-porto-ganha-mais-espaco-para-peoes-aos-domingos\/#breadcrumb"},"inLanguage":"pt-PT","potentialAction":[{"@type":"ReadAction","target":["https:\/\/portaltela.pt\/noticias\/2026\/03\/18\/centro-do-porto-ganha-mais-espaco-para-peoes-aos-domingos\/"]}]},{"@type":"ImageObject","inLanguage":"pt-PT","@id":"https:\/\/portaltela.pt\/noticias\/2026\/03\/18\/centro-do-porto-ganha-mais-espaco-para-peoes-aos-domingos\/#primaryimage","url":"https:\/\/portaltela.pt\/s.01k8rhncp4jt1\/2026\/03\/2075373.jpg","contentUrl":"https:\/\/portaltela.pt\/s.01k8rhncp4jt1\/2026\/03\/2075373.jpg","width":796,"height":448,"caption":"A Batalha ser\u00e1 uma das zonas com tr\u00e2nsito condicionado"},{"@type":"BreadcrumbList","@id":"https:\/\/portaltela.pt\/noticias\/2026\/03\/18\/centro-do-porto-ganha-mais-espaco-para-peoes-aos-domingos\/#breadcrumb","itemListElement":[{"@type":"ListItem","position":1,"name":"In\u00edcio","item":"https:\/\/portaltela.pt\/"},{"@type":"ListItem","position":2,"name":"Centro do Porto ganha mais espa\u00e7o para pe\u00f5es aos domingos"}]},{"@type":"WebSite","@id":"https:\/\/portaltela.pt\/#website","url":"https:\/\/portaltela.pt\/","name":"Portal Tela Portugal","description":"","potentialAction":[{"@type":"SearchAction","target":{"@type":"EntryPoint","urlTemplate":"https:\/\/portaltela.pt\/?s={search_term_string}"},"query-input":{"@type":"PropertyValueSpecification","valueRequired":true,"valueName":"search_term_string"}}],"inLanguage":"pt-PT"},{"@type":"Person","@id":"https:\/\/portaltela.pt\/#\/schema\/person\/c4278d4a6028830caff9ee44b42d32ed","name":"Telinha","image":{"@type":"ImageObject","inLanguage":"pt-PT","@id":"https:\/\/portaltela.pt\/s.01k8rhncp4jt1\/2025\/11\/talking-bot-125x125.png","url":"https:\/\/portaltela.pt\/s.01k8rhncp4jt1\/2025\/11\/talking-bot-125x125.png","contentUrl":"https:\/\/portaltela.pt\/s.01k8rhncp4jt1\/2025\/11\/talking-bot-125x125.png","caption":"Telinha"},"sameAs":["https:\/\/portaltela.pt\/"],"url":"https:\/\/portaltela.pt\/por\/367410592786\/"}]}},"_links":{"self":[{"href":"https:\/\/portaltela.pt\/api\/wp\/v2\/posts\/415002","targetHints":{"allow":["GET"]}}],"collection":[{"href":"https:\/\/portaltela.pt\/api\/wp\/v2\/posts"}],"about":[{"href":"https:\/\/portaltela.pt\/api\/wp\/v2\/types\/post"}],"author":[{"embeddable":true,"href":"https:\/\/portaltela.pt\/api\/wp\/v2\/users\/2"}],"replies":[{"embeddable":true,"href":"https:\/\/portaltela.pt\/api\/wp\/v2\/comments?post=415002"}],"version-history":[{"count":0,"href":"https:\/\/portaltela.pt\/api\/wp\/v2\/posts\/415002\/revisions"}],"wp:featuredmedia":[{"embeddable":true,"href":"https:\/\/portaltela.pt\/api\/wp\/v2\/media\/415006"}],"wp:attachment":[{"href":"https:\/\/portaltela.pt\/api\/wp\/v2\/media?parent=415002"}],"wp:term":[{"taxonomy":"category","embeddable":true,"href":"https:\/\/portaltela.pt\/api\/wp\/v2\/categories?post=415002"},{"taxonomy":"post_tag","embeddable":true,"href":"https:\/\/portaltela.pt\/api\/wp\/v2\/tags?post=415002"}],"curies":[{"name":"wp","href":"https:\/\/api.w.org\/{rel}","templated":true}]}}