{"id":414990,"date":"2026-03-18T15:43:33","date_gmt":"2026-03-18T18:43:33","guid":{"rendered":"https:\/\/portaltela.pt\/noticias\/2026\/03\/18\/can-2025-principais-pontos-da-controversia-explicados\/"},"modified":"2026-03-18T15:43:33","modified_gmt":"2026-03-18T18:43:33","slug":"can-2025-principais-pontos-da-controversia-explicados","status":"publish","type":"post","link":"https:\/\/portaltela.pt\/desporto\/futebol\/2026\/03\/18\/can-2025-principais-pontos-da-controversia-explicados\/","title":{"rendered":"CAN 2025 &#8211; principais pontos da controv\u00e9rsia explicados"},"content":{"rendered":"<p>A Confedera\u00e7\u00e3o Africana de Futebol (CAF) anunciou que retirou o trof\u00e9u da CAN&#8217;2025 ao Senegal e atribuiu-o a Marrocos, numa decis\u00e3o que gerou rea\u00e7\u00e3o na regi\u00e3o. A medida envolve o torneio que se destina a apurar o campe\u00e3o de futebol do continente.<\/p>\n<p>A Federa\u00e7\u00e3o Senegalesa de Futebol (FSF) justificou que a decis\u00e3o \u00e9 injusta e informou que vai recorrer ao Tribunal de Arbitragem Desportiva (CAS) para contestar o veredito. O an\u00fancio foi feito por meio de um comunicado oficial.<\/p>\n<p>O Governo do Senegal admitiu a possibilidade de processar a CAF e pediu uma investiga\u00e7\u00e3o formal do caso, numa resposta que visa esclarecer os fundamentos da decis\u00e3o. O desfecho pode incluir novas etapas legais ou administrativas.<\/p>\n<p>A situa\u00e7\u00e3o recebe leitura adicional atrav\u00e9s da an\u00e1lise do jornalista Guilherme Cabral, que acompanha o caso e os desdobramentos para al\u00e9m do veredicto da CAF. A cobertura continua a acompanhar as posi\u00e7\u00f5es das partes envolvidas.<\/p>\n","protected":false},"excerpt":{"rendered":"<ul>\n<li>A Confedera\u00e7\u00e3o Africana de Futebol (CAF) decidiu retirar o trof\u00e9u da CAN 2025 ao Senegal e atribu\u00ed-lo a Marrocos.<\/li>\n<li>A Federa\u00e7\u00e3o Senegalesa de Futebol (FSF) afirmou que a decis\u00e3o \u00e9 injusta e anunciou recorrer ao Tribunal de Arbitragem Desportiva (TAD).<\/li>\n<li>O Governo do Senegal admitiu processar a CAF e pediu uma investiga\u00e7\u00e3o ao caso.<\/li>\n<li>A not\u00edcia inclui uma an\u00e1lise do jornalista Guilherme Cabral.<\/li>\n<\/ul>\n","protected":false},"author":2,"featured_media":414998,"comment_status":"closed","ping_status":"closed","sticky":false,"template":"","format":"standard","meta":{"footnotes":""},"categories":[21,24],"tags":[7348,5813,32,3338,1015,1883],"class_list":["post-414990","post","type-post","status-publish","format-standard","has-post-thumbnail","hentry","category-desporto","category-futebol","tag-caf","tag-cas","tag-futebol","tag-futebol-internacional","tag-marrocos","tag-senegal"],"yoast_head":"<!-- This site is optimized with the Yoast SEO plugin v27.2 - https:\/\/yoast.com\/product\/yoast-seo-wordpress\/ -->\n<title>CAN 2025 - principais pontos da controv\u00e9rsia explicados - Portal Tela Portugal<\/title>\n<meta name=\"robots\" content=\"index, follow, max-snippet:-1, max-image-preview:large, max-video-preview:-1\" \/>\n<meta property=\"og:locale\" content=\"pt_PT\" \/>\n<meta property=\"og:type\" content=\"article\" \/>\n<meta property=\"og:title\" content=\"CAN 2025 - principais pontos da controv\u00e9rsia explicados - Portal Tela Portugal\" \/>\n<meta property=\"og:description\" content=\"A Confedera\u00e7\u00e3o Africana de Futebol (CAF) decidiu retirar o trof\u00e9u da CAN 2025 ao Senegal e atribu\u00ed-lo a Marrocos. A Federa\u00e7\u00e3o Senegalesa de Futebol (FSF) afirmou que a decis\u00e3o \u00e9 injusta e anunciou recorrer ao Tribunal de Arbitragem Desportiva (TAD). O Governo do Senegal admitiu processar a CAF e pediu uma investiga\u00e7\u00e3o ao caso. A not\u00edcia inclui uma an\u00e1lise do jornalista Guilherme Cabral.\" \/>\n<meta property=\"og:url\" content=\"https:\/\/portaltela.pt\/noticias\/2026\/03\/18\/can-2025-principais-pontos-da-controversia-explicados\/\" \/>\n<meta property=\"og:site_name\" content=\"Portal Tela Portugal\" \/>\n<meta property=\"article:published_time\" content=\"2026-03-18T18:43:33+00:00\" \/>\n<meta name=\"author\" content=\"Telinha\" \/>\n<meta name=\"twitter:card\" content=\"summary_large_image\" \/>\n<meta name=\"twitter:label1\" content=\"Escrito por\" \/>\n\t<meta name=\"twitter:data1\" content=\"Telinha\" \/>\n\t<meta name=\"twitter:label2\" content=\"Tempo estimado de leitura\" \/>\n\t<meta name=\"twitter:data2\" content=\"1 minuto\" \/>\n<script type=\"application\/ld+json\" class=\"yoast-schema-graph\">{\"@context\":\"https:\/\/schema.org\",\"@graph\":[{\"@type\":\"Article\",\"@id\":\"https:\/\/portaltela.pt\/noticias\/2026\/03\/18\/can-2025-principais-pontos-da-controversia-explicados\/#article\",\"isPartOf\":{\"@id\":\"https:\/\/portaltela.pt\/noticias\/2026\/03\/18\/can-2025-principais-pontos-da-controversia-explicados\/\"},\"author\":{\"name\":\"Telinha\",\"@id\":\"https:\/\/portaltela.pt\/#\/schema\/person\/c4278d4a6028830caff9ee44b42d32ed\"},\"headline\":\"CAN 2025 &#8211; principais pontos da controv\u00e9rsia explicados\",\"datePublished\":\"2026-03-18T18:43:33+00:00\",\"mainEntityOfPage\":{\"@id\":\"https:\/\/portaltela.pt\/noticias\/2026\/03\/18\/can-2025-principais-pontos-da-controversia-explicados\/\"},\"wordCount\":173,\"image\":{\"@id\":\"https:\/\/portaltela.pt\/noticias\/2026\/03\/18\/can-2025-principais-pontos-da-controversia-explicados\/#primaryimage\"},\"thumbnailUrl\":\"https:\/\/portaltela.pt\/s.01k8rhncp4jt1\/2026\/03\/img_1200x721uu2026-03-18-18-21-27-2427900.jpg\",\"keywords\":[\"CAF\",\"CAS\",\"futebol\",\"futebol internacional\",\"Marrocos\",\"Senegal\"],\"articleSection\":[\"Desporto\",\"Futebol\"],\"inLanguage\":\"pt-PT\"},{\"@type\":\"WebPage\",\"@id\":\"https:\/\/portaltela.pt\/noticias\/2026\/03\/18\/can-2025-principais-pontos-da-controversia-explicados\/\",\"url\":\"https:\/\/portaltela.pt\/noticias\/2026\/03\/18\/can-2025-principais-pontos-da-controversia-explicados\/\",\"name\":\"CAN 2025 - principais pontos da controv\u00e9rsia explicados - Portal Tela Portugal\",\"isPartOf\":{\"@id\":\"https:\/\/portaltela.pt\/#website\"},\"primaryImageOfPage\":{\"@id\":\"https:\/\/portaltela.pt\/noticias\/2026\/03\/18\/can-2025-principais-pontos-da-controversia-explicados\/#primaryimage\"},\"image\":{\"@id\":\"https:\/\/portaltela.pt\/noticias\/2026\/03\/18\/can-2025-principais-pontos-da-controversia-explicados\/#primaryimage\"},\"thumbnailUrl\":\"https:\/\/portaltela.pt\/s.01k8rhncp4jt1\/2026\/03\/img_1200x721uu2026-03-18-18-21-27-2427900.jpg\",\"datePublished\":\"2026-03-18T18:43:33+00:00\",\"author\":{\"@id\":\"https:\/\/portaltela.pt\/#\/schema\/person\/c4278d4a6028830caff9ee44b42d32ed\"},\"breadcrumb\":{\"@id\":\"https:\/\/portaltela.pt\/noticias\/2026\/03\/18\/can-2025-principais-pontos-da-controversia-explicados\/#breadcrumb\"},\"inLanguage\":\"pt-PT\",\"potentialAction\":[{\"@type\":\"ReadAction\",\"target\":[\"https:\/\/portaltela.pt\/noticias\/2026\/03\/18\/can-2025-principais-pontos-da-controversia-explicados\/\"]}]},{\"@type\":\"ImageObject\",\"inLanguage\":\"pt-PT\",\"@id\":\"https:\/\/portaltela.pt\/noticias\/2026\/03\/18\/can-2025-principais-pontos-da-controversia-explicados\/#primaryimage\",\"url\":\"https:\/\/portaltela.pt\/s.01k8rhncp4jt1\/2026\/03\/img_1200x721uu2026-03-18-18-21-27-2427900.jpg\",\"contentUrl\":\"https:\/\/portaltela.pt\/s.01k8rhncp4jt1\/2026\/03\/img_1200x721uu2026-03-18-18-21-27-2427900.jpg\",\"width\":796,\"height\":448,\"caption\":\"Jornalista Guilherme Cabral analisa tema quente\"},{\"@type\":\"BreadcrumbList\",\"@id\":\"https:\/\/portaltela.pt\/noticias\/2026\/03\/18\/can-2025-principais-pontos-da-controversia-explicados\/#breadcrumb\",\"itemListElement\":[{\"@type\":\"ListItem\",\"position\":1,\"name\":\"In\u00edcio\",\"item\":\"https:\/\/portaltela.pt\/\"},{\"@type\":\"ListItem\",\"position\":2,\"name\":\"CAN 2025 &#8211; principais pontos da controv\u00e9rsia explicados\"}]},{\"@type\":\"WebSite\",\"@id\":\"https:\/\/portaltela.pt\/#website\",\"url\":\"https:\/\/portaltela.pt\/\",\"name\":\"Portal Tela Portugal\",\"description\":\"\",\"potentialAction\":[{\"@type\":\"SearchAction\",\"target\":{\"@type\":\"EntryPoint\",\"urlTemplate\":\"https:\/\/portaltela.pt\/?s={search_term_string}\"},\"query-input\":{\"@type\":\"PropertyValueSpecification\",\"valueRequired\":true,\"valueName\":\"search_term_string\"}}],\"inLanguage\":\"pt-PT\"},{\"@type\":\"Person\",\"@id\":\"https:\/\/portaltela.pt\/#\/schema\/person\/c4278d4a6028830caff9ee44b42d32ed\",\"name\":\"Telinha\",\"image\":{\"@type\":\"ImageObject\",\"inLanguage\":\"pt-PT\",\"@id\":\"https:\/\/portaltela.pt\/s.01k8rhncp4jt1\/2025\/11\/talking-bot-125x125.png\",\"url\":\"https:\/\/portaltela.pt\/s.01k8rhncp4jt1\/2025\/11\/talking-bot-125x125.png\",\"contentUrl\":\"https:\/\/portaltela.pt\/s.01k8rhncp4jt1\/2025\/11\/talking-bot-125x125.png\",\"caption\":\"Telinha\"},\"sameAs\":[\"https:\/\/portaltela.pt\/\"],\"url\":\"https:\/\/portaltela.pt\/por\/367410592786\/\"}]}<\/script>\n<!-- \/ Yoast SEO plugin. -->","yoast_head_json":{"title":"CAN 2025 - principais pontos da controv\u00e9rsia explicados - Portal Tela Portugal","robots":{"index":"index","follow":"follow","max-snippet":"max-snippet:-1","max-image-preview":"max-image-preview:large","max-video-preview":"max-video-preview:-1"},"og_locale":"pt_PT","og_type":"article","og_title":"CAN 2025 - principais pontos da controv\u00e9rsia explicados - Portal Tela Portugal","og_description":"A Confedera\u00e7\u00e3o Africana de Futebol (CAF) decidiu retirar o trof\u00e9u da CAN 2025 ao Senegal e atribu\u00ed-lo a Marrocos. A Federa\u00e7\u00e3o Senegalesa de Futebol (FSF) afirmou que a decis\u00e3o \u00e9 injusta e anunciou recorrer ao Tribunal de Arbitragem Desportiva (TAD). O Governo do Senegal admitiu processar a CAF e pediu uma investiga\u00e7\u00e3o ao caso. A not\u00edcia inclui uma an\u00e1lise do jornalista Guilherme Cabral.","og_url":"https:\/\/portaltela.pt\/noticias\/2026\/03\/18\/can-2025-principais-pontos-da-controversia-explicados\/","og_site_name":"Portal Tela Portugal","article_published_time":"2026-03-18T18:43:33+00:00","author":"Telinha","twitter_card":"summary_large_image","twitter_misc":{"Escrito por":"Telinha","Tempo estimado de leitura":"1 minuto"},"schema":{"@context":"https:\/\/schema.org","@graph":[{"@type":"Article","@id":"https:\/\/portaltela.pt\/noticias\/2026\/03\/18\/can-2025-principais-pontos-da-controversia-explicados\/#article","isPartOf":{"@id":"https:\/\/portaltela.pt\/noticias\/2026\/03\/18\/can-2025-principais-pontos-da-controversia-explicados\/"},"author":{"name":"Telinha","@id":"https:\/\/portaltela.pt\/#\/schema\/person\/c4278d4a6028830caff9ee44b42d32ed"},"headline":"CAN 2025 &#8211; principais pontos da controv\u00e9rsia explicados","datePublished":"2026-03-18T18:43:33+00:00","mainEntityOfPage":{"@id":"https:\/\/portaltela.pt\/noticias\/2026\/03\/18\/can-2025-principais-pontos-da-controversia-explicados\/"},"wordCount":173,"image":{"@id":"https:\/\/portaltela.pt\/noticias\/2026\/03\/18\/can-2025-principais-pontos-da-controversia-explicados\/#primaryimage"},"thumbnailUrl":"https:\/\/portaltela.pt\/s.01k8rhncp4jt1\/2026\/03\/img_1200x721uu2026-03-18-18-21-27-2427900.jpg","keywords":["CAF","CAS","futebol","futebol internacional","Marrocos","Senegal"],"articleSection":["Desporto","Futebol"],"inLanguage":"pt-PT"},{"@type":"WebPage","@id":"https:\/\/portaltela.pt\/noticias\/2026\/03\/18\/can-2025-principais-pontos-da-controversia-explicados\/","url":"https:\/\/portaltela.pt\/noticias\/2026\/03\/18\/can-2025-principais-pontos-da-controversia-explicados\/","name":"CAN 2025 - principais pontos da controv\u00e9rsia explicados - Portal Tela Portugal","isPartOf":{"@id":"https:\/\/portaltela.pt\/#website"},"primaryImageOfPage":{"@id":"https:\/\/portaltela.pt\/noticias\/2026\/03\/18\/can-2025-principais-pontos-da-controversia-explicados\/#primaryimage"},"image":{"@id":"https:\/\/portaltela.pt\/noticias\/2026\/03\/18\/can-2025-principais-pontos-da-controversia-explicados\/#primaryimage"},"thumbnailUrl":"https:\/\/portaltela.pt\/s.01k8rhncp4jt1\/2026\/03\/img_1200x721uu2026-03-18-18-21-27-2427900.jpg","datePublished":"2026-03-18T18:43:33+00:00","author":{"@id":"https:\/\/portaltela.pt\/#\/schema\/person\/c4278d4a6028830caff9ee44b42d32ed"},"breadcrumb":{"@id":"https:\/\/portaltela.pt\/noticias\/2026\/03\/18\/can-2025-principais-pontos-da-controversia-explicados\/#breadcrumb"},"inLanguage":"pt-PT","potentialAction":[{"@type":"ReadAction","target":["https:\/\/portaltela.pt\/noticias\/2026\/03\/18\/can-2025-principais-pontos-da-controversia-explicados\/"]}]},{"@type":"ImageObject","inLanguage":"pt-PT","@id":"https:\/\/portaltela.pt\/noticias\/2026\/03\/18\/can-2025-principais-pontos-da-controversia-explicados\/#primaryimage","url":"https:\/\/portaltela.pt\/s.01k8rhncp4jt1\/2026\/03\/img_1200x721uu2026-03-18-18-21-27-2427900.jpg","contentUrl":"https:\/\/portaltela.pt\/s.01k8rhncp4jt1\/2026\/03\/img_1200x721uu2026-03-18-18-21-27-2427900.jpg","width":796,"height":448,"caption":"Jornalista Guilherme Cabral analisa tema quente"},{"@type":"BreadcrumbList","@id":"https:\/\/portaltela.pt\/noticias\/2026\/03\/18\/can-2025-principais-pontos-da-controversia-explicados\/#breadcrumb","itemListElement":[{"@type":"ListItem","position":1,"name":"In\u00edcio","item":"https:\/\/portaltela.pt\/"},{"@type":"ListItem","position":2,"name":"CAN 2025 &#8211; principais pontos da controv\u00e9rsia explicados"}]},{"@type":"WebSite","@id":"https:\/\/portaltela.pt\/#website","url":"https:\/\/portaltela.pt\/","name":"Portal Tela Portugal","description":"","potentialAction":[{"@type":"SearchAction","target":{"@type":"EntryPoint","urlTemplate":"https:\/\/portaltela.pt\/?s={search_term_string}"},"query-input":{"@type":"PropertyValueSpecification","valueRequired":true,"valueName":"search_term_string"}}],"inLanguage":"pt-PT"},{"@type":"Person","@id":"https:\/\/portaltela.pt\/#\/schema\/person\/c4278d4a6028830caff9ee44b42d32ed","name":"Telinha","image":{"@type":"ImageObject","inLanguage":"pt-PT","@id":"https:\/\/portaltela.pt\/s.01k8rhncp4jt1\/2025\/11\/talking-bot-125x125.png","url":"https:\/\/portaltela.pt\/s.01k8rhncp4jt1\/2025\/11\/talking-bot-125x125.png","contentUrl":"https:\/\/portaltela.pt\/s.01k8rhncp4jt1\/2025\/11\/talking-bot-125x125.png","caption":"Telinha"},"sameAs":["https:\/\/portaltela.pt\/"],"url":"https:\/\/portaltela.pt\/por\/367410592786\/"}]}},"_links":{"self":[{"href":"https:\/\/portaltela.pt\/api\/wp\/v2\/posts\/414990","targetHints":{"allow":["GET"]}}],"collection":[{"href":"https:\/\/portaltela.pt\/api\/wp\/v2\/posts"}],"about":[{"href":"https:\/\/portaltela.pt\/api\/wp\/v2\/types\/post"}],"author":[{"embeddable":true,"href":"https:\/\/portaltela.pt\/api\/wp\/v2\/users\/2"}],"replies":[{"embeddable":true,"href":"https:\/\/portaltela.pt\/api\/wp\/v2\/comments?post=414990"}],"version-history":[{"count":0,"href":"https:\/\/portaltela.pt\/api\/wp\/v2\/posts\/414990\/revisions"}],"wp:featuredmedia":[{"embeddable":true,"href":"https:\/\/portaltela.pt\/api\/wp\/v2\/media\/414998"}],"wp:attachment":[{"href":"https:\/\/portaltela.pt\/api\/wp\/v2\/media?parent=414990"}],"wp:term":[{"taxonomy":"category","embeddable":true,"href":"https:\/\/portaltela.pt\/api\/wp\/v2\/categories?post=414990"},{"taxonomy":"post_tag","embeddable":true,"href":"https:\/\/portaltela.pt\/api\/wp\/v2\/tags?post=414990"}],"curies":[{"name":"wp","href":"https:\/\/api.w.org\/{rel}","templated":true}]}}