{"id":414975,"date":"2026-03-18T15:27:28","date_gmt":"2026-03-18T18:27:28","guid":{"rendered":"https:\/\/portaltela.pt\/noticias\/2026\/03\/18\/chuva-intensa-provoca-deslizamentos-e-inundacoes-no-sul-de-italia\/"},"modified":"2026-03-18T15:27:28","modified_gmt":"2026-03-18T18:27:28","slug":"chuva-intensa-provoca-deslizamentos-e-inundacoes-no-sul-de-italia","status":"publish","type":"post","link":"https:\/\/portaltela.pt\/tempo\/2026\/03\/18\/chuva-intensa-provoca-deslizamentos-e-inundacoes-no-sul-de-italia\/","title":{"rendered":"Chuva intensa provoca deslizamentos e inunda\u00e7\u00f5es no sul de It\u00e1lia"},"content":{"rendered":"<p>O sul de It\u00e1lia enfrenta chuva intensa nesta semana, sobretudo na Cal\u00e1bria e na Sic\u00edlia, provocando deslizamentos de terra e inunda\u00e7\u00f5es. Pessoas ficaram sem acesso a casas, estradas e ve\u00edculos, enquanto as autoridades atuam no terreno para mitigar danos.<\/p>\n<p>As equipas de emerg\u00eancia est\u00e3o a coordenar opera\u00e7\u00f5es de resgate e limpeza, com foco em vias bloqueadas e propriedades afetadas. Em alerta, as autoridades pedem evitar zonas de risco e seguir instru\u00e7\u00f5es oficiais.<\/p>\n<p>Acalma inicial envolve a Cal\u00e1bria e a Sic\u00edlia, onde as autoridades locais trabalham para reduzir os impactos das cheias e deslizamentos. A corrente de chuvas dificulta as opera\u00e7\u00f5es de socorro e recupera\u00e7\u00e3o.<\/p>\n<p>As imagens a\u00e9reas e de rua mostram ruas alagadas, estradas interditadas e quedas de \u00e1rvores. Trabalhadores de resgate removem escombros para restabelecer a passagem segura nas vias afetadas.<\/p>\n<p>As autoridades locais alertam para a possibilidade de novas precipita\u00e7\u00f5es nas pr\u00f3ximas horas, refor\u00e7ando a necessidade de precau\u00e7\u00e3o. A situa\u00e7\u00e3o permanece sob vigil\u00e2ncia, com equipas mobilizadas.<\/p>\n<p>A a\u00e7\u00e3o de emerg\u00eancia continua com apoio a fam\u00edlias, avalia\u00e7\u00e3o de estragos e posterior remo\u00e7\u00e3o de detritos. O objetivo \u00e9 garantir a seguran\u00e7a da popula\u00e7\u00e3o e facilitar o regresso \u00e0 normalidade.<\/p>\n<h3>Situa\u00e7\u00e3o atual<\/h3>\n<p>Nesta fase, as autoridades monitorizam a evolu\u00e7\u00e3o meteorol\u00f3gica e os impactos em habita\u00e7\u00e3o, estradas e viaturas. Os servi\u00e7os de prote\u00e7\u00e3o civil mant\u00eam-se operacionais em toda a regi\u00e3o.<\/p>\n<h3>Medidas de precau\u00e7\u00e3o<\/h3>\n<p>As autoridades reiteram evitar \u00e1reas de alagamento e deslizamento, manter-se informado por fontes oficiais e n\u00e3o circular em vias interrompidas. Equipas de resgate persistem na regi\u00e3o at\u00e9 remo\u00e7\u00e3o de obst\u00e1culos.<\/p>\n","protected":false},"excerpt":{"rendered":"<ul>\n<li>Chuva intensa no sul de It\u00e1lia, especialmente na Cal\u00e1bria e na Sic\u00edlia, provocou deslizamentos de terra e inunda\u00e7\u00f5es.<\/li>\n<li>Houve danos em habita\u00e7\u00f5es, estradas e viaturas, com equipas de emerg\u00eancia a trabalhar no terreno.<\/li>\n<li>As autoridades alertam para o risco de novas chuvas intensas nas pr\u00f3ximas horas e reiteram a necessidade de precau\u00e7\u00e3o.<\/li>\n<li>Popula\u00e7\u00e3o \u00e9 aconselhada a evitar \u00e1reas de risco e a seguir as orienta\u00e7\u00f5es das autoridades locais.<\/li>\n<li>Imagens mostram ruas alagadas, estradas interditadas e escombros, com opera\u00e7\u00f5es de limpeza e recupera\u00e7\u00e3o em curso.<\/li>\n<\/ul>\n","protected":false},"author":2,"featured_media":414980,"comment_status":"closed","ping_status":"closed","sticky":false,"template":"","format":"standard","meta":{"footnotes":""},"categories":[7365],"tags":[3812,4687,5215,3735,2293,1857],"class_list":["post-414975","post","type-post","status-publish","format-standard","has-post-thumbnail","hentry","category-tempo","tag-alagamentos","tag-calamidade-publica","tag-catastrofes-naturais","tag-deslizamentos","tag-inundacoes","tag-italia"],"yoast_head":"<!-- This site is optimized with the Yoast SEO plugin v27.2 - https:\/\/yoast.com\/product\/yoast-seo-wordpress\/ -->\n<title>Chuva intensa provoca deslizamentos e inunda\u00e7\u00f5es no sul de It\u00e1lia - Portal Tela Portugal<\/title>\n<meta name=\"robots\" content=\"index, follow, max-snippet:-1, max-image-preview:large, max-video-preview:-1\" \/>\n<meta property=\"og:locale\" content=\"pt_PT\" \/>\n<meta property=\"og:type\" content=\"article\" \/>\n<meta property=\"og:title\" content=\"Chuva intensa provoca deslizamentos e inunda\u00e7\u00f5es no sul de It\u00e1lia - Portal Tela Portugal\" \/>\n<meta property=\"og:description\" content=\"Chuva intensa no sul de It\u00e1lia, especialmente na Cal\u00e1bria e na Sic\u00edlia, provocou deslizamentos de terra e inunda\u00e7\u00f5es. Houve danos em habita\u00e7\u00f5es, estradas e viaturas, com equipas de emerg\u00eancia a trabalhar no terreno. As autoridades alertam para o risco de novas chuvas intensas nas pr\u00f3ximas horas e reiteram a necessidade de precau\u00e7\u00e3o. Popula\u00e7\u00e3o \u00e9 aconselhada a evitar \u00e1reas de risco e a seguir as orienta\u00e7\u00f5es das autoridades locais. Imagens mostram ruas alagadas, estradas interditadas e escombros, com opera\u00e7\u00f5es de limpeza e recupera\u00e7\u00e3o em curso.\" \/>\n<meta property=\"og:url\" content=\"https:\/\/portaltela.pt\/noticias\/2026\/03\/18\/chuva-intensa-provoca-deslizamentos-e-inundacoes-no-sul-de-italia\/\" \/>\n<meta property=\"og:site_name\" content=\"Portal Tela Portugal\" \/>\n<meta property=\"article:published_time\" content=\"2026-03-18T18:27:28+00:00\" \/>\n<meta name=\"author\" content=\"Telinha\" \/>\n<meta name=\"twitter:card\" content=\"summary_large_image\" \/>\n<meta name=\"twitter:label1\" content=\"Escrito por\" \/>\n\t<meta name=\"twitter:data1\" content=\"Telinha\" \/>\n\t<meta name=\"twitter:label2\" content=\"Tempo estimado de leitura\" \/>\n\t<meta name=\"twitter:data2\" content=\"1 minuto\" \/>\n<script type=\"application\/ld+json\" class=\"yoast-schema-graph\">{\"@context\":\"https:\/\/schema.org\",\"@graph\":[{\"@type\":\"Article\",\"@id\":\"https:\/\/portaltela.pt\/noticias\/2026\/03\/18\/chuva-intensa-provoca-deslizamentos-e-inundacoes-no-sul-de-italia\/#article\",\"isPartOf\":{\"@id\":\"https:\/\/portaltela.pt\/noticias\/2026\/03\/18\/chuva-intensa-provoca-deslizamentos-e-inundacoes-no-sul-de-italia\/\"},\"author\":{\"name\":\"Telinha\",\"@id\":\"https:\/\/portaltela.pt\/#\/schema\/person\/c4278d4a6028830caff9ee44b42d32ed\"},\"headline\":\"Chuva intensa provoca deslizamentos e inunda\u00e7\u00f5es no sul de It\u00e1lia\",\"datePublished\":\"2026-03-18T18:27:28+00:00\",\"mainEntityOfPage\":{\"@id\":\"https:\/\/portaltela.pt\/noticias\/2026\/03\/18\/chuva-intensa-provoca-deslizamentos-e-inundacoes-no-sul-de-italia\/\"},\"wordCount\":301,\"image\":{\"@id\":\"https:\/\/portaltela.pt\/noticias\/2026\/03\/18\/chuva-intensa-provoca-deslizamentos-e-inundacoes-no-sul-de-italia\/#primaryimage\"},\"thumbnailUrl\":\"https:\/\/portaltela.pt\/s.01k8rhncp4jt1\/2026\/03\/img_1280x722uu2026-03-18-18-21-24-2273241.jpg\",\"keywords\":[\"alagamentos\",\"calamidade p\u00fablica\",\"cat\u00e1strofes naturais\",\"deslizamentos\",\"inunda\u00e7\u00f5es\",\"It\u00e1lia\"],\"articleSection\":[\"Tempo\"],\"inLanguage\":\"pt-PT\"},{\"@type\":\"WebPage\",\"@id\":\"https:\/\/portaltela.pt\/noticias\/2026\/03\/18\/chuva-intensa-provoca-deslizamentos-e-inundacoes-no-sul-de-italia\/\",\"url\":\"https:\/\/portaltela.pt\/noticias\/2026\/03\/18\/chuva-intensa-provoca-deslizamentos-e-inundacoes-no-sul-de-italia\/\",\"name\":\"Chuva intensa provoca deslizamentos e inunda\u00e7\u00f5es no sul de It\u00e1lia - Portal Tela Portugal\",\"isPartOf\":{\"@id\":\"https:\/\/portaltela.pt\/#website\"},\"primaryImageOfPage\":{\"@id\":\"https:\/\/portaltela.pt\/noticias\/2026\/03\/18\/chuva-intensa-provoca-deslizamentos-e-inundacoes-no-sul-de-italia\/#primaryimage\"},\"image\":{\"@id\":\"https:\/\/portaltela.pt\/noticias\/2026\/03\/18\/chuva-intensa-provoca-deslizamentos-e-inundacoes-no-sul-de-italia\/#primaryimage\"},\"thumbnailUrl\":\"https:\/\/portaltela.pt\/s.01k8rhncp4jt1\/2026\/03\/img_1280x722uu2026-03-18-18-21-24-2273241.jpg\",\"datePublished\":\"2026-03-18T18:27:28+00:00\",\"author\":{\"@id\":\"https:\/\/portaltela.pt\/#\/schema\/person\/c4278d4a6028830caff9ee44b42d32ed\"},\"breadcrumb\":{\"@id\":\"https:\/\/portaltela.pt\/noticias\/2026\/03\/18\/chuva-intensa-provoca-deslizamentos-e-inundacoes-no-sul-de-italia\/#breadcrumb\"},\"inLanguage\":\"pt-PT\",\"potentialAction\":[{\"@type\":\"ReadAction\",\"target\":[\"https:\/\/portaltela.pt\/noticias\/2026\/03\/18\/chuva-intensa-provoca-deslizamentos-e-inundacoes-no-sul-de-italia\/\"]}]},{\"@type\":\"ImageObject\",\"inLanguage\":\"pt-PT\",\"@id\":\"https:\/\/portaltela.pt\/noticias\/2026\/03\/18\/chuva-intensa-provoca-deslizamentos-e-inundacoes-no-sul-de-italia\/#primaryimage\",\"url\":\"https:\/\/portaltela.pt\/s.01k8rhncp4jt1\/2026\/03\/img_1280x722uu2026-03-18-18-21-24-2273241.jpg\",\"contentUrl\":\"https:\/\/portaltela.pt\/s.01k8rhncp4jt1\/2026\/03\/img_1280x722uu2026-03-18-18-21-24-2273241.jpg\",\"width\":796,\"height\":448,\"caption\":\"Photo\"},{\"@type\":\"BreadcrumbList\",\"@id\":\"https:\/\/portaltela.pt\/noticias\/2026\/03\/18\/chuva-intensa-provoca-deslizamentos-e-inundacoes-no-sul-de-italia\/#breadcrumb\",\"itemListElement\":[{\"@type\":\"ListItem\",\"position\":1,\"name\":\"In\u00edcio\",\"item\":\"https:\/\/portaltela.pt\/\"},{\"@type\":\"ListItem\",\"position\":2,\"name\":\"Chuva intensa provoca deslizamentos e inunda\u00e7\u00f5es no sul de It\u00e1lia\"}]},{\"@type\":\"WebSite\",\"@id\":\"https:\/\/portaltela.pt\/#website\",\"url\":\"https:\/\/portaltela.pt\/\",\"name\":\"Portal Tela Portugal\",\"description\":\"\",\"potentialAction\":[{\"@type\":\"SearchAction\",\"target\":{\"@type\":\"EntryPoint\",\"urlTemplate\":\"https:\/\/portaltela.pt\/?s={search_term_string}\"},\"query-input\":{\"@type\":\"PropertyValueSpecification\",\"valueRequired\":true,\"valueName\":\"search_term_string\"}}],\"inLanguage\":\"pt-PT\"},{\"@type\":\"Person\",\"@id\":\"https:\/\/portaltela.pt\/#\/schema\/person\/c4278d4a6028830caff9ee44b42d32ed\",\"name\":\"Telinha\",\"image\":{\"@type\":\"ImageObject\",\"inLanguage\":\"pt-PT\",\"@id\":\"https:\/\/portaltela.pt\/s.01k8rhncp4jt1\/2025\/11\/talking-bot-125x125.png\",\"url\":\"https:\/\/portaltela.pt\/s.01k8rhncp4jt1\/2025\/11\/talking-bot-125x125.png\",\"contentUrl\":\"https:\/\/portaltela.pt\/s.01k8rhncp4jt1\/2025\/11\/talking-bot-125x125.png\",\"caption\":\"Telinha\"},\"sameAs\":[\"https:\/\/portaltela.pt\/\"],\"url\":\"https:\/\/portaltela.pt\/por\/367410592786\/\"}]}<\/script>\n<!-- \/ Yoast SEO plugin. -->","yoast_head_json":{"title":"Chuva intensa provoca deslizamentos e inunda\u00e7\u00f5es no sul de It\u00e1lia - Portal Tela Portugal","robots":{"index":"index","follow":"follow","max-snippet":"max-snippet:-1","max-image-preview":"max-image-preview:large","max-video-preview":"max-video-preview:-1"},"og_locale":"pt_PT","og_type":"article","og_title":"Chuva intensa provoca deslizamentos e inunda\u00e7\u00f5es no sul de It\u00e1lia - Portal Tela Portugal","og_description":"Chuva intensa no sul de It\u00e1lia, especialmente na Cal\u00e1bria e na Sic\u00edlia, provocou deslizamentos de terra e inunda\u00e7\u00f5es. Houve danos em habita\u00e7\u00f5es, estradas e viaturas, com equipas de emerg\u00eancia a trabalhar no terreno. As autoridades alertam para o risco de novas chuvas intensas nas pr\u00f3ximas horas e reiteram a necessidade de precau\u00e7\u00e3o. Popula\u00e7\u00e3o \u00e9 aconselhada a evitar \u00e1reas de risco e a seguir as orienta\u00e7\u00f5es das autoridades locais. Imagens mostram ruas alagadas, estradas interditadas e escombros, com opera\u00e7\u00f5es de limpeza e recupera\u00e7\u00e3o em curso.","og_url":"https:\/\/portaltela.pt\/noticias\/2026\/03\/18\/chuva-intensa-provoca-deslizamentos-e-inundacoes-no-sul-de-italia\/","og_site_name":"Portal Tela Portugal","article_published_time":"2026-03-18T18:27:28+00:00","author":"Telinha","twitter_card":"summary_large_image","twitter_misc":{"Escrito por":"Telinha","Tempo estimado de leitura":"1 minuto"},"schema":{"@context":"https:\/\/schema.org","@graph":[{"@type":"Article","@id":"https:\/\/portaltela.pt\/noticias\/2026\/03\/18\/chuva-intensa-provoca-deslizamentos-e-inundacoes-no-sul-de-italia\/#article","isPartOf":{"@id":"https:\/\/portaltela.pt\/noticias\/2026\/03\/18\/chuva-intensa-provoca-deslizamentos-e-inundacoes-no-sul-de-italia\/"},"author":{"name":"Telinha","@id":"https:\/\/portaltela.pt\/#\/schema\/person\/c4278d4a6028830caff9ee44b42d32ed"},"headline":"Chuva intensa provoca deslizamentos e inunda\u00e7\u00f5es no sul de It\u00e1lia","datePublished":"2026-03-18T18:27:28+00:00","mainEntityOfPage":{"@id":"https:\/\/portaltela.pt\/noticias\/2026\/03\/18\/chuva-intensa-provoca-deslizamentos-e-inundacoes-no-sul-de-italia\/"},"wordCount":301,"image":{"@id":"https:\/\/portaltela.pt\/noticias\/2026\/03\/18\/chuva-intensa-provoca-deslizamentos-e-inundacoes-no-sul-de-italia\/#primaryimage"},"thumbnailUrl":"https:\/\/portaltela.pt\/s.01k8rhncp4jt1\/2026\/03\/img_1280x722uu2026-03-18-18-21-24-2273241.jpg","keywords":["alagamentos","calamidade p\u00fablica","cat\u00e1strofes naturais","deslizamentos","inunda\u00e7\u00f5es","It\u00e1lia"],"articleSection":["Tempo"],"inLanguage":"pt-PT"},{"@type":"WebPage","@id":"https:\/\/portaltela.pt\/noticias\/2026\/03\/18\/chuva-intensa-provoca-deslizamentos-e-inundacoes-no-sul-de-italia\/","url":"https:\/\/portaltela.pt\/noticias\/2026\/03\/18\/chuva-intensa-provoca-deslizamentos-e-inundacoes-no-sul-de-italia\/","name":"Chuva intensa provoca deslizamentos e inunda\u00e7\u00f5es no sul de It\u00e1lia - Portal Tela Portugal","isPartOf":{"@id":"https:\/\/portaltela.pt\/#website"},"primaryImageOfPage":{"@id":"https:\/\/portaltela.pt\/noticias\/2026\/03\/18\/chuva-intensa-provoca-deslizamentos-e-inundacoes-no-sul-de-italia\/#primaryimage"},"image":{"@id":"https:\/\/portaltela.pt\/noticias\/2026\/03\/18\/chuva-intensa-provoca-deslizamentos-e-inundacoes-no-sul-de-italia\/#primaryimage"},"thumbnailUrl":"https:\/\/portaltela.pt\/s.01k8rhncp4jt1\/2026\/03\/img_1280x722uu2026-03-18-18-21-24-2273241.jpg","datePublished":"2026-03-18T18:27:28+00:00","author":{"@id":"https:\/\/portaltela.pt\/#\/schema\/person\/c4278d4a6028830caff9ee44b42d32ed"},"breadcrumb":{"@id":"https:\/\/portaltela.pt\/noticias\/2026\/03\/18\/chuva-intensa-provoca-deslizamentos-e-inundacoes-no-sul-de-italia\/#breadcrumb"},"inLanguage":"pt-PT","potentialAction":[{"@type":"ReadAction","target":["https:\/\/portaltela.pt\/noticias\/2026\/03\/18\/chuva-intensa-provoca-deslizamentos-e-inundacoes-no-sul-de-italia\/"]}]},{"@type":"ImageObject","inLanguage":"pt-PT","@id":"https:\/\/portaltela.pt\/noticias\/2026\/03\/18\/chuva-intensa-provoca-deslizamentos-e-inundacoes-no-sul-de-italia\/#primaryimage","url":"https:\/\/portaltela.pt\/s.01k8rhncp4jt1\/2026\/03\/img_1280x722uu2026-03-18-18-21-24-2273241.jpg","contentUrl":"https:\/\/portaltela.pt\/s.01k8rhncp4jt1\/2026\/03\/img_1280x722uu2026-03-18-18-21-24-2273241.jpg","width":796,"height":448,"caption":"Photo"},{"@type":"BreadcrumbList","@id":"https:\/\/portaltela.pt\/noticias\/2026\/03\/18\/chuva-intensa-provoca-deslizamentos-e-inundacoes-no-sul-de-italia\/#breadcrumb","itemListElement":[{"@type":"ListItem","position":1,"name":"In\u00edcio","item":"https:\/\/portaltela.pt\/"},{"@type":"ListItem","position":2,"name":"Chuva intensa provoca deslizamentos e inunda\u00e7\u00f5es no sul de It\u00e1lia"}]},{"@type":"WebSite","@id":"https:\/\/portaltela.pt\/#website","url":"https:\/\/portaltela.pt\/","name":"Portal Tela Portugal","description":"","potentialAction":[{"@type":"SearchAction","target":{"@type":"EntryPoint","urlTemplate":"https:\/\/portaltela.pt\/?s={search_term_string}"},"query-input":{"@type":"PropertyValueSpecification","valueRequired":true,"valueName":"search_term_string"}}],"inLanguage":"pt-PT"},{"@type":"Person","@id":"https:\/\/portaltela.pt\/#\/schema\/person\/c4278d4a6028830caff9ee44b42d32ed","name":"Telinha","image":{"@type":"ImageObject","inLanguage":"pt-PT","@id":"https:\/\/portaltela.pt\/s.01k8rhncp4jt1\/2025\/11\/talking-bot-125x125.png","url":"https:\/\/portaltela.pt\/s.01k8rhncp4jt1\/2025\/11\/talking-bot-125x125.png","contentUrl":"https:\/\/portaltela.pt\/s.01k8rhncp4jt1\/2025\/11\/talking-bot-125x125.png","caption":"Telinha"},"sameAs":["https:\/\/portaltela.pt\/"],"url":"https:\/\/portaltela.pt\/por\/367410592786\/"}]}},"_links":{"self":[{"href":"https:\/\/portaltela.pt\/api\/wp\/v2\/posts\/414975","targetHints":{"allow":["GET"]}}],"collection":[{"href":"https:\/\/portaltela.pt\/api\/wp\/v2\/posts"}],"about":[{"href":"https:\/\/portaltela.pt\/api\/wp\/v2\/types\/post"}],"author":[{"embeddable":true,"href":"https:\/\/portaltela.pt\/api\/wp\/v2\/users\/2"}],"replies":[{"embeddable":true,"href":"https:\/\/portaltela.pt\/api\/wp\/v2\/comments?post=414975"}],"version-history":[{"count":0,"href":"https:\/\/portaltela.pt\/api\/wp\/v2\/posts\/414975\/revisions"}],"wp:featuredmedia":[{"embeddable":true,"href":"https:\/\/portaltela.pt\/api\/wp\/v2\/media\/414980"}],"wp:attachment":[{"href":"https:\/\/portaltela.pt\/api\/wp\/v2\/media?parent=414975"}],"wp:term":[{"taxonomy":"category","embeddable":true,"href":"https:\/\/portaltela.pt\/api\/wp\/v2\/categories?post=414975"},{"taxonomy":"post_tag","embeddable":true,"href":"https:\/\/portaltela.pt\/api\/wp\/v2\/tags?post=414975"}],"curies":[{"name":"wp","href":"https:\/\/api.w.org\/{rel}","templated":true}]}}