{"id":414958,"date":"2026-03-18T15:18:00","date_gmt":"2026-03-18T18:18:00","guid":{"rendered":"https:\/\/portaltela.pt\/noticias\/2026\/03\/18\/amadora-rejeita-invasao-de-oeiras-isaltino-avanca-com-muralha-verde\/"},"modified":"2026-03-18T15:18:00","modified_gmt":"2026-03-18T18:18:00","slug":"amadora-rejeita-invasao-de-oeiras-isaltino-avanca-com-muralha-verde","status":"publish","type":"post","link":"https:\/\/portaltela.pt\/conflitos\/2026\/03\/18\/amadora-rejeita-invasao-de-oeiras-isaltino-avanca-com-muralha-verde\/","title":{"rendered":"Amadora rejeita invas\u00e3o de Oeiras; Isaltino avan\u00e7a com muralha verde"},"content":{"rendered":"<p>Oeiras acusa a Amadora de invadir territ\u00f3rio do concelho e j\u00e1 mandou avan\u00e7ar com uma muralha de \u00e1rvores na zona de Carnaxide para travar novas constru\u00e7\u00f5es. A C\u00e2mara de Amadora refuta a leitura de invas\u00e3o, assegurando legalidade e coopera\u00e7\u00e3o institucional entre os munic\u00edpios.<\/p>\n<p>No v\u00eddeo divulgado esta semana, Isaltino Morais sustenta que h\u00e1 obras a avan\u00e7ar para territ\u00f3rio de Oeiras na Serra de Carnaxide. Aponta logradouros com acessos a partir da Amadora e aponta para port\u00f5es alegadamente clandestinos.<\/p>\n<p>A autarquia de Amadora, por sua vez, afirma manter atua\u00e7\u00e3o dentro da legalidade e manter abertura ao di\u00e1logo com o munic\u00edpio vizinho. O objetivo, dizem, \u00e9 impedir ocupa\u00e7\u00e3o indevida de solo em zonas lim\u00edtrofes.<\/p>\n<h3>Disputa territorial e resposta institucional<\/h3>\n<p>Isaltino Morais acusa irregularidades na expans\u00e3o urban\u00edstica a partir do concelho vizinho, enquanto a Amadora garante cumprir normas urban\u00edsticas. O caso envolve a Serra de Carnaxide e \u00e1reas adjacentes, com impacto na gest\u00e3o do solo.<\/p>\n<p>As duas c\u00e2maras n\u00e3o detalharam quais estruturas legais sustentam as suas leituras do que est\u00e1 a ocorrer. Ningu\u00e9m indicou prazos ou consequ\u00eancias administrativas definitivas para o conflito.<\/p>\n<p>A posi\u00e7\u00e3o de cada autarquia permanece centrada na legalidade das a\u00e7\u00f5es e na coopera\u00e7\u00e3o institucional. N\u00e3o h\u00e1, at\u00e9 ao momento, confirma\u00e7\u00e3o de medidas judiciais associadas ao tema.<\/p>\n","protected":false},"excerpt":{"rendered":"<ul>\n<li>O presidente da C\u00e2mara de Oeiras, Isaltino Morais, acusa a Amadora de \u201cinvadir\u201d territ\u00f3rio do concelho.<\/li>\n<li>Em resposta, avan\u00e7ou com uma \u201cmuralha de \u00e1rvores\u201d na zona de Carnaxide para travar novas constru\u00e7\u00f5es.<\/li>\n<li>Alega ocupa\u00e7\u00e3o indevida de solo com logradouros que t\u00eam acessos a partir da Amadora e at\u00e9 \u201cport\u00f5es clandestinos\u201d.<\/li>\n<li>A autarquia vizinha desvaloriza o conflito, garantindo legalidade e coopera\u00e7\u00e3o institucional.<\/li>\n<li>O tipo de reclama\u00e7\u00e3o e as a\u00e7\u00f5es ocorrem ap\u00f3s a divulga\u00e7\u00e3o de um v\u00eddeo na semana em que Morais denuncia a situa\u00e7\u00e3o.<\/li>\n<\/ul>\n","protected":false},"author":2,"featured_media":414966,"comment_status":"closed","ping_status":"closed","sticky":false,"template":"","format":"standard","meta":{"footnotes":""},"categories":[6790],"tags":[1439,6490,1198,2540,5542,189],"class_list":["post-414958","post","type-post","status-publish","format-standard","has-post-thumbnail","hentry","category-conflitos","tag-amadora","tag-ocupacoes","tag-oeiras","tag-territorio","tag-territorios","tag-urbanismo"],"yoast_head":"<!-- This site is optimized with the Yoast SEO plugin v27.2 - https:\/\/yoast.com\/product\/yoast-seo-wordpress\/ -->\n<title>Amadora rejeita invas\u00e3o de Oeiras; Isaltino avan\u00e7a com muralha verde - Portal Tela Portugal<\/title>\n<meta name=\"robots\" content=\"index, follow, max-snippet:-1, max-image-preview:large, max-video-preview:-1\" \/>\n<meta property=\"og:locale\" content=\"pt_PT\" \/>\n<meta property=\"og:type\" content=\"article\" \/>\n<meta property=\"og:title\" content=\"Amadora rejeita invas\u00e3o de Oeiras; Isaltino avan\u00e7a com muralha verde - Portal Tela Portugal\" \/>\n<meta property=\"og:description\" content=\"O presidente da C\u00e2mara de Oeiras, Isaltino Morais, acusa a Amadora de \u201cinvadir\u201d territ\u00f3rio do concelho. Em resposta, avan\u00e7ou com uma \u201cmuralha de \u00e1rvores\u201d na zona de Carnaxide para travar novas constru\u00e7\u00f5es. Alega ocupa\u00e7\u00e3o indevida de solo com logradouros que t\u00eam acessos a partir da Amadora e at\u00e9 \u201cport\u00f5es clandestinos\u201d. A autarquia vizinha desvaloriza o conflito, garantindo legalidade e coopera\u00e7\u00e3o institucional. O tipo de reclama\u00e7\u00e3o e as a\u00e7\u00f5es ocorrem ap\u00f3s a divulga\u00e7\u00e3o de um v\u00eddeo na semana em que Morais denuncia a situa\u00e7\u00e3o.\" \/>\n<meta property=\"og:url\" content=\"https:\/\/portaltela.pt\/noticias\/2026\/03\/18\/amadora-rejeita-invasao-de-oeiras-isaltino-avanca-com-muralha-verde\/\" \/>\n<meta property=\"og:site_name\" content=\"Portal Tela Portugal\" \/>\n<meta property=\"article:published_time\" content=\"2026-03-18T18:18:00+00:00\" \/>\n<meta name=\"author\" content=\"Telinha\" \/>\n<meta name=\"twitter:card\" content=\"summary_large_image\" \/>\n<meta name=\"twitter:label1\" content=\"Escrito por\" \/>\n\t<meta name=\"twitter:data1\" content=\"Telinha\" \/>\n\t<meta name=\"twitter:label2\" content=\"Tempo estimado de leitura\" \/>\n\t<meta name=\"twitter:data2\" content=\"1 minuto\" \/>\n<script type=\"application\/ld+json\" class=\"yoast-schema-graph\">{\"@context\":\"https:\/\/schema.org\",\"@graph\":[{\"@type\":\"Article\",\"@id\":\"https:\/\/portaltela.pt\/noticias\/2026\/03\/18\/amadora-rejeita-invasao-de-oeiras-isaltino-avanca-com-muralha-verde\/#article\",\"isPartOf\":{\"@id\":\"https:\/\/portaltela.pt\/noticias\/2026\/03\/18\/amadora-rejeita-invasao-de-oeiras-isaltino-avanca-com-muralha-verde\/\"},\"author\":{\"name\":\"Telinha\",\"@id\":\"https:\/\/portaltela.pt\/#\/schema\/person\/c4278d4a6028830caff9ee44b42d32ed\"},\"headline\":\"Amadora rejeita invas\u00e3o de Oeiras; Isaltino avan\u00e7a com muralha verde\",\"datePublished\":\"2026-03-18T18:18:00+00:00\",\"mainEntityOfPage\":{\"@id\":\"https:\/\/portaltela.pt\/noticias\/2026\/03\/18\/amadora-rejeita-invasao-de-oeiras-isaltino-avanca-com-muralha-verde\/\"},\"wordCount\":246,\"image\":{\"@id\":\"https:\/\/portaltela.pt\/noticias\/2026\/03\/18\/amadora-rejeita-invasao-de-oeiras-isaltino-avanca-com-muralha-verde\/#primaryimage\"},\"thumbnailUrl\":\"https:\/\/portaltela.pt\/s.01k8rhncp4jt1\/2026\/03\/image-1212.jpg\",\"keywords\":[\"Amadora\",\"ocupa\u00e7\u00f5es\",\"Oeiras\",\"Territ\u00f3rio\",\"Territ\u00f3rios\",\"urbanismo\"],\"articleSection\":[\"Conflitos\"],\"inLanguage\":\"pt-PT\"},{\"@type\":\"WebPage\",\"@id\":\"https:\/\/portaltela.pt\/noticias\/2026\/03\/18\/amadora-rejeita-invasao-de-oeiras-isaltino-avanca-com-muralha-verde\/\",\"url\":\"https:\/\/portaltela.pt\/noticias\/2026\/03\/18\/amadora-rejeita-invasao-de-oeiras-isaltino-avanca-com-muralha-verde\/\",\"name\":\"Amadora rejeita invas\u00e3o de Oeiras; Isaltino avan\u00e7a com muralha verde - Portal Tela Portugal\",\"isPartOf\":{\"@id\":\"https:\/\/portaltela.pt\/#website\"},\"primaryImageOfPage\":{\"@id\":\"https:\/\/portaltela.pt\/noticias\/2026\/03\/18\/amadora-rejeita-invasao-de-oeiras-isaltino-avanca-com-muralha-verde\/#primaryimage\"},\"image\":{\"@id\":\"https:\/\/portaltela.pt\/noticias\/2026\/03\/18\/amadora-rejeita-invasao-de-oeiras-isaltino-avanca-com-muralha-verde\/#primaryimage\"},\"thumbnailUrl\":\"https:\/\/portaltela.pt\/s.01k8rhncp4jt1\/2026\/03\/image-1212.jpg\",\"datePublished\":\"2026-03-18T18:18:00+00:00\",\"author\":{\"@id\":\"https:\/\/portaltela.pt\/#\/schema\/person\/c4278d4a6028830caff9ee44b42d32ed\"},\"breadcrumb\":{\"@id\":\"https:\/\/portaltela.pt\/noticias\/2026\/03\/18\/amadora-rejeita-invasao-de-oeiras-isaltino-avanca-com-muralha-verde\/#breadcrumb\"},\"inLanguage\":\"pt-PT\",\"potentialAction\":[{\"@type\":\"ReadAction\",\"target\":[\"https:\/\/portaltela.pt\/noticias\/2026\/03\/18\/amadora-rejeita-invasao-de-oeiras-isaltino-avanca-com-muralha-verde\/\"]}]},{\"@type\":\"ImageObject\",\"inLanguage\":\"pt-PT\",\"@id\":\"https:\/\/portaltela.pt\/noticias\/2026\/03\/18\/amadora-rejeita-invasao-de-oeiras-isaltino-avanca-com-muralha-verde\/#primaryimage\",\"url\":\"https:\/\/portaltela.pt\/s.01k8rhncp4jt1\/2026\/03\/image-1212.jpg\",\"contentUrl\":\"https:\/\/portaltela.pt\/s.01k8rhncp4jt1\/2026\/03\/image-1212.jpg\",\"width\":796,\"height\":448,\"caption\":\"Isaltino critica expans\u00e3o urban\u00edstica a partir do concelho vizinho\"},{\"@type\":\"BreadcrumbList\",\"@id\":\"https:\/\/portaltela.pt\/noticias\/2026\/03\/18\/amadora-rejeita-invasao-de-oeiras-isaltino-avanca-com-muralha-verde\/#breadcrumb\",\"itemListElement\":[{\"@type\":\"ListItem\",\"position\":1,\"name\":\"In\u00edcio\",\"item\":\"https:\/\/portaltela.pt\/\"},{\"@type\":\"ListItem\",\"position\":2,\"name\":\"Amadora rejeita invas\u00e3o de Oeiras; Isaltino avan\u00e7a com muralha verde\"}]},{\"@type\":\"WebSite\",\"@id\":\"https:\/\/portaltela.pt\/#website\",\"url\":\"https:\/\/portaltela.pt\/\",\"name\":\"Portal Tela Portugal\",\"description\":\"\",\"potentialAction\":[{\"@type\":\"SearchAction\",\"target\":{\"@type\":\"EntryPoint\",\"urlTemplate\":\"https:\/\/portaltela.pt\/?s={search_term_string}\"},\"query-input\":{\"@type\":\"PropertyValueSpecification\",\"valueRequired\":true,\"valueName\":\"search_term_string\"}}],\"inLanguage\":\"pt-PT\"},{\"@type\":\"Person\",\"@id\":\"https:\/\/portaltela.pt\/#\/schema\/person\/c4278d4a6028830caff9ee44b42d32ed\",\"name\":\"Telinha\",\"image\":{\"@type\":\"ImageObject\",\"inLanguage\":\"pt-PT\",\"@id\":\"https:\/\/portaltela.pt\/s.01k8rhncp4jt1\/2025\/11\/talking-bot-125x125.png\",\"url\":\"https:\/\/portaltela.pt\/s.01k8rhncp4jt1\/2025\/11\/talking-bot-125x125.png\",\"contentUrl\":\"https:\/\/portaltela.pt\/s.01k8rhncp4jt1\/2025\/11\/talking-bot-125x125.png\",\"caption\":\"Telinha\"},\"sameAs\":[\"https:\/\/portaltela.pt\/\"],\"url\":\"https:\/\/portaltela.pt\/por\/367410592786\/\"}]}<\/script>\n<!-- \/ Yoast SEO plugin. -->","yoast_head_json":{"title":"Amadora rejeita invas\u00e3o de Oeiras; Isaltino avan\u00e7a com muralha verde - Portal Tela Portugal","robots":{"index":"index","follow":"follow","max-snippet":"max-snippet:-1","max-image-preview":"max-image-preview:large","max-video-preview":"max-video-preview:-1"},"og_locale":"pt_PT","og_type":"article","og_title":"Amadora rejeita invas\u00e3o de Oeiras; Isaltino avan\u00e7a com muralha verde - Portal Tela Portugal","og_description":"O presidente da C\u00e2mara de Oeiras, Isaltino Morais, acusa a Amadora de \u201cinvadir\u201d territ\u00f3rio do concelho. Em resposta, avan\u00e7ou com uma \u201cmuralha de \u00e1rvores\u201d na zona de Carnaxide para travar novas constru\u00e7\u00f5es. Alega ocupa\u00e7\u00e3o indevida de solo com logradouros que t\u00eam acessos a partir da Amadora e at\u00e9 \u201cport\u00f5es clandestinos\u201d. A autarquia vizinha desvaloriza o conflito, garantindo legalidade e coopera\u00e7\u00e3o institucional. O tipo de reclama\u00e7\u00e3o e as a\u00e7\u00f5es ocorrem ap\u00f3s a divulga\u00e7\u00e3o de um v\u00eddeo na semana em que Morais denuncia a situa\u00e7\u00e3o.","og_url":"https:\/\/portaltela.pt\/noticias\/2026\/03\/18\/amadora-rejeita-invasao-de-oeiras-isaltino-avanca-com-muralha-verde\/","og_site_name":"Portal Tela Portugal","article_published_time":"2026-03-18T18:18:00+00:00","author":"Telinha","twitter_card":"summary_large_image","twitter_misc":{"Escrito por":"Telinha","Tempo estimado de leitura":"1 minuto"},"schema":{"@context":"https:\/\/schema.org","@graph":[{"@type":"Article","@id":"https:\/\/portaltela.pt\/noticias\/2026\/03\/18\/amadora-rejeita-invasao-de-oeiras-isaltino-avanca-com-muralha-verde\/#article","isPartOf":{"@id":"https:\/\/portaltela.pt\/noticias\/2026\/03\/18\/amadora-rejeita-invasao-de-oeiras-isaltino-avanca-com-muralha-verde\/"},"author":{"name":"Telinha","@id":"https:\/\/portaltela.pt\/#\/schema\/person\/c4278d4a6028830caff9ee44b42d32ed"},"headline":"Amadora rejeita invas\u00e3o de Oeiras; Isaltino avan\u00e7a com muralha verde","datePublished":"2026-03-18T18:18:00+00:00","mainEntityOfPage":{"@id":"https:\/\/portaltela.pt\/noticias\/2026\/03\/18\/amadora-rejeita-invasao-de-oeiras-isaltino-avanca-com-muralha-verde\/"},"wordCount":246,"image":{"@id":"https:\/\/portaltela.pt\/noticias\/2026\/03\/18\/amadora-rejeita-invasao-de-oeiras-isaltino-avanca-com-muralha-verde\/#primaryimage"},"thumbnailUrl":"https:\/\/portaltela.pt\/s.01k8rhncp4jt1\/2026\/03\/image-1212.jpg","keywords":["Amadora","ocupa\u00e7\u00f5es","Oeiras","Territ\u00f3rio","Territ\u00f3rios","urbanismo"],"articleSection":["Conflitos"],"inLanguage":"pt-PT"},{"@type":"WebPage","@id":"https:\/\/portaltela.pt\/noticias\/2026\/03\/18\/amadora-rejeita-invasao-de-oeiras-isaltino-avanca-com-muralha-verde\/","url":"https:\/\/portaltela.pt\/noticias\/2026\/03\/18\/amadora-rejeita-invasao-de-oeiras-isaltino-avanca-com-muralha-verde\/","name":"Amadora rejeita invas\u00e3o de Oeiras; Isaltino avan\u00e7a com muralha verde - Portal Tela Portugal","isPartOf":{"@id":"https:\/\/portaltela.pt\/#website"},"primaryImageOfPage":{"@id":"https:\/\/portaltela.pt\/noticias\/2026\/03\/18\/amadora-rejeita-invasao-de-oeiras-isaltino-avanca-com-muralha-verde\/#primaryimage"},"image":{"@id":"https:\/\/portaltela.pt\/noticias\/2026\/03\/18\/amadora-rejeita-invasao-de-oeiras-isaltino-avanca-com-muralha-verde\/#primaryimage"},"thumbnailUrl":"https:\/\/portaltela.pt\/s.01k8rhncp4jt1\/2026\/03\/image-1212.jpg","datePublished":"2026-03-18T18:18:00+00:00","author":{"@id":"https:\/\/portaltela.pt\/#\/schema\/person\/c4278d4a6028830caff9ee44b42d32ed"},"breadcrumb":{"@id":"https:\/\/portaltela.pt\/noticias\/2026\/03\/18\/amadora-rejeita-invasao-de-oeiras-isaltino-avanca-com-muralha-verde\/#breadcrumb"},"inLanguage":"pt-PT","potentialAction":[{"@type":"ReadAction","target":["https:\/\/portaltela.pt\/noticias\/2026\/03\/18\/amadora-rejeita-invasao-de-oeiras-isaltino-avanca-com-muralha-verde\/"]}]},{"@type":"ImageObject","inLanguage":"pt-PT","@id":"https:\/\/portaltela.pt\/noticias\/2026\/03\/18\/amadora-rejeita-invasao-de-oeiras-isaltino-avanca-com-muralha-verde\/#primaryimage","url":"https:\/\/portaltela.pt\/s.01k8rhncp4jt1\/2026\/03\/image-1212.jpg","contentUrl":"https:\/\/portaltela.pt\/s.01k8rhncp4jt1\/2026\/03\/image-1212.jpg","width":796,"height":448,"caption":"Isaltino critica expans\u00e3o urban\u00edstica a partir do concelho vizinho"},{"@type":"BreadcrumbList","@id":"https:\/\/portaltela.pt\/noticias\/2026\/03\/18\/amadora-rejeita-invasao-de-oeiras-isaltino-avanca-com-muralha-verde\/#breadcrumb","itemListElement":[{"@type":"ListItem","position":1,"name":"In\u00edcio","item":"https:\/\/portaltela.pt\/"},{"@type":"ListItem","position":2,"name":"Amadora rejeita invas\u00e3o de Oeiras; Isaltino avan\u00e7a com muralha verde"}]},{"@type":"WebSite","@id":"https:\/\/portaltela.pt\/#website","url":"https:\/\/portaltela.pt\/","name":"Portal Tela Portugal","description":"","potentialAction":[{"@type":"SearchAction","target":{"@type":"EntryPoint","urlTemplate":"https:\/\/portaltela.pt\/?s={search_term_string}"},"query-input":{"@type":"PropertyValueSpecification","valueRequired":true,"valueName":"search_term_string"}}],"inLanguage":"pt-PT"},{"@type":"Person","@id":"https:\/\/portaltela.pt\/#\/schema\/person\/c4278d4a6028830caff9ee44b42d32ed","name":"Telinha","image":{"@type":"ImageObject","inLanguage":"pt-PT","@id":"https:\/\/portaltela.pt\/s.01k8rhncp4jt1\/2025\/11\/talking-bot-125x125.png","url":"https:\/\/portaltela.pt\/s.01k8rhncp4jt1\/2025\/11\/talking-bot-125x125.png","contentUrl":"https:\/\/portaltela.pt\/s.01k8rhncp4jt1\/2025\/11\/talking-bot-125x125.png","caption":"Telinha"},"sameAs":["https:\/\/portaltela.pt\/"],"url":"https:\/\/portaltela.pt\/por\/367410592786\/"}]}},"_links":{"self":[{"href":"https:\/\/portaltela.pt\/api\/wp\/v2\/posts\/414958","targetHints":{"allow":["GET"]}}],"collection":[{"href":"https:\/\/portaltela.pt\/api\/wp\/v2\/posts"}],"about":[{"href":"https:\/\/portaltela.pt\/api\/wp\/v2\/types\/post"}],"author":[{"embeddable":true,"href":"https:\/\/portaltela.pt\/api\/wp\/v2\/users\/2"}],"replies":[{"embeddable":true,"href":"https:\/\/portaltela.pt\/api\/wp\/v2\/comments?post=414958"}],"version-history":[{"count":0,"href":"https:\/\/portaltela.pt\/api\/wp\/v2\/posts\/414958\/revisions"}],"wp:featuredmedia":[{"embeddable":true,"href":"https:\/\/portaltela.pt\/api\/wp\/v2\/media\/414966"}],"wp:attachment":[{"href":"https:\/\/portaltela.pt\/api\/wp\/v2\/media?parent=414958"}],"wp:term":[{"taxonomy":"category","embeddable":true,"href":"https:\/\/portaltela.pt\/api\/wp\/v2\/categories?post=414958"},{"taxonomy":"post_tag","embeddable":true,"href":"https:\/\/portaltela.pt\/api\/wp\/v2\/tags?post=414958"}],"curies":[{"name":"wp","href":"https:\/\/api.w.org\/{rel}","templated":true}]}}