{"id":414941,"date":"2026-03-18T14:57:00","date_gmt":"2026-03-18T17:57:00","guid":{"rendered":"https:\/\/portaltela.pt\/noticias\/2026\/03\/18\/protejo-recorre-a-provedora-europeia-para-reivindicar-caudais-ecologicos-no-tejo\/"},"modified":"2026-03-18T14:57:00","modified_gmt":"2026-03-18T17:57:00","slug":"protejo-recorre-a-provedora-europeia-para-reivindicar-caudais-ecologicos-no-tejo","status":"publish","type":"post","link":"https:\/\/portaltela.pt\/meio-ambiente\/2026\/03\/18\/protejo-recorre-a-provedora-europeia-para-reivindicar-caudais-ecologicos-no-tejo\/","title":{"rendered":"proTEJO recorre \u00e0 Provedora Europeia para reivindicar caudais ecol\u00f3gicos no Tejo"},"content":{"rendered":"<p>proTEJO recorreu \u00e0 Provedora de Justi\u00e7a Europeia para obter uma resposta adequada da Comiss\u00e3o Europeia sobre o incumprimento de caudais ecol\u00f3gicos no Tejo. O movimento ambientalista acusa a CE de m\u00e1 administra\u00e7\u00e3o e de atraso excessivo na resposta \u00e0 queixa apresentada em mar\u00e7o de 2024, assinada por 31 organiza\u00e7\u00f5es ib\u00e9ricas.<\/p>\n<p>A queixa aponta que Portugal e Espanha n\u00e3o implementaram regimes de caudais ecol\u00f3gicos rigorosos, vioIando a Directiva-Quadro da \u00c1gua e a Conven\u00e7\u00e3o de Albufeira, que regula a gest\u00e3o transfronteiri\u00e7a do Tejo. Ap\u00f3s dois anos sem resposta substantiva, o proTEJO recorreu \u00e0 Provedora Teresa Anjinho.<\/p>\n<p>A Procuradoria Europeia j\u00e1 foi acionada para analisar conduta da Comiss\u00e3o Europeia e verificar poss\u00edvel m\u00e1 administra\u00e7\u00e3o. O recurso solicita uma decis\u00e3o clara e fundamentada sobre a implementa\u00e7\u00e3o dos caudais ecol\u00f3gicos e uma resposta definitiva \u00e0s queixas apresentadas.<\/p>\n<h3>Recorrente \u00e0 Provedora Europeia<\/h3>\n<p>O movimento recorda que, desde a resposta inicial considerada insuficiente em novembro de 2024, houve pedidos de esclarecimento ao longo de 2025, recebendo apenas notas de rece\u00e7\u00e3o da Comiss\u00e3o. O objetivo \u00e9 obter medidas que permitam corrigir a situa\u00e7\u00e3o e evitar preju\u00edzos aos ecossistemas e comunidades do Tejo.<\/p>\n<p>A queixa original detalha ainda a incoer\u00eancia cient\u00edfica dos caudais espanh\u00f3is, varia\u00e7\u00f5es de aflu\u00eancia que afetam Portugal e a necessidade de medidas antes da autoriza\u00e7\u00e3o de novas infraestruturas. O texto sublinha riscos associados a projetos hidroel\u00e9ctricos, como as barragens de Alc\u00e2ntara e Valdeca\u00f1as.<\/p>\n<p>O movimentos alerta para impactos ambientais, sociais e econ\u00f3micos decorrentes da continuidade do regime de caudais m\u00ednimos. Ao defender solu\u00e7\u00f5es mais sustent\u00e1veis, o proTEJO pretende protegER as massas de \u00e1gua do Tejo internacional e nacional.<\/p>\n<p>O porta-voz, Paulo Constantino, refor\u00e7a que se pretende uma decis\u00e3o definitiva para evitar o desperd\u00edcio de recursos p\u00fablicos e assegurar a prote\u00e7\u00e3o h\u00eddrica do Tejo. O proTEJO tem sede em Vila Nova da Barquinha, no distrito de Santar\u00e9m, e foi fundado em 2009 para promover caudais ecol\u00f3gicos est\u00e1veis e cont\u00ednuos.<\/p>\n","protected":false},"excerpt":{"rendered":"<ul>\n<li>o movimento ambientalista proTEJO recorreu \u00e0 Provedora de Justi\u00e7a Europeia, Teresa Anjinho, para obter uma resposta adequada da Comiss\u00e3o Europeia sobre o incumprimento de caudais ecol\u00f3gicos no Tejo por Espanha e Portugal.<\/li>\n<li>a queixa de mar\u00e7o de 2024, assinada por trinta e uma organiza\u00e7\u00f5es ib\u00e9ricas, acusa incumprimento da Diretiva-Quadro da \u00c1gua e da Conven\u00e7\u00e3o de Albufeira na gest\u00e3o transfronteiri\u00e7a do Tejo.<\/li>\n<li>passados dois anos sem resposta substantiva da Comiss\u00e3o Europeia, o proTEJO afirma que a demora configura atraso excessivo e impede medidas corretivas para ecossistemas e comunidades do Tejo.<\/li>\n<li>no recurso, o movimento solicita \u00e0 Provedora Europeia que avalie a conduta da Comiss\u00e3o, determine se houve m\u00e1 administra\u00e7\u00e3o e recomende uma resposta clara sobre a implementa\u00e7\u00e3o dos caudais ecol\u00f3gicos.<\/li>\n<li>o proTEJO alerta para impactos ambientais, sociais e econ\u00f3micos do registo de caudais m\u00ednimos e para riscos de futuros projetos hidroel\u00e9tricos, defendendo uma decis\u00e3o definitiva que proteja as massas de \u00e1gua do Tejo.<\/li>\n<\/ul>\n","protected":false},"author":2,"featured_media":414946,"comment_status":"closed","ping_status":"closed","sticky":false,"template":"","format":"standard","meta":{"footnotes":""},"categories":[6725],"tags":[1090,3147,45,811,2408,2055],"class_list":["post-414941","post","type-post","status-publish","format-standard","has-post-thumbnail","hentry","category-meio-ambiente","tag-agua","tag-gestao-de-recursos-hidricos","tag-meio-ambiente","tag-protecao-ambiental","tag-tejo","tag-uniao-europeia"],"yoast_head":"<!-- This site is optimized with the Yoast SEO plugin v27.2 - https:\/\/yoast.com\/product\/yoast-seo-wordpress\/ -->\n<title>proTEJO recorre \u00e0 Provedora Europeia para reivindicar caudais ecol\u00f3gicos no Tejo - Portal Tela Portugal<\/title>\n<meta name=\"robots\" content=\"index, follow, max-snippet:-1, max-image-preview:large, max-video-preview:-1\" \/>\n<meta property=\"og:locale\" content=\"pt_PT\" \/>\n<meta property=\"og:type\" content=\"article\" \/>\n<meta property=\"og:title\" content=\"proTEJO recorre \u00e0 Provedora Europeia para reivindicar caudais ecol\u00f3gicos no Tejo - Portal Tela Portugal\" \/>\n<meta property=\"og:description\" content=\"o movimento ambientalista proTEJO recorreu \u00e0 Provedora de Justi\u00e7a Europeia, Teresa Anjinho, para obter uma resposta adequada da Comiss\u00e3o Europeia sobre o incumprimento de caudais ecol\u00f3gicos no Tejo por Espanha e Portugal. a queixa de mar\u00e7o de 2024, assinada por trinta e uma organiza\u00e7\u00f5es ib\u00e9ricas, acusa incumprimento da Diretiva-Quadro da \u00c1gua e da Conven\u00e7\u00e3o de Albufeira na gest\u00e3o transfronteiri\u00e7a do Tejo. passados dois anos sem resposta substantiva da Comiss\u00e3o Europeia, o proTEJO afirma que a demora configura atraso excessivo e impede medidas corretivas para ecossistemas e comunidades do Tejo. no recurso, o movimento solicita \u00e0 Provedora Europeia que avalie a conduta da Comiss\u00e3o, determine se houve m\u00e1 administra\u00e7\u00e3o e recomende uma resposta clara sobre a implementa\u00e7\u00e3o dos caudais ecol\u00f3gicos. o proTEJO alerta para impactos ambientais, sociais e econ\u00f3micos do registo de caudais m\u00ednimos e para riscos de futuros projetos hidroel\u00e9tricos, defendendo uma decis\u00e3o definitiva que proteja as massas de \u00e1gua do Tejo.\" \/>\n<meta property=\"og:url\" content=\"https:\/\/portaltela.pt\/noticias\/2026\/03\/18\/protejo-recorre-a-provedora-europeia-para-reivindicar-caudais-ecologicos-no-tejo\/\" \/>\n<meta property=\"og:site_name\" content=\"Portal Tela Portugal\" \/>\n<meta property=\"article:published_time\" content=\"2026-03-18T17:57:00+00:00\" \/>\n<meta name=\"author\" content=\"Telinha\" \/>\n<meta name=\"twitter:card\" content=\"summary_large_image\" \/>\n<meta name=\"twitter:label1\" content=\"Escrito por\" \/>\n\t<meta name=\"twitter:data1\" content=\"Telinha\" \/>\n\t<meta name=\"twitter:label2\" content=\"Tempo estimado de leitura\" \/>\n\t<meta name=\"twitter:data2\" content=\"2 minutos\" \/>\n<script type=\"application\/ld+json\" class=\"yoast-schema-graph\">{\"@context\":\"https:\/\/schema.org\",\"@graph\":[{\"@type\":\"Article\",\"@id\":\"https:\/\/portaltela.pt\/noticias\/2026\/03\/18\/protejo-recorre-a-provedora-europeia-para-reivindicar-caudais-ecologicos-no-tejo\/#article\",\"isPartOf\":{\"@id\":\"https:\/\/portaltela.pt\/noticias\/2026\/03\/18\/protejo-recorre-a-provedora-europeia-para-reivindicar-caudais-ecologicos-no-tejo\/\"},\"author\":{\"name\":\"Telinha\",\"@id\":\"https:\/\/portaltela.pt\/#\/schema\/person\/c4278d4a6028830caff9ee44b42d32ed\"},\"headline\":\"proTEJO recorre \u00e0 Provedora Europeia para reivindicar caudais ecol\u00f3gicos no Tejo\",\"datePublished\":\"2026-03-18T17:57:00+00:00\",\"mainEntityOfPage\":{\"@id\":\"https:\/\/portaltela.pt\/noticias\/2026\/03\/18\/protejo-recorre-a-provedora-europeia-para-reivindicar-caudais-ecologicos-no-tejo\/\"},\"wordCount\":359,\"image\":{\"@id\":\"https:\/\/portaltela.pt\/noticias\/2026\/03\/18\/protejo-recorre-a-provedora-europeia-para-reivindicar-caudais-ecologicos-no-tejo\/#primaryimage\"},\"thumbnailUrl\":\"https:\/\/portaltela.pt\/s.01k8rhncp4jt1\/2026\/03\/2075363.jpg\",\"keywords\":[\"\u00e1gua\",\"Gest\u00e3o de Recursos H\u00eddricos\",\"meio-ambiente\",\"prote\u00e7\u00e3o ambiental\",\"Tejo\",\"Uni\u00e3o Europeia\"],\"articleSection\":[\"Meio Ambiente\"],\"inLanguage\":\"pt-PT\"},{\"@type\":\"WebPage\",\"@id\":\"https:\/\/portaltela.pt\/noticias\/2026\/03\/18\/protejo-recorre-a-provedora-europeia-para-reivindicar-caudais-ecologicos-no-tejo\/\",\"url\":\"https:\/\/portaltela.pt\/noticias\/2026\/03\/18\/protejo-recorre-a-provedora-europeia-para-reivindicar-caudais-ecologicos-no-tejo\/\",\"name\":\"proTEJO recorre \u00e0 Provedora Europeia para reivindicar caudais ecol\u00f3gicos no Tejo - Portal Tela Portugal\",\"isPartOf\":{\"@id\":\"https:\/\/portaltela.pt\/#website\"},\"primaryImageOfPage\":{\"@id\":\"https:\/\/portaltela.pt\/noticias\/2026\/03\/18\/protejo-recorre-a-provedora-europeia-para-reivindicar-caudais-ecologicos-no-tejo\/#primaryimage\"},\"image\":{\"@id\":\"https:\/\/portaltela.pt\/noticias\/2026\/03\/18\/protejo-recorre-a-provedora-europeia-para-reivindicar-caudais-ecologicos-no-tejo\/#primaryimage\"},\"thumbnailUrl\":\"https:\/\/portaltela.pt\/s.01k8rhncp4jt1\/2026\/03\/2075363.jpg\",\"datePublished\":\"2026-03-18T17:57:00+00:00\",\"author\":{\"@id\":\"https:\/\/portaltela.pt\/#\/schema\/person\/c4278d4a6028830caff9ee44b42d32ed\"},\"breadcrumb\":{\"@id\":\"https:\/\/portaltela.pt\/noticias\/2026\/03\/18\/protejo-recorre-a-provedora-europeia-para-reivindicar-caudais-ecologicos-no-tejo\/#breadcrumb\"},\"inLanguage\":\"pt-PT\",\"potentialAction\":[{\"@type\":\"ReadAction\",\"target\":[\"https:\/\/portaltela.pt\/noticias\/2026\/03\/18\/protejo-recorre-a-provedora-europeia-para-reivindicar-caudais-ecologicos-no-tejo\/\"]}]},{\"@type\":\"ImageObject\",\"inLanguage\":\"pt-PT\",\"@id\":\"https:\/\/portaltela.pt\/noticias\/2026\/03\/18\/protejo-recorre-a-provedora-europeia-para-reivindicar-caudais-ecologicos-no-tejo\/#primaryimage\",\"url\":\"https:\/\/portaltela.pt\/s.01k8rhncp4jt1\/2026\/03\/2075363.jpg\",\"contentUrl\":\"https:\/\/portaltela.pt\/s.01k8rhncp4jt1\/2026\/03\/2075363.jpg\",\"width\":796,\"height\":448,\"caption\":\"O regime de caudais m\u00ednimos no Tejo, vigente h\u00e1 25 anos, est\u00e1 \\\"obsoleto\\\", denuncia o movimento\"},{\"@type\":\"BreadcrumbList\",\"@id\":\"https:\/\/portaltela.pt\/noticias\/2026\/03\/18\/protejo-recorre-a-provedora-europeia-para-reivindicar-caudais-ecologicos-no-tejo\/#breadcrumb\",\"itemListElement\":[{\"@type\":\"ListItem\",\"position\":1,\"name\":\"In\u00edcio\",\"item\":\"https:\/\/portaltela.pt\/\"},{\"@type\":\"ListItem\",\"position\":2,\"name\":\"proTEJO recorre \u00e0 Provedora Europeia para reivindicar caudais ecol\u00f3gicos no Tejo\"}]},{\"@type\":\"WebSite\",\"@id\":\"https:\/\/portaltela.pt\/#website\",\"url\":\"https:\/\/portaltela.pt\/\",\"name\":\"Portal Tela Portugal\",\"description\":\"\",\"potentialAction\":[{\"@type\":\"SearchAction\",\"target\":{\"@type\":\"EntryPoint\",\"urlTemplate\":\"https:\/\/portaltela.pt\/?s={search_term_string}\"},\"query-input\":{\"@type\":\"PropertyValueSpecification\",\"valueRequired\":true,\"valueName\":\"search_term_string\"}}],\"inLanguage\":\"pt-PT\"},{\"@type\":\"Person\",\"@id\":\"https:\/\/portaltela.pt\/#\/schema\/person\/c4278d4a6028830caff9ee44b42d32ed\",\"name\":\"Telinha\",\"image\":{\"@type\":\"ImageObject\",\"inLanguage\":\"pt-PT\",\"@id\":\"https:\/\/portaltela.pt\/s.01k8rhncp4jt1\/2025\/11\/talking-bot-125x125.png\",\"url\":\"https:\/\/portaltela.pt\/s.01k8rhncp4jt1\/2025\/11\/talking-bot-125x125.png\",\"contentUrl\":\"https:\/\/portaltela.pt\/s.01k8rhncp4jt1\/2025\/11\/talking-bot-125x125.png\",\"caption\":\"Telinha\"},\"sameAs\":[\"https:\/\/portaltela.pt\/\"],\"url\":\"https:\/\/portaltela.pt\/por\/367410592786\/\"}]}<\/script>\n<!-- \/ Yoast SEO plugin. -->","yoast_head_json":{"title":"proTEJO recorre \u00e0 Provedora Europeia para reivindicar caudais ecol\u00f3gicos no Tejo - Portal Tela Portugal","robots":{"index":"index","follow":"follow","max-snippet":"max-snippet:-1","max-image-preview":"max-image-preview:large","max-video-preview":"max-video-preview:-1"},"og_locale":"pt_PT","og_type":"article","og_title":"proTEJO recorre \u00e0 Provedora Europeia para reivindicar caudais ecol\u00f3gicos no Tejo - Portal Tela Portugal","og_description":"o movimento ambientalista proTEJO recorreu \u00e0 Provedora de Justi\u00e7a Europeia, Teresa Anjinho, para obter uma resposta adequada da Comiss\u00e3o Europeia sobre o incumprimento de caudais ecol\u00f3gicos no Tejo por Espanha e Portugal. a queixa de mar\u00e7o de 2024, assinada por trinta e uma organiza\u00e7\u00f5es ib\u00e9ricas, acusa incumprimento da Diretiva-Quadro da \u00c1gua e da Conven\u00e7\u00e3o de Albufeira na gest\u00e3o transfronteiri\u00e7a do Tejo. passados dois anos sem resposta substantiva da Comiss\u00e3o Europeia, o proTEJO afirma que a demora configura atraso excessivo e impede medidas corretivas para ecossistemas e comunidades do Tejo. no recurso, o movimento solicita \u00e0 Provedora Europeia que avalie a conduta da Comiss\u00e3o, determine se houve m\u00e1 administra\u00e7\u00e3o e recomende uma resposta clara sobre a implementa\u00e7\u00e3o dos caudais ecol\u00f3gicos. o proTEJO alerta para impactos ambientais, sociais e econ\u00f3micos do registo de caudais m\u00ednimos e para riscos de futuros projetos hidroel\u00e9tricos, defendendo uma decis\u00e3o definitiva que proteja as massas de \u00e1gua do Tejo.","og_url":"https:\/\/portaltela.pt\/noticias\/2026\/03\/18\/protejo-recorre-a-provedora-europeia-para-reivindicar-caudais-ecologicos-no-tejo\/","og_site_name":"Portal Tela Portugal","article_published_time":"2026-03-18T17:57:00+00:00","author":"Telinha","twitter_card":"summary_large_image","twitter_misc":{"Escrito por":"Telinha","Tempo estimado de leitura":"2 minutos"},"schema":{"@context":"https:\/\/schema.org","@graph":[{"@type":"Article","@id":"https:\/\/portaltela.pt\/noticias\/2026\/03\/18\/protejo-recorre-a-provedora-europeia-para-reivindicar-caudais-ecologicos-no-tejo\/#article","isPartOf":{"@id":"https:\/\/portaltela.pt\/noticias\/2026\/03\/18\/protejo-recorre-a-provedora-europeia-para-reivindicar-caudais-ecologicos-no-tejo\/"},"author":{"name":"Telinha","@id":"https:\/\/portaltela.pt\/#\/schema\/person\/c4278d4a6028830caff9ee44b42d32ed"},"headline":"proTEJO recorre \u00e0 Provedora Europeia para reivindicar caudais ecol\u00f3gicos no Tejo","datePublished":"2026-03-18T17:57:00+00:00","mainEntityOfPage":{"@id":"https:\/\/portaltela.pt\/noticias\/2026\/03\/18\/protejo-recorre-a-provedora-europeia-para-reivindicar-caudais-ecologicos-no-tejo\/"},"wordCount":359,"image":{"@id":"https:\/\/portaltela.pt\/noticias\/2026\/03\/18\/protejo-recorre-a-provedora-europeia-para-reivindicar-caudais-ecologicos-no-tejo\/#primaryimage"},"thumbnailUrl":"https:\/\/portaltela.pt\/s.01k8rhncp4jt1\/2026\/03\/2075363.jpg","keywords":["\u00e1gua","Gest\u00e3o de Recursos H\u00eddricos","meio-ambiente","prote\u00e7\u00e3o ambiental","Tejo","Uni\u00e3o Europeia"],"articleSection":["Meio Ambiente"],"inLanguage":"pt-PT"},{"@type":"WebPage","@id":"https:\/\/portaltela.pt\/noticias\/2026\/03\/18\/protejo-recorre-a-provedora-europeia-para-reivindicar-caudais-ecologicos-no-tejo\/","url":"https:\/\/portaltela.pt\/noticias\/2026\/03\/18\/protejo-recorre-a-provedora-europeia-para-reivindicar-caudais-ecologicos-no-tejo\/","name":"proTEJO recorre \u00e0 Provedora Europeia para reivindicar caudais ecol\u00f3gicos no Tejo - Portal Tela Portugal","isPartOf":{"@id":"https:\/\/portaltela.pt\/#website"},"primaryImageOfPage":{"@id":"https:\/\/portaltela.pt\/noticias\/2026\/03\/18\/protejo-recorre-a-provedora-europeia-para-reivindicar-caudais-ecologicos-no-tejo\/#primaryimage"},"image":{"@id":"https:\/\/portaltela.pt\/noticias\/2026\/03\/18\/protejo-recorre-a-provedora-europeia-para-reivindicar-caudais-ecologicos-no-tejo\/#primaryimage"},"thumbnailUrl":"https:\/\/portaltela.pt\/s.01k8rhncp4jt1\/2026\/03\/2075363.jpg","datePublished":"2026-03-18T17:57:00+00:00","author":{"@id":"https:\/\/portaltela.pt\/#\/schema\/person\/c4278d4a6028830caff9ee44b42d32ed"},"breadcrumb":{"@id":"https:\/\/portaltela.pt\/noticias\/2026\/03\/18\/protejo-recorre-a-provedora-europeia-para-reivindicar-caudais-ecologicos-no-tejo\/#breadcrumb"},"inLanguage":"pt-PT","potentialAction":[{"@type":"ReadAction","target":["https:\/\/portaltela.pt\/noticias\/2026\/03\/18\/protejo-recorre-a-provedora-europeia-para-reivindicar-caudais-ecologicos-no-tejo\/"]}]},{"@type":"ImageObject","inLanguage":"pt-PT","@id":"https:\/\/portaltela.pt\/noticias\/2026\/03\/18\/protejo-recorre-a-provedora-europeia-para-reivindicar-caudais-ecologicos-no-tejo\/#primaryimage","url":"https:\/\/portaltela.pt\/s.01k8rhncp4jt1\/2026\/03\/2075363.jpg","contentUrl":"https:\/\/portaltela.pt\/s.01k8rhncp4jt1\/2026\/03\/2075363.jpg","width":796,"height":448,"caption":"O regime de caudais m\u00ednimos no Tejo, vigente h\u00e1 25 anos, est\u00e1 \"obsoleto\", denuncia o movimento"},{"@type":"BreadcrumbList","@id":"https:\/\/portaltela.pt\/noticias\/2026\/03\/18\/protejo-recorre-a-provedora-europeia-para-reivindicar-caudais-ecologicos-no-tejo\/#breadcrumb","itemListElement":[{"@type":"ListItem","position":1,"name":"In\u00edcio","item":"https:\/\/portaltela.pt\/"},{"@type":"ListItem","position":2,"name":"proTEJO recorre \u00e0 Provedora Europeia para reivindicar caudais ecol\u00f3gicos no Tejo"}]},{"@type":"WebSite","@id":"https:\/\/portaltela.pt\/#website","url":"https:\/\/portaltela.pt\/","name":"Portal Tela Portugal","description":"","potentialAction":[{"@type":"SearchAction","target":{"@type":"EntryPoint","urlTemplate":"https:\/\/portaltela.pt\/?s={search_term_string}"},"query-input":{"@type":"PropertyValueSpecification","valueRequired":true,"valueName":"search_term_string"}}],"inLanguage":"pt-PT"},{"@type":"Person","@id":"https:\/\/portaltela.pt\/#\/schema\/person\/c4278d4a6028830caff9ee44b42d32ed","name":"Telinha","image":{"@type":"ImageObject","inLanguage":"pt-PT","@id":"https:\/\/portaltela.pt\/s.01k8rhncp4jt1\/2025\/11\/talking-bot-125x125.png","url":"https:\/\/portaltela.pt\/s.01k8rhncp4jt1\/2025\/11\/talking-bot-125x125.png","contentUrl":"https:\/\/portaltela.pt\/s.01k8rhncp4jt1\/2025\/11\/talking-bot-125x125.png","caption":"Telinha"},"sameAs":["https:\/\/portaltela.pt\/"],"url":"https:\/\/portaltela.pt\/por\/367410592786\/"}]}},"_links":{"self":[{"href":"https:\/\/portaltela.pt\/api\/wp\/v2\/posts\/414941","targetHints":{"allow":["GET"]}}],"collection":[{"href":"https:\/\/portaltela.pt\/api\/wp\/v2\/posts"}],"about":[{"href":"https:\/\/portaltela.pt\/api\/wp\/v2\/types\/post"}],"author":[{"embeddable":true,"href":"https:\/\/portaltela.pt\/api\/wp\/v2\/users\/2"}],"replies":[{"embeddable":true,"href":"https:\/\/portaltela.pt\/api\/wp\/v2\/comments?post=414941"}],"version-history":[{"count":0,"href":"https:\/\/portaltela.pt\/api\/wp\/v2\/posts\/414941\/revisions"}],"wp:featuredmedia":[{"embeddable":true,"href":"https:\/\/portaltela.pt\/api\/wp\/v2\/media\/414946"}],"wp:attachment":[{"href":"https:\/\/portaltela.pt\/api\/wp\/v2\/media?parent=414941"}],"wp:term":[{"taxonomy":"category","embeddable":true,"href":"https:\/\/portaltela.pt\/api\/wp\/v2\/categories?post=414941"},{"taxonomy":"post_tag","embeddable":true,"href":"https:\/\/portaltela.pt\/api\/wp\/v2\/tags?post=414941"}],"curies":[{"name":"wp","href":"https:\/\/api.w.org\/{rel}","templated":true}]}}