{"id":414903,"date":"2026-03-18T14:35:00","date_gmt":"2026-03-18T17:35:00","guid":{"rendered":"https:\/\/portaltela.pt\/noticias\/2026\/03\/18\/luis-castro-e-candidato-a-treinador-do-mes-na-liga-espanhola\/"},"modified":"2026-03-18T14:35:00","modified_gmt":"2026-03-18T17:35:00","slug":"luis-castro-e-candidato-a-treinador-do-mes-na-liga-espanhola","status":"publish","type":"post","link":"https:\/\/portaltela.pt\/desporto\/futebol\/2026\/03\/18\/luis-castro-e-candidato-a-treinador-do-mes-na-liga-espanhola\/","title":{"rendered":"Lu\u00eds Castro \u00e9 candidato a treinador do m\u00eas na Liga espanhola"},"content":{"rendered":"<p>O La Liga anunciou, nesta quarta-feira, os tr\u00eas treinadores nomeados para o pr\u00e9mio de treinador do m\u00eas. Lu\u00eds Castro, do Levante, compete com Hansi Flick (Barcelona) e Diego Simeone (Atl. Madrid).<\/p>\n<p>Nos tr\u00eas jogos disputados em mar\u00e7o, o t\u00e9cnico luso venceu o Alav\u00e9s (2-0) e empatou com Girona (1-1) e Rayo Vallecano (1-1), com golos nos descontos a manter a equipa na luta pela perman\u00eancia. O Levante joga este fim de semana em casa.<\/p>\n<h3>Concorr\u00eancia para o pr\u00e9mio e pr\u00f3ximo duelo<\/h3>\n<p>O Levante recebe o Oviedo, lanterna-vermelha, num duelo determinante para evitar despromo\u00e7\u00e3o. A equipa ocupa posi\u00e7\u00e3o de perman\u00eancia na tabela, ap\u00f3s o ciclo de jogos de mar\u00e7o. O encontro est\u00e1 marcado para s\u00e1bado.<\/p>\n","protected":false},"excerpt":{"rendered":"<ul>\n<li>Lu\u00eds Castro \u00e9 nomeado favorito a treinador do m\u00eas na Liga espanhola, concorrendo com Hansi Flick e Diego Simeone.<\/li>\n<li>A nomea\u00e7\u00e3o surge ap\u00f3s tr\u00eas jogos disputados em mar\u00e7o pelo Levante.<\/li>\n<li>O t\u00e9cnico luso venceu o Alav\u00e9s (2-0) e empatou com Girona e Rayo Vallecano (1-1), com dois empates nos descontos.<\/li>\n<li>No pr\u00f3ximo s\u00e1bado, o Levante recebe o Oviedo, lanterna-vermelha, em jogo crucial pela perman\u00eancia.<\/li>\n<li>A decis\u00e3o ocorre durante a 29\u00aa jornada da Liga espanhola, ainda sem data definida para a divulga\u00e7\u00e3o.<\/li>\n<\/ul>\n","protected":false},"author":2,"featured_media":414910,"comment_status":"closed","ping_status":"closed","sticky":false,"template":"","format":"standard","meta":{"footnotes":""},"categories":[21,24],"tags":[4261,2031,32,1789,3322,2477],"class_list":["post-414903","post","type-post","status-publish","format-standard","has-post-thumbnail","hentry","category-desporto","category-futebol","tag-despromocao","tag-espanha","tag-futebol","tag-la-liga","tag-levante","tag-treinadores"],"yoast_head":"<!-- This site is optimized with the Yoast SEO plugin v27.2 - https:\/\/yoast.com\/product\/yoast-seo-wordpress\/ -->\n<title>Lu\u00eds Castro \u00e9 candidato a treinador do m\u00eas na Liga espanhola - Portal Tela Portugal<\/title>\n<meta name=\"robots\" content=\"index, follow, max-snippet:-1, max-image-preview:large, max-video-preview:-1\" \/>\n<meta property=\"og:locale\" content=\"pt_PT\" \/>\n<meta property=\"og:type\" content=\"article\" \/>\n<meta property=\"og:title\" content=\"Lu\u00eds Castro \u00e9 candidato a treinador do m\u00eas na Liga espanhola - Portal Tela Portugal\" \/>\n<meta property=\"og:description\" content=\"Lu\u00eds Castro \u00e9 nomeado favorito a treinador do m\u00eas na Liga espanhola, concorrendo com Hansi Flick e Diego Simeone. A nomea\u00e7\u00e3o surge ap\u00f3s tr\u00eas jogos disputados em mar\u00e7o pelo Levante. O t\u00e9cnico luso venceu o Alav\u00e9s (2-0) e empatou com Girona e Rayo Vallecano (1-1), com dois empates nos descontos. No pr\u00f3ximo s\u00e1bado, o Levante recebe o Oviedo, lanterna-vermelha, em jogo crucial pela perman\u00eancia. A decis\u00e3o ocorre durante a 29\u00aa jornada da Liga espanhola, ainda sem data definida para a divulga\u00e7\u00e3o.\" \/>\n<meta property=\"og:url\" content=\"https:\/\/portaltela.pt\/noticias\/2026\/03\/18\/luis-castro-e-candidato-a-treinador-do-mes-na-liga-espanhola\/\" \/>\n<meta property=\"og:site_name\" content=\"Portal Tela Portugal\" \/>\n<meta property=\"article:published_time\" content=\"2026-03-18T17:35:00+00:00\" \/>\n<meta name=\"author\" content=\"Telinha\" \/>\n<meta name=\"twitter:card\" content=\"summary_large_image\" \/>\n<meta name=\"twitter:label1\" content=\"Escrito por\" \/>\n\t<meta name=\"twitter:data1\" content=\"Telinha\" \/>\n\t<meta name=\"twitter:label2\" content=\"Tempo estimado de leitura\" \/>\n\t<meta name=\"twitter:data2\" content=\"1 minuto\" \/>\n<script type=\"application\/ld+json\" class=\"yoast-schema-graph\">{\"@context\":\"https:\/\/schema.org\",\"@graph\":[{\"@type\":\"Article\",\"@id\":\"https:\/\/portaltela.pt\/noticias\/2026\/03\/18\/luis-castro-e-candidato-a-treinador-do-mes-na-liga-espanhola\/#article\",\"isPartOf\":{\"@id\":\"https:\/\/portaltela.pt\/noticias\/2026\/03\/18\/luis-castro-e-candidato-a-treinador-do-mes-na-liga-espanhola\/\"},\"author\":{\"name\":\"Telinha\",\"@id\":\"https:\/\/portaltela.pt\/#\/schema\/person\/c4278d4a6028830caff9ee44b42d32ed\"},\"headline\":\"Lu\u00eds Castro \u00e9 candidato a treinador do m\u00eas na Liga espanhola\",\"datePublished\":\"2026-03-18T17:35:00+00:00\",\"mainEntityOfPage\":{\"@id\":\"https:\/\/portaltela.pt\/noticias\/2026\/03\/18\/luis-castro-e-candidato-a-treinador-do-mes-na-liga-espanhola\/\"},\"wordCount\":144,\"image\":{\"@id\":\"https:\/\/portaltela.pt\/noticias\/2026\/03\/18\/luis-castro-e-candidato-a-treinador-do-mes-na-liga-espanhola\/#primaryimage\"},\"thumbnailUrl\":\"https:\/\/portaltela.pt\/s.01k8rhncp4jt1\/2026\/03\/img_920x518uu2026-01-23-23-02-04-2416953-im-639048061470106247.jpg\",\"keywords\":[\"Despromo\u00e7\u00e3o\",\"Espanha\",\"futebol\",\"La Liga\",\"Levante\",\"treinadores\"],\"articleSection\":[\"Desporto\",\"Futebol\"],\"inLanguage\":\"pt-PT\"},{\"@type\":\"WebPage\",\"@id\":\"https:\/\/portaltela.pt\/noticias\/2026\/03\/18\/luis-castro-e-candidato-a-treinador-do-mes-na-liga-espanhola\/\",\"url\":\"https:\/\/portaltela.pt\/noticias\/2026\/03\/18\/luis-castro-e-candidato-a-treinador-do-mes-na-liga-espanhola\/\",\"name\":\"Lu\u00eds Castro \u00e9 candidato a treinador do m\u00eas na Liga espanhola - Portal Tela Portugal\",\"isPartOf\":{\"@id\":\"https:\/\/portaltela.pt\/#website\"},\"primaryImageOfPage\":{\"@id\":\"https:\/\/portaltela.pt\/noticias\/2026\/03\/18\/luis-castro-e-candidato-a-treinador-do-mes-na-liga-espanhola\/#primaryimage\"},\"image\":{\"@id\":\"https:\/\/portaltela.pt\/noticias\/2026\/03\/18\/luis-castro-e-candidato-a-treinador-do-mes-na-liga-espanhola\/#primaryimage\"},\"thumbnailUrl\":\"https:\/\/portaltela.pt\/s.01k8rhncp4jt1\/2026\/03\/img_920x518uu2026-01-23-23-02-04-2416953-im-639048061470106247.jpg\",\"datePublished\":\"2026-03-18T17:35:00+00:00\",\"author\":{\"@id\":\"https:\/\/portaltela.pt\/#\/schema\/person\/c4278d4a6028830caff9ee44b42d32ed\"},\"breadcrumb\":{\"@id\":\"https:\/\/portaltela.pt\/noticias\/2026\/03\/18\/luis-castro-e-candidato-a-treinador-do-mes-na-liga-espanhola\/#breadcrumb\"},\"inLanguage\":\"pt-PT\",\"potentialAction\":[{\"@type\":\"ReadAction\",\"target\":[\"https:\/\/portaltela.pt\/noticias\/2026\/03\/18\/luis-castro-e-candidato-a-treinador-do-mes-na-liga-espanhola\/\"]}]},{\"@type\":\"ImageObject\",\"inLanguage\":\"pt-PT\",\"@id\":\"https:\/\/portaltela.pt\/noticias\/2026\/03\/18\/luis-castro-e-candidato-a-treinador-do-mes-na-liga-espanhola\/#primaryimage\",\"url\":\"https:\/\/portaltela.pt\/s.01k8rhncp4jt1\/2026\/03\/img_920x518uu2026-01-23-23-02-04-2416953-im-639048061470106247.jpg\",\"contentUrl\":\"https:\/\/portaltela.pt\/s.01k8rhncp4jt1\/2026\/03\/img_920x518uu2026-01-23-23-02-04-2416953-im-639048061470106247.jpg\",\"width\":796,\"height\":448,\"caption\":\"Lu\u00eds Castro sorri na estreia vitoriosa do Levante na Liga espanhola\"},{\"@type\":\"BreadcrumbList\",\"@id\":\"https:\/\/portaltela.pt\/noticias\/2026\/03\/18\/luis-castro-e-candidato-a-treinador-do-mes-na-liga-espanhola\/#breadcrumb\",\"itemListElement\":[{\"@type\":\"ListItem\",\"position\":1,\"name\":\"In\u00edcio\",\"item\":\"https:\/\/portaltela.pt\/\"},{\"@type\":\"ListItem\",\"position\":2,\"name\":\"Lu\u00eds Castro \u00e9 candidato a treinador do m\u00eas na Liga espanhola\"}]},{\"@type\":\"WebSite\",\"@id\":\"https:\/\/portaltela.pt\/#website\",\"url\":\"https:\/\/portaltela.pt\/\",\"name\":\"Portal Tela Portugal\",\"description\":\"\",\"potentialAction\":[{\"@type\":\"SearchAction\",\"target\":{\"@type\":\"EntryPoint\",\"urlTemplate\":\"https:\/\/portaltela.pt\/?s={search_term_string}\"},\"query-input\":{\"@type\":\"PropertyValueSpecification\",\"valueRequired\":true,\"valueName\":\"search_term_string\"}}],\"inLanguage\":\"pt-PT\"},{\"@type\":\"Person\",\"@id\":\"https:\/\/portaltela.pt\/#\/schema\/person\/c4278d4a6028830caff9ee44b42d32ed\",\"name\":\"Telinha\",\"image\":{\"@type\":\"ImageObject\",\"inLanguage\":\"pt-PT\",\"@id\":\"https:\/\/portaltela.pt\/s.01k8rhncp4jt1\/2025\/11\/talking-bot-125x125.png\",\"url\":\"https:\/\/portaltela.pt\/s.01k8rhncp4jt1\/2025\/11\/talking-bot-125x125.png\",\"contentUrl\":\"https:\/\/portaltela.pt\/s.01k8rhncp4jt1\/2025\/11\/talking-bot-125x125.png\",\"caption\":\"Telinha\"},\"sameAs\":[\"https:\/\/portaltela.pt\/\"],\"url\":\"https:\/\/portaltela.pt\/por\/367410592786\/\"}]}<\/script>\n<!-- \/ Yoast SEO plugin. -->","yoast_head_json":{"title":"Lu\u00eds Castro \u00e9 candidato a treinador do m\u00eas na Liga espanhola - Portal Tela Portugal","robots":{"index":"index","follow":"follow","max-snippet":"max-snippet:-1","max-image-preview":"max-image-preview:large","max-video-preview":"max-video-preview:-1"},"og_locale":"pt_PT","og_type":"article","og_title":"Lu\u00eds Castro \u00e9 candidato a treinador do m\u00eas na Liga espanhola - Portal Tela Portugal","og_description":"Lu\u00eds Castro \u00e9 nomeado favorito a treinador do m\u00eas na Liga espanhola, concorrendo com Hansi Flick e Diego Simeone. A nomea\u00e7\u00e3o surge ap\u00f3s tr\u00eas jogos disputados em mar\u00e7o pelo Levante. O t\u00e9cnico luso venceu o Alav\u00e9s (2-0) e empatou com Girona e Rayo Vallecano (1-1), com dois empates nos descontos. No pr\u00f3ximo s\u00e1bado, o Levante recebe o Oviedo, lanterna-vermelha, em jogo crucial pela perman\u00eancia. A decis\u00e3o ocorre durante a 29\u00aa jornada da Liga espanhola, ainda sem data definida para a divulga\u00e7\u00e3o.","og_url":"https:\/\/portaltela.pt\/noticias\/2026\/03\/18\/luis-castro-e-candidato-a-treinador-do-mes-na-liga-espanhola\/","og_site_name":"Portal Tela Portugal","article_published_time":"2026-03-18T17:35:00+00:00","author":"Telinha","twitter_card":"summary_large_image","twitter_misc":{"Escrito por":"Telinha","Tempo estimado de leitura":"1 minuto"},"schema":{"@context":"https:\/\/schema.org","@graph":[{"@type":"Article","@id":"https:\/\/portaltela.pt\/noticias\/2026\/03\/18\/luis-castro-e-candidato-a-treinador-do-mes-na-liga-espanhola\/#article","isPartOf":{"@id":"https:\/\/portaltela.pt\/noticias\/2026\/03\/18\/luis-castro-e-candidato-a-treinador-do-mes-na-liga-espanhola\/"},"author":{"name":"Telinha","@id":"https:\/\/portaltela.pt\/#\/schema\/person\/c4278d4a6028830caff9ee44b42d32ed"},"headline":"Lu\u00eds Castro \u00e9 candidato a treinador do m\u00eas na Liga espanhola","datePublished":"2026-03-18T17:35:00+00:00","mainEntityOfPage":{"@id":"https:\/\/portaltela.pt\/noticias\/2026\/03\/18\/luis-castro-e-candidato-a-treinador-do-mes-na-liga-espanhola\/"},"wordCount":144,"image":{"@id":"https:\/\/portaltela.pt\/noticias\/2026\/03\/18\/luis-castro-e-candidato-a-treinador-do-mes-na-liga-espanhola\/#primaryimage"},"thumbnailUrl":"https:\/\/portaltela.pt\/s.01k8rhncp4jt1\/2026\/03\/img_920x518uu2026-01-23-23-02-04-2416953-im-639048061470106247.jpg","keywords":["Despromo\u00e7\u00e3o","Espanha","futebol","La Liga","Levante","treinadores"],"articleSection":["Desporto","Futebol"],"inLanguage":"pt-PT"},{"@type":"WebPage","@id":"https:\/\/portaltela.pt\/noticias\/2026\/03\/18\/luis-castro-e-candidato-a-treinador-do-mes-na-liga-espanhola\/","url":"https:\/\/portaltela.pt\/noticias\/2026\/03\/18\/luis-castro-e-candidato-a-treinador-do-mes-na-liga-espanhola\/","name":"Lu\u00eds Castro \u00e9 candidato a treinador do m\u00eas na Liga espanhola - Portal Tela Portugal","isPartOf":{"@id":"https:\/\/portaltela.pt\/#website"},"primaryImageOfPage":{"@id":"https:\/\/portaltela.pt\/noticias\/2026\/03\/18\/luis-castro-e-candidato-a-treinador-do-mes-na-liga-espanhola\/#primaryimage"},"image":{"@id":"https:\/\/portaltela.pt\/noticias\/2026\/03\/18\/luis-castro-e-candidato-a-treinador-do-mes-na-liga-espanhola\/#primaryimage"},"thumbnailUrl":"https:\/\/portaltela.pt\/s.01k8rhncp4jt1\/2026\/03\/img_920x518uu2026-01-23-23-02-04-2416953-im-639048061470106247.jpg","datePublished":"2026-03-18T17:35:00+00:00","author":{"@id":"https:\/\/portaltela.pt\/#\/schema\/person\/c4278d4a6028830caff9ee44b42d32ed"},"breadcrumb":{"@id":"https:\/\/portaltela.pt\/noticias\/2026\/03\/18\/luis-castro-e-candidato-a-treinador-do-mes-na-liga-espanhola\/#breadcrumb"},"inLanguage":"pt-PT","potentialAction":[{"@type":"ReadAction","target":["https:\/\/portaltela.pt\/noticias\/2026\/03\/18\/luis-castro-e-candidato-a-treinador-do-mes-na-liga-espanhola\/"]}]},{"@type":"ImageObject","inLanguage":"pt-PT","@id":"https:\/\/portaltela.pt\/noticias\/2026\/03\/18\/luis-castro-e-candidato-a-treinador-do-mes-na-liga-espanhola\/#primaryimage","url":"https:\/\/portaltela.pt\/s.01k8rhncp4jt1\/2026\/03\/img_920x518uu2026-01-23-23-02-04-2416953-im-639048061470106247.jpg","contentUrl":"https:\/\/portaltela.pt\/s.01k8rhncp4jt1\/2026\/03\/img_920x518uu2026-01-23-23-02-04-2416953-im-639048061470106247.jpg","width":796,"height":448,"caption":"Lu\u00eds Castro sorri na estreia vitoriosa do Levante na Liga espanhola"},{"@type":"BreadcrumbList","@id":"https:\/\/portaltela.pt\/noticias\/2026\/03\/18\/luis-castro-e-candidato-a-treinador-do-mes-na-liga-espanhola\/#breadcrumb","itemListElement":[{"@type":"ListItem","position":1,"name":"In\u00edcio","item":"https:\/\/portaltela.pt\/"},{"@type":"ListItem","position":2,"name":"Lu\u00eds Castro \u00e9 candidato a treinador do m\u00eas na Liga espanhola"}]},{"@type":"WebSite","@id":"https:\/\/portaltela.pt\/#website","url":"https:\/\/portaltela.pt\/","name":"Portal Tela Portugal","description":"","potentialAction":[{"@type":"SearchAction","target":{"@type":"EntryPoint","urlTemplate":"https:\/\/portaltela.pt\/?s={search_term_string}"},"query-input":{"@type":"PropertyValueSpecification","valueRequired":true,"valueName":"search_term_string"}}],"inLanguage":"pt-PT"},{"@type":"Person","@id":"https:\/\/portaltela.pt\/#\/schema\/person\/c4278d4a6028830caff9ee44b42d32ed","name":"Telinha","image":{"@type":"ImageObject","inLanguage":"pt-PT","@id":"https:\/\/portaltela.pt\/s.01k8rhncp4jt1\/2025\/11\/talking-bot-125x125.png","url":"https:\/\/portaltela.pt\/s.01k8rhncp4jt1\/2025\/11\/talking-bot-125x125.png","contentUrl":"https:\/\/portaltela.pt\/s.01k8rhncp4jt1\/2025\/11\/talking-bot-125x125.png","caption":"Telinha"},"sameAs":["https:\/\/portaltela.pt\/"],"url":"https:\/\/portaltela.pt\/por\/367410592786\/"}]}},"_links":{"self":[{"href":"https:\/\/portaltela.pt\/api\/wp\/v2\/posts\/414903","targetHints":{"allow":["GET"]}}],"collection":[{"href":"https:\/\/portaltela.pt\/api\/wp\/v2\/posts"}],"about":[{"href":"https:\/\/portaltela.pt\/api\/wp\/v2\/types\/post"}],"author":[{"embeddable":true,"href":"https:\/\/portaltela.pt\/api\/wp\/v2\/users\/2"}],"replies":[{"embeddable":true,"href":"https:\/\/portaltela.pt\/api\/wp\/v2\/comments?post=414903"}],"version-history":[{"count":0,"href":"https:\/\/portaltela.pt\/api\/wp\/v2\/posts\/414903\/revisions"}],"wp:featuredmedia":[{"embeddable":true,"href":"https:\/\/portaltela.pt\/api\/wp\/v2\/media\/414910"}],"wp:attachment":[{"href":"https:\/\/portaltela.pt\/api\/wp\/v2\/media?parent=414903"}],"wp:term":[{"taxonomy":"category","embeddable":true,"href":"https:\/\/portaltela.pt\/api\/wp\/v2\/categories?post=414903"},{"taxonomy":"post_tag","embeddable":true,"href":"https:\/\/portaltela.pt\/api\/wp\/v2\/tags?post=414903"}],"curies":[{"name":"wp","href":"https:\/\/api.w.org\/{rel}","templated":true}]}}