{"id":414891,"date":"2026-03-18T14:31:12","date_gmt":"2026-03-18T17:31:12","guid":{"rendered":"https:\/\/portaltela.pt\/noticias\/2026\/03\/18\/vitor-vinha-aponta-ambicao-apos-vitoria-na-liga-juvenil-benfica-quer-mais\/"},"modified":"2026-03-18T14:31:12","modified_gmt":"2026-03-18T17:31:12","slug":"vitor-vinha-aponta-ambicao-apos-vitoria-na-liga-juvenil-benfica-quer-mais","status":"publish","type":"post","link":"https:\/\/portaltela.pt\/desporto\/futebol\/2026\/03\/18\/vitor-vinha-aponta-ambicao-apos-vitoria-na-liga-juvenil-benfica-quer-mais\/","title":{"rendered":"V\u00edtor Vinha aponta ambi\u00e7\u00e3o ap\u00f3s vit\u00f3ria na Liga Juvenil: Benfica quer mais"},"content":{"rendered":"<p>O Benfica est\u00e1 apurado para as meias-finais da Youth League pela quinta vez na hist\u00f3ria, ap\u00f3s vencer o Inter por 3-2 nos quartos-de-final. O t\u00e9cnico V\u00edtor Vinha destacou a exibi\u00e7\u00e3o dos seus jogadores, considerados \u201cfant\u00e1sticos e bravos\u201d, pela recupera\u00e7\u00e3o ap\u00f3s uma entrada dif\u00edcil no encontro.<\/p>\n<p>A vit\u00f3ria foi alcan\u00e7ada numa partida disputada na It\u00e1lia, com o Inter a entrar forte e a Am\u00e9rica a reagir. O treinador revelou que as \u00e1guias v\u00e3o enfrentar o Club Brugge, numa eliminat\u00f3ria que se antecipa exigente pela posse de bola, rapidez e transi\u00e7\u00f5es r\u00e1pidas.<\/p>\n<p>V\u00edtor Vinha elogiou o esp\u00edrito colectivo dos atletas, real\u00e7ando que s\u00f3 uma equipa com grande mentalidade conseguiu vencer. O t\u00e9cnico sublinhou a import\u00e2ncia de chegar \u00e0s meias-finais para o clube, agradecendo aos jogadores pela presta\u00e7\u00e3o na eliminat\u00f3ria frente ao Inter. A equipa prepara-se agora para o pr\u00f3ximo desafio.<\/p>\n","protected":false},"excerpt":{"rendered":"<ul>\n<li>O Benfica apurou-se para as meias-finais da Youth League pela quinta vez na hist\u00f3ria, ao vencer o Inter por 3-2.<\/li>\n<li>V\u00edtor Vinha, treinador, disse que o pr\u00f3ximo advers\u00e1rio em Lausanne \u00e9 o Club Brugge, uma equipa f\u00edsica com boa capacidade t\u00e9cnica e transi\u00e7\u00f5es r\u00e1pidas.<\/li>\n<li>Refor\u00e7ou a ambi\u00e7\u00e3o do Benfica: \u201cSomos o Benfica, queremos mais\u201d, e afirmou que os jogadores s\u00e3o capazes de ir ainda mais longe.<\/li>\n<li>Destacou que a vit\u00f3ria mostrou a qualidade dos jogadores, que foram \u201cfant\u00e1sticos e bravos\u201d diante de um in\u00edcio de jogo dif\u00edcil.<\/li>\n<li>O t\u00e9cnico ressaltou a import\u00e2ncia de manter a mentalidade forte, mesmo com a emo\u00e7\u00e3o do jogo final frente ao Inter.<\/li>\n<\/ul>\n","protected":false},"author":2,"featured_media":414898,"comment_status":"closed","ping_status":"closed","sticky":false,"template":"","format":"standard","meta":{"footnotes":""},"categories":[21,24],"tags":[1946,3749,60,32,3338,4813],"class_list":["post-414891","post","type-post","status-publish","format-standard","has-post-thumbnail","hentry","category-desporto","category-futebol","tag-benfica","tag-club-brugge","tag-esportes","tag-futebol","tag-futebol-internacional","tag-inter-milao"],"yoast_head":"<!-- This site is optimized with the Yoast SEO plugin v27.2 - https:\/\/yoast.com\/product\/yoast-seo-wordpress\/ -->\n<title>V\u00edtor Vinha aponta ambi\u00e7\u00e3o ap\u00f3s vit\u00f3ria na Liga Juvenil: Benfica quer mais - Portal Tela Portugal<\/title>\n<meta name=\"robots\" content=\"index, follow, max-snippet:-1, max-image-preview:large, max-video-preview:-1\" \/>\n<meta property=\"og:locale\" content=\"pt_PT\" \/>\n<meta property=\"og:type\" content=\"article\" \/>\n<meta property=\"og:title\" content=\"V\u00edtor Vinha aponta ambi\u00e7\u00e3o ap\u00f3s vit\u00f3ria na Liga Juvenil: Benfica quer mais - Portal Tela Portugal\" \/>\n<meta property=\"og:description\" content=\"O Benfica apurou-se para as meias-finais da Youth League pela quinta vez na hist\u00f3ria, ao vencer o Inter por 3-2. V\u00edtor Vinha, treinador, disse que o pr\u00f3ximo advers\u00e1rio em Lausanne \u00e9 o Club Brugge, uma equipa f\u00edsica com boa capacidade t\u00e9cnica e transi\u00e7\u00f5es r\u00e1pidas. Refor\u00e7ou a ambi\u00e7\u00e3o do Benfica: \u201cSomos o Benfica, queremos mais\u201d, e afirmou que os jogadores s\u00e3o capazes de ir ainda mais longe. Destacou que a vit\u00f3ria mostrou a qualidade dos jogadores, que foram \u201cfant\u00e1sticos e bravos\u201d diante de um in\u00edcio de jogo dif\u00edcil. O t\u00e9cnico ressaltou a import\u00e2ncia de manter a mentalidade forte, mesmo com a emo\u00e7\u00e3o do jogo final frente ao Inter.\" \/>\n<meta property=\"og:url\" content=\"https:\/\/portaltela.pt\/noticias\/2026\/03\/18\/vitor-vinha-aponta-ambicao-apos-vitoria-na-liga-juvenil-benfica-quer-mais\/\" \/>\n<meta property=\"og:site_name\" content=\"Portal Tela Portugal\" \/>\n<meta property=\"article:published_time\" content=\"2026-03-18T17:31:12+00:00\" \/>\n<meta name=\"author\" content=\"Telinha\" \/>\n<meta name=\"twitter:card\" content=\"summary_large_image\" \/>\n<meta name=\"twitter:label1\" content=\"Escrito por\" \/>\n\t<meta name=\"twitter:data1\" content=\"Telinha\" \/>\n\t<meta name=\"twitter:label2\" content=\"Tempo estimado de leitura\" \/>\n\t<meta name=\"twitter:data2\" content=\"1 minuto\" \/>\n<script type=\"application\/ld+json\" class=\"yoast-schema-graph\">{\"@context\":\"https:\/\/schema.org\",\"@graph\":[{\"@type\":\"Article\",\"@id\":\"https:\/\/portaltela.pt\/noticias\/2026\/03\/18\/vitor-vinha-aponta-ambicao-apos-vitoria-na-liga-juvenil-benfica-quer-mais\/#article\",\"isPartOf\":{\"@id\":\"https:\/\/portaltela.pt\/noticias\/2026\/03\/18\/vitor-vinha-aponta-ambicao-apos-vitoria-na-liga-juvenil-benfica-quer-mais\/\"},\"author\":{\"name\":\"Telinha\",\"@id\":\"https:\/\/portaltela.pt\/#\/schema\/person\/c4278d4a6028830caff9ee44b42d32ed\"},\"headline\":\"V\u00edtor Vinha aponta ambi\u00e7\u00e3o ap\u00f3s vit\u00f3ria na Liga Juvenil: Benfica quer mais\",\"datePublished\":\"2026-03-18T17:31:12+00:00\",\"mainEntityOfPage\":{\"@id\":\"https:\/\/portaltela.pt\/noticias\/2026\/03\/18\/vitor-vinha-aponta-ambicao-apos-vitoria-na-liga-juvenil-benfica-quer-mais\/\"},\"wordCount\":179,\"image\":{\"@id\":\"https:\/\/portaltela.pt\/noticias\/2026\/03\/18\/vitor-vinha-aponta-ambicao-apos-vitoria-na-liga-juvenil-benfica-quer-mais\/#primaryimage\"},\"thumbnailUrl\":\"https:\/\/portaltela.pt\/s.01k8rhncp4jt1\/2026\/03\/img_920x518uu2026-02-04-19-06-55-2419554.jpg\",\"keywords\":[\"Benfica\",\"Club Brugge\",\"esportes\",\"futebol\",\"futebol internacional\",\"Inter Mil\u00e3o\"],\"articleSection\":[\"Desporto\",\"Futebol\"],\"inLanguage\":\"pt-PT\"},{\"@type\":\"WebPage\",\"@id\":\"https:\/\/portaltela.pt\/noticias\/2026\/03\/18\/vitor-vinha-aponta-ambicao-apos-vitoria-na-liga-juvenil-benfica-quer-mais\/\",\"url\":\"https:\/\/portaltela.pt\/noticias\/2026\/03\/18\/vitor-vinha-aponta-ambicao-apos-vitoria-na-liga-juvenil-benfica-quer-mais\/\",\"name\":\"V\u00edtor Vinha aponta ambi\u00e7\u00e3o ap\u00f3s vit\u00f3ria na Liga Juvenil: Benfica quer mais - Portal Tela Portugal\",\"isPartOf\":{\"@id\":\"https:\/\/portaltela.pt\/#website\"},\"primaryImageOfPage\":{\"@id\":\"https:\/\/portaltela.pt\/noticias\/2026\/03\/18\/vitor-vinha-aponta-ambicao-apos-vitoria-na-liga-juvenil-benfica-quer-mais\/#primaryimage\"},\"image\":{\"@id\":\"https:\/\/portaltela.pt\/noticias\/2026\/03\/18\/vitor-vinha-aponta-ambicao-apos-vitoria-na-liga-juvenil-benfica-quer-mais\/#primaryimage\"},\"thumbnailUrl\":\"https:\/\/portaltela.pt\/s.01k8rhncp4jt1\/2026\/03\/img_920x518uu2026-02-04-19-06-55-2419554.jpg\",\"datePublished\":\"2026-03-18T17:31:12+00:00\",\"author\":{\"@id\":\"https:\/\/portaltela.pt\/#\/schema\/person\/c4278d4a6028830caff9ee44b42d32ed\"},\"breadcrumb\":{\"@id\":\"https:\/\/portaltela.pt\/noticias\/2026\/03\/18\/vitor-vinha-aponta-ambicao-apos-vitoria-na-liga-juvenil-benfica-quer-mais\/#breadcrumb\"},\"inLanguage\":\"pt-PT\",\"potentialAction\":[{\"@type\":\"ReadAction\",\"target\":[\"https:\/\/portaltela.pt\/noticias\/2026\/03\/18\/vitor-vinha-aponta-ambicao-apos-vitoria-na-liga-juvenil-benfica-quer-mais\/\"]}]},{\"@type\":\"ImageObject\",\"inLanguage\":\"pt-PT\",\"@id\":\"https:\/\/portaltela.pt\/noticias\/2026\/03\/18\/vitor-vinha-aponta-ambicao-apos-vitoria-na-liga-juvenil-benfica-quer-mais\/#primaryimage\",\"url\":\"https:\/\/portaltela.pt\/s.01k8rhncp4jt1\/2026\/03\/img_920x518uu2026-02-04-19-06-55-2419554.jpg\",\"contentUrl\":\"https:\/\/portaltela.pt\/s.01k8rhncp4jt1\/2026\/03\/img_920x518uu2026-02-04-19-06-55-2419554.jpg\",\"width\":796,\"height\":448,\"caption\":\"V\u00edtor Vinha mostra ambi\u00e7\u00e3o ap\u00f3s vit\u00f3ria na Youth League\"},{\"@type\":\"BreadcrumbList\",\"@id\":\"https:\/\/portaltela.pt\/noticias\/2026\/03\/18\/vitor-vinha-aponta-ambicao-apos-vitoria-na-liga-juvenil-benfica-quer-mais\/#breadcrumb\",\"itemListElement\":[{\"@type\":\"ListItem\",\"position\":1,\"name\":\"In\u00edcio\",\"item\":\"https:\/\/portaltela.pt\/\"},{\"@type\":\"ListItem\",\"position\":2,\"name\":\"V\u00edtor Vinha aponta ambi\u00e7\u00e3o ap\u00f3s vit\u00f3ria na Liga Juvenil: Benfica quer mais\"}]},{\"@type\":\"WebSite\",\"@id\":\"https:\/\/portaltela.pt\/#website\",\"url\":\"https:\/\/portaltela.pt\/\",\"name\":\"Portal Tela Portugal\",\"description\":\"\",\"potentialAction\":[{\"@type\":\"SearchAction\",\"target\":{\"@type\":\"EntryPoint\",\"urlTemplate\":\"https:\/\/portaltela.pt\/?s={search_term_string}\"},\"query-input\":{\"@type\":\"PropertyValueSpecification\",\"valueRequired\":true,\"valueName\":\"search_term_string\"}}],\"inLanguage\":\"pt-PT\"},{\"@type\":\"Person\",\"@id\":\"https:\/\/portaltela.pt\/#\/schema\/person\/c4278d4a6028830caff9ee44b42d32ed\",\"name\":\"Telinha\",\"image\":{\"@type\":\"ImageObject\",\"inLanguage\":\"pt-PT\",\"@id\":\"https:\/\/portaltela.pt\/s.01k8rhncp4jt1\/2025\/11\/talking-bot-125x125.png\",\"url\":\"https:\/\/portaltela.pt\/s.01k8rhncp4jt1\/2025\/11\/talking-bot-125x125.png\",\"contentUrl\":\"https:\/\/portaltela.pt\/s.01k8rhncp4jt1\/2025\/11\/talking-bot-125x125.png\",\"caption\":\"Telinha\"},\"sameAs\":[\"https:\/\/portaltela.pt\/\"],\"url\":\"https:\/\/portaltela.pt\/por\/367410592786\/\"}]}<\/script>\n<!-- \/ Yoast SEO plugin. -->","yoast_head_json":{"title":"V\u00edtor Vinha aponta ambi\u00e7\u00e3o ap\u00f3s vit\u00f3ria na Liga Juvenil: Benfica quer mais - Portal Tela Portugal","robots":{"index":"index","follow":"follow","max-snippet":"max-snippet:-1","max-image-preview":"max-image-preview:large","max-video-preview":"max-video-preview:-1"},"og_locale":"pt_PT","og_type":"article","og_title":"V\u00edtor Vinha aponta ambi\u00e7\u00e3o ap\u00f3s vit\u00f3ria na Liga Juvenil: Benfica quer mais - Portal Tela Portugal","og_description":"O Benfica apurou-se para as meias-finais da Youth League pela quinta vez na hist\u00f3ria, ao vencer o Inter por 3-2. V\u00edtor Vinha, treinador, disse que o pr\u00f3ximo advers\u00e1rio em Lausanne \u00e9 o Club Brugge, uma equipa f\u00edsica com boa capacidade t\u00e9cnica e transi\u00e7\u00f5es r\u00e1pidas. Refor\u00e7ou a ambi\u00e7\u00e3o do Benfica: \u201cSomos o Benfica, queremos mais\u201d, e afirmou que os jogadores s\u00e3o capazes de ir ainda mais longe. Destacou que a vit\u00f3ria mostrou a qualidade dos jogadores, que foram \u201cfant\u00e1sticos e bravos\u201d diante de um in\u00edcio de jogo dif\u00edcil. O t\u00e9cnico ressaltou a import\u00e2ncia de manter a mentalidade forte, mesmo com a emo\u00e7\u00e3o do jogo final frente ao Inter.","og_url":"https:\/\/portaltela.pt\/noticias\/2026\/03\/18\/vitor-vinha-aponta-ambicao-apos-vitoria-na-liga-juvenil-benfica-quer-mais\/","og_site_name":"Portal Tela Portugal","article_published_time":"2026-03-18T17:31:12+00:00","author":"Telinha","twitter_card":"summary_large_image","twitter_misc":{"Escrito por":"Telinha","Tempo estimado de leitura":"1 minuto"},"schema":{"@context":"https:\/\/schema.org","@graph":[{"@type":"Article","@id":"https:\/\/portaltela.pt\/noticias\/2026\/03\/18\/vitor-vinha-aponta-ambicao-apos-vitoria-na-liga-juvenil-benfica-quer-mais\/#article","isPartOf":{"@id":"https:\/\/portaltela.pt\/noticias\/2026\/03\/18\/vitor-vinha-aponta-ambicao-apos-vitoria-na-liga-juvenil-benfica-quer-mais\/"},"author":{"name":"Telinha","@id":"https:\/\/portaltela.pt\/#\/schema\/person\/c4278d4a6028830caff9ee44b42d32ed"},"headline":"V\u00edtor Vinha aponta ambi\u00e7\u00e3o ap\u00f3s vit\u00f3ria na Liga Juvenil: Benfica quer mais","datePublished":"2026-03-18T17:31:12+00:00","mainEntityOfPage":{"@id":"https:\/\/portaltela.pt\/noticias\/2026\/03\/18\/vitor-vinha-aponta-ambicao-apos-vitoria-na-liga-juvenil-benfica-quer-mais\/"},"wordCount":179,"image":{"@id":"https:\/\/portaltela.pt\/noticias\/2026\/03\/18\/vitor-vinha-aponta-ambicao-apos-vitoria-na-liga-juvenil-benfica-quer-mais\/#primaryimage"},"thumbnailUrl":"https:\/\/portaltela.pt\/s.01k8rhncp4jt1\/2026\/03\/img_920x518uu2026-02-04-19-06-55-2419554.jpg","keywords":["Benfica","Club Brugge","esportes","futebol","futebol internacional","Inter Mil\u00e3o"],"articleSection":["Desporto","Futebol"],"inLanguage":"pt-PT"},{"@type":"WebPage","@id":"https:\/\/portaltela.pt\/noticias\/2026\/03\/18\/vitor-vinha-aponta-ambicao-apos-vitoria-na-liga-juvenil-benfica-quer-mais\/","url":"https:\/\/portaltela.pt\/noticias\/2026\/03\/18\/vitor-vinha-aponta-ambicao-apos-vitoria-na-liga-juvenil-benfica-quer-mais\/","name":"V\u00edtor Vinha aponta ambi\u00e7\u00e3o ap\u00f3s vit\u00f3ria na Liga Juvenil: Benfica quer mais - Portal Tela Portugal","isPartOf":{"@id":"https:\/\/portaltela.pt\/#website"},"primaryImageOfPage":{"@id":"https:\/\/portaltela.pt\/noticias\/2026\/03\/18\/vitor-vinha-aponta-ambicao-apos-vitoria-na-liga-juvenil-benfica-quer-mais\/#primaryimage"},"image":{"@id":"https:\/\/portaltela.pt\/noticias\/2026\/03\/18\/vitor-vinha-aponta-ambicao-apos-vitoria-na-liga-juvenil-benfica-quer-mais\/#primaryimage"},"thumbnailUrl":"https:\/\/portaltela.pt\/s.01k8rhncp4jt1\/2026\/03\/img_920x518uu2026-02-04-19-06-55-2419554.jpg","datePublished":"2026-03-18T17:31:12+00:00","author":{"@id":"https:\/\/portaltela.pt\/#\/schema\/person\/c4278d4a6028830caff9ee44b42d32ed"},"breadcrumb":{"@id":"https:\/\/portaltela.pt\/noticias\/2026\/03\/18\/vitor-vinha-aponta-ambicao-apos-vitoria-na-liga-juvenil-benfica-quer-mais\/#breadcrumb"},"inLanguage":"pt-PT","potentialAction":[{"@type":"ReadAction","target":["https:\/\/portaltela.pt\/noticias\/2026\/03\/18\/vitor-vinha-aponta-ambicao-apos-vitoria-na-liga-juvenil-benfica-quer-mais\/"]}]},{"@type":"ImageObject","inLanguage":"pt-PT","@id":"https:\/\/portaltela.pt\/noticias\/2026\/03\/18\/vitor-vinha-aponta-ambicao-apos-vitoria-na-liga-juvenil-benfica-quer-mais\/#primaryimage","url":"https:\/\/portaltela.pt\/s.01k8rhncp4jt1\/2026\/03\/img_920x518uu2026-02-04-19-06-55-2419554.jpg","contentUrl":"https:\/\/portaltela.pt\/s.01k8rhncp4jt1\/2026\/03\/img_920x518uu2026-02-04-19-06-55-2419554.jpg","width":796,"height":448,"caption":"V\u00edtor Vinha mostra ambi\u00e7\u00e3o ap\u00f3s vit\u00f3ria na Youth League"},{"@type":"BreadcrumbList","@id":"https:\/\/portaltela.pt\/noticias\/2026\/03\/18\/vitor-vinha-aponta-ambicao-apos-vitoria-na-liga-juvenil-benfica-quer-mais\/#breadcrumb","itemListElement":[{"@type":"ListItem","position":1,"name":"In\u00edcio","item":"https:\/\/portaltela.pt\/"},{"@type":"ListItem","position":2,"name":"V\u00edtor Vinha aponta ambi\u00e7\u00e3o ap\u00f3s vit\u00f3ria na Liga Juvenil: Benfica quer mais"}]},{"@type":"WebSite","@id":"https:\/\/portaltela.pt\/#website","url":"https:\/\/portaltela.pt\/","name":"Portal Tela Portugal","description":"","potentialAction":[{"@type":"SearchAction","target":{"@type":"EntryPoint","urlTemplate":"https:\/\/portaltela.pt\/?s={search_term_string}"},"query-input":{"@type":"PropertyValueSpecification","valueRequired":true,"valueName":"search_term_string"}}],"inLanguage":"pt-PT"},{"@type":"Person","@id":"https:\/\/portaltela.pt\/#\/schema\/person\/c4278d4a6028830caff9ee44b42d32ed","name":"Telinha","image":{"@type":"ImageObject","inLanguage":"pt-PT","@id":"https:\/\/portaltela.pt\/s.01k8rhncp4jt1\/2025\/11\/talking-bot-125x125.png","url":"https:\/\/portaltela.pt\/s.01k8rhncp4jt1\/2025\/11\/talking-bot-125x125.png","contentUrl":"https:\/\/portaltela.pt\/s.01k8rhncp4jt1\/2025\/11\/talking-bot-125x125.png","caption":"Telinha"},"sameAs":["https:\/\/portaltela.pt\/"],"url":"https:\/\/portaltela.pt\/por\/367410592786\/"}]}},"_links":{"self":[{"href":"https:\/\/portaltela.pt\/api\/wp\/v2\/posts\/414891","targetHints":{"allow":["GET"]}}],"collection":[{"href":"https:\/\/portaltela.pt\/api\/wp\/v2\/posts"}],"about":[{"href":"https:\/\/portaltela.pt\/api\/wp\/v2\/types\/post"}],"author":[{"embeddable":true,"href":"https:\/\/portaltela.pt\/api\/wp\/v2\/users\/2"}],"replies":[{"embeddable":true,"href":"https:\/\/portaltela.pt\/api\/wp\/v2\/comments?post=414891"}],"version-history":[{"count":0,"href":"https:\/\/portaltela.pt\/api\/wp\/v2\/posts\/414891\/revisions"}],"wp:featuredmedia":[{"embeddable":true,"href":"https:\/\/portaltela.pt\/api\/wp\/v2\/media\/414898"}],"wp:attachment":[{"href":"https:\/\/portaltela.pt\/api\/wp\/v2\/media?parent=414891"}],"wp:term":[{"taxonomy":"category","embeddable":true,"href":"https:\/\/portaltela.pt\/api\/wp\/v2\/categories?post=414891"},{"taxonomy":"post_tag","embeddable":true,"href":"https:\/\/portaltela.pt\/api\/wp\/v2\/tags?post=414891"}],"curies":[{"name":"wp","href":"https:\/\/api.w.org\/{rel}","templated":true}]}}