{"id":414888,"date":"2026-03-18T14:35:41","date_gmt":"2026-03-18T17:35:41","guid":{"rendered":"https:\/\/portaltela.pt\/noticias\/2026\/03\/18\/benfica-avanca-as-meias-finais-da-youth-league-com-recorde-de-golos\/"},"modified":"2026-03-18T14:35:41","modified_gmt":"2026-03-18T17:35:41","slug":"benfica-avanca-as-meias-finais-da-youth-league-com-recorde-de-golos","status":"publish","type":"post","link":"https:\/\/portaltela.pt\/desporto\/futebol\/2026\/03\/18\/benfica-avanca-as-meias-finais-da-youth-league-com-recorde-de-golos\/","title":{"rendered":"Benfica avan\u00e7a \u00e0s meias-finais da Youth League com recorde de golos"},"content":{"rendered":"<p>O Benfica qualificou-se hoje para as meias-finais da Youth League ao eliminar o Inter Mil\u00e3o, em It\u00e1lia, por 3-2. A vit\u00f3ria permitiu o apuramento e, ao mesmo tempo, consolidou o novo recorde de golos na competi\u00e7\u00e3o para o clube.<\/p>\n<p>Os comandos de V\u00edtor Vinha entraram determinados e chegaram aos 3 golos, superando o anterior m\u00e1ximo de remates certeiros da prova. O Benfica soma agora 38 tentativas certeiras na edi\u00e7\u00e3o, recorde que ultrapassa os 36 do Chelsea em 2014\/15.<\/p>\n<p>Com o triunfo, o Benfica mant\u00e9m uma m\u00e9dia de 4,2 golos por jogo ao longo da campanha e avan\u00e7a para as meias-finais. O advers\u00e1rio na pr\u00f3xima ronda \u00e9 o Club Brugge, marcado para 17 de abril.<\/p>\n<h3>Recorde de golos<\/h3>\n<p>O clube encarnado estabeleceu o novo recorde de golos na Youth League desta edi\u00e7\u00e3o ao atingir 38 tentos. O registo anterior pertencia ao Chelsea, com 36 remates certeiros em 2014\/15.<\/p>\n<h3>Pr\u00f3ximo desafio<\/h3>\n<p>As meias-finais da competi\u00e7\u00e3o est\u00e3o agendadas para abril, com o Benfica a enfrentar o Club Brugge no dia 17, num encontro que definir\u00e1 o que resta da participa\u00e7\u00e3o na prova.<\/p>\n","protected":false},"excerpt":{"rendered":"<ul>\n<li>O Benfica qualificou-se para as meias-finais da Youth League ao derrotar o Inter Mil\u00e3o, em It\u00e1lia, por 3-2.<\/li>\n<li>Os encarnados estabeleceram um novo recorde de golos na edi\u00e7\u00e3o, com 38 remates certeiros.<\/li>\n<li>O recorde anterior pertencia ao Chelsea, com 36 golos, na edi\u00e7\u00e3o de 2014\/15.<\/li>\n<li>A equipa tem uma m\u00e9dia de 4,2 golos por jogo neste torneio.<\/li>\n<li>As meias-finais ficam frente ao Club Brugge, no dia 17 de abril.<\/li>\n<\/ul>\n","protected":false},"author":2,"featured_media":414889,"comment_status":"closed","ping_status":"closed","sticky":false,"template":"","format":"standard","meta":{"footnotes":""},"categories":[21,24],"tags":[1946,3749,32,3338,4813,2928],"class_list":["post-414888","post","type-post","status-publish","format-standard","has-post-thumbnail","hentry","category-desporto","category-futebol","tag-benfica","tag-club-brugge","tag-futebol","tag-futebol-internacional","tag-inter-milao","tag-juvenis"],"yoast_head":"<!-- This site is optimized with the Yoast SEO plugin v27.2 - https:\/\/yoast.com\/product\/yoast-seo-wordpress\/ -->\n<title>Benfica avan\u00e7a \u00e0s meias-finais da Youth League com recorde de golos - Portal Tela Portugal<\/title>\n<meta name=\"robots\" content=\"index, follow, max-snippet:-1, max-image-preview:large, max-video-preview:-1\" \/>\n<meta property=\"og:locale\" content=\"pt_PT\" \/>\n<meta property=\"og:type\" content=\"article\" \/>\n<meta property=\"og:title\" content=\"Benfica avan\u00e7a \u00e0s meias-finais da Youth League com recorde de golos - Portal Tela Portugal\" \/>\n<meta property=\"og:description\" content=\"O Benfica qualificou-se para as meias-finais da Youth League ao derrotar o Inter Mil\u00e3o, em It\u00e1lia, por 3-2. Os encarnados estabeleceram um novo recorde de golos na edi\u00e7\u00e3o, com 38 remates certeiros. O recorde anterior pertencia ao Chelsea, com 36 golos, na edi\u00e7\u00e3o de 2014\/15. A equipa tem uma m\u00e9dia de 4,2 golos por jogo neste torneio. As meias-finais ficam frente ao Club Brugge, no dia 17 de abril.\" \/>\n<meta property=\"og:url\" content=\"https:\/\/portaltela.pt\/noticias\/2026\/03\/18\/benfica-avanca-as-meias-finais-da-youth-league-com-recorde-de-golos\/\" \/>\n<meta property=\"og:site_name\" content=\"Portal Tela Portugal\" \/>\n<meta property=\"article:published_time\" content=\"2026-03-18T17:35:41+00:00\" \/>\n<meta name=\"author\" content=\"Telinha\" \/>\n<meta name=\"twitter:card\" content=\"summary_large_image\" \/>\n<meta name=\"twitter:label1\" content=\"Escrito por\" \/>\n\t<meta name=\"twitter:data1\" content=\"Telinha\" \/>\n\t<meta name=\"twitter:label2\" content=\"Tempo estimado de leitura\" \/>\n\t<meta name=\"twitter:data2\" content=\"1 minuto\" \/>\n<script type=\"application\/ld+json\" class=\"yoast-schema-graph\">{\"@context\":\"https:\/\/schema.org\",\"@graph\":[{\"@type\":\"Article\",\"@id\":\"https:\/\/portaltela.pt\/noticias\/2026\/03\/18\/benfica-avanca-as-meias-finais-da-youth-league-com-recorde-de-golos\/#article\",\"isPartOf\":{\"@id\":\"https:\/\/portaltela.pt\/noticias\/2026\/03\/18\/benfica-avanca-as-meias-finais-da-youth-league-com-recorde-de-golos\/\"},\"author\":{\"name\":\"Telinha\",\"@id\":\"https:\/\/portaltela.pt\/#\/schema\/person\/c4278d4a6028830caff9ee44b42d32ed\"},\"headline\":\"Benfica avan\u00e7a \u00e0s meias-finais da Youth League com recorde de golos\",\"datePublished\":\"2026-03-18T17:35:41+00:00\",\"mainEntityOfPage\":{\"@id\":\"https:\/\/portaltela.pt\/noticias\/2026\/03\/18\/benfica-avanca-as-meias-finais-da-youth-league-com-recorde-de-golos\/\"},\"wordCount\":197,\"image\":{\"@id\":\"https:\/\/portaltela.pt\/noticias\/2026\/03\/18\/benfica-avanca-as-meias-finais-da-youth-league-com-recorde-de-golos\/#primaryimage\"},\"thumbnailUrl\":\"https:\/\/portaltela.pt\/s.01k8rhncp4jt1\/2026\/03\/img_920x518uu2026-03-18-17-32-06-2427878.jpg\",\"keywords\":[\"Benfica\",\"Club Brugge\",\"futebol\",\"futebol internacional\",\"Inter Mil\u00e3o\",\"Juvenis\"],\"articleSection\":[\"Desporto\",\"Futebol\"],\"inLanguage\":\"pt-PT\"},{\"@type\":\"WebPage\",\"@id\":\"https:\/\/portaltela.pt\/noticias\/2026\/03\/18\/benfica-avanca-as-meias-finais-da-youth-league-com-recorde-de-golos\/\",\"url\":\"https:\/\/portaltela.pt\/noticias\/2026\/03\/18\/benfica-avanca-as-meias-finais-da-youth-league-com-recorde-de-golos\/\",\"name\":\"Benfica avan\u00e7a \u00e0s meias-finais da Youth League com recorde de golos - Portal Tela Portugal\",\"isPartOf\":{\"@id\":\"https:\/\/portaltela.pt\/#website\"},\"primaryImageOfPage\":{\"@id\":\"https:\/\/portaltela.pt\/noticias\/2026\/03\/18\/benfica-avanca-as-meias-finais-da-youth-league-com-recorde-de-golos\/#primaryimage\"},\"image\":{\"@id\":\"https:\/\/portaltela.pt\/noticias\/2026\/03\/18\/benfica-avanca-as-meias-finais-da-youth-league-com-recorde-de-golos\/#primaryimage\"},\"thumbnailUrl\":\"https:\/\/portaltela.pt\/s.01k8rhncp4jt1\/2026\/03\/img_920x518uu2026-03-18-17-32-06-2427878.jpg\",\"datePublished\":\"2026-03-18T17:35:41+00:00\",\"author\":{\"@id\":\"https:\/\/portaltela.pt\/#\/schema\/person\/c4278d4a6028830caff9ee44b42d32ed\"},\"breadcrumb\":{\"@id\":\"https:\/\/portaltela.pt\/noticias\/2026\/03\/18\/benfica-avanca-as-meias-finais-da-youth-league-com-recorde-de-golos\/#breadcrumb\"},\"inLanguage\":\"pt-PT\",\"potentialAction\":[{\"@type\":\"ReadAction\",\"target\":[\"https:\/\/portaltela.pt\/noticias\/2026\/03\/18\/benfica-avanca-as-meias-finais-da-youth-league-com-recorde-de-golos\/\"]}]},{\"@type\":\"ImageObject\",\"inLanguage\":\"pt-PT\",\"@id\":\"https:\/\/portaltela.pt\/noticias\/2026\/03\/18\/benfica-avanca-as-meias-finais-da-youth-league-com-recorde-de-golos\/#primaryimage\",\"url\":\"https:\/\/portaltela.pt\/s.01k8rhncp4jt1\/2026\/03\/img_920x518uu2026-03-18-17-32-06-2427878.jpg\",\"contentUrl\":\"https:\/\/portaltela.pt\/s.01k8rhncp4jt1\/2026\/03\/img_920x518uu2026-03-18-17-32-06-2427878.jpg\",\"width\":796,\"height\":448,\"caption\":\"Benfica vence Inter Mil\u00e3o na Youth League e bate recorde de golos\"},{\"@type\":\"BreadcrumbList\",\"@id\":\"https:\/\/portaltela.pt\/noticias\/2026\/03\/18\/benfica-avanca-as-meias-finais-da-youth-league-com-recorde-de-golos\/#breadcrumb\",\"itemListElement\":[{\"@type\":\"ListItem\",\"position\":1,\"name\":\"In\u00edcio\",\"item\":\"https:\/\/portaltela.pt\/\"},{\"@type\":\"ListItem\",\"position\":2,\"name\":\"Benfica avan\u00e7a \u00e0s meias-finais da Youth League com recorde de golos\"}]},{\"@type\":\"WebSite\",\"@id\":\"https:\/\/portaltela.pt\/#website\",\"url\":\"https:\/\/portaltela.pt\/\",\"name\":\"Portal Tela Portugal\",\"description\":\"\",\"potentialAction\":[{\"@type\":\"SearchAction\",\"target\":{\"@type\":\"EntryPoint\",\"urlTemplate\":\"https:\/\/portaltela.pt\/?s={search_term_string}\"},\"query-input\":{\"@type\":\"PropertyValueSpecification\",\"valueRequired\":true,\"valueName\":\"search_term_string\"}}],\"inLanguage\":\"pt-PT\"},{\"@type\":\"Person\",\"@id\":\"https:\/\/portaltela.pt\/#\/schema\/person\/c4278d4a6028830caff9ee44b42d32ed\",\"name\":\"Telinha\",\"image\":{\"@type\":\"ImageObject\",\"inLanguage\":\"pt-PT\",\"@id\":\"https:\/\/portaltela.pt\/s.01k8rhncp4jt1\/2025\/11\/talking-bot-125x125.png\",\"url\":\"https:\/\/portaltela.pt\/s.01k8rhncp4jt1\/2025\/11\/talking-bot-125x125.png\",\"contentUrl\":\"https:\/\/portaltela.pt\/s.01k8rhncp4jt1\/2025\/11\/talking-bot-125x125.png\",\"caption\":\"Telinha\"},\"sameAs\":[\"https:\/\/portaltela.pt\/\"],\"url\":\"https:\/\/portaltela.pt\/por\/367410592786\/\"}]}<\/script>\n<!-- \/ Yoast SEO plugin. -->","yoast_head_json":{"title":"Benfica avan\u00e7a \u00e0s meias-finais da Youth League com recorde de golos - Portal Tela Portugal","robots":{"index":"index","follow":"follow","max-snippet":"max-snippet:-1","max-image-preview":"max-image-preview:large","max-video-preview":"max-video-preview:-1"},"og_locale":"pt_PT","og_type":"article","og_title":"Benfica avan\u00e7a \u00e0s meias-finais da Youth League com recorde de golos - Portal Tela Portugal","og_description":"O Benfica qualificou-se para as meias-finais da Youth League ao derrotar o Inter Mil\u00e3o, em It\u00e1lia, por 3-2. Os encarnados estabeleceram um novo recorde de golos na edi\u00e7\u00e3o, com 38 remates certeiros. O recorde anterior pertencia ao Chelsea, com 36 golos, na edi\u00e7\u00e3o de 2014\/15. A equipa tem uma m\u00e9dia de 4,2 golos por jogo neste torneio. As meias-finais ficam frente ao Club Brugge, no dia 17 de abril.","og_url":"https:\/\/portaltela.pt\/noticias\/2026\/03\/18\/benfica-avanca-as-meias-finais-da-youth-league-com-recorde-de-golos\/","og_site_name":"Portal Tela Portugal","article_published_time":"2026-03-18T17:35:41+00:00","author":"Telinha","twitter_card":"summary_large_image","twitter_misc":{"Escrito por":"Telinha","Tempo estimado de leitura":"1 minuto"},"schema":{"@context":"https:\/\/schema.org","@graph":[{"@type":"Article","@id":"https:\/\/portaltela.pt\/noticias\/2026\/03\/18\/benfica-avanca-as-meias-finais-da-youth-league-com-recorde-de-golos\/#article","isPartOf":{"@id":"https:\/\/portaltela.pt\/noticias\/2026\/03\/18\/benfica-avanca-as-meias-finais-da-youth-league-com-recorde-de-golos\/"},"author":{"name":"Telinha","@id":"https:\/\/portaltela.pt\/#\/schema\/person\/c4278d4a6028830caff9ee44b42d32ed"},"headline":"Benfica avan\u00e7a \u00e0s meias-finais da Youth League com recorde de golos","datePublished":"2026-03-18T17:35:41+00:00","mainEntityOfPage":{"@id":"https:\/\/portaltela.pt\/noticias\/2026\/03\/18\/benfica-avanca-as-meias-finais-da-youth-league-com-recorde-de-golos\/"},"wordCount":197,"image":{"@id":"https:\/\/portaltela.pt\/noticias\/2026\/03\/18\/benfica-avanca-as-meias-finais-da-youth-league-com-recorde-de-golos\/#primaryimage"},"thumbnailUrl":"https:\/\/portaltela.pt\/s.01k8rhncp4jt1\/2026\/03\/img_920x518uu2026-03-18-17-32-06-2427878.jpg","keywords":["Benfica","Club Brugge","futebol","futebol internacional","Inter Mil\u00e3o","Juvenis"],"articleSection":["Desporto","Futebol"],"inLanguage":"pt-PT"},{"@type":"WebPage","@id":"https:\/\/portaltela.pt\/noticias\/2026\/03\/18\/benfica-avanca-as-meias-finais-da-youth-league-com-recorde-de-golos\/","url":"https:\/\/portaltela.pt\/noticias\/2026\/03\/18\/benfica-avanca-as-meias-finais-da-youth-league-com-recorde-de-golos\/","name":"Benfica avan\u00e7a \u00e0s meias-finais da Youth League com recorde de golos - Portal Tela Portugal","isPartOf":{"@id":"https:\/\/portaltela.pt\/#website"},"primaryImageOfPage":{"@id":"https:\/\/portaltela.pt\/noticias\/2026\/03\/18\/benfica-avanca-as-meias-finais-da-youth-league-com-recorde-de-golos\/#primaryimage"},"image":{"@id":"https:\/\/portaltela.pt\/noticias\/2026\/03\/18\/benfica-avanca-as-meias-finais-da-youth-league-com-recorde-de-golos\/#primaryimage"},"thumbnailUrl":"https:\/\/portaltela.pt\/s.01k8rhncp4jt1\/2026\/03\/img_920x518uu2026-03-18-17-32-06-2427878.jpg","datePublished":"2026-03-18T17:35:41+00:00","author":{"@id":"https:\/\/portaltela.pt\/#\/schema\/person\/c4278d4a6028830caff9ee44b42d32ed"},"breadcrumb":{"@id":"https:\/\/portaltela.pt\/noticias\/2026\/03\/18\/benfica-avanca-as-meias-finais-da-youth-league-com-recorde-de-golos\/#breadcrumb"},"inLanguage":"pt-PT","potentialAction":[{"@type":"ReadAction","target":["https:\/\/portaltela.pt\/noticias\/2026\/03\/18\/benfica-avanca-as-meias-finais-da-youth-league-com-recorde-de-golos\/"]}]},{"@type":"ImageObject","inLanguage":"pt-PT","@id":"https:\/\/portaltela.pt\/noticias\/2026\/03\/18\/benfica-avanca-as-meias-finais-da-youth-league-com-recorde-de-golos\/#primaryimage","url":"https:\/\/portaltela.pt\/s.01k8rhncp4jt1\/2026\/03\/img_920x518uu2026-03-18-17-32-06-2427878.jpg","contentUrl":"https:\/\/portaltela.pt\/s.01k8rhncp4jt1\/2026\/03\/img_920x518uu2026-03-18-17-32-06-2427878.jpg","width":796,"height":448,"caption":"Benfica vence Inter Mil\u00e3o na Youth League e bate recorde de golos"},{"@type":"BreadcrumbList","@id":"https:\/\/portaltela.pt\/noticias\/2026\/03\/18\/benfica-avanca-as-meias-finais-da-youth-league-com-recorde-de-golos\/#breadcrumb","itemListElement":[{"@type":"ListItem","position":1,"name":"In\u00edcio","item":"https:\/\/portaltela.pt\/"},{"@type":"ListItem","position":2,"name":"Benfica avan\u00e7a \u00e0s meias-finais da Youth League com recorde de golos"}]},{"@type":"WebSite","@id":"https:\/\/portaltela.pt\/#website","url":"https:\/\/portaltela.pt\/","name":"Portal Tela Portugal","description":"","potentialAction":[{"@type":"SearchAction","target":{"@type":"EntryPoint","urlTemplate":"https:\/\/portaltela.pt\/?s={search_term_string}"},"query-input":{"@type":"PropertyValueSpecification","valueRequired":true,"valueName":"search_term_string"}}],"inLanguage":"pt-PT"},{"@type":"Person","@id":"https:\/\/portaltela.pt\/#\/schema\/person\/c4278d4a6028830caff9ee44b42d32ed","name":"Telinha","image":{"@type":"ImageObject","inLanguage":"pt-PT","@id":"https:\/\/portaltela.pt\/s.01k8rhncp4jt1\/2025\/11\/talking-bot-125x125.png","url":"https:\/\/portaltela.pt\/s.01k8rhncp4jt1\/2025\/11\/talking-bot-125x125.png","contentUrl":"https:\/\/portaltela.pt\/s.01k8rhncp4jt1\/2025\/11\/talking-bot-125x125.png","caption":"Telinha"},"sameAs":["https:\/\/portaltela.pt\/"],"url":"https:\/\/portaltela.pt\/por\/367410592786\/"}]}},"_links":{"self":[{"href":"https:\/\/portaltela.pt\/api\/wp\/v2\/posts\/414888","targetHints":{"allow":["GET"]}}],"collection":[{"href":"https:\/\/portaltela.pt\/api\/wp\/v2\/posts"}],"about":[{"href":"https:\/\/portaltela.pt\/api\/wp\/v2\/types\/post"}],"author":[{"embeddable":true,"href":"https:\/\/portaltela.pt\/api\/wp\/v2\/users\/2"}],"replies":[{"embeddable":true,"href":"https:\/\/portaltela.pt\/api\/wp\/v2\/comments?post=414888"}],"version-history":[{"count":0,"href":"https:\/\/portaltela.pt\/api\/wp\/v2\/posts\/414888\/revisions"}],"wp:featuredmedia":[{"embeddable":true,"href":"https:\/\/portaltela.pt\/api\/wp\/v2\/media\/414889"}],"wp:attachment":[{"href":"https:\/\/portaltela.pt\/api\/wp\/v2\/media?parent=414888"}],"wp:term":[{"taxonomy":"category","embeddable":true,"href":"https:\/\/portaltela.pt\/api\/wp\/v2\/categories?post=414888"},{"taxonomy":"post_tag","embeddable":true,"href":"https:\/\/portaltela.pt\/api\/wp\/v2\/tags?post=414888"}],"curies":[{"name":"wp","href":"https:\/\/api.w.org\/{rel}","templated":true}]}}