{"id":414829,"date":"2026-03-18T14:09:50","date_gmt":"2026-03-18T17:09:50","guid":{"rendered":"https:\/\/portaltela.pt\/noticias\/2026\/03\/18\/casa-branca-afirma-que-eua-tem-plano-para-reabrir-o-estreito-de-ormuz\/"},"modified":"2026-03-18T14:09:50","modified_gmt":"2026-03-18T17:09:50","slug":"casa-branca-afirma-que-eua-tem-plano-para-reabrir-o-estreito-de-ormuz","status":"publish","type":"post","link":"https:\/\/portaltela.pt\/geopolitica\/2026\/03\/18\/casa-branca-afirma-que-eua-tem-plano-para-reabrir-o-estreito-de-ormuz\/","title":{"rendered":"Casa Branca afirma que EUA t\u00eam plano para reabrir o Estreito de Ormuz"},"content":{"rendered":"<p>A porta-voz da Casa Branca, Karoline Leavitt, afirmou nesta quarta-feira que os Estados Unidos t\u00eam capacidade para reabrir o Estreito de Ormuz e que existe um plano em curso, mesmo diante de dificuldades. A declara\u00e7\u00e3o foi feita em Washington e divulgada pela equipa de comunica\u00e7\u00e3o do governo.<\/p>\n<p>Segundo Leavitt, os EUA disp\u00f5em de recursos e estrat\u00e9gias para assegurar a passagem mar\u00edtima, considerada vital para o com\u00e9rcio global. O incidente n\u00e3o detalha opera\u00e7\u00f5es espec\u00edficas nem cronogramas, mantendo o foco na viabilidade do objetivo.<\/p>\n<p>As declara\u00e7\u00f5es surgem em contexto de tens\u00f5es na regi\u00e3o, com autoridades destacando a import\u00e2ncia do estreito para fluxos energ\u00e9ticos e com\u00e9rcio internacional. N\u00e3o h\u00e1 confirma\u00e7\u00e3o de envolvimento de outras na\u00e7\u00f5es nem de altera\u00e7\u00f5es no estado atual das rotas.<\/p>\n","protected":false},"excerpt":{"rendered":"<ul>\n<li>A porta-voz da Casa Branca, Karoline Leavitt, afirmou que os EUA t\u00eam capacidade para reabrir o Estreito de Ormuz.<\/li>\n<li>Garantiu tamb\u00e9m que existe um plano em curso para alcan\u00e7ar esse objetivo.<\/li>\n<li>A declara\u00e7\u00e3o foi feita nesta quarta-feira, destacando que, apesar das dificuldades, a estrat\u00e9gia est\u00e1 em andamento.<\/li>\n<li>N\u00e3o foram divulgados detalhes do plano nem datas espec\u00edficas para a reabertura.<\/li>\n<li>A comunica\u00e7\u00e3o mant\u00e9m o tom institucional, sem fazer julgamentos ou infer\u00eancias.<\/li>\n<\/ul>\n","protected":false},"author":2,"featured_media":414833,"comment_status":"closed","ping_status":"closed","sticky":false,"template":"","format":"standard","meta":{"footnotes":""},"categories":[6814],"tags":[3368,174,66,5698,5577,4536],"class_list":["post-414829","post","type-post","status-publish","format-standard","has-post-thumbnail","hentry","category-geopolitica","tag-comercio-internacional","tag-energia","tag-geopolitica","tag-politica-internacional","tag-recursos","tag-seguranca"],"yoast_head":"<!-- This site is optimized with the Yoast SEO plugin v27.2 - https:\/\/yoast.com\/product\/yoast-seo-wordpress\/ -->\n<title>Casa Branca afirma que EUA t\u00eam plano para reabrir o Estreito de Ormuz - Portal Tela Portugal<\/title>\n<meta name=\"robots\" content=\"index, follow, max-snippet:-1, max-image-preview:large, max-video-preview:-1\" \/>\n<meta property=\"og:locale\" content=\"pt_PT\" \/>\n<meta property=\"og:type\" content=\"article\" \/>\n<meta property=\"og:title\" content=\"Casa Branca afirma que EUA t\u00eam plano para reabrir o Estreito de Ormuz - Portal Tela Portugal\" \/>\n<meta property=\"og:description\" content=\"A porta-voz da Casa Branca, Karoline Leavitt, afirmou que os EUA t\u00eam capacidade para reabrir o Estreito de Ormuz. Garantiu tamb\u00e9m que existe um plano em curso para alcan\u00e7ar esse objetivo. A declara\u00e7\u00e3o foi feita nesta quarta-feira, destacando que, apesar das dificuldades, a estrat\u00e9gia est\u00e1 em andamento. N\u00e3o foram divulgados detalhes do plano nem datas espec\u00edficas para a reabertura. A comunica\u00e7\u00e3o mant\u00e9m o tom institucional, sem fazer julgamentos ou infer\u00eancias.\" \/>\n<meta property=\"og:url\" content=\"https:\/\/portaltela.pt\/noticias\/2026\/03\/18\/casa-branca-afirma-que-eua-tem-plano-para-reabrir-o-estreito-de-ormuz\/\" \/>\n<meta property=\"og:site_name\" content=\"Portal Tela Portugal\" \/>\n<meta property=\"article:published_time\" content=\"2026-03-18T17:09:50+00:00\" \/>\n<meta name=\"author\" content=\"Telinha\" \/>\n<meta name=\"twitter:card\" content=\"summary_large_image\" \/>\n<meta name=\"twitter:label1\" content=\"Escrito por\" \/>\n\t<meta name=\"twitter:data1\" content=\"Telinha\" \/>\n\t<meta name=\"twitter:label2\" content=\"Tempo estimado de leitura\" \/>\n\t<meta name=\"twitter:data2\" content=\"1 minuto\" \/>\n<script type=\"application\/ld+json\" class=\"yoast-schema-graph\">{\"@context\":\"https:\/\/schema.org\",\"@graph\":[{\"@type\":\"Article\",\"@id\":\"https:\/\/portaltela.pt\/noticias\/2026\/03\/18\/casa-branca-afirma-que-eua-tem-plano-para-reabrir-o-estreito-de-ormuz\/#article\",\"isPartOf\":{\"@id\":\"https:\/\/portaltela.pt\/noticias\/2026\/03\/18\/casa-branca-afirma-que-eua-tem-plano-para-reabrir-o-estreito-de-ormuz\/\"},\"author\":{\"name\":\"Telinha\",\"@id\":\"https:\/\/portaltela.pt\/#\/schema\/person\/c4278d4a6028830caff9ee44b42d32ed\"},\"headline\":\"Casa Branca afirma que EUA t\u00eam plano para reabrir o Estreito de Ormuz\",\"datePublished\":\"2026-03-18T17:09:50+00:00\",\"mainEntityOfPage\":{\"@id\":\"https:\/\/portaltela.pt\/noticias\/2026\/03\/18\/casa-branca-afirma-que-eua-tem-plano-para-reabrir-o-estreito-de-ormuz\/\"},\"wordCount\":154,\"image\":{\"@id\":\"https:\/\/portaltela.pt\/noticias\/2026\/03\/18\/casa-branca-afirma-que-eua-tem-plano-para-reabrir-o-estreito-de-ormuz\/#primaryimage\"},\"thumbnailUrl\":\"https:\/\/portaltela.pt\/s.01k8rhncp4jt1\/2026\/03\/img_1280x722uu2026-03-18-17-06-32-2273212.jpg\",\"keywords\":[\"com\u00e9rcio internacional\",\"energia\",\"geopol\u00edtica\",\"pol\u00edtica internacional\",\"recursos\",\"seguran\u00e7a\"],\"articleSection\":[\"Geopol\u00edtica\"],\"inLanguage\":\"pt-PT\"},{\"@type\":\"WebPage\",\"@id\":\"https:\/\/portaltela.pt\/noticias\/2026\/03\/18\/casa-branca-afirma-que-eua-tem-plano-para-reabrir-o-estreito-de-ormuz\/\",\"url\":\"https:\/\/portaltela.pt\/noticias\/2026\/03\/18\/casa-branca-afirma-que-eua-tem-plano-para-reabrir-o-estreito-de-ormuz\/\",\"name\":\"Casa Branca afirma que EUA t\u00eam plano para reabrir o Estreito de Ormuz - Portal Tela Portugal\",\"isPartOf\":{\"@id\":\"https:\/\/portaltela.pt\/#website\"},\"primaryImageOfPage\":{\"@id\":\"https:\/\/portaltela.pt\/noticias\/2026\/03\/18\/casa-branca-afirma-que-eua-tem-plano-para-reabrir-o-estreito-de-ormuz\/#primaryimage\"},\"image\":{\"@id\":\"https:\/\/portaltela.pt\/noticias\/2026\/03\/18\/casa-branca-afirma-que-eua-tem-plano-para-reabrir-o-estreito-de-ormuz\/#primaryimage\"},\"thumbnailUrl\":\"https:\/\/portaltela.pt\/s.01k8rhncp4jt1\/2026\/03\/img_1280x722uu2026-03-18-17-06-32-2273212.jpg\",\"datePublished\":\"2026-03-18T17:09:50+00:00\",\"author\":{\"@id\":\"https:\/\/portaltela.pt\/#\/schema\/person\/c4278d4a6028830caff9ee44b42d32ed\"},\"breadcrumb\":{\"@id\":\"https:\/\/portaltela.pt\/noticias\/2026\/03\/18\/casa-branca-afirma-que-eua-tem-plano-para-reabrir-o-estreito-de-ormuz\/#breadcrumb\"},\"inLanguage\":\"pt-PT\",\"potentialAction\":[{\"@type\":\"ReadAction\",\"target\":[\"https:\/\/portaltela.pt\/noticias\/2026\/03\/18\/casa-branca-afirma-que-eua-tem-plano-para-reabrir-o-estreito-de-ormuz\/\"]}]},{\"@type\":\"ImageObject\",\"inLanguage\":\"pt-PT\",\"@id\":\"https:\/\/portaltela.pt\/noticias\/2026\/03\/18\/casa-branca-afirma-que-eua-tem-plano-para-reabrir-o-estreito-de-ormuz\/#primaryimage\",\"url\":\"https:\/\/portaltela.pt\/s.01k8rhncp4jt1\/2026\/03\/img_1280x722uu2026-03-18-17-06-32-2273212.jpg\",\"contentUrl\":\"https:\/\/portaltela.pt\/s.01k8rhncp4jt1\/2026\/03\/img_1280x722uu2026-03-18-17-06-32-2273212.jpg\",\"width\":796,\"height\":448,\"caption\":\"Photo\"},{\"@type\":\"BreadcrumbList\",\"@id\":\"https:\/\/portaltela.pt\/noticias\/2026\/03\/18\/casa-branca-afirma-que-eua-tem-plano-para-reabrir-o-estreito-de-ormuz\/#breadcrumb\",\"itemListElement\":[{\"@type\":\"ListItem\",\"position\":1,\"name\":\"In\u00edcio\",\"item\":\"https:\/\/portaltela.pt\/\"},{\"@type\":\"ListItem\",\"position\":2,\"name\":\"Casa Branca afirma que EUA t\u00eam plano para reabrir o Estreito de Ormuz\"}]},{\"@type\":\"WebSite\",\"@id\":\"https:\/\/portaltela.pt\/#website\",\"url\":\"https:\/\/portaltela.pt\/\",\"name\":\"Portal Tela Portugal\",\"description\":\"\",\"potentialAction\":[{\"@type\":\"SearchAction\",\"target\":{\"@type\":\"EntryPoint\",\"urlTemplate\":\"https:\/\/portaltela.pt\/?s={search_term_string}\"},\"query-input\":{\"@type\":\"PropertyValueSpecification\",\"valueRequired\":true,\"valueName\":\"search_term_string\"}}],\"inLanguage\":\"pt-PT\"},{\"@type\":\"Person\",\"@id\":\"https:\/\/portaltela.pt\/#\/schema\/person\/c4278d4a6028830caff9ee44b42d32ed\",\"name\":\"Telinha\",\"image\":{\"@type\":\"ImageObject\",\"inLanguage\":\"pt-PT\",\"@id\":\"https:\/\/portaltela.pt\/s.01k8rhncp4jt1\/2025\/11\/talking-bot-125x125.png\",\"url\":\"https:\/\/portaltela.pt\/s.01k8rhncp4jt1\/2025\/11\/talking-bot-125x125.png\",\"contentUrl\":\"https:\/\/portaltela.pt\/s.01k8rhncp4jt1\/2025\/11\/talking-bot-125x125.png\",\"caption\":\"Telinha\"},\"sameAs\":[\"https:\/\/portaltela.pt\/\"],\"url\":\"https:\/\/portaltela.pt\/por\/367410592786\/\"}]}<\/script>\n<!-- \/ Yoast SEO plugin. -->","yoast_head_json":{"title":"Casa Branca afirma que EUA t\u00eam plano para reabrir o Estreito de Ormuz - Portal Tela Portugal","robots":{"index":"index","follow":"follow","max-snippet":"max-snippet:-1","max-image-preview":"max-image-preview:large","max-video-preview":"max-video-preview:-1"},"og_locale":"pt_PT","og_type":"article","og_title":"Casa Branca afirma que EUA t\u00eam plano para reabrir o Estreito de Ormuz - Portal Tela Portugal","og_description":"A porta-voz da Casa Branca, Karoline Leavitt, afirmou que os EUA t\u00eam capacidade para reabrir o Estreito de Ormuz. Garantiu tamb\u00e9m que existe um plano em curso para alcan\u00e7ar esse objetivo. A declara\u00e7\u00e3o foi feita nesta quarta-feira, destacando que, apesar das dificuldades, a estrat\u00e9gia est\u00e1 em andamento. N\u00e3o foram divulgados detalhes do plano nem datas espec\u00edficas para a reabertura. A comunica\u00e7\u00e3o mant\u00e9m o tom institucional, sem fazer julgamentos ou infer\u00eancias.","og_url":"https:\/\/portaltela.pt\/noticias\/2026\/03\/18\/casa-branca-afirma-que-eua-tem-plano-para-reabrir-o-estreito-de-ormuz\/","og_site_name":"Portal Tela Portugal","article_published_time":"2026-03-18T17:09:50+00:00","author":"Telinha","twitter_card":"summary_large_image","twitter_misc":{"Escrito por":"Telinha","Tempo estimado de leitura":"1 minuto"},"schema":{"@context":"https:\/\/schema.org","@graph":[{"@type":"Article","@id":"https:\/\/portaltela.pt\/noticias\/2026\/03\/18\/casa-branca-afirma-que-eua-tem-plano-para-reabrir-o-estreito-de-ormuz\/#article","isPartOf":{"@id":"https:\/\/portaltela.pt\/noticias\/2026\/03\/18\/casa-branca-afirma-que-eua-tem-plano-para-reabrir-o-estreito-de-ormuz\/"},"author":{"name":"Telinha","@id":"https:\/\/portaltela.pt\/#\/schema\/person\/c4278d4a6028830caff9ee44b42d32ed"},"headline":"Casa Branca afirma que EUA t\u00eam plano para reabrir o Estreito de Ormuz","datePublished":"2026-03-18T17:09:50+00:00","mainEntityOfPage":{"@id":"https:\/\/portaltela.pt\/noticias\/2026\/03\/18\/casa-branca-afirma-que-eua-tem-plano-para-reabrir-o-estreito-de-ormuz\/"},"wordCount":154,"image":{"@id":"https:\/\/portaltela.pt\/noticias\/2026\/03\/18\/casa-branca-afirma-que-eua-tem-plano-para-reabrir-o-estreito-de-ormuz\/#primaryimage"},"thumbnailUrl":"https:\/\/portaltela.pt\/s.01k8rhncp4jt1\/2026\/03\/img_1280x722uu2026-03-18-17-06-32-2273212.jpg","keywords":["com\u00e9rcio internacional","energia","geopol\u00edtica","pol\u00edtica internacional","recursos","seguran\u00e7a"],"articleSection":["Geopol\u00edtica"],"inLanguage":"pt-PT"},{"@type":"WebPage","@id":"https:\/\/portaltela.pt\/noticias\/2026\/03\/18\/casa-branca-afirma-que-eua-tem-plano-para-reabrir-o-estreito-de-ormuz\/","url":"https:\/\/portaltela.pt\/noticias\/2026\/03\/18\/casa-branca-afirma-que-eua-tem-plano-para-reabrir-o-estreito-de-ormuz\/","name":"Casa Branca afirma que EUA t\u00eam plano para reabrir o Estreito de Ormuz - Portal Tela Portugal","isPartOf":{"@id":"https:\/\/portaltela.pt\/#website"},"primaryImageOfPage":{"@id":"https:\/\/portaltela.pt\/noticias\/2026\/03\/18\/casa-branca-afirma-que-eua-tem-plano-para-reabrir-o-estreito-de-ormuz\/#primaryimage"},"image":{"@id":"https:\/\/portaltela.pt\/noticias\/2026\/03\/18\/casa-branca-afirma-que-eua-tem-plano-para-reabrir-o-estreito-de-ormuz\/#primaryimage"},"thumbnailUrl":"https:\/\/portaltela.pt\/s.01k8rhncp4jt1\/2026\/03\/img_1280x722uu2026-03-18-17-06-32-2273212.jpg","datePublished":"2026-03-18T17:09:50+00:00","author":{"@id":"https:\/\/portaltela.pt\/#\/schema\/person\/c4278d4a6028830caff9ee44b42d32ed"},"breadcrumb":{"@id":"https:\/\/portaltela.pt\/noticias\/2026\/03\/18\/casa-branca-afirma-que-eua-tem-plano-para-reabrir-o-estreito-de-ormuz\/#breadcrumb"},"inLanguage":"pt-PT","potentialAction":[{"@type":"ReadAction","target":["https:\/\/portaltela.pt\/noticias\/2026\/03\/18\/casa-branca-afirma-que-eua-tem-plano-para-reabrir-o-estreito-de-ormuz\/"]}]},{"@type":"ImageObject","inLanguage":"pt-PT","@id":"https:\/\/portaltela.pt\/noticias\/2026\/03\/18\/casa-branca-afirma-que-eua-tem-plano-para-reabrir-o-estreito-de-ormuz\/#primaryimage","url":"https:\/\/portaltela.pt\/s.01k8rhncp4jt1\/2026\/03\/img_1280x722uu2026-03-18-17-06-32-2273212.jpg","contentUrl":"https:\/\/portaltela.pt\/s.01k8rhncp4jt1\/2026\/03\/img_1280x722uu2026-03-18-17-06-32-2273212.jpg","width":796,"height":448,"caption":"Photo"},{"@type":"BreadcrumbList","@id":"https:\/\/portaltela.pt\/noticias\/2026\/03\/18\/casa-branca-afirma-que-eua-tem-plano-para-reabrir-o-estreito-de-ormuz\/#breadcrumb","itemListElement":[{"@type":"ListItem","position":1,"name":"In\u00edcio","item":"https:\/\/portaltela.pt\/"},{"@type":"ListItem","position":2,"name":"Casa Branca afirma que EUA t\u00eam plano para reabrir o Estreito de Ormuz"}]},{"@type":"WebSite","@id":"https:\/\/portaltela.pt\/#website","url":"https:\/\/portaltela.pt\/","name":"Portal Tela Portugal","description":"","potentialAction":[{"@type":"SearchAction","target":{"@type":"EntryPoint","urlTemplate":"https:\/\/portaltela.pt\/?s={search_term_string}"},"query-input":{"@type":"PropertyValueSpecification","valueRequired":true,"valueName":"search_term_string"}}],"inLanguage":"pt-PT"},{"@type":"Person","@id":"https:\/\/portaltela.pt\/#\/schema\/person\/c4278d4a6028830caff9ee44b42d32ed","name":"Telinha","image":{"@type":"ImageObject","inLanguage":"pt-PT","@id":"https:\/\/portaltela.pt\/s.01k8rhncp4jt1\/2025\/11\/talking-bot-125x125.png","url":"https:\/\/portaltela.pt\/s.01k8rhncp4jt1\/2025\/11\/talking-bot-125x125.png","contentUrl":"https:\/\/portaltela.pt\/s.01k8rhncp4jt1\/2025\/11\/talking-bot-125x125.png","caption":"Telinha"},"sameAs":["https:\/\/portaltela.pt\/"],"url":"https:\/\/portaltela.pt\/por\/367410592786\/"}]}},"_links":{"self":[{"href":"https:\/\/portaltela.pt\/api\/wp\/v2\/posts\/414829","targetHints":{"allow":["GET"]}}],"collection":[{"href":"https:\/\/portaltela.pt\/api\/wp\/v2\/posts"}],"about":[{"href":"https:\/\/portaltela.pt\/api\/wp\/v2\/types\/post"}],"author":[{"embeddable":true,"href":"https:\/\/portaltela.pt\/api\/wp\/v2\/users\/2"}],"replies":[{"embeddable":true,"href":"https:\/\/portaltela.pt\/api\/wp\/v2\/comments?post=414829"}],"version-history":[{"count":0,"href":"https:\/\/portaltela.pt\/api\/wp\/v2\/posts\/414829\/revisions"}],"wp:featuredmedia":[{"embeddable":true,"href":"https:\/\/portaltela.pt\/api\/wp\/v2\/media\/414833"}],"wp:attachment":[{"href":"https:\/\/portaltela.pt\/api\/wp\/v2\/media?parent=414829"}],"wp:term":[{"taxonomy":"category","embeddable":true,"href":"https:\/\/portaltela.pt\/api\/wp\/v2\/categories?post=414829"},{"taxonomy":"post_tag","embeddable":true,"href":"https:\/\/portaltela.pt\/api\/wp\/v2\/tags?post=414829"}],"curies":[{"name":"wp","href":"https:\/\/api.w.org\/{rel}","templated":true}]}}