{"id":414702,"date":"2026-03-18T12:17:00","date_gmt":"2026-03-18T15:17:00","guid":{"rendered":"https:\/\/portaltela.pt\/noticias\/2026\/03\/18\/registos-de-abusos-nos-pedidos-de-apoio-por-mau-tempo\/"},"modified":"2026-03-18T12:17:00","modified_gmt":"2026-03-18T15:17:00","slug":"registos-de-abusos-nos-pedidos-de-apoio-por-mau-tempo","status":"publish","type":"post","link":"https:\/\/portaltela.pt\/tempo\/2026\/03\/18\/registos-de-abusos-nos-pedidos-de-apoio-por-mau-tempo\/","title":{"rendered":"Registos de abusos nos pedidos de apoio por mau tempo"},"content":{"rendered":"<p>O ministro da Coes\u00e3o Territorial, Manuel Castro Almeida, afirmou hoje que \u00e9 relevante o n\u00famero de pedidos de apoios indeferidos para a reconstru\u00e7\u00e3o de habita\u00e7\u00f5es afetadas pelas tempestades que atingiram principalmente o Centro do pa\u00eds. Refiriu ainda que t\u00eam existido alguns abusos nos pedidos.<\/p>\n<p>Durante uma audi\u00eancia no parlamento, o titular da pasta rejeitou atirar culpas para os autarcas pelos atrasos nos apoios, mas admitiu problemas que atrasam os pagamentos, incluindo abusos detectados nos requerimentos.<\/p>\n<p>No que diz respeito aos apoios para habita\u00e7\u00f5es, Castro Almeida revelou que foram solicitados por 26 mil fam\u00edlias, num total de 150 milh\u00f5es de euros. Segundo o ministro, muitos pedidos ser\u00e3o recusados, n\u00e3o havendo garantia de pagamento para todas as candidaturas.<\/p>\n<p>Foram apresentadas situa\u00e7\u00f5es em que marido e mulher pedem apoio para a mesma casa ou cond\u00f3minos para o mesmo telhado, o que, segundo o governante, n\u00e3o pode ser pago. A recupera\u00e7\u00e3o de v\u00e1rias habita\u00e7\u00f5es est\u00e1 em curso.<\/p>\n<h3>Apoio a empresas e montante global<\/h3>\n<p>O governo indicou que est\u00e3o contratados, ou em fase de contrata\u00e7\u00e3o, apoios para 5500 empresas, num valor total de 1222 milh\u00f5es de euros. O objetivo \u00e9 apoiar a retoma econ\u00f3mica ap\u00f3s os danos causados pelas depress\u00f5es.<\/p>\n<p>Entre os dados oficiais, pelo menos 19 pessoas morreram em Portugal desde 28 de janeiro devido \u00e0s tempestades Kristin, Leonardo e Marta. Haveram centenas de feridos, desalojados e deslocados, com preju\u00edzos econ\u00f3micos significativos.<\/p>\n<h3>Impacto e \u00e1reas mais afetadas<\/h3>\n<p>Os temporais, que duraram cerca de tr\u00eas semanas, provocaram destrui\u00e7\u00e3o de habita\u00e7\u00f5es, empresas e infraestruturas em v\u00e1rias regi\u00f5es. As zonas Centro, Lisboa e Vale do Tejo e Alentejo foram as mais atingidas, com cortes de energia e servi\u00e7os.<\/p>\n","protected":false},"excerpt":{"rendered":"<ul>\n<li>Foram pedidas apoios para reconstru\u00e7\u00e3o de habita\u00e7\u00f5es por 26 mil fam\u00edlias, num total de 150 milh\u00f5es de euros.<\/li>\n<li>O n\u00famero de processos indeferidos \u00e9 Consider\u00e1vel, e h\u00e1 abusos nos pedidos, segundo o ministro.<\/li>\n<li>Alguns pedidos n\u00e3o ir\u00e3o resultar em pagamento, por exemplo quando marido e mulher pedem pela mesma casa, ou cond\u00f3minos pelo mesmo telhado.<\/li>\n<li>Existem apoios para cinco mil e quinhentas empresas, no valor de 1222 milh\u00f5es de euros.<\/li>\n<li>At\u00e9 ao momento morreram pelo menos 19 pessoas em Portugal desde 28 de janeiro devido \u00e0s depress\u00f5es Kristin, Leonardo e Marta, com as regi\u00f5es Centro, Lisboa e Vale do Tejo e Alentejo a serem as mais afetadas.<\/li>\n<\/ul>\n","protected":false},"author":2,"featured_media":414705,"comment_status":"closed","ping_status":"closed","sticky":false,"template":"","format":"standard","meta":{"footnotes":""},"categories":[7380,7365],"tags":[883,1309,6063,150,981,6199],"class_list":["post-414702","post","type-post","status-publish","format-standard","has-post-thumbnail","hentry","category-clima","category-tempo","tag-alentejo","tag-centro","tag-desastres","tag-habitacao","tag-lisboa","tag-vale-do-tejo"],"yoast_head":"<!-- This site is optimized with the Yoast SEO plugin v27.2 - https:\/\/yoast.com\/product\/yoast-seo-wordpress\/ -->\n<title>Registos de abusos nos pedidos de apoio por mau tempo - Portal Tela Portugal<\/title>\n<meta name=\"robots\" content=\"index, follow, max-snippet:-1, max-image-preview:large, max-video-preview:-1\" \/>\n<meta property=\"og:locale\" content=\"pt_PT\" \/>\n<meta property=\"og:type\" content=\"article\" \/>\n<meta property=\"og:title\" content=\"Registos de abusos nos pedidos de apoio por mau tempo - Portal Tela Portugal\" \/>\n<meta property=\"og:description\" content=\"Foram pedidas apoios para reconstru\u00e7\u00e3o de habita\u00e7\u00f5es por 26 mil fam\u00edlias, num total de 150 milh\u00f5es de euros. O n\u00famero de processos indeferidos \u00e9 Consider\u00e1vel, e h\u00e1 abusos nos pedidos, segundo o ministro. Alguns pedidos n\u00e3o ir\u00e3o resultar em pagamento, por exemplo quando marido e mulher pedem pela mesma casa, ou cond\u00f3minos pelo mesmo telhado. Existem apoios para cinco mil e quinhentas empresas, no valor de 1222 milh\u00f5es de euros. At\u00e9 ao momento morreram pelo menos 19 pessoas em Portugal desde 28 de janeiro devido \u00e0s depress\u00f5es Kristin, Leonardo e Marta, com as regi\u00f5es Centro, Lisboa e Vale do Tejo e Alentejo a serem as mais afetadas.\" \/>\n<meta property=\"og:url\" content=\"https:\/\/portaltela.pt\/noticias\/2026\/03\/18\/registos-de-abusos-nos-pedidos-de-apoio-por-mau-tempo\/\" \/>\n<meta property=\"og:site_name\" content=\"Portal Tela Portugal\" \/>\n<meta property=\"article:published_time\" content=\"2026-03-18T15:17:00+00:00\" \/>\n<meta name=\"author\" content=\"Telinha\" \/>\n<meta name=\"twitter:card\" content=\"summary_large_image\" \/>\n<meta name=\"twitter:label1\" content=\"Escrito por\" \/>\n\t<meta name=\"twitter:data1\" content=\"Telinha\" \/>\n\t<meta name=\"twitter:label2\" content=\"Tempo estimado de leitura\" \/>\n\t<meta name=\"twitter:data2\" content=\"1 minuto\" \/>\n<script type=\"application\/ld+json\" class=\"yoast-schema-graph\">{\"@context\":\"https:\/\/schema.org\",\"@graph\":[{\"@type\":\"Article\",\"@id\":\"https:\/\/portaltela.pt\/noticias\/2026\/03\/18\/registos-de-abusos-nos-pedidos-de-apoio-por-mau-tempo\/#article\",\"isPartOf\":{\"@id\":\"https:\/\/portaltela.pt\/noticias\/2026\/03\/18\/registos-de-abusos-nos-pedidos-de-apoio-por-mau-tempo\/\"},\"author\":{\"name\":\"Telinha\",\"@id\":\"https:\/\/portaltela.pt\/#\/schema\/person\/c4278d4a6028830caff9ee44b42d32ed\"},\"headline\":\"Registos de abusos nos pedidos de apoio por mau tempo\",\"datePublished\":\"2026-03-18T15:17:00+00:00\",\"mainEntityOfPage\":{\"@id\":\"https:\/\/portaltela.pt\/noticias\/2026\/03\/18\/registos-de-abusos-nos-pedidos-de-apoio-por-mau-tempo\/\"},\"wordCount\":305,\"image\":{\"@id\":\"https:\/\/portaltela.pt\/noticias\/2026\/03\/18\/registos-de-abusos-nos-pedidos-de-apoio-por-mau-tempo\/#primaryimage\"},\"thumbnailUrl\":\"https:\/\/portaltela.pt\/s.01k8rhncp4jt1\/2026\/03\/image-1199.jpg\",\"keywords\":[\"Alentejo\",\"Centro\",\"desastres\",\"habita\u00e7\u00e3o\",\"Lisboa\",\"Vale do Tejo\"],\"articleSection\":[\"Clima\",\"Tempo\"],\"inLanguage\":\"pt-PT\"},{\"@type\":\"WebPage\",\"@id\":\"https:\/\/portaltela.pt\/noticias\/2026\/03\/18\/registos-de-abusos-nos-pedidos-de-apoio-por-mau-tempo\/\",\"url\":\"https:\/\/portaltela.pt\/noticias\/2026\/03\/18\/registos-de-abusos-nos-pedidos-de-apoio-por-mau-tempo\/\",\"name\":\"Registos de abusos nos pedidos de apoio por mau tempo - Portal Tela Portugal\",\"isPartOf\":{\"@id\":\"https:\/\/portaltela.pt\/#website\"},\"primaryImageOfPage\":{\"@id\":\"https:\/\/portaltela.pt\/noticias\/2026\/03\/18\/registos-de-abusos-nos-pedidos-de-apoio-por-mau-tempo\/#primaryimage\"},\"image\":{\"@id\":\"https:\/\/portaltela.pt\/noticias\/2026\/03\/18\/registos-de-abusos-nos-pedidos-de-apoio-por-mau-tempo\/#primaryimage\"},\"thumbnailUrl\":\"https:\/\/portaltela.pt\/s.01k8rhncp4jt1\/2026\/03\/image-1199.jpg\",\"datePublished\":\"2026-03-18T15:17:00+00:00\",\"author\":{\"@id\":\"https:\/\/portaltela.pt\/#\/schema\/person\/c4278d4a6028830caff9ee44b42d32ed\"},\"breadcrumb\":{\"@id\":\"https:\/\/portaltela.pt\/noticias\/2026\/03\/18\/registos-de-abusos-nos-pedidos-de-apoio-por-mau-tempo\/#breadcrumb\"},\"inLanguage\":\"pt-PT\",\"potentialAction\":[{\"@type\":\"ReadAction\",\"target\":[\"https:\/\/portaltela.pt\/noticias\/2026\/03\/18\/registos-de-abusos-nos-pedidos-de-apoio-por-mau-tempo\/\"]}]},{\"@type\":\"ImageObject\",\"inLanguage\":\"pt-PT\",\"@id\":\"https:\/\/portaltela.pt\/noticias\/2026\/03\/18\/registos-de-abusos-nos-pedidos-de-apoio-por-mau-tempo\/#primaryimage\",\"url\":\"https:\/\/portaltela.pt\/s.01k8rhncp4jt1\/2026\/03\/image-1199.jpg\",\"contentUrl\":\"https:\/\/portaltela.pt\/s.01k8rhncp4jt1\/2026\/03\/image-1199.jpg\",\"width\":796,\"height\":448,\"caption\":\"Ministro Castro Almeida\"},{\"@type\":\"BreadcrumbList\",\"@id\":\"https:\/\/portaltela.pt\/noticias\/2026\/03\/18\/registos-de-abusos-nos-pedidos-de-apoio-por-mau-tempo\/#breadcrumb\",\"itemListElement\":[{\"@type\":\"ListItem\",\"position\":1,\"name\":\"In\u00edcio\",\"item\":\"https:\/\/portaltela.pt\/\"},{\"@type\":\"ListItem\",\"position\":2,\"name\":\"Registos de abusos nos pedidos de apoio por mau tempo\"}]},{\"@type\":\"WebSite\",\"@id\":\"https:\/\/portaltela.pt\/#website\",\"url\":\"https:\/\/portaltela.pt\/\",\"name\":\"Portal Tela Portugal\",\"description\":\"\",\"potentialAction\":[{\"@type\":\"SearchAction\",\"target\":{\"@type\":\"EntryPoint\",\"urlTemplate\":\"https:\/\/portaltela.pt\/?s={search_term_string}\"},\"query-input\":{\"@type\":\"PropertyValueSpecification\",\"valueRequired\":true,\"valueName\":\"search_term_string\"}}],\"inLanguage\":\"pt-PT\"},{\"@type\":\"Person\",\"@id\":\"https:\/\/portaltela.pt\/#\/schema\/person\/c4278d4a6028830caff9ee44b42d32ed\",\"name\":\"Telinha\",\"image\":{\"@type\":\"ImageObject\",\"inLanguage\":\"pt-PT\",\"@id\":\"https:\/\/portaltela.pt\/s.01k8rhncp4jt1\/2025\/11\/talking-bot-125x125.png\",\"url\":\"https:\/\/portaltela.pt\/s.01k8rhncp4jt1\/2025\/11\/talking-bot-125x125.png\",\"contentUrl\":\"https:\/\/portaltela.pt\/s.01k8rhncp4jt1\/2025\/11\/talking-bot-125x125.png\",\"caption\":\"Telinha\"},\"sameAs\":[\"https:\/\/portaltela.pt\/\"],\"url\":\"https:\/\/portaltela.pt\/por\/367410592786\/\"}]}<\/script>\n<!-- \/ Yoast SEO plugin. -->","yoast_head_json":{"title":"Registos de abusos nos pedidos de apoio por mau tempo - Portal Tela Portugal","robots":{"index":"index","follow":"follow","max-snippet":"max-snippet:-1","max-image-preview":"max-image-preview:large","max-video-preview":"max-video-preview:-1"},"og_locale":"pt_PT","og_type":"article","og_title":"Registos de abusos nos pedidos de apoio por mau tempo - Portal Tela Portugal","og_description":"Foram pedidas apoios para reconstru\u00e7\u00e3o de habita\u00e7\u00f5es por 26 mil fam\u00edlias, num total de 150 milh\u00f5es de euros. O n\u00famero de processos indeferidos \u00e9 Consider\u00e1vel, e h\u00e1 abusos nos pedidos, segundo o ministro. Alguns pedidos n\u00e3o ir\u00e3o resultar em pagamento, por exemplo quando marido e mulher pedem pela mesma casa, ou cond\u00f3minos pelo mesmo telhado. Existem apoios para cinco mil e quinhentas empresas, no valor de 1222 milh\u00f5es de euros. At\u00e9 ao momento morreram pelo menos 19 pessoas em Portugal desde 28 de janeiro devido \u00e0s depress\u00f5es Kristin, Leonardo e Marta, com as regi\u00f5es Centro, Lisboa e Vale do Tejo e Alentejo a serem as mais afetadas.","og_url":"https:\/\/portaltela.pt\/noticias\/2026\/03\/18\/registos-de-abusos-nos-pedidos-de-apoio-por-mau-tempo\/","og_site_name":"Portal Tela Portugal","article_published_time":"2026-03-18T15:17:00+00:00","author":"Telinha","twitter_card":"summary_large_image","twitter_misc":{"Escrito por":"Telinha","Tempo estimado de leitura":"1 minuto"},"schema":{"@context":"https:\/\/schema.org","@graph":[{"@type":"Article","@id":"https:\/\/portaltela.pt\/noticias\/2026\/03\/18\/registos-de-abusos-nos-pedidos-de-apoio-por-mau-tempo\/#article","isPartOf":{"@id":"https:\/\/portaltela.pt\/noticias\/2026\/03\/18\/registos-de-abusos-nos-pedidos-de-apoio-por-mau-tempo\/"},"author":{"name":"Telinha","@id":"https:\/\/portaltela.pt\/#\/schema\/person\/c4278d4a6028830caff9ee44b42d32ed"},"headline":"Registos de abusos nos pedidos de apoio por mau tempo","datePublished":"2026-03-18T15:17:00+00:00","mainEntityOfPage":{"@id":"https:\/\/portaltela.pt\/noticias\/2026\/03\/18\/registos-de-abusos-nos-pedidos-de-apoio-por-mau-tempo\/"},"wordCount":305,"image":{"@id":"https:\/\/portaltela.pt\/noticias\/2026\/03\/18\/registos-de-abusos-nos-pedidos-de-apoio-por-mau-tempo\/#primaryimage"},"thumbnailUrl":"https:\/\/portaltela.pt\/s.01k8rhncp4jt1\/2026\/03\/image-1199.jpg","keywords":["Alentejo","Centro","desastres","habita\u00e7\u00e3o","Lisboa","Vale do Tejo"],"articleSection":["Clima","Tempo"],"inLanguage":"pt-PT"},{"@type":"WebPage","@id":"https:\/\/portaltela.pt\/noticias\/2026\/03\/18\/registos-de-abusos-nos-pedidos-de-apoio-por-mau-tempo\/","url":"https:\/\/portaltela.pt\/noticias\/2026\/03\/18\/registos-de-abusos-nos-pedidos-de-apoio-por-mau-tempo\/","name":"Registos de abusos nos pedidos de apoio por mau tempo - Portal Tela Portugal","isPartOf":{"@id":"https:\/\/portaltela.pt\/#website"},"primaryImageOfPage":{"@id":"https:\/\/portaltela.pt\/noticias\/2026\/03\/18\/registos-de-abusos-nos-pedidos-de-apoio-por-mau-tempo\/#primaryimage"},"image":{"@id":"https:\/\/portaltela.pt\/noticias\/2026\/03\/18\/registos-de-abusos-nos-pedidos-de-apoio-por-mau-tempo\/#primaryimage"},"thumbnailUrl":"https:\/\/portaltela.pt\/s.01k8rhncp4jt1\/2026\/03\/image-1199.jpg","datePublished":"2026-03-18T15:17:00+00:00","author":{"@id":"https:\/\/portaltela.pt\/#\/schema\/person\/c4278d4a6028830caff9ee44b42d32ed"},"breadcrumb":{"@id":"https:\/\/portaltela.pt\/noticias\/2026\/03\/18\/registos-de-abusos-nos-pedidos-de-apoio-por-mau-tempo\/#breadcrumb"},"inLanguage":"pt-PT","potentialAction":[{"@type":"ReadAction","target":["https:\/\/portaltela.pt\/noticias\/2026\/03\/18\/registos-de-abusos-nos-pedidos-de-apoio-por-mau-tempo\/"]}]},{"@type":"ImageObject","inLanguage":"pt-PT","@id":"https:\/\/portaltela.pt\/noticias\/2026\/03\/18\/registos-de-abusos-nos-pedidos-de-apoio-por-mau-tempo\/#primaryimage","url":"https:\/\/portaltela.pt\/s.01k8rhncp4jt1\/2026\/03\/image-1199.jpg","contentUrl":"https:\/\/portaltela.pt\/s.01k8rhncp4jt1\/2026\/03\/image-1199.jpg","width":796,"height":448,"caption":"Ministro Castro Almeida"},{"@type":"BreadcrumbList","@id":"https:\/\/portaltela.pt\/noticias\/2026\/03\/18\/registos-de-abusos-nos-pedidos-de-apoio-por-mau-tempo\/#breadcrumb","itemListElement":[{"@type":"ListItem","position":1,"name":"In\u00edcio","item":"https:\/\/portaltela.pt\/"},{"@type":"ListItem","position":2,"name":"Registos de abusos nos pedidos de apoio por mau tempo"}]},{"@type":"WebSite","@id":"https:\/\/portaltela.pt\/#website","url":"https:\/\/portaltela.pt\/","name":"Portal Tela Portugal","description":"","potentialAction":[{"@type":"SearchAction","target":{"@type":"EntryPoint","urlTemplate":"https:\/\/portaltela.pt\/?s={search_term_string}"},"query-input":{"@type":"PropertyValueSpecification","valueRequired":true,"valueName":"search_term_string"}}],"inLanguage":"pt-PT"},{"@type":"Person","@id":"https:\/\/portaltela.pt\/#\/schema\/person\/c4278d4a6028830caff9ee44b42d32ed","name":"Telinha","image":{"@type":"ImageObject","inLanguage":"pt-PT","@id":"https:\/\/portaltela.pt\/s.01k8rhncp4jt1\/2025\/11\/talking-bot-125x125.png","url":"https:\/\/portaltela.pt\/s.01k8rhncp4jt1\/2025\/11\/talking-bot-125x125.png","contentUrl":"https:\/\/portaltela.pt\/s.01k8rhncp4jt1\/2025\/11\/talking-bot-125x125.png","caption":"Telinha"},"sameAs":["https:\/\/portaltela.pt\/"],"url":"https:\/\/portaltela.pt\/por\/367410592786\/"}]}},"_links":{"self":[{"href":"https:\/\/portaltela.pt\/api\/wp\/v2\/posts\/414702","targetHints":{"allow":["GET"]}}],"collection":[{"href":"https:\/\/portaltela.pt\/api\/wp\/v2\/posts"}],"about":[{"href":"https:\/\/portaltela.pt\/api\/wp\/v2\/types\/post"}],"author":[{"embeddable":true,"href":"https:\/\/portaltela.pt\/api\/wp\/v2\/users\/2"}],"replies":[{"embeddable":true,"href":"https:\/\/portaltela.pt\/api\/wp\/v2\/comments?post=414702"}],"version-history":[{"count":0,"href":"https:\/\/portaltela.pt\/api\/wp\/v2\/posts\/414702\/revisions"}],"wp:featuredmedia":[{"embeddable":true,"href":"https:\/\/portaltela.pt\/api\/wp\/v2\/media\/414705"}],"wp:attachment":[{"href":"https:\/\/portaltela.pt\/api\/wp\/v2\/media?parent=414702"}],"wp:term":[{"taxonomy":"category","embeddable":true,"href":"https:\/\/portaltela.pt\/api\/wp\/v2\/categories?post=414702"},{"taxonomy":"post_tag","embeddable":true,"href":"https:\/\/portaltela.pt\/api\/wp\/v2\/tags?post=414702"}],"curies":[{"name":"wp","href":"https:\/\/api.w.org\/{rel}","templated":true}]}}