{"id":414662,"date":"2026-03-18T12:12:42","date_gmt":"2026-03-18T15:12:42","guid":{"rendered":"https:\/\/portaltela.pt\/noticias\/2026\/03\/18\/mulher-acusada-de-auxilio-a-imigracao-ilegal-envolvendo-menores-angolanos\/"},"modified":"2026-03-18T12:12:42","modified_gmt":"2026-03-18T15:12:42","slug":"mulher-acusada-de-auxilio-a-imigracao-ilegal-envolvendo-menores-angolanos","status":"publish","type":"post","link":"https:\/\/portaltela.pt\/criminalidade\/2026\/03\/18\/mulher-acusada-de-auxilio-a-imigracao-ilegal-envolvendo-menores-angolanos\/","title":{"rendered":"Mulher acusada de aux\u00edlio \u00e0 imigra\u00e7\u00e3o ilegal envolvendo menores angolanos"},"content":{"rendered":"<p>A mulher, de 40 anos, foi detida na cidade de Lisboa na ter\u00e7a-feira, no \u00e2mbito de uma investiga\u00e7\u00e3o que apura um esquema de entrada ilegal de menores angolanos no Espa\u00e7o Schengen atrav\u00e9s de Portugal. O caso envolve a suposta facilita\u00e7\u00e3o de viagens de menores para pa\u00edses europeus, mediante documentos supostamente falsificados.<\/p>\n<p>Segundo a Pol\u00edcia de Seguran\u00e7a P\u00fablica (PSP), a suspeita cobrou valores entre 2000 e 4000 euros pelos seus servi\u00e7os, que passam pela entrada irregular de menores angolanos no territ\u00f3rio nacional. A PSP indica que a mulher encaminhava os menores para destinos finais na Europa ap\u00f3s a entrada.<\/p>\n<p>A investiga\u00e7\u00e3o, que envolve v\u00e1rias pessoas, aponta para o transporte de menores angolanos por diferentes pa\u00edses at\u00e9 Portugal, onde eram entregues \u00e0 suspeita para a fase seguinte da entrada ilegal. A mulher foi presente a um juiz de instru\u00e7\u00e3o criminal, tendo sido aplicada a medida de pris\u00e3o preventiva.<\/p>\n<h3>Investiga\u00e7\u00e3o em curso<\/h3>\n<p>A PSP refor\u00e7a que o caso continua em investiga\u00e7\u00e3o e que podem surgir mais envolvidos no esquema. A pol\u00edcia n\u00e3o fornece mais detalhes, mas indica que o trabalho de recolha de prova prossegue para esclarecer todos os fen\u00f3menos associados.<\/p>\n","protected":false},"excerpt":{"rendered":"<ul>\n<li>Mulher, de 40 anos, foi detida em Lisboa durante uma investiga\u00e7\u00e3o sobre entrada ilegal de menores angolanos no Espa\u00e7o Schengen.<\/li>\n<li>Alegadamente, ajudava na entrada mediante pagamento entre 2.000 e 4.000 euros, usando documentos falsificados ou adulterados.<\/li>\n<li>Os menores eram encaminhados para destinos finais na Europa ap\u00f3s a apresenta\u00e7\u00e3o dos documentos.<\/li>\n<li>A mulher foi sujeita a medida de pris\u00e3o preventiva ap\u00f3s audi\u00eancia com um juiz de instru\u00e7\u00e3o criminal.<\/li>\n<li>A PSP indica que a investiga\u00e7\u00e3o continua e que podem surgir mais implicados no esquema.<\/li>\n<\/ul>\n","protected":false},"author":2,"featured_media":414667,"comment_status":"closed","ping_status":"closed","sticky":false,"template":"","format":"standard","meta":{"footnotes":""},"categories":[7374],"tags":[4837,6612,981,6056,1381,1705],"class_list":["post-414662","post","type-post","status-publish","format-standard","has-post-thumbnail","hentry","category-criminalidade","tag-angola","tag-imigracao-internacional","tag-lisboa","tag-menores","tag-psp","tag-trafico-de-menores"],"yoast_head":"<!-- This site is optimized with the Yoast SEO plugin v27.2 - https:\/\/yoast.com\/product\/yoast-seo-wordpress\/ -->\n<title>Mulher acusada de aux\u00edlio \u00e0 imigra\u00e7\u00e3o ilegal envolvendo menores angolanos - Portal Tela Portugal<\/title>\n<meta name=\"robots\" content=\"index, follow, max-snippet:-1, max-image-preview:large, max-video-preview:-1\" \/>\n<meta property=\"og:locale\" content=\"pt_PT\" \/>\n<meta property=\"og:type\" content=\"article\" \/>\n<meta property=\"og:title\" content=\"Mulher acusada de aux\u00edlio \u00e0 imigra\u00e7\u00e3o ilegal envolvendo menores angolanos - Portal Tela Portugal\" \/>\n<meta property=\"og:description\" content=\"Mulher, de 40 anos, foi detida em Lisboa durante uma investiga\u00e7\u00e3o sobre entrada ilegal de menores angolanos no Espa\u00e7o Schengen. Alegadamente, ajudava na entrada mediante pagamento entre 2.000 e 4.000 euros, usando documentos falsificados ou adulterados. Os menores eram encaminhados para destinos finais na Europa ap\u00f3s a apresenta\u00e7\u00e3o dos documentos. A mulher foi sujeita a medida de pris\u00e3o preventiva ap\u00f3s audi\u00eancia com um juiz de instru\u00e7\u00e3o criminal. A PSP indica que a investiga\u00e7\u00e3o continua e que podem surgir mais implicados no esquema.\" \/>\n<meta property=\"og:url\" content=\"https:\/\/portaltela.pt\/noticias\/2026\/03\/18\/mulher-acusada-de-auxilio-a-imigracao-ilegal-envolvendo-menores-angolanos\/\" \/>\n<meta property=\"og:site_name\" content=\"Portal Tela Portugal\" \/>\n<meta property=\"article:published_time\" content=\"2026-03-18T15:12:42+00:00\" \/>\n<meta name=\"author\" content=\"Telinha\" \/>\n<meta name=\"twitter:card\" content=\"summary_large_image\" \/>\n<meta name=\"twitter:label1\" content=\"Escrito por\" \/>\n\t<meta name=\"twitter:data1\" content=\"Telinha\" \/>\n\t<meta name=\"twitter:label2\" content=\"Tempo estimado de leitura\" \/>\n\t<meta name=\"twitter:data2\" content=\"1 minuto\" \/>\n<script type=\"application\/ld+json\" class=\"yoast-schema-graph\">{\"@context\":\"https:\/\/schema.org\",\"@graph\":[{\"@type\":\"Article\",\"@id\":\"https:\/\/portaltela.pt\/noticias\/2026\/03\/18\/mulher-acusada-de-auxilio-a-imigracao-ilegal-envolvendo-menores-angolanos\/#article\",\"isPartOf\":{\"@id\":\"https:\/\/portaltela.pt\/noticias\/2026\/03\/18\/mulher-acusada-de-auxilio-a-imigracao-ilegal-envolvendo-menores-angolanos\/\"},\"author\":{\"name\":\"Telinha\",\"@id\":\"https:\/\/portaltela.pt\/#\/schema\/person\/c4278d4a6028830caff9ee44b42d32ed\"},\"headline\":\"Mulher acusada de aux\u00edlio \u00e0 imigra\u00e7\u00e3o ilegal envolvendo menores angolanos\",\"datePublished\":\"2026-03-18T15:12:42+00:00\",\"mainEntityOfPage\":{\"@id\":\"https:\/\/portaltela.pt\/noticias\/2026\/03\/18\/mulher-acusada-de-auxilio-a-imigracao-ilegal-envolvendo-menores-angolanos\/\"},\"wordCount\":218,\"image\":{\"@id\":\"https:\/\/portaltela.pt\/noticias\/2026\/03\/18\/mulher-acusada-de-auxilio-a-imigracao-ilegal-envolvendo-menores-angolanos\/#primaryimage\"},\"thumbnailUrl\":\"https:\/\/portaltela.pt\/s.01k8rhncp4jt1\/2026\/03\/img_1280x722uu2023-11-24-17-50-32-1500150.jpg\",\"keywords\":[\"Angola\",\"imigra\u00e7\u00e3o internacional\",\"Lisboa\",\"menores\",\"PSP\",\"tr\u00e1fico de menores\"],\"articleSection\":[\"Criminalidade\"],\"inLanguage\":\"pt-PT\"},{\"@type\":\"WebPage\",\"@id\":\"https:\/\/portaltela.pt\/noticias\/2026\/03\/18\/mulher-acusada-de-auxilio-a-imigracao-ilegal-envolvendo-menores-angolanos\/\",\"url\":\"https:\/\/portaltela.pt\/noticias\/2026\/03\/18\/mulher-acusada-de-auxilio-a-imigracao-ilegal-envolvendo-menores-angolanos\/\",\"name\":\"Mulher acusada de aux\u00edlio \u00e0 imigra\u00e7\u00e3o ilegal envolvendo menores angolanos - Portal Tela Portugal\",\"isPartOf\":{\"@id\":\"https:\/\/portaltela.pt\/#website\"},\"primaryImageOfPage\":{\"@id\":\"https:\/\/portaltela.pt\/noticias\/2026\/03\/18\/mulher-acusada-de-auxilio-a-imigracao-ilegal-envolvendo-menores-angolanos\/#primaryimage\"},\"image\":{\"@id\":\"https:\/\/portaltela.pt\/noticias\/2026\/03\/18\/mulher-acusada-de-auxilio-a-imigracao-ilegal-envolvendo-menores-angolanos\/#primaryimage\"},\"thumbnailUrl\":\"https:\/\/portaltela.pt\/s.01k8rhncp4jt1\/2026\/03\/img_1280x722uu2023-11-24-17-50-32-1500150.jpg\",\"datePublished\":\"2026-03-18T15:12:42+00:00\",\"author\":{\"@id\":\"https:\/\/portaltela.pt\/#\/schema\/person\/c4278d4a6028830caff9ee44b42d32ed\"},\"breadcrumb\":{\"@id\":\"https:\/\/portaltela.pt\/noticias\/2026\/03\/18\/mulher-acusada-de-auxilio-a-imigracao-ilegal-envolvendo-menores-angolanos\/#breadcrumb\"},\"inLanguage\":\"pt-PT\",\"potentialAction\":[{\"@type\":\"ReadAction\",\"target\":[\"https:\/\/portaltela.pt\/noticias\/2026\/03\/18\/mulher-acusada-de-auxilio-a-imigracao-ilegal-envolvendo-menores-angolanos\/\"]}]},{\"@type\":\"ImageObject\",\"inLanguage\":\"pt-PT\",\"@id\":\"https:\/\/portaltela.pt\/noticias\/2026\/03\/18\/mulher-acusada-de-auxilio-a-imigracao-ilegal-envolvendo-menores-angolanos\/#primaryimage\",\"url\":\"https:\/\/portaltela.pt\/s.01k8rhncp4jt1\/2026\/03\/img_1280x722uu2023-11-24-17-50-32-1500150.jpg\",\"contentUrl\":\"https:\/\/portaltela.pt\/s.01k8rhncp4jt1\/2026\/03\/img_1280x722uu2023-11-24-17-50-32-1500150.jpg\",\"width\":796,\"height\":448,\"caption\":\"Mulher acusada de aux\u00edlio \u00e0 imigra\u00e7\u00e3o ilegal por esquema de entrada de menores angolanos\"},{\"@type\":\"BreadcrumbList\",\"@id\":\"https:\/\/portaltela.pt\/noticias\/2026\/03\/18\/mulher-acusada-de-auxilio-a-imigracao-ilegal-envolvendo-menores-angolanos\/#breadcrumb\",\"itemListElement\":[{\"@type\":\"ListItem\",\"position\":1,\"name\":\"In\u00edcio\",\"item\":\"https:\/\/portaltela.pt\/\"},{\"@type\":\"ListItem\",\"position\":2,\"name\":\"Mulher acusada de aux\u00edlio \u00e0 imigra\u00e7\u00e3o ilegal envolvendo menores angolanos\"}]},{\"@type\":\"WebSite\",\"@id\":\"https:\/\/portaltela.pt\/#website\",\"url\":\"https:\/\/portaltela.pt\/\",\"name\":\"Portal Tela Portugal\",\"description\":\"\",\"potentialAction\":[{\"@type\":\"SearchAction\",\"target\":{\"@type\":\"EntryPoint\",\"urlTemplate\":\"https:\/\/portaltela.pt\/?s={search_term_string}\"},\"query-input\":{\"@type\":\"PropertyValueSpecification\",\"valueRequired\":true,\"valueName\":\"search_term_string\"}}],\"inLanguage\":\"pt-PT\"},{\"@type\":\"Person\",\"@id\":\"https:\/\/portaltela.pt\/#\/schema\/person\/c4278d4a6028830caff9ee44b42d32ed\",\"name\":\"Telinha\",\"image\":{\"@type\":\"ImageObject\",\"inLanguage\":\"pt-PT\",\"@id\":\"https:\/\/portaltela.pt\/s.01k8rhncp4jt1\/2025\/11\/talking-bot-125x125.png\",\"url\":\"https:\/\/portaltela.pt\/s.01k8rhncp4jt1\/2025\/11\/talking-bot-125x125.png\",\"contentUrl\":\"https:\/\/portaltela.pt\/s.01k8rhncp4jt1\/2025\/11\/talking-bot-125x125.png\",\"caption\":\"Telinha\"},\"sameAs\":[\"https:\/\/portaltela.pt\/\"],\"url\":\"https:\/\/portaltela.pt\/por\/367410592786\/\"}]}<\/script>\n<!-- \/ Yoast SEO plugin. -->","yoast_head_json":{"title":"Mulher acusada de aux\u00edlio \u00e0 imigra\u00e7\u00e3o ilegal envolvendo menores angolanos - Portal Tela Portugal","robots":{"index":"index","follow":"follow","max-snippet":"max-snippet:-1","max-image-preview":"max-image-preview:large","max-video-preview":"max-video-preview:-1"},"og_locale":"pt_PT","og_type":"article","og_title":"Mulher acusada de aux\u00edlio \u00e0 imigra\u00e7\u00e3o ilegal envolvendo menores angolanos - Portal Tela Portugal","og_description":"Mulher, de 40 anos, foi detida em Lisboa durante uma investiga\u00e7\u00e3o sobre entrada ilegal de menores angolanos no Espa\u00e7o Schengen. Alegadamente, ajudava na entrada mediante pagamento entre 2.000 e 4.000 euros, usando documentos falsificados ou adulterados. Os menores eram encaminhados para destinos finais na Europa ap\u00f3s a apresenta\u00e7\u00e3o dos documentos. A mulher foi sujeita a medida de pris\u00e3o preventiva ap\u00f3s audi\u00eancia com um juiz de instru\u00e7\u00e3o criminal. A PSP indica que a investiga\u00e7\u00e3o continua e que podem surgir mais implicados no esquema.","og_url":"https:\/\/portaltela.pt\/noticias\/2026\/03\/18\/mulher-acusada-de-auxilio-a-imigracao-ilegal-envolvendo-menores-angolanos\/","og_site_name":"Portal Tela Portugal","article_published_time":"2026-03-18T15:12:42+00:00","author":"Telinha","twitter_card":"summary_large_image","twitter_misc":{"Escrito por":"Telinha","Tempo estimado de leitura":"1 minuto"},"schema":{"@context":"https:\/\/schema.org","@graph":[{"@type":"Article","@id":"https:\/\/portaltela.pt\/noticias\/2026\/03\/18\/mulher-acusada-de-auxilio-a-imigracao-ilegal-envolvendo-menores-angolanos\/#article","isPartOf":{"@id":"https:\/\/portaltela.pt\/noticias\/2026\/03\/18\/mulher-acusada-de-auxilio-a-imigracao-ilegal-envolvendo-menores-angolanos\/"},"author":{"name":"Telinha","@id":"https:\/\/portaltela.pt\/#\/schema\/person\/c4278d4a6028830caff9ee44b42d32ed"},"headline":"Mulher acusada de aux\u00edlio \u00e0 imigra\u00e7\u00e3o ilegal envolvendo menores angolanos","datePublished":"2026-03-18T15:12:42+00:00","mainEntityOfPage":{"@id":"https:\/\/portaltela.pt\/noticias\/2026\/03\/18\/mulher-acusada-de-auxilio-a-imigracao-ilegal-envolvendo-menores-angolanos\/"},"wordCount":218,"image":{"@id":"https:\/\/portaltela.pt\/noticias\/2026\/03\/18\/mulher-acusada-de-auxilio-a-imigracao-ilegal-envolvendo-menores-angolanos\/#primaryimage"},"thumbnailUrl":"https:\/\/portaltela.pt\/s.01k8rhncp4jt1\/2026\/03\/img_1280x722uu2023-11-24-17-50-32-1500150.jpg","keywords":["Angola","imigra\u00e7\u00e3o internacional","Lisboa","menores","PSP","tr\u00e1fico de menores"],"articleSection":["Criminalidade"],"inLanguage":"pt-PT"},{"@type":"WebPage","@id":"https:\/\/portaltela.pt\/noticias\/2026\/03\/18\/mulher-acusada-de-auxilio-a-imigracao-ilegal-envolvendo-menores-angolanos\/","url":"https:\/\/portaltela.pt\/noticias\/2026\/03\/18\/mulher-acusada-de-auxilio-a-imigracao-ilegal-envolvendo-menores-angolanos\/","name":"Mulher acusada de aux\u00edlio \u00e0 imigra\u00e7\u00e3o ilegal envolvendo menores angolanos - Portal Tela Portugal","isPartOf":{"@id":"https:\/\/portaltela.pt\/#website"},"primaryImageOfPage":{"@id":"https:\/\/portaltela.pt\/noticias\/2026\/03\/18\/mulher-acusada-de-auxilio-a-imigracao-ilegal-envolvendo-menores-angolanos\/#primaryimage"},"image":{"@id":"https:\/\/portaltela.pt\/noticias\/2026\/03\/18\/mulher-acusada-de-auxilio-a-imigracao-ilegal-envolvendo-menores-angolanos\/#primaryimage"},"thumbnailUrl":"https:\/\/portaltela.pt\/s.01k8rhncp4jt1\/2026\/03\/img_1280x722uu2023-11-24-17-50-32-1500150.jpg","datePublished":"2026-03-18T15:12:42+00:00","author":{"@id":"https:\/\/portaltela.pt\/#\/schema\/person\/c4278d4a6028830caff9ee44b42d32ed"},"breadcrumb":{"@id":"https:\/\/portaltela.pt\/noticias\/2026\/03\/18\/mulher-acusada-de-auxilio-a-imigracao-ilegal-envolvendo-menores-angolanos\/#breadcrumb"},"inLanguage":"pt-PT","potentialAction":[{"@type":"ReadAction","target":["https:\/\/portaltela.pt\/noticias\/2026\/03\/18\/mulher-acusada-de-auxilio-a-imigracao-ilegal-envolvendo-menores-angolanos\/"]}]},{"@type":"ImageObject","inLanguage":"pt-PT","@id":"https:\/\/portaltela.pt\/noticias\/2026\/03\/18\/mulher-acusada-de-auxilio-a-imigracao-ilegal-envolvendo-menores-angolanos\/#primaryimage","url":"https:\/\/portaltela.pt\/s.01k8rhncp4jt1\/2026\/03\/img_1280x722uu2023-11-24-17-50-32-1500150.jpg","contentUrl":"https:\/\/portaltela.pt\/s.01k8rhncp4jt1\/2026\/03\/img_1280x722uu2023-11-24-17-50-32-1500150.jpg","width":796,"height":448,"caption":"Mulher acusada de aux\u00edlio \u00e0 imigra\u00e7\u00e3o ilegal por esquema de entrada de menores angolanos"},{"@type":"BreadcrumbList","@id":"https:\/\/portaltela.pt\/noticias\/2026\/03\/18\/mulher-acusada-de-auxilio-a-imigracao-ilegal-envolvendo-menores-angolanos\/#breadcrumb","itemListElement":[{"@type":"ListItem","position":1,"name":"In\u00edcio","item":"https:\/\/portaltela.pt\/"},{"@type":"ListItem","position":2,"name":"Mulher acusada de aux\u00edlio \u00e0 imigra\u00e7\u00e3o ilegal envolvendo menores angolanos"}]},{"@type":"WebSite","@id":"https:\/\/portaltela.pt\/#website","url":"https:\/\/portaltela.pt\/","name":"Portal Tela Portugal","description":"","potentialAction":[{"@type":"SearchAction","target":{"@type":"EntryPoint","urlTemplate":"https:\/\/portaltela.pt\/?s={search_term_string}"},"query-input":{"@type":"PropertyValueSpecification","valueRequired":true,"valueName":"search_term_string"}}],"inLanguage":"pt-PT"},{"@type":"Person","@id":"https:\/\/portaltela.pt\/#\/schema\/person\/c4278d4a6028830caff9ee44b42d32ed","name":"Telinha","image":{"@type":"ImageObject","inLanguage":"pt-PT","@id":"https:\/\/portaltela.pt\/s.01k8rhncp4jt1\/2025\/11\/talking-bot-125x125.png","url":"https:\/\/portaltela.pt\/s.01k8rhncp4jt1\/2025\/11\/talking-bot-125x125.png","contentUrl":"https:\/\/portaltela.pt\/s.01k8rhncp4jt1\/2025\/11\/talking-bot-125x125.png","caption":"Telinha"},"sameAs":["https:\/\/portaltela.pt\/"],"url":"https:\/\/portaltela.pt\/por\/367410592786\/"}]}},"_links":{"self":[{"href":"https:\/\/portaltela.pt\/api\/wp\/v2\/posts\/414662","targetHints":{"allow":["GET"]}}],"collection":[{"href":"https:\/\/portaltela.pt\/api\/wp\/v2\/posts"}],"about":[{"href":"https:\/\/portaltela.pt\/api\/wp\/v2\/types\/post"}],"author":[{"embeddable":true,"href":"https:\/\/portaltela.pt\/api\/wp\/v2\/users\/2"}],"replies":[{"embeddable":true,"href":"https:\/\/portaltela.pt\/api\/wp\/v2\/comments?post=414662"}],"version-history":[{"count":0,"href":"https:\/\/portaltela.pt\/api\/wp\/v2\/posts\/414662\/revisions"}],"wp:featuredmedia":[{"embeddable":true,"href":"https:\/\/portaltela.pt\/api\/wp\/v2\/media\/414667"}],"wp:attachment":[{"href":"https:\/\/portaltela.pt\/api\/wp\/v2\/media?parent=414662"}],"wp:term":[{"taxonomy":"category","embeddable":true,"href":"https:\/\/portaltela.pt\/api\/wp\/v2\/categories?post=414662"},{"taxonomy":"post_tag","embeddable":true,"href":"https:\/\/portaltela.pt\/api\/wp\/v2\/tags?post=414662"}],"curies":[{"name":"wp","href":"https:\/\/api.w.org\/{rel}","templated":true}]}}