{"id":414650,"date":"2026-03-18T11:38:00","date_gmt":"2026-03-18T14:38:00","guid":{"rendered":"https:\/\/portaltela.pt\/noticias\/2026\/03\/18\/acores-registam-quedas-de-granizo-e-neve-perto-dos-zero-graus\/"},"modified":"2026-03-18T11:38:00","modified_gmt":"2026-03-18T14:38:00","slug":"acores-registam-quedas-de-granizo-e-neve-perto-dos-zero-graus","status":"publish","type":"post","link":"https:\/\/portaltela.pt\/tempo\/2026\/03\/18\/acores-registam-quedas-de-granizo-e-neve-perto-dos-zero-graus\/","title":{"rendered":"A\u00e7ores registam quedas de granizo e neve perto dos zero graus"},"content":{"rendered":"<p>O arquip\u00e9lago dos A\u00e7ores regista temperaturas muito baixas desde ter\u00e7a-feira, com quedas de granizo frequentes e possibilidade de neve nas zonas de maior altitude. O IPMA aponta para uma massa de ar polar associada \u00e0 depress\u00e3o Therese.<\/p>\n<p>O fen\u00f3meno tem sido observado em quase todas as ilhas, com relatos de granizo que cobrem ruas e vias. Testemunhos locais indicam que a precipita\u00e7\u00e3o come\u00e7ou por volta das 17h de ter\u00e7a e persistiu at\u00e9 ao in\u00edcio da manh\u00e3 seguinte.<\/p>\n<p>De Vila Franca do Campo, S\u00e3o Miguel, chegam relatos de nevoeiro branco e ruas cobertas. A residente Ana Bolarinho descreve uma situa\u00e7\u00e3o rara, com granizo intenso que dificultou a circula\u00e7\u00e3o de ve\u00edculos.<\/p>\n<p>O Pico, a montanha mais alta de Portugal, est\u00e1 totalmente coberta de neve e gelo, impossibilitando atividades na serra. O acesso \u00e0 montanha decorre pela Casa da Montanha, com registo pr\u00e9vio e GPS aos visitantes.<\/p>\n<p>A meteorologia prev\u00ea temperaturas m\u00ednimas entre 3 e 9 \u00b0C e m\u00e1ximas entre 8 e 12 \u00b0C. Aguaceiros, por vezes fortes, dever\u00e3o ocorrer principalmente nos grupos Central e Oriental, com possibilidade de granizo e trovoada.<\/p>\n<h3>Panorama clim\u00e1tico nos A\u00e7ores<\/h3>\n<p>O IPMA explica que o conjunto anticicl\u00f3nico a oeste e a depress\u00e3o Therese favorecem a entrada de ar frio de latitudes elevadas. As previs\u00f5es indicam queda acentuada de temperaturas e tempo mais inst\u00e1vel nos pr\u00f3ximos dias.<\/p>\n","protected":false},"excerpt":{"rendered":"<ul>\n<li>V\u00e1rios epis\u00f3dios de queda de granizo t\u00eam sido registados em praticamente todas as ilhas dos A\u00e7ores, na sequ\u00eancia da descida acentuada das temperaturas, segundo o IPMA.<\/li>\n<li>\u00c9 muito prov\u00e1vel que tenha ocorrido neve nas zonas de maior altitude, com temperaturas pr\u00f3ximas de zero e precipita\u00e7\u00e3o associada.<\/li>\n<li>O IPMA previa neve acima dos 600 metros nos grupos Central e Oriental dos A\u00e7ores, fen\u00f3meno pouco comum, ligado \u00e0 depress\u00e3o Therese e ao sistema frontal.<\/li>\n<li>A montanha do Pico est\u00e1 completamente coberta de neve e gelo, com acesso controlado pela Casa da Montanha e registo pr\u00e9vio para monitoriza\u00e7\u00e3o.<\/li>\n<li>As previs\u00f5es apontam temperaturas m\u00ednimas entre 7 e 9 \u00b0C no grupo Ocidental e entre 3 e 5 \u00b0C nos grupos Central e Oriental; m\u00e1ximas entre 8 e 12 \u00b0C, com aguaceiros, granizo e trovoada poss\u00edvel.<\/li>\n<\/ul>\n","protected":false},"author":2,"featured_media":414653,"comment_status":"closed","ping_status":"closed","sticky":false,"template":"","format":"standard","meta":{"footnotes":""},"categories":[7373,7365],"tags":[822,5329,5224,2557,2161,3968],"class_list":["post-414650","post","type-post","status-publish","format-standard","has-post-thumbnail","hentry","category-previsao","category-tempo","tag-acores","tag-chuva","tag-clima","tag-depressao","tag-granizo","tag-ipma"],"yoast_head":"<!-- This site is optimized with the Yoast SEO plugin v27.2 - https:\/\/yoast.com\/product\/yoast-seo-wordpress\/ -->\n<title>A\u00e7ores registam quedas de granizo e neve perto dos zero graus - Portal Tela Portugal<\/title>\n<meta name=\"robots\" content=\"index, follow, max-snippet:-1, max-image-preview:large, max-video-preview:-1\" \/>\n<meta property=\"og:locale\" content=\"pt_PT\" \/>\n<meta property=\"og:type\" content=\"article\" \/>\n<meta property=\"og:title\" content=\"A\u00e7ores registam quedas de granizo e neve perto dos zero graus - Portal Tela Portugal\" \/>\n<meta property=\"og:description\" content=\"V\u00e1rios epis\u00f3dios de queda de granizo t\u00eam sido registados em praticamente todas as ilhas dos A\u00e7ores, na sequ\u00eancia da descida acentuada das temperaturas, segundo o IPMA. \u00c9 muito prov\u00e1vel que tenha ocorrido neve nas zonas de maior altitude, com temperaturas pr\u00f3ximas de zero e precipita\u00e7\u00e3o associada. O IPMA previa neve acima dos 600 metros nos grupos Central e Oriental dos A\u00e7ores, fen\u00f3meno pouco comum, ligado \u00e0 depress\u00e3o Therese e ao sistema frontal. A montanha do Pico est\u00e1 completamente coberta de neve e gelo, com acesso controlado pela Casa da Montanha e registo pr\u00e9vio para monitoriza\u00e7\u00e3o. As previs\u00f5es apontam temperaturas m\u00ednimas entre 7 e 9 \u00b0C no grupo Ocidental e entre 3 e 5 \u00b0C nos grupos Central e Oriental; m\u00e1ximas entre 8 e 12 \u00b0C, com aguaceiros, granizo e trovoada poss\u00edvel.\" \/>\n<meta property=\"og:url\" content=\"https:\/\/portaltela.pt\/noticias\/2026\/03\/18\/acores-registam-quedas-de-granizo-e-neve-perto-dos-zero-graus\/\" \/>\n<meta property=\"og:site_name\" content=\"Portal Tela Portugal\" \/>\n<meta property=\"article:published_time\" content=\"2026-03-18T14:38:00+00:00\" \/>\n<meta name=\"author\" content=\"Telinha\" \/>\n<meta name=\"twitter:card\" content=\"summary_large_image\" \/>\n<meta name=\"twitter:label1\" content=\"Escrito por\" \/>\n\t<meta name=\"twitter:data1\" content=\"Telinha\" \/>\n\t<meta name=\"twitter:label2\" content=\"Tempo estimado de leitura\" \/>\n\t<meta name=\"twitter:data2\" content=\"1 minuto\" \/>\n<script type=\"application\/ld+json\" class=\"yoast-schema-graph\">{\"@context\":\"https:\/\/schema.org\",\"@graph\":[{\"@type\":\"Article\",\"@id\":\"https:\/\/portaltela.pt\/noticias\/2026\/03\/18\/acores-registam-quedas-de-granizo-e-neve-perto-dos-zero-graus\/#article\",\"isPartOf\":{\"@id\":\"https:\/\/portaltela.pt\/noticias\/2026\/03\/18\/acores-registam-quedas-de-granizo-e-neve-perto-dos-zero-graus\/\"},\"author\":{\"name\":\"Telinha\",\"@id\":\"https:\/\/portaltela.pt\/#\/schema\/person\/c4278d4a6028830caff9ee44b42d32ed\"},\"headline\":\"A\u00e7ores registam quedas de granizo e neve perto dos zero graus\",\"datePublished\":\"2026-03-18T14:38:00+00:00\",\"mainEntityOfPage\":{\"@id\":\"https:\/\/portaltela.pt\/noticias\/2026\/03\/18\/acores-registam-quedas-de-granizo-e-neve-perto-dos-zero-graus\/\"},\"wordCount\":249,\"image\":{\"@id\":\"https:\/\/portaltela.pt\/noticias\/2026\/03\/18\/acores-registam-quedas-de-granizo-e-neve-perto-dos-zero-graus\/#primaryimage\"},\"thumbnailUrl\":\"https:\/\/portaltela.pt\/s.01k8rhncp4jt1\/2026\/03\/28f8bc91-9db6-49e3-88c0-586412cc881e_1200x675.jpg\",\"keywords\":[\"A\u00e7ores\",\"chuva\",\"clima\",\"depress\u00e3o\",\"granizo\",\"IPMA\"],\"articleSection\":[\"Previs\u00e3o\",\"Tempo\"],\"inLanguage\":\"pt-PT\"},{\"@type\":\"WebPage\",\"@id\":\"https:\/\/portaltela.pt\/noticias\/2026\/03\/18\/acores-registam-quedas-de-granizo-e-neve-perto-dos-zero-graus\/\",\"url\":\"https:\/\/portaltela.pt\/noticias\/2026\/03\/18\/acores-registam-quedas-de-granizo-e-neve-perto-dos-zero-graus\/\",\"name\":\"A\u00e7ores registam quedas de granizo e neve perto dos zero graus - Portal Tela Portugal\",\"isPartOf\":{\"@id\":\"https:\/\/portaltela.pt\/#website\"},\"primaryImageOfPage\":{\"@id\":\"https:\/\/portaltela.pt\/noticias\/2026\/03\/18\/acores-registam-quedas-de-granizo-e-neve-perto-dos-zero-graus\/#primaryimage\"},\"image\":{\"@id\":\"https:\/\/portaltela.pt\/noticias\/2026\/03\/18\/acores-registam-quedas-de-granizo-e-neve-perto-dos-zero-graus\/#primaryimage\"},\"thumbnailUrl\":\"https:\/\/portaltela.pt\/s.01k8rhncp4jt1\/2026\/03\/28f8bc91-9db6-49e3-88c0-586412cc881e_1200x675.jpg\",\"datePublished\":\"2026-03-18T14:38:00+00:00\",\"author\":{\"@id\":\"https:\/\/portaltela.pt\/#\/schema\/person\/c4278d4a6028830caff9ee44b42d32ed\"},\"breadcrumb\":{\"@id\":\"https:\/\/portaltela.pt\/noticias\/2026\/03\/18\/acores-registam-quedas-de-granizo-e-neve-perto-dos-zero-graus\/#breadcrumb\"},\"inLanguage\":\"pt-PT\",\"potentialAction\":[{\"@type\":\"ReadAction\",\"target\":[\"https:\/\/portaltela.pt\/noticias\/2026\/03\/18\/acores-registam-quedas-de-granizo-e-neve-perto-dos-zero-graus\/\"]}]},{\"@type\":\"ImageObject\",\"inLanguage\":\"pt-PT\",\"@id\":\"https:\/\/portaltela.pt\/noticias\/2026\/03\/18\/acores-registam-quedas-de-granizo-e-neve-perto-dos-zero-graus\/#primaryimage\",\"url\":\"https:\/\/portaltela.pt\/s.01k8rhncp4jt1\/2026\/03\/28f8bc91-9db6-49e3-88c0-586412cc881e_1200x675.jpg\",\"contentUrl\":\"https:\/\/portaltela.pt\/s.01k8rhncp4jt1\/2026\/03\/28f8bc91-9db6-49e3-88c0-586412cc881e_1200x675.jpg\",\"width\":796,\"height\":448,\"caption\":\"Imagem de granizo na Furnas partilhada no Facebook por Lu\u00eds Quental, tirada no seu quintal\"},{\"@type\":\"BreadcrumbList\",\"@id\":\"https:\/\/portaltela.pt\/noticias\/2026\/03\/18\/acores-registam-quedas-de-granizo-e-neve-perto-dos-zero-graus\/#breadcrumb\",\"itemListElement\":[{\"@type\":\"ListItem\",\"position\":1,\"name\":\"In\u00edcio\",\"item\":\"https:\/\/portaltela.pt\/\"},{\"@type\":\"ListItem\",\"position\":2,\"name\":\"A\u00e7ores registam quedas de granizo e neve perto dos zero graus\"}]},{\"@type\":\"WebSite\",\"@id\":\"https:\/\/portaltela.pt\/#website\",\"url\":\"https:\/\/portaltela.pt\/\",\"name\":\"Portal Tela Portugal\",\"description\":\"\",\"potentialAction\":[{\"@type\":\"SearchAction\",\"target\":{\"@type\":\"EntryPoint\",\"urlTemplate\":\"https:\/\/portaltela.pt\/?s={search_term_string}\"},\"query-input\":{\"@type\":\"PropertyValueSpecification\",\"valueRequired\":true,\"valueName\":\"search_term_string\"}}],\"inLanguage\":\"pt-PT\"},{\"@type\":\"Person\",\"@id\":\"https:\/\/portaltela.pt\/#\/schema\/person\/c4278d4a6028830caff9ee44b42d32ed\",\"name\":\"Telinha\",\"image\":{\"@type\":\"ImageObject\",\"inLanguage\":\"pt-PT\",\"@id\":\"https:\/\/portaltela.pt\/s.01k8rhncp4jt1\/2025\/11\/talking-bot-125x125.png\",\"url\":\"https:\/\/portaltela.pt\/s.01k8rhncp4jt1\/2025\/11\/talking-bot-125x125.png\",\"contentUrl\":\"https:\/\/portaltela.pt\/s.01k8rhncp4jt1\/2025\/11\/talking-bot-125x125.png\",\"caption\":\"Telinha\"},\"sameAs\":[\"https:\/\/portaltela.pt\/\"],\"url\":\"https:\/\/portaltela.pt\/por\/367410592786\/\"}]}<\/script>\n<!-- \/ Yoast SEO plugin. -->","yoast_head_json":{"title":"A\u00e7ores registam quedas de granizo e neve perto dos zero graus - Portal Tela Portugal","robots":{"index":"index","follow":"follow","max-snippet":"max-snippet:-1","max-image-preview":"max-image-preview:large","max-video-preview":"max-video-preview:-1"},"og_locale":"pt_PT","og_type":"article","og_title":"A\u00e7ores registam quedas de granizo e neve perto dos zero graus - Portal Tela Portugal","og_description":"V\u00e1rios epis\u00f3dios de queda de granizo t\u00eam sido registados em praticamente todas as ilhas dos A\u00e7ores, na sequ\u00eancia da descida acentuada das temperaturas, segundo o IPMA. \u00c9 muito prov\u00e1vel que tenha ocorrido neve nas zonas de maior altitude, com temperaturas pr\u00f3ximas de zero e precipita\u00e7\u00e3o associada. O IPMA previa neve acima dos 600 metros nos grupos Central e Oriental dos A\u00e7ores, fen\u00f3meno pouco comum, ligado \u00e0 depress\u00e3o Therese e ao sistema frontal. A montanha do Pico est\u00e1 completamente coberta de neve e gelo, com acesso controlado pela Casa da Montanha e registo pr\u00e9vio para monitoriza\u00e7\u00e3o. As previs\u00f5es apontam temperaturas m\u00ednimas entre 7 e 9 \u00b0C no grupo Ocidental e entre 3 e 5 \u00b0C nos grupos Central e Oriental; m\u00e1ximas entre 8 e 12 \u00b0C, com aguaceiros, granizo e trovoada poss\u00edvel.","og_url":"https:\/\/portaltela.pt\/noticias\/2026\/03\/18\/acores-registam-quedas-de-granizo-e-neve-perto-dos-zero-graus\/","og_site_name":"Portal Tela Portugal","article_published_time":"2026-03-18T14:38:00+00:00","author":"Telinha","twitter_card":"summary_large_image","twitter_misc":{"Escrito por":"Telinha","Tempo estimado de leitura":"1 minuto"},"schema":{"@context":"https:\/\/schema.org","@graph":[{"@type":"Article","@id":"https:\/\/portaltela.pt\/noticias\/2026\/03\/18\/acores-registam-quedas-de-granizo-e-neve-perto-dos-zero-graus\/#article","isPartOf":{"@id":"https:\/\/portaltela.pt\/noticias\/2026\/03\/18\/acores-registam-quedas-de-granizo-e-neve-perto-dos-zero-graus\/"},"author":{"name":"Telinha","@id":"https:\/\/portaltela.pt\/#\/schema\/person\/c4278d4a6028830caff9ee44b42d32ed"},"headline":"A\u00e7ores registam quedas de granizo e neve perto dos zero graus","datePublished":"2026-03-18T14:38:00+00:00","mainEntityOfPage":{"@id":"https:\/\/portaltela.pt\/noticias\/2026\/03\/18\/acores-registam-quedas-de-granizo-e-neve-perto-dos-zero-graus\/"},"wordCount":249,"image":{"@id":"https:\/\/portaltela.pt\/noticias\/2026\/03\/18\/acores-registam-quedas-de-granizo-e-neve-perto-dos-zero-graus\/#primaryimage"},"thumbnailUrl":"https:\/\/portaltela.pt\/s.01k8rhncp4jt1\/2026\/03\/28f8bc91-9db6-49e3-88c0-586412cc881e_1200x675.jpg","keywords":["A\u00e7ores","chuva","clima","depress\u00e3o","granizo","IPMA"],"articleSection":["Previs\u00e3o","Tempo"],"inLanguage":"pt-PT"},{"@type":"WebPage","@id":"https:\/\/portaltela.pt\/noticias\/2026\/03\/18\/acores-registam-quedas-de-granizo-e-neve-perto-dos-zero-graus\/","url":"https:\/\/portaltela.pt\/noticias\/2026\/03\/18\/acores-registam-quedas-de-granizo-e-neve-perto-dos-zero-graus\/","name":"A\u00e7ores registam quedas de granizo e neve perto dos zero graus - Portal Tela Portugal","isPartOf":{"@id":"https:\/\/portaltela.pt\/#website"},"primaryImageOfPage":{"@id":"https:\/\/portaltela.pt\/noticias\/2026\/03\/18\/acores-registam-quedas-de-granizo-e-neve-perto-dos-zero-graus\/#primaryimage"},"image":{"@id":"https:\/\/portaltela.pt\/noticias\/2026\/03\/18\/acores-registam-quedas-de-granizo-e-neve-perto-dos-zero-graus\/#primaryimage"},"thumbnailUrl":"https:\/\/portaltela.pt\/s.01k8rhncp4jt1\/2026\/03\/28f8bc91-9db6-49e3-88c0-586412cc881e_1200x675.jpg","datePublished":"2026-03-18T14:38:00+00:00","author":{"@id":"https:\/\/portaltela.pt\/#\/schema\/person\/c4278d4a6028830caff9ee44b42d32ed"},"breadcrumb":{"@id":"https:\/\/portaltela.pt\/noticias\/2026\/03\/18\/acores-registam-quedas-de-granizo-e-neve-perto-dos-zero-graus\/#breadcrumb"},"inLanguage":"pt-PT","potentialAction":[{"@type":"ReadAction","target":["https:\/\/portaltela.pt\/noticias\/2026\/03\/18\/acores-registam-quedas-de-granizo-e-neve-perto-dos-zero-graus\/"]}]},{"@type":"ImageObject","inLanguage":"pt-PT","@id":"https:\/\/portaltela.pt\/noticias\/2026\/03\/18\/acores-registam-quedas-de-granizo-e-neve-perto-dos-zero-graus\/#primaryimage","url":"https:\/\/portaltela.pt\/s.01k8rhncp4jt1\/2026\/03\/28f8bc91-9db6-49e3-88c0-586412cc881e_1200x675.jpg","contentUrl":"https:\/\/portaltela.pt\/s.01k8rhncp4jt1\/2026\/03\/28f8bc91-9db6-49e3-88c0-586412cc881e_1200x675.jpg","width":796,"height":448,"caption":"Imagem de granizo na Furnas partilhada no Facebook por Lu\u00eds Quental, tirada no seu quintal"},{"@type":"BreadcrumbList","@id":"https:\/\/portaltela.pt\/noticias\/2026\/03\/18\/acores-registam-quedas-de-granizo-e-neve-perto-dos-zero-graus\/#breadcrumb","itemListElement":[{"@type":"ListItem","position":1,"name":"In\u00edcio","item":"https:\/\/portaltela.pt\/"},{"@type":"ListItem","position":2,"name":"A\u00e7ores registam quedas de granizo e neve perto dos zero graus"}]},{"@type":"WebSite","@id":"https:\/\/portaltela.pt\/#website","url":"https:\/\/portaltela.pt\/","name":"Portal Tela Portugal","description":"","potentialAction":[{"@type":"SearchAction","target":{"@type":"EntryPoint","urlTemplate":"https:\/\/portaltela.pt\/?s={search_term_string}"},"query-input":{"@type":"PropertyValueSpecification","valueRequired":true,"valueName":"search_term_string"}}],"inLanguage":"pt-PT"},{"@type":"Person","@id":"https:\/\/portaltela.pt\/#\/schema\/person\/c4278d4a6028830caff9ee44b42d32ed","name":"Telinha","image":{"@type":"ImageObject","inLanguage":"pt-PT","@id":"https:\/\/portaltela.pt\/s.01k8rhncp4jt1\/2025\/11\/talking-bot-125x125.png","url":"https:\/\/portaltela.pt\/s.01k8rhncp4jt1\/2025\/11\/talking-bot-125x125.png","contentUrl":"https:\/\/portaltela.pt\/s.01k8rhncp4jt1\/2025\/11\/talking-bot-125x125.png","caption":"Telinha"},"sameAs":["https:\/\/portaltela.pt\/"],"url":"https:\/\/portaltela.pt\/por\/367410592786\/"}]}},"_links":{"self":[{"href":"https:\/\/portaltela.pt\/api\/wp\/v2\/posts\/414650","targetHints":{"allow":["GET"]}}],"collection":[{"href":"https:\/\/portaltela.pt\/api\/wp\/v2\/posts"}],"about":[{"href":"https:\/\/portaltela.pt\/api\/wp\/v2\/types\/post"}],"author":[{"embeddable":true,"href":"https:\/\/portaltela.pt\/api\/wp\/v2\/users\/2"}],"replies":[{"embeddable":true,"href":"https:\/\/portaltela.pt\/api\/wp\/v2\/comments?post=414650"}],"version-history":[{"count":0,"href":"https:\/\/portaltela.pt\/api\/wp\/v2\/posts\/414650\/revisions"}],"wp:featuredmedia":[{"embeddable":true,"href":"https:\/\/portaltela.pt\/api\/wp\/v2\/media\/414653"}],"wp:attachment":[{"href":"https:\/\/portaltela.pt\/api\/wp\/v2\/media?parent=414650"}],"wp:term":[{"taxonomy":"category","embeddable":true,"href":"https:\/\/portaltela.pt\/api\/wp\/v2\/categories?post=414650"},{"taxonomy":"post_tag","embeddable":true,"href":"https:\/\/portaltela.pt\/api\/wp\/v2\/tags?post=414650"}],"curies":[{"name":"wp","href":"https:\/\/api.w.org\/{rel}","templated":true}]}}