{"id":414628,"date":"2026-03-18T11:43:40","date_gmt":"2026-03-18T14:43:40","guid":{"rendered":"https:\/\/portaltela.pt\/noticias\/2026\/03\/18\/mais-de-700-turistas-contrairam-shigelose-em-cabo-verde\/"},"modified":"2026-03-18T11:43:40","modified_gmt":"2026-03-18T14:43:40","slug":"mais-de-700-turistas-contrairam-shigelose-em-cabo-verde","status":"publish","type":"post","link":"https:\/\/portaltela.pt\/saude\/2026\/03\/18\/mais-de-700-turistas-contrairam-shigelose-em-cabo-verde\/","title":{"rendered":"Mais de 700 turistas contrairam shigelose em Cabo Verde"},"content":{"rendered":"<p>O Centro Europeu de Preven\u00e7\u00e3o e Controlo das Doen\u00e7as (ECDC) emitiu novas recomenda\u00e7\u00f5es para viajantes a Cabo Verde, devido a um surto de shigelose registado na ilha do Sal. As autoridades destacam casos desde 2022, ligados principalmente aos turistas que passaram f\u00e9rias em Santa Maria.<\/p>\n<p>Entre setembro de 2022 e a \u00faltima semana, o ECDC confirmou 766 casos de shigelose entre turistas de diferentes pa\u00edses. O Reino Unido lidera a lista com 263 casos, seguido de Su\u00e9cia, Alemanha, Fran\u00e7a e Pa\u00edses Baixos. Portugal contabilizou 12 casos.<\/p>\n<p>Al\u00e9m da shigelose, o mesmo per\u00edodo registou mais de 300 infe\u00e7\u00f5es gastrointestinais entre turistas em Cabo Verde, incluindo salmonelose, campilobacteriose e giard\u00edase. A concentra\u00e7\u00e3o de casos parece estar numa cadeia hoteleira na zona de Santa Maria, sem identifica\u00e7\u00e3o da fonte.<\/p>\n<h3>Recomenda\u00e7\u00f5es para viajantes<\/h3>\n<p>O ECDC aconselha higiene das m\u00e3os, sobretudo antes de preparar ou consumir comida e ap\u00f3s uso de toalhas. Devem ser evitadas refei\u00e7\u00f5es prontas a comer, vegetais n\u00e3o lavados e produtos com gelo. Beber apenas \u00e1gua engarrafada e procurar assist\u00eancia m\u00e9dica com sintomas como diarreia, febre ou dor abdominal grave.<\/p>\n","protected":false},"excerpt":{"rendered":"<ul>\n<li>O Centro Europeu de Preven\u00e7\u00e3o e Controlo das Doen\u00e7as (ECDC) emitiu recomenda\u00e7\u00f5es para quem viaja para Cabo Verde, com foco na ilha do Sal.<\/li>\n<li>Entre setembro de 2022 e a \u00faltima semana foram confirmados 766 casos de shigelose em turistas, com 263 provenientes do Reino Unido e 12 de Portugal, entre outros pa\u00edses.<\/li>\n<li>Al\u00e9m da shigelose, mais de 300 casos de outras infe\u00e7\u00f5es gastrointestinais foram notificados em turistas que visitaram Cabo Verde.<\/li>\n<li>O foco de cont\u00e1gio parece estar numa cadeia hoteleira na zona de Santa Maria, embora ainda n\u00e3o tenha sido identificada a fonte exata.<\/li>\n<li>As orienta\u00e7\u00f5es incluem lavar as m\u00e3os, consumir apenas alimentos bem cozinhados, evitar refei\u00e7\u00f5es prontas e \u00e1gua engarafada; em caso de diarreia, febre ou dores abdominais, procurar assist\u00eancia m\u00e9dica.<\/li>\n<\/ul>\n","protected":false},"author":2,"featured_media":414632,"comment_status":"closed","ping_status":"closed","sticky":false,"template":"","format":"standard","meta":{"footnotes":""},"categories":[6745],"tags":[5227,6483,4851,3013,271,169],"class_list":["post-414628","post","type-post","status-publish","format-standard","has-post-thumbnail","hentry","category-saude","tag-africa","tag-doencas-infecciosas-e-parasitarias","tag-higiene","tag-infecoes","tag-saude-publica","tag-turismo"],"yoast_head":"<!-- This site is optimized with the Yoast SEO plugin v27.2 - https:\/\/yoast.com\/product\/yoast-seo-wordpress\/ -->\n<title>Mais de 700 turistas contrairam shigelose em Cabo Verde - Portal Tela Portugal<\/title>\n<meta name=\"robots\" content=\"index, follow, max-snippet:-1, max-image-preview:large, max-video-preview:-1\" \/>\n<meta property=\"og:locale\" content=\"pt_PT\" \/>\n<meta property=\"og:type\" content=\"article\" \/>\n<meta property=\"og:title\" content=\"Mais de 700 turistas contrairam shigelose em Cabo Verde - Portal Tela Portugal\" \/>\n<meta property=\"og:description\" content=\"O Centro Europeu de Preven\u00e7\u00e3o e Controlo das Doen\u00e7as (ECDC) emitiu recomenda\u00e7\u00f5es para quem viaja para Cabo Verde, com foco na ilha do Sal. Entre setembro de 2022 e a \u00faltima semana foram confirmados 766 casos de shigelose em turistas, com 263 provenientes do Reino Unido e 12 de Portugal, entre outros pa\u00edses. Al\u00e9m da shigelose, mais de 300 casos de outras infe\u00e7\u00f5es gastrointestinais foram notificados em turistas que visitaram Cabo Verde. O foco de cont\u00e1gio parece estar numa cadeia hoteleira na zona de Santa Maria, embora ainda n\u00e3o tenha sido identificada a fonte exata. As orienta\u00e7\u00f5es incluem lavar as m\u00e3os, consumir apenas alimentos bem cozinhados, evitar refei\u00e7\u00f5es prontas e \u00e1gua engarafada; em caso de diarreia, febre ou dores abdominais, procurar assist\u00eancia m\u00e9dica.\" \/>\n<meta property=\"og:url\" content=\"https:\/\/portaltela.pt\/noticias\/2026\/03\/18\/mais-de-700-turistas-contrairam-shigelose-em-cabo-verde\/\" \/>\n<meta property=\"og:site_name\" content=\"Portal Tela Portugal\" \/>\n<meta property=\"article:published_time\" content=\"2026-03-18T14:43:40+00:00\" \/>\n<meta name=\"author\" content=\"Telinha\" \/>\n<meta name=\"twitter:card\" content=\"summary_large_image\" \/>\n<meta name=\"twitter:label1\" content=\"Escrito por\" \/>\n\t<meta name=\"twitter:data1\" content=\"Telinha\" \/>\n\t<meta name=\"twitter:label2\" content=\"Tempo estimado de leitura\" \/>\n\t<meta name=\"twitter:data2\" content=\"1 minuto\" \/>\n<script type=\"application\/ld+json\" class=\"yoast-schema-graph\">{\"@context\":\"https:\/\/schema.org\",\"@graph\":[{\"@type\":\"Article\",\"@id\":\"https:\/\/portaltela.pt\/noticias\/2026\/03\/18\/mais-de-700-turistas-contrairam-shigelose-em-cabo-verde\/#article\",\"isPartOf\":{\"@id\":\"https:\/\/portaltela.pt\/noticias\/2026\/03\/18\/mais-de-700-turistas-contrairam-shigelose-em-cabo-verde\/\"},\"author\":{\"name\":\"Telinha\",\"@id\":\"https:\/\/portaltela.pt\/#\/schema\/person\/c4278d4a6028830caff9ee44b42d32ed\"},\"headline\":\"Mais de 700 turistas contrairam shigelose em Cabo Verde\",\"datePublished\":\"2026-03-18T14:43:40+00:00\",\"mainEntityOfPage\":{\"@id\":\"https:\/\/portaltela.pt\/noticias\/2026\/03\/18\/mais-de-700-turistas-contrairam-shigelose-em-cabo-verde\/\"},\"wordCount\":201,\"image\":{\"@id\":\"https:\/\/portaltela.pt\/noticias\/2026\/03\/18\/mais-de-700-turistas-contrairam-shigelose-em-cabo-verde\/#primaryimage\"},\"thumbnailUrl\":\"https:\/\/portaltela.pt\/s.01k8rhncp4jt1\/2026\/03\/img_1500x1000uu2020-12-25-10-40-25-1000660.jpg\",\"keywords\":[\"\u00c1frica\",\"Doen\u00e7as infecciosas e parasit\u00e1rias\",\"higiene\",\"infe\u00e7\u00f5es\",\"sa\u00fade p\u00fablica\",\"turismo\"],\"articleSection\":[\"Sa\u00fade\"],\"inLanguage\":\"pt-PT\"},{\"@type\":\"WebPage\",\"@id\":\"https:\/\/portaltela.pt\/noticias\/2026\/03\/18\/mais-de-700-turistas-contrairam-shigelose-em-cabo-verde\/\",\"url\":\"https:\/\/portaltela.pt\/noticias\/2026\/03\/18\/mais-de-700-turistas-contrairam-shigelose-em-cabo-verde\/\",\"name\":\"Mais de 700 turistas contrairam shigelose em Cabo Verde - Portal Tela Portugal\",\"isPartOf\":{\"@id\":\"https:\/\/portaltela.pt\/#website\"},\"primaryImageOfPage\":{\"@id\":\"https:\/\/portaltela.pt\/noticias\/2026\/03\/18\/mais-de-700-turistas-contrairam-shigelose-em-cabo-verde\/#primaryimage\"},\"image\":{\"@id\":\"https:\/\/portaltela.pt\/noticias\/2026\/03\/18\/mais-de-700-turistas-contrairam-shigelose-em-cabo-verde\/#primaryimage\"},\"thumbnailUrl\":\"https:\/\/portaltela.pt\/s.01k8rhncp4jt1\/2026\/03\/img_1500x1000uu2020-12-25-10-40-25-1000660.jpg\",\"datePublished\":\"2026-03-18T14:43:40+00:00\",\"author\":{\"@id\":\"https:\/\/portaltela.pt\/#\/schema\/person\/c4278d4a6028830caff9ee44b42d32ed\"},\"breadcrumb\":{\"@id\":\"https:\/\/portaltela.pt\/noticias\/2026\/03\/18\/mais-de-700-turistas-contrairam-shigelose-em-cabo-verde\/#breadcrumb\"},\"inLanguage\":\"pt-PT\",\"potentialAction\":[{\"@type\":\"ReadAction\",\"target\":[\"https:\/\/portaltela.pt\/noticias\/2026\/03\/18\/mais-de-700-turistas-contrairam-shigelose-em-cabo-verde\/\"]}]},{\"@type\":\"ImageObject\",\"inLanguage\":\"pt-PT\",\"@id\":\"https:\/\/portaltela.pt\/noticias\/2026\/03\/18\/mais-de-700-turistas-contrairam-shigelose-em-cabo-verde\/#primaryimage\",\"url\":\"https:\/\/portaltela.pt\/s.01k8rhncp4jt1\/2026\/03\/img_1500x1000uu2020-12-25-10-40-25-1000660.jpg\",\"contentUrl\":\"https:\/\/portaltela.pt\/s.01k8rhncp4jt1\/2026\/03\/img_1500x1000uu2020-12-25-10-40-25-1000660.jpg\",\"width\":796,\"height\":448,\"caption\":\"Os casos de shigelose surgiram em turistas que passaram f\u00e9rias em Santa Maria, na Ilha do Sal\"},{\"@type\":\"BreadcrumbList\",\"@id\":\"https:\/\/portaltela.pt\/noticias\/2026\/03\/18\/mais-de-700-turistas-contrairam-shigelose-em-cabo-verde\/#breadcrumb\",\"itemListElement\":[{\"@type\":\"ListItem\",\"position\":1,\"name\":\"In\u00edcio\",\"item\":\"https:\/\/portaltela.pt\/\"},{\"@type\":\"ListItem\",\"position\":2,\"name\":\"Mais de 700 turistas contrairam shigelose em Cabo Verde\"}]},{\"@type\":\"WebSite\",\"@id\":\"https:\/\/portaltela.pt\/#website\",\"url\":\"https:\/\/portaltela.pt\/\",\"name\":\"Portal Tela Portugal\",\"description\":\"\",\"potentialAction\":[{\"@type\":\"SearchAction\",\"target\":{\"@type\":\"EntryPoint\",\"urlTemplate\":\"https:\/\/portaltela.pt\/?s={search_term_string}\"},\"query-input\":{\"@type\":\"PropertyValueSpecification\",\"valueRequired\":true,\"valueName\":\"search_term_string\"}}],\"inLanguage\":\"pt-PT\"},{\"@type\":\"Person\",\"@id\":\"https:\/\/portaltela.pt\/#\/schema\/person\/c4278d4a6028830caff9ee44b42d32ed\",\"name\":\"Telinha\",\"image\":{\"@type\":\"ImageObject\",\"inLanguage\":\"pt-PT\",\"@id\":\"https:\/\/portaltela.pt\/s.01k8rhncp4jt1\/2025\/11\/talking-bot-125x125.png\",\"url\":\"https:\/\/portaltela.pt\/s.01k8rhncp4jt1\/2025\/11\/talking-bot-125x125.png\",\"contentUrl\":\"https:\/\/portaltela.pt\/s.01k8rhncp4jt1\/2025\/11\/talking-bot-125x125.png\",\"caption\":\"Telinha\"},\"sameAs\":[\"https:\/\/portaltela.pt\/\"],\"url\":\"https:\/\/portaltela.pt\/por\/367410592786\/\"}]}<\/script>\n<!-- \/ Yoast SEO plugin. -->","yoast_head_json":{"title":"Mais de 700 turistas contrairam shigelose em Cabo Verde - Portal Tela Portugal","robots":{"index":"index","follow":"follow","max-snippet":"max-snippet:-1","max-image-preview":"max-image-preview:large","max-video-preview":"max-video-preview:-1"},"og_locale":"pt_PT","og_type":"article","og_title":"Mais de 700 turistas contrairam shigelose em Cabo Verde - Portal Tela Portugal","og_description":"O Centro Europeu de Preven\u00e7\u00e3o e Controlo das Doen\u00e7as (ECDC) emitiu recomenda\u00e7\u00f5es para quem viaja para Cabo Verde, com foco na ilha do Sal. Entre setembro de 2022 e a \u00faltima semana foram confirmados 766 casos de shigelose em turistas, com 263 provenientes do Reino Unido e 12 de Portugal, entre outros pa\u00edses. Al\u00e9m da shigelose, mais de 300 casos de outras infe\u00e7\u00f5es gastrointestinais foram notificados em turistas que visitaram Cabo Verde. O foco de cont\u00e1gio parece estar numa cadeia hoteleira na zona de Santa Maria, embora ainda n\u00e3o tenha sido identificada a fonte exata. As orienta\u00e7\u00f5es incluem lavar as m\u00e3os, consumir apenas alimentos bem cozinhados, evitar refei\u00e7\u00f5es prontas e \u00e1gua engarafada; em caso de diarreia, febre ou dores abdominais, procurar assist\u00eancia m\u00e9dica.","og_url":"https:\/\/portaltela.pt\/noticias\/2026\/03\/18\/mais-de-700-turistas-contrairam-shigelose-em-cabo-verde\/","og_site_name":"Portal Tela Portugal","article_published_time":"2026-03-18T14:43:40+00:00","author":"Telinha","twitter_card":"summary_large_image","twitter_misc":{"Escrito por":"Telinha","Tempo estimado de leitura":"1 minuto"},"schema":{"@context":"https:\/\/schema.org","@graph":[{"@type":"Article","@id":"https:\/\/portaltela.pt\/noticias\/2026\/03\/18\/mais-de-700-turistas-contrairam-shigelose-em-cabo-verde\/#article","isPartOf":{"@id":"https:\/\/portaltela.pt\/noticias\/2026\/03\/18\/mais-de-700-turistas-contrairam-shigelose-em-cabo-verde\/"},"author":{"name":"Telinha","@id":"https:\/\/portaltela.pt\/#\/schema\/person\/c4278d4a6028830caff9ee44b42d32ed"},"headline":"Mais de 700 turistas contrairam shigelose em Cabo Verde","datePublished":"2026-03-18T14:43:40+00:00","mainEntityOfPage":{"@id":"https:\/\/portaltela.pt\/noticias\/2026\/03\/18\/mais-de-700-turistas-contrairam-shigelose-em-cabo-verde\/"},"wordCount":201,"image":{"@id":"https:\/\/portaltela.pt\/noticias\/2026\/03\/18\/mais-de-700-turistas-contrairam-shigelose-em-cabo-verde\/#primaryimage"},"thumbnailUrl":"https:\/\/portaltela.pt\/s.01k8rhncp4jt1\/2026\/03\/img_1500x1000uu2020-12-25-10-40-25-1000660.jpg","keywords":["\u00c1frica","Doen\u00e7as infecciosas e parasit\u00e1rias","higiene","infe\u00e7\u00f5es","sa\u00fade p\u00fablica","turismo"],"articleSection":["Sa\u00fade"],"inLanguage":"pt-PT"},{"@type":"WebPage","@id":"https:\/\/portaltela.pt\/noticias\/2026\/03\/18\/mais-de-700-turistas-contrairam-shigelose-em-cabo-verde\/","url":"https:\/\/portaltela.pt\/noticias\/2026\/03\/18\/mais-de-700-turistas-contrairam-shigelose-em-cabo-verde\/","name":"Mais de 700 turistas contrairam shigelose em Cabo Verde - Portal Tela Portugal","isPartOf":{"@id":"https:\/\/portaltela.pt\/#website"},"primaryImageOfPage":{"@id":"https:\/\/portaltela.pt\/noticias\/2026\/03\/18\/mais-de-700-turistas-contrairam-shigelose-em-cabo-verde\/#primaryimage"},"image":{"@id":"https:\/\/portaltela.pt\/noticias\/2026\/03\/18\/mais-de-700-turistas-contrairam-shigelose-em-cabo-verde\/#primaryimage"},"thumbnailUrl":"https:\/\/portaltela.pt\/s.01k8rhncp4jt1\/2026\/03\/img_1500x1000uu2020-12-25-10-40-25-1000660.jpg","datePublished":"2026-03-18T14:43:40+00:00","author":{"@id":"https:\/\/portaltela.pt\/#\/schema\/person\/c4278d4a6028830caff9ee44b42d32ed"},"breadcrumb":{"@id":"https:\/\/portaltela.pt\/noticias\/2026\/03\/18\/mais-de-700-turistas-contrairam-shigelose-em-cabo-verde\/#breadcrumb"},"inLanguage":"pt-PT","potentialAction":[{"@type":"ReadAction","target":["https:\/\/portaltela.pt\/noticias\/2026\/03\/18\/mais-de-700-turistas-contrairam-shigelose-em-cabo-verde\/"]}]},{"@type":"ImageObject","inLanguage":"pt-PT","@id":"https:\/\/portaltela.pt\/noticias\/2026\/03\/18\/mais-de-700-turistas-contrairam-shigelose-em-cabo-verde\/#primaryimage","url":"https:\/\/portaltela.pt\/s.01k8rhncp4jt1\/2026\/03\/img_1500x1000uu2020-12-25-10-40-25-1000660.jpg","contentUrl":"https:\/\/portaltela.pt\/s.01k8rhncp4jt1\/2026\/03\/img_1500x1000uu2020-12-25-10-40-25-1000660.jpg","width":796,"height":448,"caption":"Os casos de shigelose surgiram em turistas que passaram f\u00e9rias em Santa Maria, na Ilha do Sal"},{"@type":"BreadcrumbList","@id":"https:\/\/portaltela.pt\/noticias\/2026\/03\/18\/mais-de-700-turistas-contrairam-shigelose-em-cabo-verde\/#breadcrumb","itemListElement":[{"@type":"ListItem","position":1,"name":"In\u00edcio","item":"https:\/\/portaltela.pt\/"},{"@type":"ListItem","position":2,"name":"Mais de 700 turistas contrairam shigelose em Cabo Verde"}]},{"@type":"WebSite","@id":"https:\/\/portaltela.pt\/#website","url":"https:\/\/portaltela.pt\/","name":"Portal Tela Portugal","description":"","potentialAction":[{"@type":"SearchAction","target":{"@type":"EntryPoint","urlTemplate":"https:\/\/portaltela.pt\/?s={search_term_string}"},"query-input":{"@type":"PropertyValueSpecification","valueRequired":true,"valueName":"search_term_string"}}],"inLanguage":"pt-PT"},{"@type":"Person","@id":"https:\/\/portaltela.pt\/#\/schema\/person\/c4278d4a6028830caff9ee44b42d32ed","name":"Telinha","image":{"@type":"ImageObject","inLanguage":"pt-PT","@id":"https:\/\/portaltela.pt\/s.01k8rhncp4jt1\/2025\/11\/talking-bot-125x125.png","url":"https:\/\/portaltela.pt\/s.01k8rhncp4jt1\/2025\/11\/talking-bot-125x125.png","contentUrl":"https:\/\/portaltela.pt\/s.01k8rhncp4jt1\/2025\/11\/talking-bot-125x125.png","caption":"Telinha"},"sameAs":["https:\/\/portaltela.pt\/"],"url":"https:\/\/portaltela.pt\/por\/367410592786\/"}]}},"_links":{"self":[{"href":"https:\/\/portaltela.pt\/api\/wp\/v2\/posts\/414628","targetHints":{"allow":["GET"]}}],"collection":[{"href":"https:\/\/portaltela.pt\/api\/wp\/v2\/posts"}],"about":[{"href":"https:\/\/portaltela.pt\/api\/wp\/v2\/types\/post"}],"author":[{"embeddable":true,"href":"https:\/\/portaltela.pt\/api\/wp\/v2\/users\/2"}],"replies":[{"embeddable":true,"href":"https:\/\/portaltela.pt\/api\/wp\/v2\/comments?post=414628"}],"version-history":[{"count":0,"href":"https:\/\/portaltela.pt\/api\/wp\/v2\/posts\/414628\/revisions"}],"wp:featuredmedia":[{"embeddable":true,"href":"https:\/\/portaltela.pt\/api\/wp\/v2\/media\/414632"}],"wp:attachment":[{"href":"https:\/\/portaltela.pt\/api\/wp\/v2\/media?parent=414628"}],"wp:term":[{"taxonomy":"category","embeddable":true,"href":"https:\/\/portaltela.pt\/api\/wp\/v2\/categories?post=414628"},{"taxonomy":"post_tag","embeddable":true,"href":"https:\/\/portaltela.pt\/api\/wp\/v2\/tags?post=414628"}],"curies":[{"name":"wp","href":"https:\/\/api.w.org\/{rel}","templated":true}]}}